{"id":20199,"date":"2021-03-09T16:01:32","date_gmt":"2021-03-09T15:01:32","guid":{"rendered":"https:\/\/www.apfelpatient.de\/?p=20199"},"modified":"2021-03-09T16:01:34","modified_gmt":"2021-03-09T15:01:34","slug":"apple-event-leaker-reveals-possible-product-range","status":"publish","type":"post","link":"https:\/\/www.apfelpatient.de\/en\/rumors\/apple-event-leaker-enthuellt-moegliche-produktpalette","title":{"rendered":"Apple Event: Leaker reveals possible product range"},"content":{"rendered":"<p class=\"has-drop-cap\"><strong>According to a recently published leak, an Apple event could take place on March 23rd. But which products would Apple release at the event? Now a leaker has spoken out.<\/strong><\/p>\n\n\n\n<p>First of all, nothing is official yet. Currently, the <a href=\"https:\/\/www.apfelpatient.de\/en\/rumors\/leak-apple-event-to-take-place-in-march\">rumor<\/a> There is a rumor going around that Apple will hold an event on March 23rd \u2013 most likely digitally. If the information is correct, Cupertino will make an announcement early next week. After all, this is standard procedure. But let&#039;s assume that the whole thing is true. Which products could be presented? Jon Prosser, a YouTuber who has become well known through several leaks, wants to know a little more. In his latest <a href=\"https:\/\/www.youtube.com\/watch?v=ehs9KFNOQ0E\" target=\"_blank\" rel=\"noreferrer noopener\">video<\/a> Prosser explains that the following products are under discussion:<\/p>\n\n\n\n<ul class=\"wp-block-list\"><li>AirTags<\/li><li>iPad Pro<\/li><li>AirPods<\/li><li>Apple TV<\/li><\/ul>\n\n\n\n<h3 class=\"wp-block-heading\" id=\"h-apple-event-bleibt-unbedingt-skeptisch\">Apple Event: Be sure to remain skeptical<\/h3>\n\n\n\n\n\n\n\n<p>According to Prosser, these four products have one thing in common. They are finished and ready to see the light of day. He also explains that it is possible that the new iMac will also be unveiled. But that is definitely not certain. Regarding AirTags, iPad Pro, AirPods and a brand new Apple TV, Prosser emphasized that they are finished but there is no guarantee that they will actually be presented. If previous reports are to be believed, at least the iPad Pro and AirPods 3 could appear. As for the AirTags - one should have healthy doubts. Their introduction has been predicted again and again for almost two years - in vain. However, since Apple has made important adjustments in iOS 14.5 that also affect AirTags, the chances of an unveiling have increased. But as I said, let&#039;s remain skeptical - after all, it is not the first software adjustment.<\/p>\n\n\n\n<h3 class=\"wp-block-heading\" id=\"h-iphone-12-magsafe-batterie-pack\">iPhone 12 MagSafe Battery Pack<\/h3>\n\n\n\n<p>Since Prosser has a mixed track record, his predictions should be viewed with some skepticism anyway. However, the YouTuber not only commented on the Apple event but also mentioned the leaked iPhone 12 MagSafe battery pack. As a reminder: In the beta of iOS 14.5, hints were included in the code <a href=\"https:\/\/www.apfelpatient.de\/en\/news\/ios-14-5-apple-is-working-on-magsafe-battery-pack-for-the-iphone-12\">discovered<\/a>, which suggest a battery pack with Magsafe technology. According to this, Apple is said to be working on such an accessory. But according to Bloomberg, the idea is uncertain. Apple is said to have a software problem during development. Now Prosser has repeated the whole thing and explained that the product is in limbo due to excessive heat development.\u00a0<\/p>\n\n\n\n<figure class=\"wp-block-image size-large\"><img decoding=\"async\" width=\"1024\" height=\"506\" src=\"https:\/\/www.apfelpatient.de\/wp-content\/uploads\/2021\/03\/IMG_0025-1024x506.jpg\" alt=\"iPhone 12 MagSafe Battery Pack\" class=\"wp-image-20200\" srcset=\"https:\/\/www.apfelpatient.de\/wp-content\/uploads\/2021\/03\/IMG_0025-1024x506.jpg 1024w, https:\/\/www.apfelpatient.de\/wp-content\/uploads\/2021\/03\/IMG_0025-300x148.jpg 300w, https:\/\/www.apfelpatient.de\/wp-content\/uploads\/2021\/03\/IMG_0025-768x380.jpg 768w, https:\/\/www.apfelpatient.de\/wp-content\/uploads\/2021\/03\/IMG_0025-1536x760.jpg 1536w, https:\/\/www.apfelpatient.de\/wp-content\/uploads\/2021\/03\/IMG_0025-2048x1013.jpg 2048w, https:\/\/www.apfelpatient.de\/wp-content\/uploads\/2021\/03\/IMG_0025-750x371.jpg 750w, https:\/\/www.apfelpatient.de\/wp-content\/uploads\/2021\/03\/IMG_0025-1140x564.jpg 1140w\" sizes=\"(max-width: 1024px) 100vw, 1024px\" \/><figcaption>via Jon Prosser<\/figcaption><\/figure>\n\n\n\n<p>In the process, he also published a picture that shows what the charging device could look like. This means that it remains uncertain for the time being whether such an accessory will ever see the light of day. (Image: Apple)<\/p>\n\n\n\n<h6 class=\"wp-block-heading translation-block\" id=\"h-kennt-ihr-schon-unsere-amazon-storefront-dort-findet-ihr-eine-handverlesene-auswahl-von-diversen-produkten-f-r-euer-iphone-und-co-viel-spa-beim-st-bern\"><em>Have you already visited our Amazon Storefront? There you&#039;ll find a hand-picked selection of various products for your iPhone and other devices \u2013 <span class=\"has-inline-color has-vivid-red-color\"><a href=\"https:\/\/www.amazon.de\/shop\/apfelpatientofficial\" class=\"ek-link\" data-wpel-link=\"exclude\" rel=\"follow noopener\" target=\"_self\"><span style=\"text-decoration: underline\" class=\"ek-underline\">enjoy browsing<\/span><\/a> !<\/span><\/em><\/h6>\n\n\n\n\n\n<h6 class=\"wp-block-heading translation-block\" id=\"h-der-beitrag-enthalt-partnerlinks\">This post contains <a data-type=\"URL\" data-id=\"https:\/\/www.apfelpatient.de\/partnerprogramm\" href=\"https:\/\/www.apfelpatient.de\/en\/partner-program\" data-wpel-link=\"internal\" target=\"_self\">affiliate links<\/a>.<\/h6>","protected":false},"excerpt":{"rendered":"<p>What products could be coming? According to a recent leak, an Apple event could take place on March 23rd.<\/p>","protected":false},"author":2,"featured_media":15932,"comment_status":"closed","ping_status":"closed","sticky":false,"template":"","format":"standard","meta":{"jnews-multi-image_gallery":[],"jnews_single_post":{"subtitle":"","format":"standard","video":"","gallery":"","source_name":"","source_url":"","via_name":"","via_url":"","override":[{"single_blog_custom":"","sidebar":"","second_sidebar":"","share_position":"","share_float_style":"","post_date_format":"","post_date_format_custom":"","post_reading_time_wpm":"","zoom_button_out_step":"1","zoom_button_in_step":"1","number_popup_post":"1"}],"image_override":[{"single_post_thumbnail_size":"","single_post_gallery_size":""}],"trending_post_position":"","trending_post_label":"","sponsored_post_label":"","sponsored_post_name":"","sponsored_post_url":"","sponsored_post_logo":"","sponsored_post_desc":""},"jnews_primary_category":{"id":"25"},"footnotes":""},"categories":[25],"tags":[28,328,86,156,18,40],"class_list":["post-20199","post","type-post","status-publish","format-standard","has-post-thumbnail","hentry","category-rumors","tag-airpods","tag-airtag","tag-apple-event","tag-apple-tv","tag-ipad","tag-mac"],"yoast_head":"<!-- This site is optimized with the Yoast SEO Premium plugin v27.5 (Yoast SEO v27.5) - https:\/\/yoast.com\/product\/yoast-seo-premium-wordpress\/ -->\n<title>Apple Event: Leaker enth\u00fcllt m\u00f6gliche Produktpalette Apfelpatient<\/title>\n<meta name=\"description\" content=\"Welche Produkte k\u00f6nnten kommen? Einem k\u00fcrzlich ver\u00f6ffentlichten Leak zufolge k\u00f6nnte am 23. M\u00e4rz ein Apple Event stattfinden.\" \/>\n<meta name=\"robots\" content=\"index, follow, max-snippet:-1, max-image-preview:large, max-video-preview:-1\" \/>\n<link rel=\"canonical\" href=\"https:\/\/www.apfelpatient.de\/en\/rumors\/apple-event-leaker-reveals-possible-product-range\" \/>\n<meta property=\"og:locale\" content=\"en_US\" \/>\n<meta property=\"og:type\" content=\"article\" \/>\n<meta property=\"og:title\" content=\"Apple Event: Leaker enth\u00fcllt m\u00f6gliche Produktpalette\" \/>\n<meta property=\"og:description\" content=\"Welche Produkte k\u00f6nnten kommen? Einem k\u00fcrzlich ver\u00f6ffentlichten Leak zufolge k\u00f6nnte am 23. M\u00e4rz ein Apple Event stattfinden.\" \/>\n<meta property=\"og:url\" content=\"https:\/\/www.apfelpatient.de\/en\/rumors\/apple-event-leaker-reveals-possible-product-range\" \/>\n<meta property=\"og:site_name\" content=\"Apfelpatient\" \/>\n<meta property=\"article:publisher\" content=\"https:\/\/www.facebook.com\/apfelpatientOfficial\" \/>\n<meta property=\"article:author\" content=\"https:\/\/www.facebook.com\/apfelpatientOfficial\" \/>\n<meta property=\"article:published_time\" content=\"2021-03-09T15:01:32+00:00\" \/>\n<meta property=\"article:modified_time\" content=\"2021-03-09T15:01:34+00:00\" \/>\n<meta property=\"og:image\" content=\"https:\/\/www.apfelpatient.de\/wp-content\/uploads\/2020\/10\/Apple-Keynote_Jeff-Williams_09122018.jpg\" \/>\n\t<meta property=\"og:image:width\" content=\"1632\" \/>\n\t<meta property=\"og:image:height\" content=\"1088\" \/>\n\t<meta property=\"og:image:type\" content=\"image\/jpeg\" \/>\n<meta name=\"author\" content=\"Milan\" \/>\n<meta name=\"twitter:card\" content=\"summary_large_image\" \/>\n<meta name=\"twitter:description\" content=\"Welche Produkte k\u00f6nnten kommen? Einem k\u00fcrzlich ver\u00f6ffentlichten Leak zufolge k\u00f6nnte am 23. M\u00e4rz ein Apple Event stattfinden.\" \/>\n<meta name=\"twitter:label1\" content=\"Written by\" \/>\n\t<meta name=\"twitter:data1\" content=\"Milan\" \/>\n\t<meta name=\"twitter:label2\" content=\"Est. reading time\" \/>\n\t<meta name=\"twitter:data2\" content=\"3 minutes\" \/>\n<script type=\"application\/ld+json\" class=\"yoast-schema-graph\">{\"@context\":\"https:\\\/\\\/schema.org\",\"@graph\":[{\"@type\":\"NewsArticle\",\"@id\":\"https:\\\/\\\/www.apfelpatient.de\\\/rumors\\\/apple-event-leaker-enthuellt-moegliche-produktpalette#article\",\"isPartOf\":{\"@id\":\"https:\\\/\\\/www.apfelpatient.de\\\/rumors\\\/apple-event-leaker-enthuellt-moegliche-produktpalette\"},\"author\":{\"@type\":\"Organization\",\"@id\":\"https:\\\/\\\/www.apfelpatient.de\\\/en\\\/#organization\",\"name\":\"Apfelpatient\",\"url\":\"https:\\\/\\\/www.apfelpatient.de\\\/en\\\/\"},\"headline\":\"Apple Event: Leaker enth\u00fcllt m\u00f6gliche Produktpalette\",\"datePublished\":\"2021-03-09T15:01:32+00:00\",\"dateModified\":\"2021-03-09T15:01:34+00:00\",\"mainEntityOfPage\":{\"@id\":\"https:\\\/\\\/www.apfelpatient.de\\\/rumors\\\/apple-event-leaker-enthuellt-moegliche-produktpalette\"},\"wordCount\":450,\"publisher\":{\"@type\":\"Organization\",\"@id\":\"https:\\\/\\\/www.apfelpatient.de\\\/en\\\/#organization\",\"name\":\"Apfelpatient\",\"url\":\"https:\\\/\\\/www.apfelpatient.de\\\/en\\\/\"},\"image\":{\"@id\":\"https:\\\/\\\/www.apfelpatient.de\\\/rumors\\\/apple-event-leaker-enthuellt-moegliche-produktpalette#primaryimage\"},\"thumbnailUrl\":\"https:\\\/\\\/www.apfelpatient.de\\\/wp-content\\\/uploads\\\/2020\\\/10\\\/Apple-Keynote_Jeff-Williams_09122018.jpg\",\"keywords\":[\"AirPods\",\"AirTags\",\"Apple Event\",\"Apple TV\",\"iPad\",\"Mac\"],\"articleSection\":\"Rumors\",\"inLanguage\":\"en-US\",\"copyrightYear\":\"2021\",\"copyrightHolder\":{\"@id\":\"https:\\\/\\\/www.apfelpatient.de\\\/en\\\/#organization\"}},{\"@type\":\"WebPage\",\"@id\":\"https:\\\/\\\/www.apfelpatient.de\\\/rumors\\\/apple-event-leaker-enthuellt-moegliche-produktpalette\",\"url\":\"https:\\\/\\\/www.apfelpatient.de\\\/rumors\\\/apple-event-leaker-enthuellt-moegliche-produktpalette\",\"name\":\"Apple Event: Leaker enth\u00fcllt m\u00f6gliche Produktpalette Apfelpatient\",\"isPartOf\":{\"@id\":\"https:\\\/\\\/www.apfelpatient.de\\\/#website\"},\"primaryImageOfPage\":{\"@id\":\"https:\\\/\\\/www.apfelpatient.de\\\/rumors\\\/apple-event-leaker-enthuellt-moegliche-produktpalette#primaryimage\"},\"image\":{\"@id\":\"https:\\\/\\\/www.apfelpatient.de\\\/rumors\\\/apple-event-leaker-enthuellt-moegliche-produktpalette#primaryimage\"},\"thumbnailUrl\":\"https:\\\/\\\/www.apfelpatient.de\\\/wp-content\\\/uploads\\\/2020\\\/10\\\/Apple-Keynote_Jeff-Williams_09122018.jpg\",\"datePublished\":\"2021-03-09T15:01:32+00:00\",\"dateModified\":\"2021-03-09T15:01:34+00:00\",\"description\":\"Welche Produkte k\u00f6nnten kommen? Einem k\u00fcrzlich ver\u00f6ffentlichten Leak zufolge k\u00f6nnte am 23. M\u00e4rz ein Apple Event stattfinden.\",\"breadcrumb\":{\"@id\":\"https:\\\/\\\/www.apfelpatient.de\\\/rumors\\\/apple-event-leaker-enthuellt-moegliche-produktpalette#breadcrumb\"},\"inLanguage\":\"en-US\",\"potentialAction\":[{\"@type\":\"ReadAction\",\"target\":[\"https:\\\/\\\/www.apfelpatient.de\\\/rumors\\\/apple-event-leaker-enthuellt-moegliche-produktpalette\"]}]},{\"@type\":\"ImageObject\",\"inLanguage\":\"en-US\",\"@id\":\"https:\\\/\\\/www.apfelpatient.de\\\/rumors\\\/apple-event-leaker-enthuellt-moegliche-produktpalette#primaryimage\",\"url\":\"https:\\\/\\\/www.apfelpatient.de\\\/wp-content\\\/uploads\\\/2020\\\/10\\\/Apple-Keynote_Jeff-Williams_09122018.jpg\",\"contentUrl\":\"https:\\\/\\\/www.apfelpatient.de\\\/wp-content\\\/uploads\\\/2020\\\/10\\\/Apple-Keynote_Jeff-Williams_09122018.jpg\",\"width\":1632,\"height\":1088,\"caption\":\"Bild: Apple\"},{\"@type\":\"BreadcrumbList\",\"@id\":\"https:\\\/\\\/www.apfelpatient.de\\\/rumors\\\/apple-event-leaker-enthuellt-moegliche-produktpalette#breadcrumb\",\"itemListElement\":[{\"@type\":\"ListItem\",\"position\":1,\"name\":\"Startseite\",\"item\":\"https:\\\/\\\/www.apfelpatient.de\\\/\"},{\"@type\":\"ListItem\",\"position\":2,\"name\":\"Apple Event: Leaker enth\u00fcllt m\u00f6gliche Produktpalette\"}]},{\"@type\":\"WebSite\",\"@id\":\"https:\\\/\\\/www.apfelpatient.de\\\/#website\",\"url\":\"https:\\\/\\\/www.apfelpatient.de\\\/\",\"name\":\"Apfelpatient\",\"description\":\"Alles rund um Apple!\",\"publisher\":{\"@type\":\"Organization\",\"@id\":\"https:\\\/\\\/www.apfelpatient.de\\\/en\\\/#organization\",\"name\":\"Apfelpatient\",\"url\":\"https:\\\/\\\/www.apfelpatient.de\\\/en\\\/\"},\"alternateName\":\"Apfelpatient\",\"potentialAction\":[{\"@type\":\"SearchAction\",\"target\":{\"@type\":\"EntryPoint\",\"urlTemplate\":\"https:\\\/\\\/www.apfelpatient.de\\\/?s={search_term_string}\"},\"query-input\":{\"@type\":\"PropertyValueSpecification\",\"valueRequired\":true,\"valueName\":\"search_term_string\"}}],\"inLanguage\":\"en-US\"},{\"@type\":[\"Person\",\"Organization\"],\"@id\":\"https:\\\/\\\/www.apfelpatient.de\\\/#\\\/schema\\\/person\\\/7dc56ad6c8e9824b76d2c08d4c140e13\",\"name\":\"Milan\",\"logo\":{\"@id\":\"https:\\\/\\\/www.apfelpatient.de\\\/#\\\/schema\\\/person\\\/image\\\/\"},\"description\":\"Hallo und herzlich willkommen auf meinem Technik-Blog! Als gro\u00dfer Apple-Fan berichte ich hier \u00fcber alles, was mit Apple zu tun hat: von den neuesten News und spannenden Ger\u00fcchten \u00fcber hilfreiche Tipps und Tricks bis hin zu ausf\u00fchrlichen Produkttests. Wenn du genauso technikbegeistert bist wie ich, bist du hier genau richtig!\",\"sameAs\":[\"https:\\\/\\\/www.facebook.com\\\/apfelpatientOfficial\",\"https:\\\/\\\/www.linkedin.com\\\/in\\\/milan-jovicic-42aa0231b\"],\"url\":\"https:\\\/\\\/www.apfelpatient.de\\\/en\\\/author\\\/apfeladmin\"}]}<\/script>\n<!-- \/ Yoast SEO Premium plugin. -->","yoast_head_json":{"title":"Apple Event: Leaker reveals possible product range Apfelpatient","description":"What products could be coming? According to a recent leak, an Apple event could take place on March 23rd.","robots":{"index":"index","follow":"follow","max-snippet":"max-snippet:-1","max-image-preview":"max-image-preview:large","max-video-preview":"max-video-preview:-1"},"canonical":"https:\/\/www.apfelpatient.de\/en\/rumors\/apple-event-leaker-reveals-possible-product-range","og_locale":"en_US","og_type":"article","og_title":"Apple Event: Leaker enth\u00fcllt m\u00f6gliche Produktpalette","og_description":"Welche Produkte k\u00f6nnten kommen? Einem k\u00fcrzlich ver\u00f6ffentlichten Leak zufolge k\u00f6nnte am 23. M\u00e4rz ein Apple Event stattfinden.","og_url":"https:\/\/www.apfelpatient.de\/en\/rumors\/apple-event-leaker-reveals-possible-product-range","og_site_name":"Apfelpatient","article_publisher":"https:\/\/www.facebook.com\/apfelpatientOfficial","article_author":"https:\/\/www.facebook.com\/apfelpatientOfficial","article_published_time":"2021-03-09T15:01:32+00:00","article_modified_time":"2021-03-09T15:01:34+00:00","og_image":[{"width":1632,"height":1088,"url":"https:\/\/www.apfelpatient.de\/wp-content\/uploads\/2020\/10\/Apple-Keynote_Jeff-Williams_09122018.jpg","type":"image\/jpeg"}],"author":"Milan","twitter_card":"summary_large_image","twitter_description":"Welche Produkte k\u00f6nnten kommen? Einem k\u00fcrzlich ver\u00f6ffentlichten Leak zufolge k\u00f6nnte am 23. M\u00e4rz ein Apple Event stattfinden.","twitter_misc":{"Written by":"Milan","Est. reading time":"3 minutes"},"schema":{"@context":"https:\/\/schema.org","@graph":[{"@type":"NewsArticle","@id":"https:\/\/www.apfelpatient.de\/rumors\/apple-event-leaker-enthuellt-moegliche-produktpalette#article","isPartOf":{"@id":"https:\/\/www.apfelpatient.de\/rumors\/apple-event-leaker-enthuellt-moegliche-produktpalette"},"author":{"@type":"Organization","@id":"https:\/\/www.apfelpatient.de\/en\/#organization","name":"Apfelpatient","url":"https:\/\/www.apfelpatient.de\/en\/"},"headline":"Apple Event: Leaker enth\u00fcllt m\u00f6gliche Produktpalette","datePublished":"2021-03-09T15:01:32+00:00","dateModified":"2021-03-09T15:01:34+00:00","mainEntityOfPage":{"@id":"https:\/\/www.apfelpatient.de\/rumors\/apple-event-leaker-enthuellt-moegliche-produktpalette"},"wordCount":450,"publisher":{"@type":"Organization","@id":"https:\/\/www.apfelpatient.de\/en\/#organization","name":"Apfelpatient","url":"https:\/\/www.apfelpatient.de\/en\/"},"image":{"@id":"https:\/\/www.apfelpatient.de\/rumors\/apple-event-leaker-enthuellt-moegliche-produktpalette#primaryimage"},"thumbnailUrl":"https:\/\/www.apfelpatient.de\/wp-content\/uploads\/2020\/10\/Apple-Keynote_Jeff-Williams_09122018.jpg","keywords":["AirPods","AirTags","Apple Event","Apple TV","iPad","Mac"],"articleSection":"Rumors","inLanguage":"en-US","copyrightYear":"2021","copyrightHolder":{"@id":"https:\/\/www.apfelpatient.de\/en\/#organization"}},{"@type":"WebPage","@id":"https:\/\/www.apfelpatient.de\/rumors\/apple-event-leaker-enthuellt-moegliche-produktpalette","url":"https:\/\/www.apfelpatient.de\/rumors\/apple-event-leaker-enthuellt-moegliche-produktpalette","name":"Apple Event: Leaker reveals possible product range Apfelpatient","isPartOf":{"@id":"https:\/\/www.apfelpatient.de\/#website"},"primaryImageOfPage":{"@id":"https:\/\/www.apfelpatient.de\/rumors\/apple-event-leaker-enthuellt-moegliche-produktpalette#primaryimage"},"image":{"@id":"https:\/\/www.apfelpatient.de\/rumors\/apple-event-leaker-enthuellt-moegliche-produktpalette#primaryimage"},"thumbnailUrl":"https:\/\/www.apfelpatient.de\/wp-content\/uploads\/2020\/10\/Apple-Keynote_Jeff-Williams_09122018.jpg","datePublished":"2021-03-09T15:01:32+00:00","dateModified":"2021-03-09T15:01:34+00:00","description":"What products could be coming? According to a recent leak, an Apple event could take place on March 23rd.","breadcrumb":{"@id":"https:\/\/www.apfelpatient.de\/rumors\/apple-event-leaker-enthuellt-moegliche-produktpalette#breadcrumb"},"inLanguage":"en-US","potentialAction":[{"@type":"ReadAction","target":["https:\/\/www.apfelpatient.de\/rumors\/apple-event-leaker-enthuellt-moegliche-produktpalette"]}]},{"@type":"ImageObject","inLanguage":"en-US","@id":"https:\/\/www.apfelpatient.de\/rumors\/apple-event-leaker-enthuellt-moegliche-produktpalette#primaryimage","url":"https:\/\/www.apfelpatient.de\/wp-content\/uploads\/2020\/10\/Apple-Keynote_Jeff-Williams_09122018.jpg","contentUrl":"https:\/\/www.apfelpatient.de\/wp-content\/uploads\/2020\/10\/Apple-Keynote_Jeff-Williams_09122018.jpg","width":1632,"height":1088,"caption":"Bild: Apple"},{"@type":"BreadcrumbList","@id":"https:\/\/www.apfelpatient.de\/rumors\/apple-event-leaker-enthuellt-moegliche-produktpalette#breadcrumb","itemListElement":[{"@type":"ListItem","position":1,"name":"Startseite","item":"https:\/\/www.apfelpatient.de\/"},{"@type":"ListItem","position":2,"name":"Apple Event: Leaker enth\u00fcllt m\u00f6gliche Produktpalette"}]},{"@type":"WebSite","@id":"https:\/\/www.apfelpatient.de\/#website","url":"https:\/\/www.apfelpatient.de\/","name":"apple patient","description":"Everything about Apple!","publisher":{"@type":"Organization","@id":"https:\/\/www.apfelpatient.de\/en\/#organization","name":"Apfelpatient","url":"https:\/\/www.apfelpatient.de\/en\/"},"alternateName":"Apfelpatient","potentialAction":[{"@type":"SearchAction","target":{"@type":"EntryPoint","urlTemplate":"https:\/\/www.apfelpatient.de\/?s={search_term_string}"},"query-input":{"@type":"PropertyValueSpecification","valueRequired":true,"valueName":"search_term_string"}}],"inLanguage":"en-US"},{"@type":["Person","Organization"],"@id":"https:\/\/www.apfelpatient.de\/#\/schema\/person\/7dc56ad6c8e9824b76d2c08d4c140e13","name":"Milan","logo":{"@id":"https:\/\/www.apfelpatient.de\/#\/schema\/person\/image\/"},"description":"Hello and welcome to my technology blog! As a big Apple fan, I report on everything to do with Apple: from the latest news and exciting rumors to helpful tips and tricks and detailed product tests. If you are as enthusiastic about technology as I am, you have come to the right place!","sameAs":["https:\/\/www.facebook.com\/apfelpatientOfficial","https:\/\/www.linkedin.com\/in\/milan-jovicic-42aa0231b"],"url":"https:\/\/www.apfelpatient.de\/en\/author\/apfeladmin"}]}},"_links":{"self":[{"href":"https:\/\/www.apfelpatient.de\/en\/wp-json\/wp\/v2\/posts\/20199","targetHints":{"allow":["GET"]}}],"collection":[{"href":"https:\/\/www.apfelpatient.de\/en\/wp-json\/wp\/v2\/posts"}],"about":[{"href":"https:\/\/www.apfelpatient.de\/en\/wp-json\/wp\/v2\/types\/post"}],"author":[{"embeddable":true,"href":"https:\/\/www.apfelpatient.de\/en\/wp-json\/wp\/v2\/users\/2"}],"replies":[{"embeddable":true,"href":"https:\/\/www.apfelpatient.de\/en\/wp-json\/wp\/v2\/comments?post=20199"}],"version-history":[{"count":0,"href":"https:\/\/www.apfelpatient.de\/en\/wp-json\/wp\/v2\/posts\/20199\/revisions"}],"wp:featuredmedia":[{"embeddable":true,"href":"https:\/\/www.apfelpatient.de\/en\/wp-json\/wp\/v2\/media\/15932"}],"wp:attachment":[{"href":"https:\/\/www.apfelpatient.de\/en\/wp-json\/wp\/v2\/media?parent=20199"}],"wp:term":[{"taxonomy":"category","embeddable":true,"href":"https:\/\/www.apfelpatient.de\/en\/wp-json\/wp\/v2\/categories?post=20199"},{"taxonomy":"post_tag","embeddable":true,"href":"https:\/\/www.apfelpatient.de\/en\/wp-json\/wp\/v2\/tags?post=20199"}],"curies":[{"name":"wp","href":"https:\/\/api.w.org\/{rel}","templated":true}]}}