{"id":20163,"date":"2021-03-08T16:51:26","date_gmt":"2021-03-08T15:51:26","guid":{"rendered":"https:\/\/www.apfelpatient.de\/?p=20163"},"modified":"2021-03-09T12:00:55","modified_gmt":"2021-03-09T11:00:55","slug":"bmw-cfo-to-apple-car-i-sleep-very-peacefully","status":"publish","type":"post","link":"https:\/\/www.apfelpatient.de\/en\/news\/bmw-cfo-zu-apple-car-ich-schlafe-sehr-friedlich","title":{"rendered":"BMW CFO on Apple Car: \u201cI sleep very peacefully\u201d"},"content":{"rendered":"<p class=\"has-drop-cap\"><strong>At the beginning of the year, reports about the alleged Apple Car reached a new high. Now BMW&#039;s CFO has also commented on the topic.<\/strong><\/p>\n\n\n\n<p>As reported by Bloomberg, Nicolas Peter stated in an interview that he sleeps &quot;very peacefully&quot; despite the increasing rumors about Apple&#039;s plans to build an autonomous electric vehicle. Peter stressed that competition is a &quot;wonderful thing&quot; and that BMW is well positioned to deal with the increasing competition in the auto industry.<\/p>\n\n\n\n<blockquote class=\"wp-block-quote is-layout-flow wp-block-quote-is-layout-flow\"><p>I sleep very soundly. Competition is a wonderful thing - it helps motivate others. We are in a very strong position and we want to remain in a leading position in the industry.<\/p><\/blockquote>\n\n\n\n<h3 class=\"wp-block-heading\" id=\"h-apple-car-mit-bahnbrechender-batterietechnologie\">Apple Car with \u201cgroundbreaking battery technology\u201d?<\/h3>\n\n\n\n\n\n\n\n<p>BMW is not the first automaker to take a relaxed view of Apple&#039;s possible entry into the industry. Last month <a href=\"https:\/\/www.apfelpatient.de\/en\/news\/volkswagen-is-not-afraid-of-the-apple-car\">explained<\/a> The CEO of Volkswagen said that the company was not worried about an entry of <a href=\"https:\/\/www.apple.com\/\" target=\"_blank\" rel=\"noreferrer noopener\">Apple<\/a> into the car business because it is &quot;not a typical tech sector that you can take over in one fell swoop.&quot; Cupertino&#039;s plans to develop an Apple Car that is fully electric and fully autonomous have recently been detailed in various reports. For several weeks, it looked as if Apple was close to a deal for Apple Car production with Hyundai subsidiary Kia Motors, but these talks ultimately fell through. If the rumor mill is to be believed, Apple could start production in 2024 at the earliest - the use of &quot;groundbreaking battery technology&quot; is expected. (Photo by TierneyMJ \/ Bigstockphoto)<\/p>\n\n\n\n<h6 class=\"wp-block-heading translation-block\" id=\"h-kennt-ihr-schon-unsere-amazon-storefront-dort-findet-ihr-eine-handverlesene-auswahl-von-diversen-produkten-f-r-euer-iphone-und-co-viel-spa-beim-st-bern\"><em>Have you already visited our Amazon Storefront? There you&#039;ll find a hand-picked selection of various products for your iPhone and other devices \u2013 <span class=\"has-inline-color has-vivid-red-color\"><a href=\"https:\/\/www.amazon.de\/shop\/apfelpatientofficial\" class=\"ek-link\" data-wpel-link=\"exclude\" rel=\"follow noopener\" target=\"_self\"><span style=\"text-decoration: underline\" class=\"ek-underline\">enjoy browsing<\/span><\/a> !<\/span><\/em><\/h6>\n\n\n\n\n\n<h6 class=\"wp-block-heading translation-block\" id=\"h-der-beitrag-enthalt-partnerlinks\">This post contains <a data-type=\"URL\" data-id=\"https:\/\/www.apfelpatient.de\/partnerprogramm\" href=\"https:\/\/www.apfelpatient.de\/en\/partner-program\" data-wpel-link=\"internal\" target=\"_self\">affiliate links<\/a>.<\/h6>","protected":false},"excerpt":{"rendered":"<p>At the beginning of the year, reports about the Apple Car reached a new high. Now BMW&#039;s CFO has also commented on the topic.<\/p>","protected":false},"author":2,"featured_media":20164,"comment_status":"closed","ping_status":"closed","sticky":false,"template":"","format":"standard","meta":{"jnews-multi-image_gallery":[],"jnews_single_post":{"subtitle":"","format":"standard","video":"","gallery":"","source_name":"","source_url":"","via_name":"","via_url":"","override":[{"single_blog_custom":"","sidebar":"","second_sidebar":"","share_position":"","share_float_style":"","post_date_format":"","post_date_format_custom":"","post_reading_time_wpm":"","zoom_button_out_step":"1","zoom_button_in_step":"1","number_popup_post":"1"}],"image_override":[{"single_post_thumbnail_size":"","single_post_gallery_size":""}],"trending_post_position":"","trending_post_label":"","sponsored_post_label":"","sponsored_post_name":"","sponsored_post_url":"","sponsored_post_logo":"","sponsored_post_desc":""},"jnews_primary_category":{"id":"9"},"footnotes":""},"categories":[9],"tags":[115,13],"class_list":["post-20163","post","type-post","status-publish","format-standard","has-post-thumbnail","hentry","category-news","tag-apple-car","tag-techpatient"],"yoast_head":"<!-- This site is optimized with the Yoast SEO Premium plugin v27.5 (Yoast SEO v27.5) - https:\/\/yoast.com\/product\/yoast-seo-premium-wordpress\/ -->\n<title>BMW CFO zu Apple Car: &quot;Ich schlafe sehr friedlich&quot; Apfelpatient<\/title>\n<meta name=\"description\" content=\"Anfang des Jahres haben Berichte rund um das Apple Car ein neues Hoch erlebt. Nun hat sich auch der CFO von BMW zum Thema ge\u00e4u\u00dfert.\" \/>\n<meta name=\"robots\" content=\"index, follow, max-snippet:-1, max-image-preview:large, max-video-preview:-1\" \/>\n<link rel=\"canonical\" href=\"https:\/\/www.apfelpatient.de\/en\/news\/bmw-cfo-to-apple-car-i-sleep-very-peacefully\" \/>\n<meta property=\"og:locale\" content=\"en_US\" \/>\n<meta property=\"og:type\" content=\"article\" \/>\n<meta property=\"og:title\" content=\"BMW CFO zu Apple Car: &quot;Ich schlafe sehr friedlich&quot;\" \/>\n<meta property=\"og:description\" content=\"Anfang des Jahres haben Berichte rund um das Apple Car ein neues Hoch erlebt. Nun hat sich auch der CFO von BMW zum Thema ge\u00e4u\u00dfert.\" \/>\n<meta property=\"og:url\" content=\"https:\/\/www.apfelpatient.de\/en\/news\/bmw-cfo-to-apple-car-i-sleep-very-peacefully\" \/>\n<meta property=\"og:site_name\" content=\"Apfelpatient\" \/>\n<meta property=\"article:publisher\" content=\"https:\/\/www.facebook.com\/apfelpatientOfficial\" \/>\n<meta property=\"article:author\" content=\"https:\/\/www.facebook.com\/apfelpatientOfficial\" \/>\n<meta property=\"article:published_time\" content=\"2021-03-08T15:51:26+00:00\" \/>\n<meta property=\"article:modified_time\" content=\"2021-03-09T11:00:55+00:00\" \/>\n<meta property=\"og:image\" content=\"https:\/\/www.apfelpatient.de\/wp-content\/uploads\/2021\/03\/bigstock-Person-Using-A-Car-In-Autopilo-245865175.jpg\" \/>\n\t<meta property=\"og:image:width\" content=\"1600\" \/>\n\t<meta property=\"og:image:height\" content=\"1051\" \/>\n\t<meta property=\"og:image:type\" content=\"image\/jpeg\" \/>\n<meta name=\"author\" content=\"Milan\" \/>\n<meta name=\"twitter:card\" content=\"summary_large_image\" \/>\n<meta name=\"twitter:description\" content=\"Anfang des Jahres haben Berichte rund um das Apple Car ein neues Hoch erlebt. Nun hat sich auch der CFO von BMW zum Thema ge\u00e4u\u00dfert.\" \/>\n<meta name=\"twitter:label1\" content=\"Written by\" \/>\n\t<meta name=\"twitter:data1\" content=\"Milan\" \/>\n\t<meta name=\"twitter:label2\" content=\"Est. reading time\" \/>\n\t<meta name=\"twitter:data2\" content=\"2 minutes\" \/>\n<script type=\"application\/ld+json\" class=\"yoast-schema-graph\">{\"@context\":\"https:\\\/\\\/schema.org\",\"@graph\":[{\"@type\":\"NewsArticle\",\"@id\":\"https:\\\/\\\/www.apfelpatient.de\\\/news\\\/bmw-cfo-zu-apple-car-ich-schlafe-sehr-friedlich#article\",\"isPartOf\":{\"@id\":\"https:\\\/\\\/www.apfelpatient.de\\\/news\\\/bmw-cfo-zu-apple-car-ich-schlafe-sehr-friedlich\"},\"author\":{\"@type\":\"Organization\",\"@id\":\"https:\\\/\\\/www.apfelpatient.de\\\/en\\\/#organization\",\"name\":\"Apfelpatient\",\"url\":\"https:\\\/\\\/www.apfelpatient.de\\\/en\\\/\"},\"headline\":\"BMW CFO zu Apple Car: &#8222;Ich schlafe sehr friedlich&#8220;\",\"datePublished\":\"2021-03-08T15:51:26+00:00\",\"dateModified\":\"2021-03-09T11:00:55+00:00\",\"mainEntityOfPage\":{\"@id\":\"https:\\\/\\\/www.apfelpatient.de\\\/news\\\/bmw-cfo-zu-apple-car-ich-schlafe-sehr-friedlich\"},\"wordCount\":273,\"publisher\":{\"@type\":\"Organization\",\"@id\":\"https:\\\/\\\/www.apfelpatient.de\\\/en\\\/#organization\",\"name\":\"Apfelpatient\",\"url\":\"https:\\\/\\\/www.apfelpatient.de\\\/en\\\/\"},\"image\":{\"@id\":\"https:\\\/\\\/www.apfelpatient.de\\\/news\\\/bmw-cfo-zu-apple-car-ich-schlafe-sehr-friedlich#primaryimage\"},\"thumbnailUrl\":\"https:\\\/\\\/www.apfelpatient.de\\\/wp-content\\\/uploads\\\/2021\\\/03\\\/bigstock-Person-Using-A-Car-In-Autopilo-245865175.jpg\",\"keywords\":[\"Apple Car\",\"TechPatient\"],\"articleSection\":\"News\",\"inLanguage\":\"en-US\",\"copyrightYear\":\"2021\",\"copyrightHolder\":{\"@id\":\"https:\\\/\\\/www.apfelpatient.de\\\/en\\\/#organization\"}},{\"@type\":\"WebPage\",\"@id\":\"https:\\\/\\\/www.apfelpatient.de\\\/news\\\/bmw-cfo-zu-apple-car-ich-schlafe-sehr-friedlich\",\"url\":\"https:\\\/\\\/www.apfelpatient.de\\\/news\\\/bmw-cfo-zu-apple-car-ich-schlafe-sehr-friedlich\",\"name\":\"BMW CFO zu Apple Car: \\\"Ich schlafe sehr friedlich\\\" Apfelpatient\",\"isPartOf\":{\"@id\":\"https:\\\/\\\/www.apfelpatient.de\\\/#website\"},\"primaryImageOfPage\":{\"@id\":\"https:\\\/\\\/www.apfelpatient.de\\\/news\\\/bmw-cfo-zu-apple-car-ich-schlafe-sehr-friedlich#primaryimage\"},\"image\":{\"@id\":\"https:\\\/\\\/www.apfelpatient.de\\\/news\\\/bmw-cfo-zu-apple-car-ich-schlafe-sehr-friedlich#primaryimage\"},\"thumbnailUrl\":\"https:\\\/\\\/www.apfelpatient.de\\\/wp-content\\\/uploads\\\/2021\\\/03\\\/bigstock-Person-Using-A-Car-In-Autopilo-245865175.jpg\",\"datePublished\":\"2021-03-08T15:51:26+00:00\",\"dateModified\":\"2021-03-09T11:00:55+00:00\",\"description\":\"Anfang des Jahres haben Berichte rund um das Apple Car ein neues Hoch erlebt. Nun hat sich auch der CFO von BMW zum Thema ge\u00e4u\u00dfert.\",\"breadcrumb\":{\"@id\":\"https:\\\/\\\/www.apfelpatient.de\\\/news\\\/bmw-cfo-zu-apple-car-ich-schlafe-sehr-friedlich#breadcrumb\"},\"inLanguage\":\"en-US\",\"potentialAction\":[{\"@type\":\"ReadAction\",\"target\":[\"https:\\\/\\\/www.apfelpatient.de\\\/news\\\/bmw-cfo-zu-apple-car-ich-schlafe-sehr-friedlich\"]}]},{\"@type\":\"ImageObject\",\"inLanguage\":\"en-US\",\"@id\":\"https:\\\/\\\/www.apfelpatient.de\\\/news\\\/bmw-cfo-zu-apple-car-ich-schlafe-sehr-friedlich#primaryimage\",\"url\":\"https:\\\/\\\/www.apfelpatient.de\\\/wp-content\\\/uploads\\\/2021\\\/03\\\/bigstock-Person-Using-A-Car-In-Autopilo-245865175.jpg\",\"contentUrl\":\"https:\\\/\\\/www.apfelpatient.de\\\/wp-content\\\/uploads\\\/2021\\\/03\\\/bigstock-Person-Using-A-Car-In-Autopilo-245865175.jpg\",\"width\":1600,\"height\":1051,\"caption\":\"Person using a car in autopilot mode hands free\"},{\"@type\":\"BreadcrumbList\",\"@id\":\"https:\\\/\\\/www.apfelpatient.de\\\/news\\\/bmw-cfo-zu-apple-car-ich-schlafe-sehr-friedlich#breadcrumb\",\"itemListElement\":[{\"@type\":\"ListItem\",\"position\":1,\"name\":\"Startseite\",\"item\":\"https:\\\/\\\/www.apfelpatient.de\\\/\"},{\"@type\":\"ListItem\",\"position\":2,\"name\":\"BMW CFO zu Apple Car: &#8222;Ich schlafe sehr friedlich&#8220;\"}]},{\"@type\":\"WebSite\",\"@id\":\"https:\\\/\\\/www.apfelpatient.de\\\/#website\",\"url\":\"https:\\\/\\\/www.apfelpatient.de\\\/\",\"name\":\"Apfelpatient\",\"description\":\"Alles rund um Apple!\",\"publisher\":{\"@type\":\"Organization\",\"@id\":\"https:\\\/\\\/www.apfelpatient.de\\\/en\\\/#organization\",\"name\":\"Apfelpatient\",\"url\":\"https:\\\/\\\/www.apfelpatient.de\\\/en\\\/\"},\"alternateName\":\"Apfelpatient\",\"potentialAction\":[{\"@type\":\"SearchAction\",\"target\":{\"@type\":\"EntryPoint\",\"urlTemplate\":\"https:\\\/\\\/www.apfelpatient.de\\\/?s={search_term_string}\"},\"query-input\":{\"@type\":\"PropertyValueSpecification\",\"valueRequired\":true,\"valueName\":\"search_term_string\"}}],\"inLanguage\":\"en-US\"},{\"@type\":[\"Person\",\"Organization\"],\"@id\":\"https:\\\/\\\/www.apfelpatient.de\\\/#\\\/schema\\\/person\\\/7dc56ad6c8e9824b76d2c08d4c140e13\",\"name\":\"Milan\",\"logo\":{\"@id\":\"https:\\\/\\\/www.apfelpatient.de\\\/#\\\/schema\\\/person\\\/image\\\/\"},\"description\":\"Hallo und herzlich willkommen auf meinem Technik-Blog! Als gro\u00dfer Apple-Fan berichte ich hier \u00fcber alles, was mit Apple zu tun hat: von den neuesten News und spannenden Ger\u00fcchten \u00fcber hilfreiche Tipps und Tricks bis hin zu ausf\u00fchrlichen Produkttests. Wenn du genauso technikbegeistert bist wie ich, bist du hier genau richtig!\",\"sameAs\":[\"https:\\\/\\\/www.facebook.com\\\/apfelpatientOfficial\",\"https:\\\/\\\/www.linkedin.com\\\/in\\\/milan-jovicic-42aa0231b\"],\"url\":\"https:\\\/\\\/www.apfelpatient.de\\\/en\\\/author\\\/apfeladmin\"}]}<\/script>\n<!-- \/ Yoast SEO Premium plugin. -->","yoast_head_json":{"title":"BMW CFO on Apple Car: &quot;I sleep very peacefully&quot; Apfelpatient","description":"At the beginning of the year, reports about the Apple Car reached a new high. Now BMW&#039;s CFO has also commented on the topic.","robots":{"index":"index","follow":"follow","max-snippet":"max-snippet:-1","max-image-preview":"max-image-preview:large","max-video-preview":"max-video-preview:-1"},"canonical":"https:\/\/www.apfelpatient.de\/en\/news\/bmw-cfo-to-apple-car-i-sleep-very-peacefully","og_locale":"en_US","og_type":"article","og_title":"BMW CFO zu Apple Car: \"Ich schlafe sehr friedlich\"","og_description":"Anfang des Jahres haben Berichte rund um das Apple Car ein neues Hoch erlebt. Nun hat sich auch der CFO von BMW zum Thema ge\u00e4u\u00dfert.","og_url":"https:\/\/www.apfelpatient.de\/en\/news\/bmw-cfo-to-apple-car-i-sleep-very-peacefully","og_site_name":"Apfelpatient","article_publisher":"https:\/\/www.facebook.com\/apfelpatientOfficial","article_author":"https:\/\/www.facebook.com\/apfelpatientOfficial","article_published_time":"2021-03-08T15:51:26+00:00","article_modified_time":"2021-03-09T11:00:55+00:00","og_image":[{"width":1600,"height":1051,"url":"https:\/\/www.apfelpatient.de\/wp-content\/uploads\/2021\/03\/bigstock-Person-Using-A-Car-In-Autopilo-245865175.jpg","type":"image\/jpeg"}],"author":"Milan","twitter_card":"summary_large_image","twitter_description":"Anfang des Jahres haben Berichte rund um das Apple Car ein neues Hoch erlebt. Nun hat sich auch der CFO von BMW zum Thema ge\u00e4u\u00dfert.","twitter_misc":{"Written by":"Milan","Est. reading time":"2 minutes"},"schema":{"@context":"https:\/\/schema.org","@graph":[{"@type":"NewsArticle","@id":"https:\/\/www.apfelpatient.de\/news\/bmw-cfo-zu-apple-car-ich-schlafe-sehr-friedlich#article","isPartOf":{"@id":"https:\/\/www.apfelpatient.de\/news\/bmw-cfo-zu-apple-car-ich-schlafe-sehr-friedlich"},"author":{"@type":"Organization","@id":"https:\/\/www.apfelpatient.de\/en\/#organization","name":"Apfelpatient","url":"https:\/\/www.apfelpatient.de\/en\/"},"headline":"BMW CFO zu Apple Car: &#8222;Ich schlafe sehr friedlich&#8220;","datePublished":"2021-03-08T15:51:26+00:00","dateModified":"2021-03-09T11:00:55+00:00","mainEntityOfPage":{"@id":"https:\/\/www.apfelpatient.de\/news\/bmw-cfo-zu-apple-car-ich-schlafe-sehr-friedlich"},"wordCount":273,"publisher":{"@type":"Organization","@id":"https:\/\/www.apfelpatient.de\/en\/#organization","name":"Apfelpatient","url":"https:\/\/www.apfelpatient.de\/en\/"},"image":{"@id":"https:\/\/www.apfelpatient.de\/news\/bmw-cfo-zu-apple-car-ich-schlafe-sehr-friedlich#primaryimage"},"thumbnailUrl":"https:\/\/www.apfelpatient.de\/wp-content\/uploads\/2021\/03\/bigstock-Person-Using-A-Car-In-Autopilo-245865175.jpg","keywords":["Apple Car","TechPatient"],"articleSection":"News","inLanguage":"en-US","copyrightYear":"2021","copyrightHolder":{"@id":"https:\/\/www.apfelpatient.de\/en\/#organization"}},{"@type":"WebPage","@id":"https:\/\/www.apfelpatient.de\/news\/bmw-cfo-zu-apple-car-ich-schlafe-sehr-friedlich","url":"https:\/\/www.apfelpatient.de\/news\/bmw-cfo-zu-apple-car-ich-schlafe-sehr-friedlich","name":"BMW CFO on Apple Car: &quot;I sleep very peacefully&quot; Apfelpatient","isPartOf":{"@id":"https:\/\/www.apfelpatient.de\/#website"},"primaryImageOfPage":{"@id":"https:\/\/www.apfelpatient.de\/news\/bmw-cfo-zu-apple-car-ich-schlafe-sehr-friedlich#primaryimage"},"image":{"@id":"https:\/\/www.apfelpatient.de\/news\/bmw-cfo-zu-apple-car-ich-schlafe-sehr-friedlich#primaryimage"},"thumbnailUrl":"https:\/\/www.apfelpatient.de\/wp-content\/uploads\/2021\/03\/bigstock-Person-Using-A-Car-In-Autopilo-245865175.jpg","datePublished":"2021-03-08T15:51:26+00:00","dateModified":"2021-03-09T11:00:55+00:00","description":"At the beginning of the year, reports about the Apple Car reached a new high. Now BMW&#039;s CFO has also commented on the topic.","breadcrumb":{"@id":"https:\/\/www.apfelpatient.de\/news\/bmw-cfo-zu-apple-car-ich-schlafe-sehr-friedlich#breadcrumb"},"inLanguage":"en-US","potentialAction":[{"@type":"ReadAction","target":["https:\/\/www.apfelpatient.de\/news\/bmw-cfo-zu-apple-car-ich-schlafe-sehr-friedlich"]}]},{"@type":"ImageObject","inLanguage":"en-US","@id":"https:\/\/www.apfelpatient.de\/news\/bmw-cfo-zu-apple-car-ich-schlafe-sehr-friedlich#primaryimage","url":"https:\/\/www.apfelpatient.de\/wp-content\/uploads\/2021\/03\/bigstock-Person-Using-A-Car-In-Autopilo-245865175.jpg","contentUrl":"https:\/\/www.apfelpatient.de\/wp-content\/uploads\/2021\/03\/bigstock-Person-Using-A-Car-In-Autopilo-245865175.jpg","width":1600,"height":1051,"caption":"Person using a car in autopilot mode hands free"},{"@type":"BreadcrumbList","@id":"https:\/\/www.apfelpatient.de\/news\/bmw-cfo-zu-apple-car-ich-schlafe-sehr-friedlich#breadcrumb","itemListElement":[{"@type":"ListItem","position":1,"name":"Startseite","item":"https:\/\/www.apfelpatient.de\/"},{"@type":"ListItem","position":2,"name":"BMW CFO zu Apple Car: &#8222;Ich schlafe sehr friedlich&#8220;"}]},{"@type":"WebSite","@id":"https:\/\/www.apfelpatient.de\/#website","url":"https:\/\/www.apfelpatient.de\/","name":"apple patient","description":"Everything about Apple!","publisher":{"@type":"Organization","@id":"https:\/\/www.apfelpatient.de\/en\/#organization","name":"Apfelpatient","url":"https:\/\/www.apfelpatient.de\/en\/"},"alternateName":"Apfelpatient","potentialAction":[{"@type":"SearchAction","target":{"@type":"EntryPoint","urlTemplate":"https:\/\/www.apfelpatient.de\/?s={search_term_string}"},"query-input":{"@type":"PropertyValueSpecification","valueRequired":true,"valueName":"search_term_string"}}],"inLanguage":"en-US"},{"@type":["Person","Organization"],"@id":"https:\/\/www.apfelpatient.de\/#\/schema\/person\/7dc56ad6c8e9824b76d2c08d4c140e13","name":"Milan","logo":{"@id":"https:\/\/www.apfelpatient.de\/#\/schema\/person\/image\/"},"description":"Hello and welcome to my technology blog! As a big Apple fan, I report on everything to do with Apple: from the latest news and exciting rumors to helpful tips and tricks and detailed product tests. If you are as enthusiastic about technology as I am, you have come to the right place!","sameAs":["https:\/\/www.facebook.com\/apfelpatientOfficial","https:\/\/www.linkedin.com\/in\/milan-jovicic-42aa0231b"],"url":"https:\/\/www.apfelpatient.de\/en\/author\/apfeladmin"}]}},"_links":{"self":[{"href":"https:\/\/www.apfelpatient.de\/en\/wp-json\/wp\/v2\/posts\/20163","targetHints":{"allow":["GET"]}}],"collection":[{"href":"https:\/\/www.apfelpatient.de\/en\/wp-json\/wp\/v2\/posts"}],"about":[{"href":"https:\/\/www.apfelpatient.de\/en\/wp-json\/wp\/v2\/types\/post"}],"author":[{"embeddable":true,"href":"https:\/\/www.apfelpatient.de\/en\/wp-json\/wp\/v2\/users\/2"}],"replies":[{"embeddable":true,"href":"https:\/\/www.apfelpatient.de\/en\/wp-json\/wp\/v2\/comments?post=20163"}],"version-history":[{"count":0,"href":"https:\/\/www.apfelpatient.de\/en\/wp-json\/wp\/v2\/posts\/20163\/revisions"}],"wp:featuredmedia":[{"embeddable":true,"href":"https:\/\/www.apfelpatient.de\/en\/wp-json\/wp\/v2\/media\/20164"}],"wp:attachment":[{"href":"https:\/\/www.apfelpatient.de\/en\/wp-json\/wp\/v2\/media?parent=20163"}],"wp:term":[{"taxonomy":"category","embeddable":true,"href":"https:\/\/www.apfelpatient.de\/en\/wp-json\/wp\/v2\/categories?post=20163"},{"taxonomy":"post_tag","embeddable":true,"href":"https:\/\/www.apfelpatient.de\/en\/wp-json\/wp\/v2\/tags?post=20163"}],"curies":[{"name":"wp","href":"https:\/\/api.w.org\/{rel}","templated":true}]}}