{"id":20100,"date":"2021-03-06T14:23:48","date_gmt":"2021-03-06T13:23:48","guid":{"rendered":"https:\/\/www.apfelpatient.de\/?p=20100"},"modified":"2021-03-06T14:23:49","modified_gmt":"2021-03-06T13:23:49","slug":"apple-discontinues-imac-pro-only-while-supplies-last","status":"publish","type":"post","link":"https:\/\/www.apfelpatient.de\/en\/news\/apple-stellt-imac-pro-ein-nur-solange-der-vorrat-reicht","title":{"rendered":"Apple discontinues iMac Pro \u2013 \u201cOnly while supplies last\u201d"},"content":{"rendered":"<p class=\"has-drop-cap\"><strong>The fate of the iMac Pro seems to be sealed. Apple has now listed the product in the store as \u201cwhile supplies last\u201d.<\/strong><\/p>\n\n\n\n<p>The iMac Pro was introduced in 2017 to offer more powerful all-in-ones for high-end customers who wanted workstation Intel Xeon CPUs. The chassis was identical except for a more efficient cooling system and the space gray aluminum finish. Now that seems to be over. Apple removed all build-to-order configurations for the iMac Pro last night. Currently only the basic product is available for around 5,499.00 euros <a href=\"https:\/\/www.apple.com\/de\/imac-pro\/\" target=\"_blank\" rel=\"noreferrer noopener\">offered<\/a>. The offer is &quot;only while stocks last&quot;. To this day, it is not clear whether the product sold well. After all, the iMac Pro is in a niche segment of the market that is intended for professionals. The Mac Pro Tower, introduced in 2019, replaced the iMac Pro and attracted all the limelight. So it was only a matter of time before Apple discontinued the Pro version of the iMac.<\/p>\n\n\n\n<figure class=\"wp-block-image size-large\"><img decoding=\"async\" width=\"761\" height=\"1024\" src=\"https:\/\/www.apfelpatient.de\/wp-content\/uploads\/2021\/03\/IMG_2083-761x1024.jpg\" alt=\"iMac Pro\" class=\"wp-image-20102\" srcset=\"https:\/\/www.apfelpatient.de\/wp-content\/uploads\/2021\/03\/IMG_2083-761x1024.jpg 761w, https:\/\/www.apfelpatient.de\/wp-content\/uploads\/2021\/03\/IMG_2083-223x300.jpg 223w, https:\/\/www.apfelpatient.de\/wp-content\/uploads\/2021\/03\/IMG_2083-768x1034.jpg 768w, https:\/\/www.apfelpatient.de\/wp-content\/uploads\/2021\/03\/IMG_2083-1141x1536.jpg 1141w, https:\/\/www.apfelpatient.de\/wp-content\/uploads\/2021\/03\/IMG_2083-750x1009.jpg 750w, https:\/\/www.apfelpatient.de\/wp-content\/uploads\/2021\/03\/IMG_2083-1140x1534.jpg 1140w, https:\/\/www.apfelpatient.de\/wp-content\/uploads\/2021\/03\/IMG_2083.jpg 1284w\" sizes=\"(max-width: 761px) 100vw, 761px\" \/><\/figure>\n\n\n\n<h3 class=\"wp-block-heading\" id=\"h-imac-2021-warten-lohnt-sich\">iMac 2021: The wait is worth it<\/h3>\n\n\n\n\n\n\n\n<p>In addition, Apple is expected to soon introduce a completely new line of iMacs equipped with next-generation Apple Silicon CPUs and GPUs. The performance and efficiency of the M1 successor will likely eliminate the need for Apple to split the iMac product line into different series. This means that a separate Pro version will no longer be necessary. Supply bottlenecks for some 21.5-inch iMacs are also a sign that a new iMac is imminent. According to rumors, an iMac will appear in a brand new design reminiscent of Apple&#039;s Pro Display XDR. However, it is not known when the product could be presented. Be that as it may. If you can still wait and don&#039;t urgently need a new iMac, you should be patient - the wait will definitely be worth it. (Photo by hadrian \/ Bigstockphoto)<\/p>\n\n\n\n<ul class=\"wp-block-list\"><li><a href=\"https:\/\/www.apfelpatient.de\/en\/rumors\/apple-has-stopped-production-of-certain-imac-models\">Apple has stopped production of certain iMac models<\/a><\/li><\/ul>\n\n\n\n<h6 class=\"wp-block-heading translation-block\" id=\"h-kennt-ihr-schon-unsere-amazon-storefront-dort-findet-ihr-eine-handverlesene-auswahl-von-diversen-produkten-f-r-euer-iphone-und-co-viel-spa-beim-st-bern\"><em>Have you already visited our Amazon Storefront? There you&#039;ll find a hand-picked selection of various products for your iPhone and other devices \u2013 <span class=\"has-inline-color has-vivid-red-color\"><a href=\"https:\/\/www.amazon.de\/shop\/apfelpatientofficial\" class=\"ek-link\" data-wpel-link=\"exclude\" rel=\"follow noopener\" target=\"_self\"><span style=\"text-decoration: underline\" class=\"ek-underline\">enjoy browsing<\/span><\/a> !<\/span><\/em><\/h6>\n\n\n\n\n\n<h6 class=\"wp-block-heading translation-block\" id=\"h-der-beitrag-enthalt-partnerlinks\">This post contains <a data-type=\"URL\" data-id=\"https:\/\/www.apfelpatient.de\/partnerprogramm\" href=\"https:\/\/www.apfelpatient.de\/en\/partner-program\" data-wpel-link=\"internal\" target=\"_self\">affiliate links<\/a>.<\/h6>","protected":false},"excerpt":{"rendered":"<p>The fate of the iMac Pro seems to be sealed. Apple has now listed the product in the store as \u201cwhile supplies last\u201d.<\/p>","protected":false},"author":2,"featured_media":20101,"comment_status":"closed","ping_status":"closed","sticky":false,"template":"","format":"standard","meta":{"jnews-multi-image_gallery":[],"jnews_single_post":{"subtitle":"","format":"standard","video":"","gallery":"","source_name":"","source_url":"","via_name":"","via_url":"","override":[{"single_blog_custom":"","sidebar":"","second_sidebar":"","share_position":"","share_float_style":"","post_date_format":"","post_date_format_custom":"","post_reading_time_wpm":"","zoom_button_out_step":"1","zoom_button_in_step":"1","number_popup_post":"1"}],"image_override":[{"single_post_thumbnail_size":"","single_post_gallery_size":""}],"trending_post_position":"","trending_post_label":"","sponsored_post_label":"","sponsored_post_name":"","sponsored_post_url":"","sponsored_post_logo":"","sponsored_post_desc":""},"jnews_primary_category":{"id":"9"},"footnotes":""},"categories":[9],"tags":[40],"class_list":["post-20100","post","type-post","status-publish","format-standard","has-post-thumbnail","hentry","category-news","tag-mac"],"yoast_head":"<!-- This site is optimized with the Yoast SEO Premium plugin v27.5 (Yoast SEO v27.5) - https:\/\/yoast.com\/product\/yoast-seo-premium-wordpress\/ -->\n<title>Apple stellt iMac Pro ein - &quot;Nur solange der Vorrat reicht&quot; Apfelpatient<\/title>\n<meta name=\"description\" content=\"Das Schicksal des iMac Pro scheint besiegelt zu sein. Apple hat das Produkt nun im Store als &quot;Nur solange der Vorrat reicht&quot; gelistet.\" \/>\n<meta name=\"robots\" content=\"index, follow, max-snippet:-1, max-image-preview:large, max-video-preview:-1\" \/>\n<link rel=\"canonical\" href=\"https:\/\/www.apfelpatient.de\/en\/news\/apple-discontinues-imac-pro-only-while-supplies-last\" \/>\n<meta property=\"og:locale\" content=\"en_US\" \/>\n<meta property=\"og:type\" content=\"article\" \/>\n<meta property=\"og:title\" content=\"Apple stellt iMac Pro ein - &quot;Nur solange der Vorrat reicht&quot;\" \/>\n<meta property=\"og:description\" content=\"Das Schicksal des iMac Pro scheint besiegelt zu sein. Apple hat das Produkt nun im Store als &quot;Nur solange der Vorrat reicht&quot; gelistet.\" \/>\n<meta property=\"og:url\" content=\"https:\/\/www.apfelpatient.de\/en\/news\/apple-discontinues-imac-pro-only-while-supplies-last\" \/>\n<meta property=\"og:site_name\" content=\"Apfelpatient\" \/>\n<meta property=\"article:publisher\" content=\"https:\/\/www.facebook.com\/apfelpatientOfficial\" \/>\n<meta property=\"article:author\" content=\"https:\/\/www.facebook.com\/apfelpatientOfficial\" \/>\n<meta property=\"article:published_time\" content=\"2021-03-06T13:23:48+00:00\" \/>\n<meta property=\"article:modified_time\" content=\"2021-03-06T13:23:49+00:00\" \/>\n<meta property=\"og:image\" content=\"https:\/\/www.apfelpatient.de\/wp-content\/uploads\/2021\/03\/bigstock-221489545.jpg\" \/>\n\t<meta property=\"og:image:width\" content=\"1600\" \/>\n\t<meta property=\"og:image:height\" content=\"1200\" \/>\n\t<meta property=\"og:image:type\" content=\"image\/jpeg\" \/>\n<meta name=\"author\" content=\"Milan\" \/>\n<meta name=\"twitter:card\" content=\"summary_large_image\" \/>\n<meta name=\"twitter:description\" content=\"Das Schicksal des iMac Pro scheint besiegelt zu sein. Apple hat das Produkt nun im Store als &quot;Nur solange der Vorrat reicht&quot; gelistet.\" \/>\n<meta name=\"twitter:label1\" content=\"Written by\" \/>\n\t<meta name=\"twitter:data1\" content=\"Milan\" \/>\n\t<meta name=\"twitter:label2\" content=\"Est. reading time\" \/>\n\t<meta name=\"twitter:data2\" content=\"2 minutes\" \/>\n<script type=\"application\/ld+json\" class=\"yoast-schema-graph\">{\"@context\":\"https:\\\/\\\/schema.org\",\"@graph\":[{\"@type\":\"NewsArticle\",\"@id\":\"https:\\\/\\\/www.apfelpatient.de\\\/news\\\/apple-stellt-imac-pro-ein-nur-solange-der-vorrat-reicht#article\",\"isPartOf\":{\"@id\":\"https:\\\/\\\/www.apfelpatient.de\\\/news\\\/apple-stellt-imac-pro-ein-nur-solange-der-vorrat-reicht\"},\"author\":{\"@type\":\"Organization\",\"@id\":\"https:\\\/\\\/www.apfelpatient.de\\\/en\\\/#organization\",\"name\":\"Apfelpatient\",\"url\":\"https:\\\/\\\/www.apfelpatient.de\\\/en\\\/\"},\"headline\":\"Apple stellt iMac Pro ein &#8211; &#8222;Nur solange der Vorrat reicht&#8220;\",\"datePublished\":\"2021-03-06T13:23:48+00:00\",\"dateModified\":\"2021-03-06T13:23:49+00:00\",\"mainEntityOfPage\":{\"@id\":\"https:\\\/\\\/www.apfelpatient.de\\\/news\\\/apple-stellt-imac-pro-ein-nur-solange-der-vorrat-reicht\"},\"wordCount\":322,\"publisher\":{\"@type\":\"Organization\",\"@id\":\"https:\\\/\\\/www.apfelpatient.de\\\/en\\\/#organization\",\"name\":\"Apfelpatient\",\"url\":\"https:\\\/\\\/www.apfelpatient.de\\\/en\\\/\"},\"image\":{\"@id\":\"https:\\\/\\\/www.apfelpatient.de\\\/news\\\/apple-stellt-imac-pro-ein-nur-solange-der-vorrat-reicht#primaryimage\"},\"thumbnailUrl\":\"https:\\\/\\\/www.apfelpatient.de\\\/wp-content\\\/uploads\\\/2021\\\/03\\\/bigstock-221489545.jpg\",\"keywords\":[\"Mac\"],\"articleSection\":\"News\",\"inLanguage\":\"en-US\",\"copyrightYear\":\"2021\",\"copyrightHolder\":{\"@id\":\"https:\\\/\\\/www.apfelpatient.de\\\/en\\\/#organization\"}},{\"@type\":\"WebPage\",\"@id\":\"https:\\\/\\\/www.apfelpatient.de\\\/news\\\/apple-stellt-imac-pro-ein-nur-solange-der-vorrat-reicht\",\"url\":\"https:\\\/\\\/www.apfelpatient.de\\\/news\\\/apple-stellt-imac-pro-ein-nur-solange-der-vorrat-reicht\",\"name\":\"Apple stellt iMac Pro ein - \\\"Nur solange der Vorrat reicht\\\" Apfelpatient\",\"isPartOf\":{\"@id\":\"https:\\\/\\\/www.apfelpatient.de\\\/#website\"},\"primaryImageOfPage\":{\"@id\":\"https:\\\/\\\/www.apfelpatient.de\\\/news\\\/apple-stellt-imac-pro-ein-nur-solange-der-vorrat-reicht#primaryimage\"},\"image\":{\"@id\":\"https:\\\/\\\/www.apfelpatient.de\\\/news\\\/apple-stellt-imac-pro-ein-nur-solange-der-vorrat-reicht#primaryimage\"},\"thumbnailUrl\":\"https:\\\/\\\/www.apfelpatient.de\\\/wp-content\\\/uploads\\\/2021\\\/03\\\/bigstock-221489545.jpg\",\"datePublished\":\"2021-03-06T13:23:48+00:00\",\"dateModified\":\"2021-03-06T13:23:49+00:00\",\"description\":\"Das Schicksal des iMac Pro scheint besiegelt zu sein. Apple hat das Produkt nun im Store als \\\"Nur solange der Vorrat reicht\\\" gelistet.\",\"breadcrumb\":{\"@id\":\"https:\\\/\\\/www.apfelpatient.de\\\/news\\\/apple-stellt-imac-pro-ein-nur-solange-der-vorrat-reicht#breadcrumb\"},\"inLanguage\":\"en-US\",\"potentialAction\":[{\"@type\":\"ReadAction\",\"target\":[\"https:\\\/\\\/www.apfelpatient.de\\\/news\\\/apple-stellt-imac-pro-ein-nur-solange-der-vorrat-reicht\"]}]},{\"@type\":\"ImageObject\",\"inLanguage\":\"en-US\",\"@id\":\"https:\\\/\\\/www.apfelpatient.de\\\/news\\\/apple-stellt-imac-pro-ein-nur-solange-der-vorrat-reicht#primaryimage\",\"url\":\"https:\\\/\\\/www.apfelpatient.de\\\/wp-content\\\/uploads\\\/2021\\\/03\\\/bigstock-221489545.jpg\",\"contentUrl\":\"https:\\\/\\\/www.apfelpatient.de\\\/wp-content\\\/uploads\\\/2021\\\/03\\\/bigstock-221489545.jpg\",\"width\":1600,\"height\":1200,\"caption\":\"Photo by hadrian \\\/ Bigstockphoto\"},{\"@type\":\"BreadcrumbList\",\"@id\":\"https:\\\/\\\/www.apfelpatient.de\\\/news\\\/apple-stellt-imac-pro-ein-nur-solange-der-vorrat-reicht#breadcrumb\",\"itemListElement\":[{\"@type\":\"ListItem\",\"position\":1,\"name\":\"Startseite\",\"item\":\"https:\\\/\\\/www.apfelpatient.de\\\/\"},{\"@type\":\"ListItem\",\"position\":2,\"name\":\"Apple stellt iMac Pro ein &#8211; &#8222;Nur solange der Vorrat reicht&#8220;\"}]},{\"@type\":\"WebSite\",\"@id\":\"https:\\\/\\\/www.apfelpatient.de\\\/#website\",\"url\":\"https:\\\/\\\/www.apfelpatient.de\\\/\",\"name\":\"Apfelpatient\",\"description\":\"Alles rund um Apple!\",\"publisher\":{\"@type\":\"Organization\",\"@id\":\"https:\\\/\\\/www.apfelpatient.de\\\/en\\\/#organization\",\"name\":\"Apfelpatient\",\"url\":\"https:\\\/\\\/www.apfelpatient.de\\\/en\\\/\"},\"alternateName\":\"Apfelpatient\",\"potentialAction\":[{\"@type\":\"SearchAction\",\"target\":{\"@type\":\"EntryPoint\",\"urlTemplate\":\"https:\\\/\\\/www.apfelpatient.de\\\/?s={search_term_string}\"},\"query-input\":{\"@type\":\"PropertyValueSpecification\",\"valueRequired\":true,\"valueName\":\"search_term_string\"}}],\"inLanguage\":\"en-US\"},{\"@type\":[\"Person\",\"Organization\"],\"@id\":\"https:\\\/\\\/www.apfelpatient.de\\\/#\\\/schema\\\/person\\\/7dc56ad6c8e9824b76d2c08d4c140e13\",\"name\":\"Milan\",\"logo\":{\"@id\":\"https:\\\/\\\/www.apfelpatient.de\\\/#\\\/schema\\\/person\\\/image\\\/\"},\"description\":\"Hallo und herzlich willkommen auf meinem Technik-Blog! Als gro\u00dfer Apple-Fan berichte ich hier \u00fcber alles, was mit Apple zu tun hat: von den neuesten News und spannenden Ger\u00fcchten \u00fcber hilfreiche Tipps und Tricks bis hin zu ausf\u00fchrlichen Produkttests. Wenn du genauso technikbegeistert bist wie ich, bist du hier genau richtig!\",\"sameAs\":[\"https:\\\/\\\/www.facebook.com\\\/apfelpatientOfficial\",\"https:\\\/\\\/www.linkedin.com\\\/in\\\/milan-jovicic-42aa0231b\"],\"url\":\"https:\\\/\\\/www.apfelpatient.de\\\/en\\\/author\\\/apfeladmin\"}]}<\/script>\n<!-- \/ Yoast SEO Premium plugin. -->","yoast_head_json":{"title":"Apple discontinues iMac Pro - &quot;Only while supplies last&quot; Apfelpatient","description":"The fate of the iMac Pro seems to be sealed. Apple has now listed the product in the store as &quot;While supplies last&quot;.","robots":{"index":"index","follow":"follow","max-snippet":"max-snippet:-1","max-image-preview":"max-image-preview:large","max-video-preview":"max-video-preview:-1"},"canonical":"https:\/\/www.apfelpatient.de\/en\/news\/apple-discontinues-imac-pro-only-while-supplies-last","og_locale":"en_US","og_type":"article","og_title":"Apple stellt iMac Pro ein - \"Nur solange der Vorrat reicht\"","og_description":"Das Schicksal des iMac Pro scheint besiegelt zu sein. Apple hat das Produkt nun im Store als \"Nur solange der Vorrat reicht\" gelistet.","og_url":"https:\/\/www.apfelpatient.de\/en\/news\/apple-discontinues-imac-pro-only-while-supplies-last","og_site_name":"Apfelpatient","article_publisher":"https:\/\/www.facebook.com\/apfelpatientOfficial","article_author":"https:\/\/www.facebook.com\/apfelpatientOfficial","article_published_time":"2021-03-06T13:23:48+00:00","article_modified_time":"2021-03-06T13:23:49+00:00","og_image":[{"width":1600,"height":1200,"url":"https:\/\/www.apfelpatient.de\/wp-content\/uploads\/2021\/03\/bigstock-221489545.jpg","type":"image\/jpeg"}],"author":"Milan","twitter_card":"summary_large_image","twitter_description":"Das Schicksal des iMac Pro scheint besiegelt zu sein. Apple hat das Produkt nun im Store als \"Nur solange der Vorrat reicht\" gelistet.","twitter_misc":{"Written by":"Milan","Est. reading time":"2 minutes"},"schema":{"@context":"https:\/\/schema.org","@graph":[{"@type":"NewsArticle","@id":"https:\/\/www.apfelpatient.de\/news\/apple-stellt-imac-pro-ein-nur-solange-der-vorrat-reicht#article","isPartOf":{"@id":"https:\/\/www.apfelpatient.de\/news\/apple-stellt-imac-pro-ein-nur-solange-der-vorrat-reicht"},"author":{"@type":"Organization","@id":"https:\/\/www.apfelpatient.de\/en\/#organization","name":"Apfelpatient","url":"https:\/\/www.apfelpatient.de\/en\/"},"headline":"Apple stellt iMac Pro ein &#8211; &#8222;Nur solange der Vorrat reicht&#8220;","datePublished":"2021-03-06T13:23:48+00:00","dateModified":"2021-03-06T13:23:49+00:00","mainEntityOfPage":{"@id":"https:\/\/www.apfelpatient.de\/news\/apple-stellt-imac-pro-ein-nur-solange-der-vorrat-reicht"},"wordCount":322,"publisher":{"@type":"Organization","@id":"https:\/\/www.apfelpatient.de\/en\/#organization","name":"Apfelpatient","url":"https:\/\/www.apfelpatient.de\/en\/"},"image":{"@id":"https:\/\/www.apfelpatient.de\/news\/apple-stellt-imac-pro-ein-nur-solange-der-vorrat-reicht#primaryimage"},"thumbnailUrl":"https:\/\/www.apfelpatient.de\/wp-content\/uploads\/2021\/03\/bigstock-221489545.jpg","keywords":["Mac"],"articleSection":"News","inLanguage":"en-US","copyrightYear":"2021","copyrightHolder":{"@id":"https:\/\/www.apfelpatient.de\/en\/#organization"}},{"@type":"WebPage","@id":"https:\/\/www.apfelpatient.de\/news\/apple-stellt-imac-pro-ein-nur-solange-der-vorrat-reicht","url":"https:\/\/www.apfelpatient.de\/news\/apple-stellt-imac-pro-ein-nur-solange-der-vorrat-reicht","name":"Apple discontinues iMac Pro - &quot;Only while supplies last&quot; Apfelpatient","isPartOf":{"@id":"https:\/\/www.apfelpatient.de\/#website"},"primaryImageOfPage":{"@id":"https:\/\/www.apfelpatient.de\/news\/apple-stellt-imac-pro-ein-nur-solange-der-vorrat-reicht#primaryimage"},"image":{"@id":"https:\/\/www.apfelpatient.de\/news\/apple-stellt-imac-pro-ein-nur-solange-der-vorrat-reicht#primaryimage"},"thumbnailUrl":"https:\/\/www.apfelpatient.de\/wp-content\/uploads\/2021\/03\/bigstock-221489545.jpg","datePublished":"2021-03-06T13:23:48+00:00","dateModified":"2021-03-06T13:23:49+00:00","description":"The fate of the iMac Pro seems to be sealed. Apple has now listed the product in the store as &quot;While supplies last&quot;.","breadcrumb":{"@id":"https:\/\/www.apfelpatient.de\/news\/apple-stellt-imac-pro-ein-nur-solange-der-vorrat-reicht#breadcrumb"},"inLanguage":"en-US","potentialAction":[{"@type":"ReadAction","target":["https:\/\/www.apfelpatient.de\/news\/apple-stellt-imac-pro-ein-nur-solange-der-vorrat-reicht"]}]},{"@type":"ImageObject","inLanguage":"en-US","@id":"https:\/\/www.apfelpatient.de\/news\/apple-stellt-imac-pro-ein-nur-solange-der-vorrat-reicht#primaryimage","url":"https:\/\/www.apfelpatient.de\/wp-content\/uploads\/2021\/03\/bigstock-221489545.jpg","contentUrl":"https:\/\/www.apfelpatient.de\/wp-content\/uploads\/2021\/03\/bigstock-221489545.jpg","width":1600,"height":1200,"caption":"Photo by hadrian \/ Bigstockphoto"},{"@type":"BreadcrumbList","@id":"https:\/\/www.apfelpatient.de\/news\/apple-stellt-imac-pro-ein-nur-solange-der-vorrat-reicht#breadcrumb","itemListElement":[{"@type":"ListItem","position":1,"name":"Startseite","item":"https:\/\/www.apfelpatient.de\/"},{"@type":"ListItem","position":2,"name":"Apple stellt iMac Pro ein &#8211; &#8222;Nur solange der Vorrat reicht&#8220;"}]},{"@type":"WebSite","@id":"https:\/\/www.apfelpatient.de\/#website","url":"https:\/\/www.apfelpatient.de\/","name":"apple patient","description":"Everything about Apple!","publisher":{"@type":"Organization","@id":"https:\/\/www.apfelpatient.de\/en\/#organization","name":"Apfelpatient","url":"https:\/\/www.apfelpatient.de\/en\/"},"alternateName":"Apfelpatient","potentialAction":[{"@type":"SearchAction","target":{"@type":"EntryPoint","urlTemplate":"https:\/\/www.apfelpatient.de\/?s={search_term_string}"},"query-input":{"@type":"PropertyValueSpecification","valueRequired":true,"valueName":"search_term_string"}}],"inLanguage":"en-US"},{"@type":["Person","Organization"],"@id":"https:\/\/www.apfelpatient.de\/#\/schema\/person\/7dc56ad6c8e9824b76d2c08d4c140e13","name":"Milan","logo":{"@id":"https:\/\/www.apfelpatient.de\/#\/schema\/person\/image\/"},"description":"Hello and welcome to my technology blog! As a big Apple fan, I report on everything to do with Apple: from the latest news and exciting rumors to helpful tips and tricks and detailed product tests. If you are as enthusiastic about technology as I am, you have come to the right place!","sameAs":["https:\/\/www.facebook.com\/apfelpatientOfficial","https:\/\/www.linkedin.com\/in\/milan-jovicic-42aa0231b"],"url":"https:\/\/www.apfelpatient.de\/en\/author\/apfeladmin"}]}},"_links":{"self":[{"href":"https:\/\/www.apfelpatient.de\/en\/wp-json\/wp\/v2\/posts\/20100","targetHints":{"allow":["GET"]}}],"collection":[{"href":"https:\/\/www.apfelpatient.de\/en\/wp-json\/wp\/v2\/posts"}],"about":[{"href":"https:\/\/www.apfelpatient.de\/en\/wp-json\/wp\/v2\/types\/post"}],"author":[{"embeddable":true,"href":"https:\/\/www.apfelpatient.de\/en\/wp-json\/wp\/v2\/users\/2"}],"replies":[{"embeddable":true,"href":"https:\/\/www.apfelpatient.de\/en\/wp-json\/wp\/v2\/comments?post=20100"}],"version-history":[{"count":0,"href":"https:\/\/www.apfelpatient.de\/en\/wp-json\/wp\/v2\/posts\/20100\/revisions"}],"wp:featuredmedia":[{"embeddable":true,"href":"https:\/\/www.apfelpatient.de\/en\/wp-json\/wp\/v2\/media\/20101"}],"wp:attachment":[{"href":"https:\/\/www.apfelpatient.de\/en\/wp-json\/wp\/v2\/media?parent=20100"}],"wp:term":[{"taxonomy":"category","embeddable":true,"href":"https:\/\/www.apfelpatient.de\/en\/wp-json\/wp\/v2\/categories?post=20100"},{"taxonomy":"post_tag","embeddable":true,"href":"https:\/\/www.apfelpatient.de\/en\/wp-json\/wp\/v2\/tags?post=20100"}],"curies":[{"name":"wp","href":"https:\/\/api.w.org\/{rel}","templated":true}]}}