{"id":20074,"date":"2021-03-05T13:23:57","date_gmt":"2021-03-05T12:23:57","guid":{"rendered":"https:\/\/www.apfelpatient.de\/?p=20074"},"modified":"2021-03-05T13:24:25","modified_gmt":"2021-03-05T12:24:25","slug":"ipad-macbook-models-with-oled-further-details-emerged","status":"publish","type":"post","link":"https:\/\/www.apfelpatient.de\/en\/rumors\/ipad-macbook-modelle-mit-oled-weitere-details-aufgetaucht","title":{"rendered":"iPad &amp; MacBook models with OLED: More details emerge"},"content":{"rendered":"<p class=\"has-drop-cap\"><strong>Yesterday it was reported that Apple could equip the first iPad and MacBook models with OLED screens next year. Now further details have been published.<\/strong><\/p>\n\n\n\n<p>Yesterday, the Taiwanese news site DigiTimes published an article <a href=\"https:\/\/www.apfelpatient.de\/en\/rumors\/ipad-and-macbook-models-with-oled-will-be-released-in-2022\">provided<\/a>, which contains details on Apple&#039;s product plans regarding OLED displays. While only a preview was available yesterday, the full article is now available. In recent years, there has been a lot of discussion about Apple&#039;s plans regarding display technologies. It is believed that Apple is exploring MiniLED, MicroLED and OLED technologies in its products. Currently, it is expected that the successor to the MacBook Pro 16\u2033, which is due to be released this year, will use a MiniLED screen. Now DigiTimes wants <a href=\"https:\/\/www.digitimes.com\/news\/a20210305PD209.html\" target=\"_blank\" rel=\"noreferrer noopener\">experience<\/a> that Apple plans to equip iPad and MacBook models with OLED panels in the future. So far, these screens are only used in Apple Watch and iPhone devices. The report says that Apple will use an OLED panel for an upcoming iPad model with a 10.9-inch display. The new iPad is expected to go into production at the end of this year and be released in early 2022.&nbsp;<\/p>\n\n\n\n<h3 class=\"wp-block-heading\" id=\"h-miniled-microled-oled-digitimes-erkl-rt-widerspr-chliche-berichte\">MiniLED, MicroLED &amp; OLED: DigiTimes explains contradictory reports<\/h3>\n\n\n\n\n\n\n\n<p>It is now suspected that the model in question belongs to the iPad Pro series. According to Digitimes, Apple is considering using OLED screens for the 12.9-inch iPad Pro and the 16-inch MacBook Pro in the future. As for the conflicting reports about Apple&#039;s interest in MiniLED and MicroLED as well as OLED, Digitimes explains that Apple is interested in all screen technologies and will use different types of screens in different products. But MicroLED could ultimately prevail, although this technology will still need many years to become suitable for mass use. As a reminder: Apple is currently suspected of introducing 14- and 16-inch MacBook Pro models that use MiniLED technology later this year. In addition, the devices are expected to have a new housing and significantly more ports. Rumor has it that the ports include MagSafe, HDMI and an SD card slot. The devices will be equipped with an in-house ARM chip and will offer a significantly better picture thanks to MiniLED. (Photo by leungchopan \/ Bigstockphoto)<\/p>\n\n\n\n<h6 class=\"wp-block-heading translation-block\" id=\"h-kennt-ihr-schon-unsere-amazon-storefront-dort-findet-ihr-eine-handverlesene-auswahl-von-diversen-produkten-f-r-euer-iphone-und-co-viel-spa-beim-st-bern\"><em>Have you already visited our Amazon Storefront? There you&#039;ll find a hand-picked selection of various products for your iPhone and other devices \u2013 <span class=\"has-inline-color has-vivid-red-color\"><a href=\"https:\/\/www.amazon.de\/shop\/apfelpatientofficial\" class=\"ek-link\" data-wpel-link=\"exclude\" rel=\"follow noopener\" target=\"_self\"><span style=\"text-decoration: underline\" class=\"ek-underline\">enjoy browsing<\/span><\/a> !<\/span><\/em><\/h6>\n\n\n\n\n\n<h6 class=\"wp-block-heading translation-block\" id=\"h-der-beitrag-enthalt-partnerlinks\">This post contains <a data-type=\"URL\" data-id=\"https:\/\/www.apfelpatient.de\/partnerprogramm\" href=\"https:\/\/www.apfelpatient.de\/en\/partner-program\" data-wpel-link=\"internal\" target=\"_self\">affiliate links<\/a>.<\/h6>","protected":false},"excerpt":{"rendered":"<p>Yesterday it was reported that Apple could equip the first iPad and MacBook models with OLED screens next year.<\/p>","protected":false},"author":2,"featured_media":20075,"comment_status":"closed","ping_status":"closed","sticky":false,"template":"","format":"standard","meta":{"jnews-multi-image_gallery":[],"jnews_single_post":{"subtitle":"","format":"standard","video":"","gallery":"","source_name":"","source_url":"","via_name":"","via_url":"","override":[{"single_blog_custom":"","sidebar":"","second_sidebar":"","share_position":"","share_float_style":"","post_date_format":"","post_date_format_custom":"","post_reading_time_wpm":"","zoom_button_out_step":"1","zoom_button_in_step":"1","number_popup_post":"1"}],"image_override":[{"single_post_thumbnail_size":"","single_post_gallery_size":""}],"trending_post_position":"","trending_post_label":"","sponsored_post_label":"","sponsored_post_name":"","sponsored_post_url":"","sponsored_post_logo":"","sponsored_post_desc":""},"jnews_primary_category":{"id":"25"},"footnotes":""},"categories":[25],"tags":[18,40,49],"class_list":["post-20074","post","type-post","status-publish","format-standard","has-post-thumbnail","hentry","category-rumors","tag-ipad","tag-mac","tag-macbook"],"yoast_head":"<!-- This site is optimized with the Yoast SEO Premium plugin v27.5 (Yoast SEO v27.5) - https:\/\/yoast.com\/product\/yoast-seo-premium-wordpress\/ -->\n<title>iPad- &amp; MacBook-Modelle mit OLED: Weitere Details aufgetaucht<\/title>\n<meta name=\"description\" content=\"Gestern wurde dar\u00fcber berichtet, wonach Apple im n\u00e4chsten Jahr erste iPad- und MacBook-Modelle mit OLED-Bildschirmen ausstatten k\u00f6nnte.\" \/>\n<meta name=\"robots\" content=\"index, follow, max-snippet:-1, max-image-preview:large, max-video-preview:-1\" \/>\n<link rel=\"canonical\" href=\"https:\/\/www.apfelpatient.de\/en\/rumors\/ipad-macbook-models-with-oled-further-details-emerged\" \/>\n<meta property=\"og:locale\" content=\"en_US\" \/>\n<meta property=\"og:type\" content=\"article\" \/>\n<meta property=\"og:title\" content=\"iPad- &amp; MacBook-Modelle mit OLED: Weitere Details aufgetaucht\" \/>\n<meta property=\"og:description\" content=\"Gestern wurde dar\u00fcber berichtet, wonach Apple im n\u00e4chsten Jahr erste iPad- und MacBook-Modelle mit OLED-Bildschirmen ausstatten k\u00f6nnte.\" \/>\n<meta property=\"og:url\" content=\"https:\/\/www.apfelpatient.de\/en\/rumors\/ipad-macbook-models-with-oled-further-details-emerged\" \/>\n<meta property=\"og:site_name\" content=\"Apfelpatient\" \/>\n<meta property=\"article:publisher\" content=\"https:\/\/www.facebook.com\/apfelpatientOfficial\" \/>\n<meta property=\"article:author\" content=\"https:\/\/www.facebook.com\/apfelpatientOfficial\" \/>\n<meta property=\"article:published_time\" content=\"2021-03-05T12:23:57+00:00\" \/>\n<meta property=\"article:modified_time\" content=\"2021-03-05T12:24:25+00:00\" \/>\n<meta property=\"og:image\" content=\"https:\/\/www.apfelpatient.de\/wp-content\/uploads\/2021\/03\/bigstock-Hong-Kong-March-New-i-360484759.jpg\" \/>\n\t<meta property=\"og:image:width\" content=\"1600\" \/>\n\t<meta property=\"og:image:height\" content=\"844\" \/>\n\t<meta property=\"og:image:type\" content=\"image\/jpeg\" \/>\n<meta name=\"author\" content=\"Milan\" \/>\n<meta name=\"twitter:card\" content=\"summary_large_image\" \/>\n<meta name=\"twitter:description\" content=\"Gestern wurde dar\u00fcber berichtet, wonach Apple im n\u00e4chsten Jahr erste iPad- und MacBook-Modelle mit OLED-Bildschirmen ausstatten k\u00f6nnte.\" \/>\n<meta name=\"twitter:label1\" content=\"Written by\" \/>\n\t<meta name=\"twitter:data1\" content=\"Milan\" \/>\n\t<meta name=\"twitter:label2\" content=\"Est. reading time\" \/>\n\t<meta name=\"twitter:data2\" content=\"2 minutes\" \/>\n<script type=\"application\/ld+json\" class=\"yoast-schema-graph\">{\"@context\":\"https:\\\/\\\/schema.org\",\"@graph\":[{\"@type\":\"NewsArticle\",\"@id\":\"https:\\\/\\\/www.apfelpatient.de\\\/rumors\\\/ipad-macbook-modelle-mit-oled-weitere-details-aufgetaucht#article\",\"isPartOf\":{\"@id\":\"https:\\\/\\\/www.apfelpatient.de\\\/rumors\\\/ipad-macbook-modelle-mit-oled-weitere-details-aufgetaucht\"},\"author\":{\"@type\":\"Organization\",\"@id\":\"https:\\\/\\\/www.apfelpatient.de\\\/en\\\/#organization\",\"name\":\"Apfelpatient\",\"url\":\"https:\\\/\\\/www.apfelpatient.de\\\/en\\\/\"},\"headline\":\"iPad- &#038; MacBook-Modelle mit OLED: Weitere Details aufgetaucht\",\"datePublished\":\"2021-03-05T12:23:57+00:00\",\"dateModified\":\"2021-03-05T12:24:25+00:00\",\"mainEntityOfPage\":{\"@id\":\"https:\\\/\\\/www.apfelpatient.de\\\/rumors\\\/ipad-macbook-modelle-mit-oled-weitere-details-aufgetaucht\"},\"wordCount\":355,\"publisher\":{\"@type\":\"Organization\",\"@id\":\"https:\\\/\\\/www.apfelpatient.de\\\/en\\\/#organization\",\"name\":\"Apfelpatient\",\"url\":\"https:\\\/\\\/www.apfelpatient.de\\\/en\\\/\"},\"image\":{\"@id\":\"https:\\\/\\\/www.apfelpatient.de\\\/rumors\\\/ipad-macbook-modelle-mit-oled-weitere-details-aufgetaucht#primaryimage\"},\"thumbnailUrl\":\"https:\\\/\\\/www.apfelpatient.de\\\/wp-content\\\/uploads\\\/2021\\\/03\\\/bigstock-Hong-Kong-March-New-i-360484759.jpg\",\"keywords\":[\"iPad\",\"Mac\",\"MacBook\"],\"articleSection\":\"Rumors\",\"inLanguage\":\"en-US\",\"copyrightYear\":\"2021\",\"copyrightHolder\":{\"@id\":\"https:\\\/\\\/www.apfelpatient.de\\\/en\\\/#organization\"}},{\"@type\":\"WebPage\",\"@id\":\"https:\\\/\\\/www.apfelpatient.de\\\/rumors\\\/ipad-macbook-modelle-mit-oled-weitere-details-aufgetaucht\",\"url\":\"https:\\\/\\\/www.apfelpatient.de\\\/rumors\\\/ipad-macbook-modelle-mit-oled-weitere-details-aufgetaucht\",\"name\":\"iPad- & MacBook-Modelle mit OLED: Weitere Details aufgetaucht\",\"isPartOf\":{\"@id\":\"https:\\\/\\\/www.apfelpatient.de\\\/#website\"},\"primaryImageOfPage\":{\"@id\":\"https:\\\/\\\/www.apfelpatient.de\\\/rumors\\\/ipad-macbook-modelle-mit-oled-weitere-details-aufgetaucht#primaryimage\"},\"image\":{\"@id\":\"https:\\\/\\\/www.apfelpatient.de\\\/rumors\\\/ipad-macbook-modelle-mit-oled-weitere-details-aufgetaucht#primaryimage\"},\"thumbnailUrl\":\"https:\\\/\\\/www.apfelpatient.de\\\/wp-content\\\/uploads\\\/2021\\\/03\\\/bigstock-Hong-Kong-March-New-i-360484759.jpg\",\"datePublished\":\"2021-03-05T12:23:57+00:00\",\"dateModified\":\"2021-03-05T12:24:25+00:00\",\"description\":\"Gestern wurde dar\u00fcber berichtet, wonach Apple im n\u00e4chsten Jahr erste iPad- und MacBook-Modelle mit OLED-Bildschirmen ausstatten k\u00f6nnte.\",\"breadcrumb\":{\"@id\":\"https:\\\/\\\/www.apfelpatient.de\\\/rumors\\\/ipad-macbook-modelle-mit-oled-weitere-details-aufgetaucht#breadcrumb\"},\"inLanguage\":\"en-US\",\"potentialAction\":[{\"@type\":\"ReadAction\",\"target\":[\"https:\\\/\\\/www.apfelpatient.de\\\/rumors\\\/ipad-macbook-modelle-mit-oled-weitere-details-aufgetaucht\"]}]},{\"@type\":\"ImageObject\",\"inLanguage\":\"en-US\",\"@id\":\"https:\\\/\\\/www.apfelpatient.de\\\/rumors\\\/ipad-macbook-modelle-mit-oled-weitere-details-aufgetaucht#primaryimage\",\"url\":\"https:\\\/\\\/www.apfelpatient.de\\\/wp-content\\\/uploads\\\/2021\\\/03\\\/bigstock-Hong-Kong-March-New-i-360484759.jpg\",\"contentUrl\":\"https:\\\/\\\/www.apfelpatient.de\\\/wp-content\\\/uploads\\\/2021\\\/03\\\/bigstock-Hong-Kong-March-New-i-360484759.jpg\",\"width\":1600,\"height\":844,\"caption\":\"Hong Kong 26 March 2020: New ipadpro\"},{\"@type\":\"BreadcrumbList\",\"@id\":\"https:\\\/\\\/www.apfelpatient.de\\\/rumors\\\/ipad-macbook-modelle-mit-oled-weitere-details-aufgetaucht#breadcrumb\",\"itemListElement\":[{\"@type\":\"ListItem\",\"position\":1,\"name\":\"Startseite\",\"item\":\"https:\\\/\\\/www.apfelpatient.de\\\/\"},{\"@type\":\"ListItem\",\"position\":2,\"name\":\"iPad- &#038; MacBook-Modelle mit OLED: Weitere Details aufgetaucht\"}]},{\"@type\":\"WebSite\",\"@id\":\"https:\\\/\\\/www.apfelpatient.de\\\/#website\",\"url\":\"https:\\\/\\\/www.apfelpatient.de\\\/\",\"name\":\"Apfelpatient\",\"description\":\"Alles rund um Apple!\",\"publisher\":{\"@type\":\"Organization\",\"@id\":\"https:\\\/\\\/www.apfelpatient.de\\\/en\\\/#organization\",\"name\":\"Apfelpatient\",\"url\":\"https:\\\/\\\/www.apfelpatient.de\\\/en\\\/\"},\"alternateName\":\"Apfelpatient\",\"potentialAction\":[{\"@type\":\"SearchAction\",\"target\":{\"@type\":\"EntryPoint\",\"urlTemplate\":\"https:\\\/\\\/www.apfelpatient.de\\\/?s={search_term_string}\"},\"query-input\":{\"@type\":\"PropertyValueSpecification\",\"valueRequired\":true,\"valueName\":\"search_term_string\"}}],\"inLanguage\":\"en-US\"},{\"@type\":[\"Person\",\"Organization\"],\"@id\":\"https:\\\/\\\/www.apfelpatient.de\\\/#\\\/schema\\\/person\\\/7dc56ad6c8e9824b76d2c08d4c140e13\",\"name\":\"Milan\",\"logo\":{\"@id\":\"https:\\\/\\\/www.apfelpatient.de\\\/#\\\/schema\\\/person\\\/image\\\/\"},\"description\":\"Hallo und herzlich willkommen auf meinem Technik-Blog! Als gro\u00dfer Apple-Fan berichte ich hier \u00fcber alles, was mit Apple zu tun hat: von den neuesten News und spannenden Ger\u00fcchten \u00fcber hilfreiche Tipps und Tricks bis hin zu ausf\u00fchrlichen Produkttests. Wenn du genauso technikbegeistert bist wie ich, bist du hier genau richtig!\",\"sameAs\":[\"https:\\\/\\\/www.facebook.com\\\/apfelpatientOfficial\",\"https:\\\/\\\/www.linkedin.com\\\/in\\\/milan-jovicic-42aa0231b\"],\"url\":\"https:\\\/\\\/www.apfelpatient.de\\\/en\\\/author\\\/apfeladmin\"}]}<\/script>\n<!-- \/ Yoast SEO Premium plugin. -->","yoast_head_json":{"title":"iPad &amp; MacBook models with OLED: More details emerge","description":"Yesterday it was reported that Apple could equip the first iPad and MacBook models with OLED screens next year.","robots":{"index":"index","follow":"follow","max-snippet":"max-snippet:-1","max-image-preview":"max-image-preview:large","max-video-preview":"max-video-preview:-1"},"canonical":"https:\/\/www.apfelpatient.de\/en\/rumors\/ipad-macbook-models-with-oled-further-details-emerged","og_locale":"en_US","og_type":"article","og_title":"iPad- & MacBook-Modelle mit OLED: Weitere Details aufgetaucht","og_description":"Gestern wurde dar\u00fcber berichtet, wonach Apple im n\u00e4chsten Jahr erste iPad- und MacBook-Modelle mit OLED-Bildschirmen ausstatten k\u00f6nnte.","og_url":"https:\/\/www.apfelpatient.de\/en\/rumors\/ipad-macbook-models-with-oled-further-details-emerged","og_site_name":"Apfelpatient","article_publisher":"https:\/\/www.facebook.com\/apfelpatientOfficial","article_author":"https:\/\/www.facebook.com\/apfelpatientOfficial","article_published_time":"2021-03-05T12:23:57+00:00","article_modified_time":"2021-03-05T12:24:25+00:00","og_image":[{"width":1600,"height":844,"url":"https:\/\/www.apfelpatient.de\/wp-content\/uploads\/2021\/03\/bigstock-Hong-Kong-March-New-i-360484759.jpg","type":"image\/jpeg"}],"author":"Milan","twitter_card":"summary_large_image","twitter_description":"Gestern wurde dar\u00fcber berichtet, wonach Apple im n\u00e4chsten Jahr erste iPad- und MacBook-Modelle mit OLED-Bildschirmen ausstatten k\u00f6nnte.","twitter_misc":{"Written by":"Milan","Est. reading time":"2 minutes"},"schema":{"@context":"https:\/\/schema.org","@graph":[{"@type":"NewsArticle","@id":"https:\/\/www.apfelpatient.de\/rumors\/ipad-macbook-modelle-mit-oled-weitere-details-aufgetaucht#article","isPartOf":{"@id":"https:\/\/www.apfelpatient.de\/rumors\/ipad-macbook-modelle-mit-oled-weitere-details-aufgetaucht"},"author":{"@type":"Organization","@id":"https:\/\/www.apfelpatient.de\/en\/#organization","name":"Apfelpatient","url":"https:\/\/www.apfelpatient.de\/en\/"},"headline":"iPad- &#038; MacBook-Modelle mit OLED: Weitere Details aufgetaucht","datePublished":"2021-03-05T12:23:57+00:00","dateModified":"2021-03-05T12:24:25+00:00","mainEntityOfPage":{"@id":"https:\/\/www.apfelpatient.de\/rumors\/ipad-macbook-modelle-mit-oled-weitere-details-aufgetaucht"},"wordCount":355,"publisher":{"@type":"Organization","@id":"https:\/\/www.apfelpatient.de\/en\/#organization","name":"Apfelpatient","url":"https:\/\/www.apfelpatient.de\/en\/"},"image":{"@id":"https:\/\/www.apfelpatient.de\/rumors\/ipad-macbook-modelle-mit-oled-weitere-details-aufgetaucht#primaryimage"},"thumbnailUrl":"https:\/\/www.apfelpatient.de\/wp-content\/uploads\/2021\/03\/bigstock-Hong-Kong-March-New-i-360484759.jpg","keywords":["iPad","Mac","MacBook"],"articleSection":"Rumors","inLanguage":"en-US","copyrightYear":"2021","copyrightHolder":{"@id":"https:\/\/www.apfelpatient.de\/en\/#organization"}},{"@type":"WebPage","@id":"https:\/\/www.apfelpatient.de\/rumors\/ipad-macbook-modelle-mit-oled-weitere-details-aufgetaucht","url":"https:\/\/www.apfelpatient.de\/rumors\/ipad-macbook-modelle-mit-oled-weitere-details-aufgetaucht","name":"iPad &amp; MacBook models with OLED: More details emerge","isPartOf":{"@id":"https:\/\/www.apfelpatient.de\/#website"},"primaryImageOfPage":{"@id":"https:\/\/www.apfelpatient.de\/rumors\/ipad-macbook-modelle-mit-oled-weitere-details-aufgetaucht#primaryimage"},"image":{"@id":"https:\/\/www.apfelpatient.de\/rumors\/ipad-macbook-modelle-mit-oled-weitere-details-aufgetaucht#primaryimage"},"thumbnailUrl":"https:\/\/www.apfelpatient.de\/wp-content\/uploads\/2021\/03\/bigstock-Hong-Kong-March-New-i-360484759.jpg","datePublished":"2021-03-05T12:23:57+00:00","dateModified":"2021-03-05T12:24:25+00:00","description":"Yesterday it was reported that Apple could equip the first iPad and MacBook models with OLED screens next year.","breadcrumb":{"@id":"https:\/\/www.apfelpatient.de\/rumors\/ipad-macbook-modelle-mit-oled-weitere-details-aufgetaucht#breadcrumb"},"inLanguage":"en-US","potentialAction":[{"@type":"ReadAction","target":["https:\/\/www.apfelpatient.de\/rumors\/ipad-macbook-modelle-mit-oled-weitere-details-aufgetaucht"]}]},{"@type":"ImageObject","inLanguage":"en-US","@id":"https:\/\/www.apfelpatient.de\/rumors\/ipad-macbook-modelle-mit-oled-weitere-details-aufgetaucht#primaryimage","url":"https:\/\/www.apfelpatient.de\/wp-content\/uploads\/2021\/03\/bigstock-Hong-Kong-March-New-i-360484759.jpg","contentUrl":"https:\/\/www.apfelpatient.de\/wp-content\/uploads\/2021\/03\/bigstock-Hong-Kong-March-New-i-360484759.jpg","width":1600,"height":844,"caption":"Hong Kong 26 March 2020: New ipadpro"},{"@type":"BreadcrumbList","@id":"https:\/\/www.apfelpatient.de\/rumors\/ipad-macbook-modelle-mit-oled-weitere-details-aufgetaucht#breadcrumb","itemListElement":[{"@type":"ListItem","position":1,"name":"Startseite","item":"https:\/\/www.apfelpatient.de\/"},{"@type":"ListItem","position":2,"name":"iPad- &#038; MacBook-Modelle mit OLED: Weitere Details aufgetaucht"}]},{"@type":"WebSite","@id":"https:\/\/www.apfelpatient.de\/#website","url":"https:\/\/www.apfelpatient.de\/","name":"apple patient","description":"Everything about Apple!","publisher":{"@type":"Organization","@id":"https:\/\/www.apfelpatient.de\/en\/#organization","name":"Apfelpatient","url":"https:\/\/www.apfelpatient.de\/en\/"},"alternateName":"Apfelpatient","potentialAction":[{"@type":"SearchAction","target":{"@type":"EntryPoint","urlTemplate":"https:\/\/www.apfelpatient.de\/?s={search_term_string}"},"query-input":{"@type":"PropertyValueSpecification","valueRequired":true,"valueName":"search_term_string"}}],"inLanguage":"en-US"},{"@type":["Person","Organization"],"@id":"https:\/\/www.apfelpatient.de\/#\/schema\/person\/7dc56ad6c8e9824b76d2c08d4c140e13","name":"Milan","logo":{"@id":"https:\/\/www.apfelpatient.de\/#\/schema\/person\/image\/"},"description":"Hello and welcome to my technology blog! As a big Apple fan, I report on everything to do with Apple: from the latest news and exciting rumors to helpful tips and tricks and detailed product tests. If you are as enthusiastic about technology as I am, you have come to the right place!","sameAs":["https:\/\/www.facebook.com\/apfelpatientOfficial","https:\/\/www.linkedin.com\/in\/milan-jovicic-42aa0231b"],"url":"https:\/\/www.apfelpatient.de\/en\/author\/apfeladmin"}]}},"_links":{"self":[{"href":"https:\/\/www.apfelpatient.de\/en\/wp-json\/wp\/v2\/posts\/20074","targetHints":{"allow":["GET"]}}],"collection":[{"href":"https:\/\/www.apfelpatient.de\/en\/wp-json\/wp\/v2\/posts"}],"about":[{"href":"https:\/\/www.apfelpatient.de\/en\/wp-json\/wp\/v2\/types\/post"}],"author":[{"embeddable":true,"href":"https:\/\/www.apfelpatient.de\/en\/wp-json\/wp\/v2\/users\/2"}],"replies":[{"embeddable":true,"href":"https:\/\/www.apfelpatient.de\/en\/wp-json\/wp\/v2\/comments?post=20074"}],"version-history":[{"count":0,"href":"https:\/\/www.apfelpatient.de\/en\/wp-json\/wp\/v2\/posts\/20074\/revisions"}],"wp:featuredmedia":[{"embeddable":true,"href":"https:\/\/www.apfelpatient.de\/en\/wp-json\/wp\/v2\/media\/20075"}],"wp:attachment":[{"href":"https:\/\/www.apfelpatient.de\/en\/wp-json\/wp\/v2\/media?parent=20074"}],"wp:term":[{"taxonomy":"category","embeddable":true,"href":"https:\/\/www.apfelpatient.de\/en\/wp-json\/wp\/v2\/categories?post=20074"},{"taxonomy":"post_tag","embeddable":true,"href":"https:\/\/www.apfelpatient.de\/en\/wp-json\/wp\/v2\/tags?post=20074"}],"curies":[{"name":"wp","href":"https:\/\/api.w.org\/{rel}","templated":true}]}}