{"id":19882,"date":"2021-03-03T15:15:02","date_gmt":"2021-03-03T14:15:02","guid":{"rendered":"https:\/\/www.apfelpatient.de\/?p=19882"},"modified":"2021-03-03T15:15:04","modified_gmt":"2021-03-03T14:15:04","slug":"how-about-a-new-ipad-mini-pro","status":"publish","type":"post","link":"https:\/\/www.apfelpatient.de\/en\/rumors\/wie-waere-es-mit-einem-neuen-ipad-mini-pro","title":{"rendered":"How about a new \u201ciPad mini Pro\u201d?"},"content":{"rendered":"<p class=\"has-drop-cap\"><strong>Rumor has it that Apple could unveil the sixth-generation iPad mini in the first half of 2021. Now a report is making the rounds that suggests an &quot;iPad mini Pro.&quot;<\/strong><\/p>\n\n\n\n<p>Apple analyst Ming-Chi Kuo said last year that we can expect a new iPad mini in the first half of 2021. Now there is a new rumor that puts a new twist on things. Some of the information given today matches what we have already read. But the Korean blog explains that <a href=\"https:\/\/www.apple.com\/\" target=\"_blank\" rel=\"noreferrer noopener\">Apple<\/a> an iPad mini Pro and not an iPad mini 6. This statement naturally causes confusion. As a reminder: The iPad mini was last fundamentally updated in 2015. Although the device received a small update in 2019 with the A12 Bionic chip, a True Tone display, Bluetooth 5.0 and Apple Pencil support, the device is considered overdue for an update. However, Apple analyst Ming-Chi Kuo stated last year that the new iPad mini will be slightly larger.\u00a0<\/p>\n\n\n\n<h3 class=\"wp-block-heading\" id=\"h-ipad-mini-k-nnte-tats-chlich-gr-er-werden\">iPad mini could actually get bigger<\/h3>\n\n\n\n\n\n\n\n<p>The model could have a display diagonal of around 8.5 and 9 inches. For comparison: the current iPad mini has 7.9 inches. However, he did not give any further details. Now <a href=\"https:\/\/m.blog.naver.com\/yeux1122\/222262248478\" target=\"_blank\" rel=\"noreferrer noopener nofollow\">writes<\/a> the Korean blog Naver:<\/p>\n\n\n\n<blockquote class=\"wp-block-quote is-layout-flow wp-block-quote-is-layout-flow\"><p>The iPad mini Pro model we talked about on January 10th this year was first included in the internal project stage in July last year. It is currently in the design P2 stage, which is beyond the R&amp;D stage and the planning stage, and seems to move to the DVT P3 stage sooner or later. As a result, the iPad mini Pro model I have mentioned several times is expected to appear in the second half of the year. The size is 8.7 inches, the width is longer than the previous iPad mini, and the vertical width is slightly reduced.<\/p><\/blockquote>\n\n\n\n<h3 class=\"wp-block-heading\" id=\"h-kleines-ipad-mit-deutlich-mehr-features\">Small iPad with significantly more features?<\/h3>\n\n\n\n<p>The blog doesn&#039;t have a track record of Apple leaks - that much is clear. While some of the information matches previous statements, the &quot;iPad mini Pro&quot; designation has sparked a debate. So what does that mean? The &quot;iPad mini Pro&quot; designation seems very unlikely, as it would combine two different iPad series. However, the iPad Air precedent makes it likely that Apple will use the same design with small bezels, which would allow for a larger display with similar dimensions to the existing model. It&#039;s also possible that it will get 5G functionality. In terms of appearance, the information should also be taken with a grain of salt. The majority of all known sources claim that the device will be released in the first half of the year, not the second half. (Photo by NZPhotography \/ Bigstockphoto)<\/p>\n\n\n\n<ul class=\"wp-block-list\"><li><a href=\"https:\/\/www.apfelpatient.de\/en\/rumors\/ipad-pro-2021-relies-on-miniled-display-and-more\">iPad Pro 2021 relies on MiniLED display and more<\/a><\/li><\/ul>\n\n\n\n<h6 class=\"wp-block-heading translation-block\" id=\"h-kennt-ihr-schon-unsere-amazon-storefront-dort-findet-ihr-eine-handverlesene-auswahl-von-diversen-produkten-f-r-euer-iphone-und-co-viel-spa-beim-st-bern\"><em>Have you already visited our Amazon Storefront? There you&#039;ll find a hand-picked selection of various products for your iPhone and other devices \u2013 <span class=\"has-inline-color has-vivid-red-color\"><a href=\"https:\/\/www.amazon.de\/shop\/apfelpatientofficial\" class=\"ek-link\" data-wpel-link=\"exclude\" rel=\"follow noopener\" target=\"_self\"><span style=\"text-decoration: underline\" class=\"ek-underline\">enjoy browsing<\/span><\/a> !<\/span><\/em><\/h6>\n\n\n\n\n\n<h6 class=\"wp-block-heading translation-block\" id=\"h-der-beitrag-enthalt-partnerlinks\">This post contains <a data-type=\"URL\" data-id=\"https:\/\/www.apfelpatient.de\/partnerprogramm\" href=\"https:\/\/www.apfelpatient.de\/en\/partner-program\" data-wpel-link=\"internal\" target=\"_self\">affiliate links<\/a>.<\/h6>","protected":false},"excerpt":{"rendered":"<p>Rumor has it that Apple might unveil the sixth generation iPad mini in 2021. Now a new report is making the rounds.<\/p>","protected":false},"author":2,"featured_media":19883,"comment_status":"closed","ping_status":"closed","sticky":false,"template":"","format":"standard","meta":{"jnews-multi-image_gallery":[],"jnews_single_post":{"subtitle":"","format":"standard","video":"","gallery":"","source_name":"","source_url":"","via_name":"","via_url":"","override":[{"single_blog_custom":"","sidebar":"","second_sidebar":"","share_position":"","share_float_style":"","post_date_format":"","post_date_format_custom":"","post_reading_time_wpm":"","zoom_button_out_step":"1","zoom_button_in_step":"1","number_popup_post":"1"}],"image_override":[{"single_post_thumbnail_size":"","single_post_gallery_size":""}],"trending_post_position":"","trending_post_label":"","sponsored_post_label":"","sponsored_post_name":"","sponsored_post_url":"","sponsored_post_logo":"","sponsored_post_desc":""},"jnews_primary_category":{"id":"25"},"footnotes":""},"categories":[25],"tags":[18,114],"class_list":["post-19882","post","type-post","status-publish","format-standard","has-post-thumbnail","hentry","category-rumors","tag-ipad","tag-ipad-mini"],"yoast_head":"<!-- This site is optimized with the Yoast SEO Premium plugin v27.5 (Yoast SEO v27.5) - https:\/\/yoast.com\/product\/yoast-seo-premium-wordpress\/ -->\n<title>Wie w\u00e4re es mit einem neuen &quot;iPad mini Pro&quot;? Apfelpatient<\/title>\n<meta name=\"description\" content=\"Ger\u00fcchten zufolge k\u00f6nnte Apple in 2021 das iPad mini der sechsten Generation vorstellen. Nun macht ein neuer Bericht seine Runde.\" \/>\n<meta name=\"robots\" content=\"index, follow, max-snippet:-1, max-image-preview:large, max-video-preview:-1\" \/>\n<link rel=\"canonical\" href=\"https:\/\/www.apfelpatient.de\/en\/rumors\/how-about-a-new-ipad-mini-pro\" \/>\n<meta property=\"og:locale\" content=\"en_US\" \/>\n<meta property=\"og:type\" content=\"article\" \/>\n<meta property=\"og:title\" content=\"Wie w\u00e4re es mit einem neuen &quot;iPad mini Pro&quot;?\" \/>\n<meta property=\"og:description\" content=\"Ger\u00fcchten zufolge k\u00f6nnte Apple in 2021 das iPad mini der sechsten Generation vorstellen. Nun macht ein neuer Bericht seine Runde.\" \/>\n<meta property=\"og:url\" content=\"https:\/\/www.apfelpatient.de\/en\/rumors\/how-about-a-new-ipad-mini-pro\" \/>\n<meta property=\"og:site_name\" content=\"Apfelpatient\" \/>\n<meta property=\"article:publisher\" content=\"https:\/\/www.facebook.com\/apfelpatientOfficial\" \/>\n<meta property=\"article:author\" content=\"https:\/\/www.facebook.com\/apfelpatientOfficial\" \/>\n<meta property=\"article:published_time\" content=\"2021-03-03T14:15:02+00:00\" \/>\n<meta property=\"article:modified_time\" content=\"2021-03-03T14:15:04+00:00\" \/>\n<meta property=\"og:image\" content=\"https:\/\/www.apfelpatient.de\/wp-content\/uploads\/2021\/03\/bigstock-Belgrade-Serbia-September-259236520.jpg\" \/>\n\t<meta property=\"og:image:width\" content=\"1600\" \/>\n\t<meta property=\"og:image:height\" content=\"1067\" \/>\n\t<meta property=\"og:image:type\" content=\"image\/jpeg\" \/>\n<meta name=\"author\" content=\"Milan\" \/>\n<meta name=\"twitter:card\" content=\"summary_large_image\" \/>\n<meta name=\"twitter:description\" content=\"Ger\u00fcchten zufolge k\u00f6nnte Apple in 2021 das iPad mini der sechsten Generation vorstellen. Nun macht ein neuer Bericht seine Runde.\" \/>\n<meta name=\"twitter:label1\" content=\"Written by\" \/>\n\t<meta name=\"twitter:data1\" content=\"Milan\" \/>\n\t<meta name=\"twitter:label2\" content=\"Est. reading time\" \/>\n\t<meta name=\"twitter:data2\" content=\"2 minutes\" \/>\n<script type=\"application\/ld+json\" class=\"yoast-schema-graph\">{\"@context\":\"https:\\\/\\\/schema.org\",\"@graph\":[{\"@type\":\"NewsArticle\",\"@id\":\"https:\\\/\\\/www.apfelpatient.de\\\/rumors\\\/wie-waere-es-mit-einem-neuen-ipad-mini-pro#article\",\"isPartOf\":{\"@id\":\"https:\\\/\\\/www.apfelpatient.de\\\/rumors\\\/wie-waere-es-mit-einem-neuen-ipad-mini-pro\"},\"author\":{\"@type\":\"Organization\",\"@id\":\"https:\\\/\\\/www.apfelpatient.de\\\/en\\\/#organization\",\"name\":\"Apfelpatient\",\"url\":\"https:\\\/\\\/www.apfelpatient.de\\\/en\\\/\"},\"headline\":\"Wie w\u00e4re es mit einem neuen &#8222;iPad mini Pro&#8220;?\",\"datePublished\":\"2021-03-03T14:15:02+00:00\",\"dateModified\":\"2021-03-03T14:15:04+00:00\",\"mainEntityOfPage\":{\"@id\":\"https:\\\/\\\/www.apfelpatient.de\\\/rumors\\\/wie-waere-es-mit-einem-neuen-ipad-mini-pro\"},\"wordCount\":491,\"publisher\":{\"@type\":\"Organization\",\"@id\":\"https:\\\/\\\/www.apfelpatient.de\\\/en\\\/#organization\",\"name\":\"Apfelpatient\",\"url\":\"https:\\\/\\\/www.apfelpatient.de\\\/en\\\/\"},\"image\":{\"@id\":\"https:\\\/\\\/www.apfelpatient.de\\\/rumors\\\/wie-waere-es-mit-einem-neuen-ipad-mini-pro#primaryimage\"},\"thumbnailUrl\":\"https:\\\/\\\/www.apfelpatient.de\\\/wp-content\\\/uploads\\\/2021\\\/03\\\/bigstock-Belgrade-Serbia-September-259236520.jpg\",\"keywords\":[\"iPad\",\"iPad mini\"],\"articleSection\":\"Rumors\",\"inLanguage\":\"en-US\",\"copyrightYear\":\"2021\",\"copyrightHolder\":{\"@id\":\"https:\\\/\\\/www.apfelpatient.de\\\/en\\\/#organization\"}},{\"@type\":\"WebPage\",\"@id\":\"https:\\\/\\\/www.apfelpatient.de\\\/rumors\\\/wie-waere-es-mit-einem-neuen-ipad-mini-pro\",\"url\":\"https:\\\/\\\/www.apfelpatient.de\\\/rumors\\\/wie-waere-es-mit-einem-neuen-ipad-mini-pro\",\"name\":\"Wie w\u00e4re es mit einem neuen \\\"iPad mini Pro\\\"? Apfelpatient\",\"isPartOf\":{\"@id\":\"https:\\\/\\\/www.apfelpatient.de\\\/#website\"},\"primaryImageOfPage\":{\"@id\":\"https:\\\/\\\/www.apfelpatient.de\\\/rumors\\\/wie-waere-es-mit-einem-neuen-ipad-mini-pro#primaryimage\"},\"image\":{\"@id\":\"https:\\\/\\\/www.apfelpatient.de\\\/rumors\\\/wie-waere-es-mit-einem-neuen-ipad-mini-pro#primaryimage\"},\"thumbnailUrl\":\"https:\\\/\\\/www.apfelpatient.de\\\/wp-content\\\/uploads\\\/2021\\\/03\\\/bigstock-Belgrade-Serbia-September-259236520.jpg\",\"datePublished\":\"2021-03-03T14:15:02+00:00\",\"dateModified\":\"2021-03-03T14:15:04+00:00\",\"description\":\"Ger\u00fcchten zufolge k\u00f6nnte Apple in 2021 das iPad mini der sechsten Generation vorstellen. Nun macht ein neuer Bericht seine Runde.\",\"breadcrumb\":{\"@id\":\"https:\\\/\\\/www.apfelpatient.de\\\/rumors\\\/wie-waere-es-mit-einem-neuen-ipad-mini-pro#breadcrumb\"},\"inLanguage\":\"en-US\",\"potentialAction\":[{\"@type\":\"ReadAction\",\"target\":[\"https:\\\/\\\/www.apfelpatient.de\\\/rumors\\\/wie-waere-es-mit-einem-neuen-ipad-mini-pro\"]}]},{\"@type\":\"ImageObject\",\"inLanguage\":\"en-US\",\"@id\":\"https:\\\/\\\/www.apfelpatient.de\\\/rumors\\\/wie-waere-es-mit-einem-neuen-ipad-mini-pro#primaryimage\",\"url\":\"https:\\\/\\\/www.apfelpatient.de\\\/wp-content\\\/uploads\\\/2021\\\/03\\\/bigstock-Belgrade-Serbia-September-259236520.jpg\",\"contentUrl\":\"https:\\\/\\\/www.apfelpatient.de\\\/wp-content\\\/uploads\\\/2021\\\/03\\\/bigstock-Belgrade-Serbia-September-259236520.jpg\",\"width\":1600,\"height\":1067,\"caption\":\"Belgrade, Serbia - September 13, 2018: New Apple iPad mini is displayed with iOS on the screen in hand. Presenting of apps on tablet computer, with a finger in electronic store.\"},{\"@type\":\"BreadcrumbList\",\"@id\":\"https:\\\/\\\/www.apfelpatient.de\\\/rumors\\\/wie-waere-es-mit-einem-neuen-ipad-mini-pro#breadcrumb\",\"itemListElement\":[{\"@type\":\"ListItem\",\"position\":1,\"name\":\"Startseite\",\"item\":\"https:\\\/\\\/www.apfelpatient.de\\\/\"},{\"@type\":\"ListItem\",\"position\":2,\"name\":\"Wie w\u00e4re es mit einem neuen &#8222;iPad mini Pro&#8220;?\"}]},{\"@type\":\"WebSite\",\"@id\":\"https:\\\/\\\/www.apfelpatient.de\\\/#website\",\"url\":\"https:\\\/\\\/www.apfelpatient.de\\\/\",\"name\":\"Apfelpatient\",\"description\":\"Alles rund um Apple!\",\"publisher\":{\"@type\":\"Organization\",\"@id\":\"https:\\\/\\\/www.apfelpatient.de\\\/en\\\/#organization\",\"name\":\"Apfelpatient\",\"url\":\"https:\\\/\\\/www.apfelpatient.de\\\/en\\\/\"},\"alternateName\":\"Apfelpatient\",\"potentialAction\":[{\"@type\":\"SearchAction\",\"target\":{\"@type\":\"EntryPoint\",\"urlTemplate\":\"https:\\\/\\\/www.apfelpatient.de\\\/?s={search_term_string}\"},\"query-input\":{\"@type\":\"PropertyValueSpecification\",\"valueRequired\":true,\"valueName\":\"search_term_string\"}}],\"inLanguage\":\"en-US\"},{\"@type\":[\"Person\",\"Organization\"],\"@id\":\"https:\\\/\\\/www.apfelpatient.de\\\/#\\\/schema\\\/person\\\/35b3ddba5832f2bfc7fff5206d4f6b7b\",\"name\":\"Milan\",\"logo\":{\"@id\":\"https:\\\/\\\/www.apfelpatient.de\\\/#\\\/schema\\\/person\\\/image\\\/\"},\"description\":\"Hallo und herzlich willkommen auf meinem Technik-Blog! Als gro\u00dfer Apple-Fan berichte ich hier \u00fcber alles, was mit Apple zu tun hat: von den neuesten News und spannenden Ger\u00fcchten \u00fcber hilfreiche Tipps und Tricks bis hin zu ausf\u00fchrlichen Produkttests. Wenn du genauso technikbegeistert bist wie ich, bist du hier genau richtig!\",\"sameAs\":[\"https:\\\/\\\/www.facebook.com\\\/apfelpatientOfficial\",\"https:\\\/\\\/www.linkedin.com\\\/in\\\/milan-jovicic-42aa0231b\"],\"url\":\"https:\\\/\\\/www.apfelpatient.de\\\/en\\\/author\\\/apfeladmin\"}]}<\/script>\n<!-- \/ Yoast SEO Premium plugin. -->","yoast_head_json":{"title":"How about a new &quot;iPad mini Pro&quot;? Apfelpatient","description":"Rumor has it that Apple might unveil the sixth generation iPad mini in 2021. Now a new report is making the rounds.","robots":{"index":"index","follow":"follow","max-snippet":"max-snippet:-1","max-image-preview":"max-image-preview:large","max-video-preview":"max-video-preview:-1"},"canonical":"https:\/\/www.apfelpatient.de\/en\/rumors\/how-about-a-new-ipad-mini-pro","og_locale":"en_US","og_type":"article","og_title":"Wie w\u00e4re es mit einem neuen \"iPad mini Pro\"?","og_description":"Ger\u00fcchten zufolge k\u00f6nnte Apple in 2021 das iPad mini der sechsten Generation vorstellen. Nun macht ein neuer Bericht seine Runde.","og_url":"https:\/\/www.apfelpatient.de\/en\/rumors\/how-about-a-new-ipad-mini-pro","og_site_name":"Apfelpatient","article_publisher":"https:\/\/www.facebook.com\/apfelpatientOfficial","article_author":"https:\/\/www.facebook.com\/apfelpatientOfficial","article_published_time":"2021-03-03T14:15:02+00:00","article_modified_time":"2021-03-03T14:15:04+00:00","og_image":[{"width":1600,"height":1067,"url":"https:\/\/www.apfelpatient.de\/wp-content\/uploads\/2021\/03\/bigstock-Belgrade-Serbia-September-259236520.jpg","type":"image\/jpeg"}],"author":"Milan","twitter_card":"summary_large_image","twitter_description":"Ger\u00fcchten zufolge k\u00f6nnte Apple in 2021 das iPad mini der sechsten Generation vorstellen. Nun macht ein neuer Bericht seine Runde.","twitter_misc":{"Written by":"Milan","Est. reading time":"2 minutes"},"schema":{"@context":"https:\/\/schema.org","@graph":[{"@type":"NewsArticle","@id":"https:\/\/www.apfelpatient.de\/rumors\/wie-waere-es-mit-einem-neuen-ipad-mini-pro#article","isPartOf":{"@id":"https:\/\/www.apfelpatient.de\/rumors\/wie-waere-es-mit-einem-neuen-ipad-mini-pro"},"author":{"@type":"Organization","@id":"https:\/\/www.apfelpatient.de\/en\/#organization","name":"Apfelpatient","url":"https:\/\/www.apfelpatient.de\/en\/"},"headline":"Wie w\u00e4re es mit einem neuen &#8222;iPad mini Pro&#8220;?","datePublished":"2021-03-03T14:15:02+00:00","dateModified":"2021-03-03T14:15:04+00:00","mainEntityOfPage":{"@id":"https:\/\/www.apfelpatient.de\/rumors\/wie-waere-es-mit-einem-neuen-ipad-mini-pro"},"wordCount":491,"publisher":{"@type":"Organization","@id":"https:\/\/www.apfelpatient.de\/en\/#organization","name":"Apfelpatient","url":"https:\/\/www.apfelpatient.de\/en\/"},"image":{"@id":"https:\/\/www.apfelpatient.de\/rumors\/wie-waere-es-mit-einem-neuen-ipad-mini-pro#primaryimage"},"thumbnailUrl":"https:\/\/www.apfelpatient.de\/wp-content\/uploads\/2021\/03\/bigstock-Belgrade-Serbia-September-259236520.jpg","keywords":["iPad","iPad mini"],"articleSection":"Rumors","inLanguage":"en-US","copyrightYear":"2021","copyrightHolder":{"@id":"https:\/\/www.apfelpatient.de\/en\/#organization"}},{"@type":"WebPage","@id":"https:\/\/www.apfelpatient.de\/rumors\/wie-waere-es-mit-einem-neuen-ipad-mini-pro","url":"https:\/\/www.apfelpatient.de\/rumors\/wie-waere-es-mit-einem-neuen-ipad-mini-pro","name":"How about a new &quot;iPad mini Pro&quot;? Apfelpatient","isPartOf":{"@id":"https:\/\/www.apfelpatient.de\/#website"},"primaryImageOfPage":{"@id":"https:\/\/www.apfelpatient.de\/rumors\/wie-waere-es-mit-einem-neuen-ipad-mini-pro#primaryimage"},"image":{"@id":"https:\/\/www.apfelpatient.de\/rumors\/wie-waere-es-mit-einem-neuen-ipad-mini-pro#primaryimage"},"thumbnailUrl":"https:\/\/www.apfelpatient.de\/wp-content\/uploads\/2021\/03\/bigstock-Belgrade-Serbia-September-259236520.jpg","datePublished":"2021-03-03T14:15:02+00:00","dateModified":"2021-03-03T14:15:04+00:00","description":"Rumor has it that Apple might unveil the sixth generation iPad mini in 2021. Now a new report is making the rounds.","breadcrumb":{"@id":"https:\/\/www.apfelpatient.de\/rumors\/wie-waere-es-mit-einem-neuen-ipad-mini-pro#breadcrumb"},"inLanguage":"en-US","potentialAction":[{"@type":"ReadAction","target":["https:\/\/www.apfelpatient.de\/rumors\/wie-waere-es-mit-einem-neuen-ipad-mini-pro"]}]},{"@type":"ImageObject","inLanguage":"en-US","@id":"https:\/\/www.apfelpatient.de\/rumors\/wie-waere-es-mit-einem-neuen-ipad-mini-pro#primaryimage","url":"https:\/\/www.apfelpatient.de\/wp-content\/uploads\/2021\/03\/bigstock-Belgrade-Serbia-September-259236520.jpg","contentUrl":"https:\/\/www.apfelpatient.de\/wp-content\/uploads\/2021\/03\/bigstock-Belgrade-Serbia-September-259236520.jpg","width":1600,"height":1067,"caption":"Belgrade, Serbia - September 13, 2018: New Apple iPad mini is displayed with iOS on the screen in hand. Presenting of apps on tablet computer, with a finger in electronic store."},{"@type":"BreadcrumbList","@id":"https:\/\/www.apfelpatient.de\/rumors\/wie-waere-es-mit-einem-neuen-ipad-mini-pro#breadcrumb","itemListElement":[{"@type":"ListItem","position":1,"name":"Startseite","item":"https:\/\/www.apfelpatient.de\/"},{"@type":"ListItem","position":2,"name":"Wie w\u00e4re es mit einem neuen &#8222;iPad mini Pro&#8220;?"}]},{"@type":"WebSite","@id":"https:\/\/www.apfelpatient.de\/#website","url":"https:\/\/www.apfelpatient.de\/","name":"apple patient","description":"Everything about Apple!","publisher":{"@type":"Organization","@id":"https:\/\/www.apfelpatient.de\/en\/#organization","name":"Apfelpatient","url":"https:\/\/www.apfelpatient.de\/en\/"},"alternateName":"Apfelpatient","potentialAction":[{"@type":"SearchAction","target":{"@type":"EntryPoint","urlTemplate":"https:\/\/www.apfelpatient.de\/?s={search_term_string}"},"query-input":{"@type":"PropertyValueSpecification","valueRequired":true,"valueName":"search_term_string"}}],"inLanguage":"en-US"},{"@type":["Person","Organization"],"@id":"https:\/\/www.apfelpatient.de\/#\/schema\/person\/35b3ddba5832f2bfc7fff5206d4f6b7b","name":"Milan","logo":{"@id":"https:\/\/www.apfelpatient.de\/#\/schema\/person\/image\/"},"description":"Hello and welcome to my technology blog! As a big Apple fan, I report on everything to do with Apple: from the latest news and exciting rumors to helpful tips and tricks and detailed product tests. If you are as enthusiastic about technology as I am, you have come to the right place!","sameAs":["https:\/\/www.facebook.com\/apfelpatientOfficial","https:\/\/www.linkedin.com\/in\/milan-jovicic-42aa0231b"],"url":"https:\/\/www.apfelpatient.de\/en\/author\/apfeladmin"}]}},"_links":{"self":[{"href":"https:\/\/www.apfelpatient.de\/en\/wp-json\/wp\/v2\/posts\/19882","targetHints":{"allow":["GET"]}}],"collection":[{"href":"https:\/\/www.apfelpatient.de\/en\/wp-json\/wp\/v2\/posts"}],"about":[{"href":"https:\/\/www.apfelpatient.de\/en\/wp-json\/wp\/v2\/types\/post"}],"author":[{"embeddable":true,"href":"https:\/\/www.apfelpatient.de\/en\/wp-json\/wp\/v2\/users\/2"}],"replies":[{"embeddable":true,"href":"https:\/\/www.apfelpatient.de\/en\/wp-json\/wp\/v2\/comments?post=19882"}],"version-history":[{"count":0,"href":"https:\/\/www.apfelpatient.de\/en\/wp-json\/wp\/v2\/posts\/19882\/revisions"}],"wp:featuredmedia":[{"embeddable":true,"href":"https:\/\/www.apfelpatient.de\/en\/wp-json\/wp\/v2\/media\/19883"}],"wp:attachment":[{"href":"https:\/\/www.apfelpatient.de\/en\/wp-json\/wp\/v2\/media?parent=19882"}],"wp:term":[{"taxonomy":"category","embeddable":true,"href":"https:\/\/www.apfelpatient.de\/en\/wp-json\/wp\/v2\/categories?post=19882"},{"taxonomy":"post_tag","embeddable":true,"href":"https:\/\/www.apfelpatient.de\/en\/wp-json\/wp\/v2\/tags?post=19882"}],"curies":[{"name":"wp","href":"https:\/\/api.w.org\/{rel}","templated":true}]}}