{"id":1986,"date":"2018-09-11T19:17:27","date_gmt":"2018-09-11T17:17:27","guid":{"rendered":"https:\/\/www.apfelpatient.de\/?p=1986"},"modified":"2018-09-11T19:17:27","modified_gmt":"2018-09-11T17:17:27","slug":"apple-keynote-broadcast-on-twitter-for-the-first-time","status":"publish","type":"post","link":"https:\/\/www.apfelpatient.de\/en\/news\/apple-keynote-erstmals-mit-uebertragung-auf-twitter","title":{"rendered":"Apple Keynote: Broadcast on Twitter for the first time"},"content":{"rendered":"<p><strong>This has never happened before. Apple wants to implement the short message service Twitter for the event.<\/strong><\/p>\n\n<p>Apple usually provides a live stream on its own homepage and event app on the Apple TV. Now the Cupertino company announced in a paid tweet that it wants to provide Twitter users with updates on the keynote. It remains to be seen whether a full live stream will be set up. There has already been speculation about this in the past.<\/p>\n<p>If you have Twitter and want to try it out tomorrow, you can reach the channel <a href=\"https:\/\/twitter.com\/Apple\/status\/1039158183292559361\" target=\"_blank\" rel=\"noopener noreferrer\"><strong><em>here<\/em><\/strong><\/a>. Of course you are also cordially invited <strong><em><a href=\"https:\/\/twitter.com\/apfelpatient\" target=\"_blank\" rel=\"noopener noreferrer\">our channel<\/a><\/em><\/strong> leave a like.<\/p>\n\n<p>In addition to three new iPhones, new Apple Watch models are also expected. The event will take place at 7 p.m. our time.<\/p>","protected":false},"excerpt":{"rendered":"<p>Das gab es noch nie. Apple m\u00f6chte zum Event den Kurznachrichtendienst Twitter implementieren. In der Regel stellt Apple einen Livestream auf der eigenen Homepage und Event-App auf dem Apple TV bereit. Nun gab das Unternehmen aus Cupertino in einem bezahlten Tweet bekannt, Twitter Nutzer mit Updates zur Keynote versorgen zu wollen. Ob hierbei auch ein [&hellip;]<\/p>\n","protected":false},"author":2,"featured_media":1791,"comment_status":"open","ping_status":"open","sticky":false,"template":"","format":"standard","meta":{"jnews-multi-image_gallery":[],"jnews_single_post":[],"jnews_primary_category":[],"footnotes":""},"categories":[9],"tags":[112,14,8,135,113,144],"class_list":["post-1986","post","type-post","status-publish","format-standard","has-post-thumbnail","hentry","category-news","tag-apple-keynote","tag-apple-watch","tag-iphone","tag-iphone-xs","tag-keynote","tag-twitter"],"yoast_head":"<!-- This site is optimized with the Yoast SEO Premium plugin v27.5 (Yoast SEO v27.5) - https:\/\/yoast.com\/product\/yoast-seo-premium-wordpress\/ -->\n<title>Apple Keynote: Erstmals mit \u00dcbertragung auf Twitter Apfelpatient<\/title>\n<meta name=\"description\" content=\"Das gab es noch nie. Apple m\u00f6chte zum Event den Kurznachrichtendienst Twitter implementieren. In der Regel stellt Apple einen Livestream auf der eigenen\" \/>\n<meta name=\"robots\" content=\"index, follow, max-snippet:-1, max-image-preview:large, max-video-preview:-1\" \/>\n<link rel=\"canonical\" href=\"https:\/\/www.apfelpatient.de\/en\/news\/apple-keynote-broadcast-on-twitter-for-the-first-time\" \/>\n<meta property=\"og:locale\" content=\"en_US\" \/>\n<meta property=\"og:type\" content=\"article\" \/>\n<meta property=\"og:title\" content=\"Apple Keynote: Erstmals mit \u00dcbertragung auf Twitter\" \/>\n<meta property=\"og:description\" content=\"Das gab es noch nie. Apple m\u00f6chte zum Event den Kurznachrichtendienst Twitter implementieren. In der Regel stellt Apple einen Livestream auf der eigenen\" \/>\n<meta property=\"og:url\" content=\"https:\/\/www.apfelpatient.de\/en\/news\/apple-keynote-broadcast-on-twitter-for-the-first-time\" \/>\n<meta property=\"og:site_name\" content=\"Apfelpatient\" \/>\n<meta property=\"article:publisher\" content=\"https:\/\/www.facebook.com\/apfelpatientOfficial\" \/>\n<meta property=\"article:author\" content=\"https:\/\/www.facebook.com\/apfelpatientOfficial\" \/>\n<meta property=\"article:published_time\" content=\"2018-09-11T17:17:27+00:00\" \/>\n<meta property=\"og:image\" content=\"https:\/\/www.apfelpatient.de\/wp-content\/uploads\/2018\/08\/IMG_8783.jpg\" \/>\n\t<meta property=\"og:image:width\" content=\"1200\" \/>\n\t<meta property=\"og:image:height\" content=\"833\" \/>\n\t<meta property=\"og:image:type\" content=\"image\/jpeg\" \/>\n<meta name=\"author\" content=\"Milan\" \/>\n<meta name=\"twitter:card\" content=\"summary_large_image\" \/>\n<meta name=\"twitter:label1\" content=\"Written by\" \/>\n\t<meta name=\"twitter:data1\" content=\"Milan\" \/>\n\t<meta name=\"twitter:label2\" content=\"Est. reading time\" \/>\n\t<meta name=\"twitter:data2\" content=\"1 minute\" \/>\n<script type=\"application\/ld+json\" class=\"yoast-schema-graph\">{\"@context\":\"https:\\\/\\\/schema.org\",\"@graph\":[{\"@type\":\"NewsArticle\",\"@id\":\"https:\\\/\\\/www.apfelpatient.de\\\/news\\\/apple-keynote-erstmals-mit-uebertragung-auf-twitter#article\",\"isPartOf\":{\"@id\":\"https:\\\/\\\/www.apfelpatient.de\\\/news\\\/apple-keynote-erstmals-mit-uebertragung-auf-twitter\"},\"author\":{\"@type\":\"Organization\",\"@id\":\"https:\\\/\\\/www.apfelpatient.de\\\/en\\\/#organization\",\"name\":\"Apfelpatient\",\"url\":\"https:\\\/\\\/www.apfelpatient.de\\\/en\\\/\"},\"headline\":\"Apple Keynote: Erstmals mit \u00dcbertragung auf Twitter\",\"datePublished\":\"2018-09-11T17:17:27+00:00\",\"mainEntityOfPage\":{\"@id\":\"https:\\\/\\\/www.apfelpatient.de\\\/news\\\/apple-keynote-erstmals-mit-uebertragung-auf-twitter\"},\"wordCount\":129,\"commentCount\":0,\"publisher\":{\"@type\":\"Organization\",\"@id\":\"https:\\\/\\\/www.apfelpatient.de\\\/en\\\/#organization\",\"name\":\"Apfelpatient\",\"url\":\"https:\\\/\\\/www.apfelpatient.de\\\/en\\\/\"},\"image\":{\"@id\":\"https:\\\/\\\/www.apfelpatient.de\\\/news\\\/apple-keynote-erstmals-mit-uebertragung-auf-twitter#primaryimage\"},\"thumbnailUrl\":\"https:\\\/\\\/www.apfelpatient.de\\\/wp-content\\\/uploads\\\/2018\\\/08\\\/IMG_8783.jpg\",\"keywords\":[\"Apple Keynote\",\"Apple Watch\",\"iPhone\",\"iPhone XS\",\"Keynote\",\"Twitter\"],\"articleSection\":\"News\",\"inLanguage\":\"en-US\",\"potentialAction\":[{\"@type\":\"CommentAction\",\"name\":\"Comment\",\"target\":[\"https:\\\/\\\/www.apfelpatient.de\\\/news\\\/apple-keynote-erstmals-mit-uebertragung-auf-twitter#respond\"]}],\"copyrightYear\":\"2018\",\"copyrightHolder\":{\"@id\":\"https:\\\/\\\/www.apfelpatient.de\\\/en\\\/#organization\"}},{\"@type\":\"WebPage\",\"@id\":\"https:\\\/\\\/www.apfelpatient.de\\\/news\\\/apple-keynote-erstmals-mit-uebertragung-auf-twitter\",\"url\":\"https:\\\/\\\/www.apfelpatient.de\\\/news\\\/apple-keynote-erstmals-mit-uebertragung-auf-twitter\",\"name\":\"Apple Keynote: Erstmals mit \u00dcbertragung auf Twitter Apfelpatient\",\"isPartOf\":{\"@id\":\"https:\\\/\\\/www.apfelpatient.de\\\/#website\"},\"primaryImageOfPage\":{\"@id\":\"https:\\\/\\\/www.apfelpatient.de\\\/news\\\/apple-keynote-erstmals-mit-uebertragung-auf-twitter#primaryimage\"},\"image\":{\"@id\":\"https:\\\/\\\/www.apfelpatient.de\\\/news\\\/apple-keynote-erstmals-mit-uebertragung-auf-twitter#primaryimage\"},\"thumbnailUrl\":\"https:\\\/\\\/www.apfelpatient.de\\\/wp-content\\\/uploads\\\/2018\\\/08\\\/IMG_8783.jpg\",\"datePublished\":\"2018-09-11T17:17:27+00:00\",\"description\":\"Das gab es noch nie. Apple m\u00f6chte zum Event den Kurznachrichtendienst Twitter implementieren. In der Regel stellt Apple einen Livestream auf der eigenen\",\"breadcrumb\":{\"@id\":\"https:\\\/\\\/www.apfelpatient.de\\\/news\\\/apple-keynote-erstmals-mit-uebertragung-auf-twitter#breadcrumb\"},\"inLanguage\":\"en-US\",\"potentialAction\":[{\"@type\":\"ReadAction\",\"target\":[\"https:\\\/\\\/www.apfelpatient.de\\\/news\\\/apple-keynote-erstmals-mit-uebertragung-auf-twitter\"]}]},{\"@type\":\"ImageObject\",\"inLanguage\":\"en-US\",\"@id\":\"https:\\\/\\\/www.apfelpatient.de\\\/news\\\/apple-keynote-erstmals-mit-uebertragung-auf-twitter#primaryimage\",\"url\":\"https:\\\/\\\/www.apfelpatient.de\\\/wp-content\\\/uploads\\\/2018\\\/08\\\/IMG_8783.jpg\",\"contentUrl\":\"https:\\\/\\\/www.apfelpatient.de\\\/wp-content\\\/uploads\\\/2018\\\/08\\\/IMG_8783.jpg\",\"width\":1200,\"height\":833,\"caption\":\"Bild: Apple\"},{\"@type\":\"BreadcrumbList\",\"@id\":\"https:\\\/\\\/www.apfelpatient.de\\\/news\\\/apple-keynote-erstmals-mit-uebertragung-auf-twitter#breadcrumb\",\"itemListElement\":[{\"@type\":\"ListItem\",\"position\":1,\"name\":\"Startseite\",\"item\":\"https:\\\/\\\/www.apfelpatient.de\\\/\"},{\"@type\":\"ListItem\",\"position\":2,\"name\":\"Apple Keynote: Erstmals mit \u00dcbertragung auf Twitter\"}]},{\"@type\":\"WebSite\",\"@id\":\"https:\\\/\\\/www.apfelpatient.de\\\/#website\",\"url\":\"https:\\\/\\\/www.apfelpatient.de\\\/\",\"name\":\"Apfelpatient\",\"description\":\"Alles rund um Apple!\",\"publisher\":{\"@type\":\"Organization\",\"@id\":\"https:\\\/\\\/www.apfelpatient.de\\\/en\\\/#organization\",\"name\":\"Apfelpatient\",\"url\":\"https:\\\/\\\/www.apfelpatient.de\\\/en\\\/\"},\"alternateName\":\"Apfelpatient\",\"potentialAction\":[{\"@type\":\"SearchAction\",\"target\":{\"@type\":\"EntryPoint\",\"urlTemplate\":\"https:\\\/\\\/www.apfelpatient.de\\\/?s={search_term_string}\"},\"query-input\":{\"@type\":\"PropertyValueSpecification\",\"valueRequired\":true,\"valueName\":\"search_term_string\"}}],\"inLanguage\":\"en-US\"},{\"@type\":[\"Person\",\"Organization\"],\"@id\":\"https:\\\/\\\/www.apfelpatient.de\\\/#\\\/schema\\\/person\\\/7dc56ad6c8e9824b76d2c08d4c140e13\",\"name\":\"Milan\",\"logo\":{\"@id\":\"https:\\\/\\\/www.apfelpatient.de\\\/#\\\/schema\\\/person\\\/image\\\/\"},\"description\":\"Hallo und herzlich willkommen auf meinem Technik-Blog! Als gro\u00dfer Apple-Fan berichte ich hier \u00fcber alles, was mit Apple zu tun hat: von den neuesten News und spannenden Ger\u00fcchten \u00fcber hilfreiche Tipps und Tricks bis hin zu ausf\u00fchrlichen Produkttests. Wenn du genauso technikbegeistert bist wie ich, bist du hier genau richtig!\",\"sameAs\":[\"https:\\\/\\\/www.facebook.com\\\/apfelpatientOfficial\",\"https:\\\/\\\/www.linkedin.com\\\/in\\\/milan-jovicic-42aa0231b\"],\"url\":\"https:\\\/\\\/www.apfelpatient.de\\\/en\\\/author\\\/apfeladmin\"}]}<\/script>\n<!-- \/ Yoast SEO Premium plugin. -->","yoast_head_json":{"title":"Apple Keynote: For the first time with broadcast on Twitter Apfelpatient","description":"This has never happened before. Apple wants to implement the short message service Twitter for the event. Apple usually provides a live stream on its own","robots":{"index":"index","follow":"follow","max-snippet":"max-snippet:-1","max-image-preview":"max-image-preview:large","max-video-preview":"max-video-preview:-1"},"canonical":"https:\/\/www.apfelpatient.de\/en\/news\/apple-keynote-broadcast-on-twitter-for-the-first-time","og_locale":"en_US","og_type":"article","og_title":"Apple Keynote: Erstmals mit \u00dcbertragung auf Twitter","og_description":"Das gab es noch nie. Apple m\u00f6chte zum Event den Kurznachrichtendienst Twitter implementieren. In der Regel stellt Apple einen Livestream auf der eigenen","og_url":"https:\/\/www.apfelpatient.de\/en\/news\/apple-keynote-broadcast-on-twitter-for-the-first-time","og_site_name":"Apfelpatient","article_publisher":"https:\/\/www.facebook.com\/apfelpatientOfficial","article_author":"https:\/\/www.facebook.com\/apfelpatientOfficial","article_published_time":"2018-09-11T17:17:27+00:00","og_image":[{"width":1200,"height":833,"url":"https:\/\/www.apfelpatient.de\/wp-content\/uploads\/2018\/08\/IMG_8783.jpg","type":"image\/jpeg"}],"author":"Milan","twitter_card":"summary_large_image","twitter_misc":{"Written by":"Milan","Est. reading time":"1 minute"},"schema":{"@context":"https:\/\/schema.org","@graph":[{"@type":"NewsArticle","@id":"https:\/\/www.apfelpatient.de\/news\/apple-keynote-erstmals-mit-uebertragung-auf-twitter#article","isPartOf":{"@id":"https:\/\/www.apfelpatient.de\/news\/apple-keynote-erstmals-mit-uebertragung-auf-twitter"},"author":{"@type":"Organization","@id":"https:\/\/www.apfelpatient.de\/en\/#organization","name":"Apfelpatient","url":"https:\/\/www.apfelpatient.de\/en\/"},"headline":"Apple Keynote: Erstmals mit \u00dcbertragung auf Twitter","datePublished":"2018-09-11T17:17:27+00:00","mainEntityOfPage":{"@id":"https:\/\/www.apfelpatient.de\/news\/apple-keynote-erstmals-mit-uebertragung-auf-twitter"},"wordCount":129,"commentCount":0,"publisher":{"@type":"Organization","@id":"https:\/\/www.apfelpatient.de\/en\/#organization","name":"Apfelpatient","url":"https:\/\/www.apfelpatient.de\/en\/"},"image":{"@id":"https:\/\/www.apfelpatient.de\/news\/apple-keynote-erstmals-mit-uebertragung-auf-twitter#primaryimage"},"thumbnailUrl":"https:\/\/www.apfelpatient.de\/wp-content\/uploads\/2018\/08\/IMG_8783.jpg","keywords":["Apple Keynote","Apple Watch","iPhone","iPhone XS","Keynote","Twitter"],"articleSection":"News","inLanguage":"en-US","potentialAction":[{"@type":"CommentAction","name":"Comment","target":["https:\/\/www.apfelpatient.de\/news\/apple-keynote-erstmals-mit-uebertragung-auf-twitter#respond"]}],"copyrightYear":"2018","copyrightHolder":{"@id":"https:\/\/www.apfelpatient.de\/en\/#organization"}},{"@type":"WebPage","@id":"https:\/\/www.apfelpatient.de\/news\/apple-keynote-erstmals-mit-uebertragung-auf-twitter","url":"https:\/\/www.apfelpatient.de\/news\/apple-keynote-erstmals-mit-uebertragung-auf-twitter","name":"Apple Keynote: For the first time with broadcast on Twitter Apfelpatient","isPartOf":{"@id":"https:\/\/www.apfelpatient.de\/#website"},"primaryImageOfPage":{"@id":"https:\/\/www.apfelpatient.de\/news\/apple-keynote-erstmals-mit-uebertragung-auf-twitter#primaryimage"},"image":{"@id":"https:\/\/www.apfelpatient.de\/news\/apple-keynote-erstmals-mit-uebertragung-auf-twitter#primaryimage"},"thumbnailUrl":"https:\/\/www.apfelpatient.de\/wp-content\/uploads\/2018\/08\/IMG_8783.jpg","datePublished":"2018-09-11T17:17:27+00:00","description":"This has never happened before. Apple wants to implement the short message service Twitter for the event. Apple usually provides a live stream on its own","breadcrumb":{"@id":"https:\/\/www.apfelpatient.de\/news\/apple-keynote-erstmals-mit-uebertragung-auf-twitter#breadcrumb"},"inLanguage":"en-US","potentialAction":[{"@type":"ReadAction","target":["https:\/\/www.apfelpatient.de\/news\/apple-keynote-erstmals-mit-uebertragung-auf-twitter"]}]},{"@type":"ImageObject","inLanguage":"en-US","@id":"https:\/\/www.apfelpatient.de\/news\/apple-keynote-erstmals-mit-uebertragung-auf-twitter#primaryimage","url":"https:\/\/www.apfelpatient.de\/wp-content\/uploads\/2018\/08\/IMG_8783.jpg","contentUrl":"https:\/\/www.apfelpatient.de\/wp-content\/uploads\/2018\/08\/IMG_8783.jpg","width":1200,"height":833,"caption":"Bild: Apple"},{"@type":"BreadcrumbList","@id":"https:\/\/www.apfelpatient.de\/news\/apple-keynote-erstmals-mit-uebertragung-auf-twitter#breadcrumb","itemListElement":[{"@type":"ListItem","position":1,"name":"Startseite","item":"https:\/\/www.apfelpatient.de\/"},{"@type":"ListItem","position":2,"name":"Apple Keynote: Erstmals mit \u00dcbertragung auf Twitter"}]},{"@type":"WebSite","@id":"https:\/\/www.apfelpatient.de\/#website","url":"https:\/\/www.apfelpatient.de\/","name":"apple patient","description":"Everything about Apple!","publisher":{"@type":"Organization","@id":"https:\/\/www.apfelpatient.de\/en\/#organization","name":"Apfelpatient","url":"https:\/\/www.apfelpatient.de\/en\/"},"alternateName":"Apfelpatient","potentialAction":[{"@type":"SearchAction","target":{"@type":"EntryPoint","urlTemplate":"https:\/\/www.apfelpatient.de\/?s={search_term_string}"},"query-input":{"@type":"PropertyValueSpecification","valueRequired":true,"valueName":"search_term_string"}}],"inLanguage":"en-US"},{"@type":["Person","Organization"],"@id":"https:\/\/www.apfelpatient.de\/#\/schema\/person\/7dc56ad6c8e9824b76d2c08d4c140e13","name":"Milan","logo":{"@id":"https:\/\/www.apfelpatient.de\/#\/schema\/person\/image\/"},"description":"Hello and welcome to my technology blog! As a big Apple fan, I report on everything to do with Apple: from the latest news and exciting rumors to helpful tips and tricks and detailed product tests. If you are as enthusiastic about technology as I am, you have come to the right place!","sameAs":["https:\/\/www.facebook.com\/apfelpatientOfficial","https:\/\/www.linkedin.com\/in\/milan-jovicic-42aa0231b"],"url":"https:\/\/www.apfelpatient.de\/en\/author\/apfeladmin"}]}},"_links":{"self":[{"href":"https:\/\/www.apfelpatient.de\/en\/wp-json\/wp\/v2\/posts\/1986","targetHints":{"allow":["GET"]}}],"collection":[{"href":"https:\/\/www.apfelpatient.de\/en\/wp-json\/wp\/v2\/posts"}],"about":[{"href":"https:\/\/www.apfelpatient.de\/en\/wp-json\/wp\/v2\/types\/post"}],"author":[{"embeddable":true,"href":"https:\/\/www.apfelpatient.de\/en\/wp-json\/wp\/v2\/users\/2"}],"replies":[{"embeddable":true,"href":"https:\/\/www.apfelpatient.de\/en\/wp-json\/wp\/v2\/comments?post=1986"}],"version-history":[{"count":0,"href":"https:\/\/www.apfelpatient.de\/en\/wp-json\/wp\/v2\/posts\/1986\/revisions"}],"wp:featuredmedia":[{"embeddable":true,"href":"https:\/\/www.apfelpatient.de\/en\/wp-json\/wp\/v2\/media\/1791"}],"wp:attachment":[{"href":"https:\/\/www.apfelpatient.de\/en\/wp-json\/wp\/v2\/media?parent=1986"}],"wp:term":[{"taxonomy":"category","embeddable":true,"href":"https:\/\/www.apfelpatient.de\/en\/wp-json\/wp\/v2\/categories?post=1986"},{"taxonomy":"post_tag","embeddable":true,"href":"https:\/\/www.apfelpatient.de\/en\/wp-json\/wp\/v2\/tags?post=1986"}],"curies":[{"name":"wp","href":"https:\/\/api.w.org\/{rel}","templated":true}]}}