{"id":19810,"date":"2021-02-28T20:18:04","date_gmt":"2021-02-28T19:18:04","guid":{"rendered":"https:\/\/www.apfelpatient.de\/?p=19810"},"modified":"2021-02-28T21:14:33","modified_gmt":"2021-02-28T20:14:33","slug":"iphone-2021-apple-plans-to-double-the-storage-space","status":"publish","type":"post","link":"https:\/\/www.apfelpatient.de\/en\/rumors\/iphone-2021-plant-apple-den-speicherplatz-zu-verdoppeln","title":{"rendered":"iPhone 2021: Is Apple planning to double the storage space?"},"content":{"rendered":"<p class=\"has-drop-cap\"><strong>We have read rumors about the specifications of the iPhone 2021 series several times in the last few weeks and months. Now there is a new report regarding storage space.<\/strong><\/p>\n\n\n\n<p>The analysts of <a href=\"https:\/\/www.wedbush.com\" target=\"_blank\" rel=\"noreferrer noopener\">Wedbush<\/a> have today published a new report on the iPhone 2021 series. Based on statements from suppliers, it claims that Apple could introduce an iPhone with a terabyte of storage for the first time this year. As a reminder: The iPhone 12 Pro (Max) is available with a maximum of 512 GB. The forecast also explains that sales will continue to be strong despite the ongoing global COVID-19 pandemic. But back to storage. As far as iOS devices are concerned, Apple has so far only offered 1 TB of storage on its high-end tablet - the iPad Pro. However, the rumor that Apple could give the high-end iPhone a drive with a terabyte of storage is not entirely new.&nbsp;<\/p>\n\n\n\n<h3 class=\"wp-block-heading\" id=\"h-iphone-2021-besseres-display-und-mehr\">iPhone 2021: Better display and more<\/h3>\n\n\n\n\n\n\n\n<p>Youtuber Jon Prosser was one of the first to suggest such an option for 2021. Given that other manufacturers already offer devices with one TB, it is only a matter of time before Apple follows suit. It could therefore happen this year. In addition to more storage space, the Pro versions of the iPhone 2021 series are also expected to get a 120Hz display. The return of Touch ID is also said to be realistic. The Pro devices could be equipped with both Face ID and Touch ID. The fingerprint sensor is to be placed under the display. But it will be a few months before that happens. This means that a lot could of course change in that time - it remains exciting as always. <em>(Photo by yalcin.sonat \/ Bigstockphoto)<\/em><\/p>\n\n\n\n<ul class=\"wp-block-list\"><li><a href=\"https:\/\/www.apfelpatient.de\/en\/rumors\/wireless-iphone-2021-this-is-how-internet-recovery-could-work\">Wireless iPhone 2021: How the &quot;Internet Recovery&quot; could work<\/a><\/li><\/ul>\n\n\n\n<h6 class=\"wp-block-heading translation-block\" id=\"h-kennt-ihr-schon-unsere-amazon-storefront-dort-findet-ihr-eine-handverlesene-auswahl-von-diversen-produkten-f-r-euer-iphone-und-co-viel-spa-beim-st-bern\"><em>Have you already visited our Amazon Storefront? There you&#039;ll find a hand-picked selection of various products for your iPhone and other devices \u2013 <span class=\"has-inline-color has-vivid-red-color\"><a href=\"https:\/\/www.amazon.de\/shop\/apfelpatientofficial\" class=\"ek-link\" data-wpel-link=\"exclude\" rel=\"follow noopener\" target=\"_self\"><span style=\"text-decoration: underline\" class=\"ek-underline\">enjoy browsing<\/span><\/a> !<\/span><\/em><\/h6>\n\n\n\n\n\n<h6 class=\"wp-block-heading translation-block\" id=\"h-der-beitrag-enthalt-partnerlinks\">This post contains <a data-type=\"URL\" data-id=\"https:\/\/www.apfelpatient.de\/partnerprogramm\" href=\"https:\/\/www.apfelpatient.de\/en\/partner-program\" data-wpel-link=\"internal\" target=\"_self\">affiliate links<\/a>.<\/h6>","protected":false},"excerpt":{"rendered":"<p>More storage space? We have read rumors about the specifications of the iPhone 2021 series several times in the last few weeks and months.<\/p>","protected":false},"author":2,"featured_media":19811,"comment_status":"closed","ping_status":"closed","sticky":false,"template":"","format":"standard","meta":{"jnews-multi-image_gallery":[],"jnews_single_post":{"subtitle":"","format":"standard","video":"","gallery":"","source_name":"","source_url":"","via_name":"","via_url":"","override":[{"single_blog_custom":"","sidebar":"","second_sidebar":"","share_position":"","share_float_style":"","post_date_format":"","post_date_format_custom":"","post_reading_time_wpm":"","zoom_button_out_step":"1","zoom_button_in_step":"1","number_popup_post":"1"}],"image_override":[{"single_post_thumbnail_size":"","single_post_gallery_size":""}],"trending_post_position":"","trending_post_label":"","sponsored_post_label":"","sponsored_post_name":"","sponsored_post_url":"","sponsored_post_logo":"","sponsored_post_desc":""},"jnews_primary_category":{"id":"25"},"footnotes":""},"categories":[25],"tags":[8,311],"class_list":["post-19810","post","type-post","status-publish","format-standard","has-post-thumbnail","hentry","category-rumors","tag-iphone","tag-iphone-2021"],"yoast_head":"<!-- This site is optimized with the Yoast SEO Premium plugin v27.5 (Yoast SEO v27.5) - https:\/\/yoast.com\/product\/yoast-seo-premium-wordpress\/ -->\n<title>iPhone 2021: Plant Apple den Speicherplatz zu verdoppeln? Apfelpatient<\/title>\n<meta name=\"description\" content=\"Mehr Speicherplatz? Ger\u00fcchte rund um die Spezifikationen der iPhone 2021 Reihe haben wir in den letzten Wochen und Monaten mehrfach gelesen.\" \/>\n<meta name=\"robots\" content=\"index, follow, max-snippet:-1, max-image-preview:large, max-video-preview:-1\" \/>\n<link rel=\"canonical\" href=\"https:\/\/www.apfelpatient.de\/en\/rumors\/iphone-2021-apple-plans-to-double-the-storage-space\" \/>\n<meta property=\"og:locale\" content=\"en_US\" \/>\n<meta property=\"og:type\" content=\"article\" \/>\n<meta property=\"og:title\" content=\"iPhone 2021: Plant Apple den Speicherplatz zu verdoppeln?\" \/>\n<meta property=\"og:description\" content=\"Mehr Speicherplatz? Ger\u00fcchte rund um die Spezifikationen der iPhone 2021 Reihe haben wir in den letzten Wochen und Monaten mehrfach gelesen.\" \/>\n<meta property=\"og:url\" content=\"https:\/\/www.apfelpatient.de\/en\/rumors\/iphone-2021-apple-plans-to-double-the-storage-space\" \/>\n<meta property=\"og:site_name\" content=\"Apfelpatient\" \/>\n<meta property=\"article:publisher\" content=\"https:\/\/www.facebook.com\/apfelpatientOfficial\" \/>\n<meta property=\"article:author\" content=\"https:\/\/www.facebook.com\/apfelpatientOfficial\" \/>\n<meta property=\"article:published_time\" content=\"2021-02-28T19:18:04+00:00\" \/>\n<meta property=\"article:modified_time\" content=\"2021-02-28T20:14:33+00:00\" \/>\n<meta property=\"og:image\" content=\"https:\/\/www.apfelpatient.de\/wp-content\/uploads\/2021\/02\/bigstock-Antalya-Turkey-December-400567367-1.jpg\" \/>\n\t<meta property=\"og:image:width\" content=\"1600\" \/>\n\t<meta property=\"og:image:height\" content=\"1067\" \/>\n\t<meta property=\"og:image:type\" content=\"image\/jpeg\" \/>\n<meta name=\"author\" content=\"Milan\" \/>\n<meta name=\"twitter:card\" content=\"summary_large_image\" \/>\n<meta name=\"twitter:description\" content=\"Mehr Speicherplatz? Ger\u00fcchte rund um die Spezifikationen der iPhone 2021 Reihe haben wir in den letzten Wochen und Monaten mehrfach gelesen.\" \/>\n<meta name=\"twitter:label1\" content=\"Written by\" \/>\n\t<meta name=\"twitter:data1\" content=\"Milan\" \/>\n\t<meta name=\"twitter:label2\" content=\"Est. reading time\" \/>\n\t<meta name=\"twitter:data2\" content=\"2 minutes\" \/>\n<script type=\"application\/ld+json\" class=\"yoast-schema-graph\">{\"@context\":\"https:\\\/\\\/schema.org\",\"@graph\":[{\"@type\":\"NewsArticle\",\"@id\":\"https:\\\/\\\/www.apfelpatient.de\\\/rumors\\\/iphone-2021-plant-apple-den-speicherplatz-zu-verdoppeln#article\",\"isPartOf\":{\"@id\":\"https:\\\/\\\/www.apfelpatient.de\\\/rumors\\\/iphone-2021-plant-apple-den-speicherplatz-zu-verdoppeln\"},\"author\":{\"@type\":\"Organization\",\"@id\":\"https:\\\/\\\/www.apfelpatient.de\\\/en\\\/#organization\",\"name\":\"Apfelpatient\",\"url\":\"https:\\\/\\\/www.apfelpatient.de\\\/en\\\/\"},\"headline\":\"iPhone 2021: Plant Apple den Speicherplatz zu verdoppeln?\",\"datePublished\":\"2021-02-28T19:18:04+00:00\",\"dateModified\":\"2021-02-28T20:14:33+00:00\",\"mainEntityOfPage\":{\"@id\":\"https:\\\/\\\/www.apfelpatient.de\\\/rumors\\\/iphone-2021-plant-apple-den-speicherplatz-zu-verdoppeln\"},\"wordCount\":307,\"publisher\":{\"@type\":\"Organization\",\"@id\":\"https:\\\/\\\/www.apfelpatient.de\\\/en\\\/#organization\",\"name\":\"Apfelpatient\",\"url\":\"https:\\\/\\\/www.apfelpatient.de\\\/en\\\/\"},\"image\":{\"@id\":\"https:\\\/\\\/www.apfelpatient.de\\\/rumors\\\/iphone-2021-plant-apple-den-speicherplatz-zu-verdoppeln#primaryimage\"},\"thumbnailUrl\":\"https:\\\/\\\/www.apfelpatient.de\\\/wp-content\\\/uploads\\\/2021\\\/02\\\/bigstock-Antalya-Turkey-December-400567367-1.jpg\",\"keywords\":[\"iPhone\",\"iPhone 13\"],\"articleSection\":\"Rumors\",\"inLanguage\":\"en-US\",\"copyrightYear\":\"2021\",\"copyrightHolder\":{\"@id\":\"https:\\\/\\\/www.apfelpatient.de\\\/en\\\/#organization\"}},{\"@type\":\"WebPage\",\"@id\":\"https:\\\/\\\/www.apfelpatient.de\\\/rumors\\\/iphone-2021-plant-apple-den-speicherplatz-zu-verdoppeln\",\"url\":\"https:\\\/\\\/www.apfelpatient.de\\\/rumors\\\/iphone-2021-plant-apple-den-speicherplatz-zu-verdoppeln\",\"name\":\"iPhone 2021: Plant Apple den Speicherplatz zu verdoppeln? Apfelpatient\",\"isPartOf\":{\"@id\":\"https:\\\/\\\/www.apfelpatient.de\\\/#website\"},\"primaryImageOfPage\":{\"@id\":\"https:\\\/\\\/www.apfelpatient.de\\\/rumors\\\/iphone-2021-plant-apple-den-speicherplatz-zu-verdoppeln#primaryimage\"},\"image\":{\"@id\":\"https:\\\/\\\/www.apfelpatient.de\\\/rumors\\\/iphone-2021-plant-apple-den-speicherplatz-zu-verdoppeln#primaryimage\"},\"thumbnailUrl\":\"https:\\\/\\\/www.apfelpatient.de\\\/wp-content\\\/uploads\\\/2021\\\/02\\\/bigstock-Antalya-Turkey-December-400567367-1.jpg\",\"datePublished\":\"2021-02-28T19:18:04+00:00\",\"dateModified\":\"2021-02-28T20:14:33+00:00\",\"description\":\"Mehr Speicherplatz? Ger\u00fcchte rund um die Spezifikationen der iPhone 2021 Reihe haben wir in den letzten Wochen und Monaten mehrfach gelesen.\",\"breadcrumb\":{\"@id\":\"https:\\\/\\\/www.apfelpatient.de\\\/rumors\\\/iphone-2021-plant-apple-den-speicherplatz-zu-verdoppeln#breadcrumb\"},\"inLanguage\":\"en-US\",\"potentialAction\":[{\"@type\":\"ReadAction\",\"target\":[\"https:\\\/\\\/www.apfelpatient.de\\\/rumors\\\/iphone-2021-plant-apple-den-speicherplatz-zu-verdoppeln\"]}]},{\"@type\":\"ImageObject\",\"inLanguage\":\"en-US\",\"@id\":\"https:\\\/\\\/www.apfelpatient.de\\\/rumors\\\/iphone-2021-plant-apple-den-speicherplatz-zu-verdoppeln#primaryimage\",\"url\":\"https:\\\/\\\/www.apfelpatient.de\\\/wp-content\\\/uploads\\\/2021\\\/02\\\/bigstock-Antalya-Turkey-December-400567367-1.jpg\",\"contentUrl\":\"https:\\\/\\\/www.apfelpatient.de\\\/wp-content\\\/uploads\\\/2021\\\/02\\\/bigstock-Antalya-Turkey-December-400567367-1.jpg\",\"width\":1600,\"height\":1067,\"caption\":\"Antalya, Turkey - December 23, 2020: Back view of new iPhone 12 white smartphone\"},{\"@type\":\"BreadcrumbList\",\"@id\":\"https:\\\/\\\/www.apfelpatient.de\\\/rumors\\\/iphone-2021-plant-apple-den-speicherplatz-zu-verdoppeln#breadcrumb\",\"itemListElement\":[{\"@type\":\"ListItem\",\"position\":1,\"name\":\"Startseite\",\"item\":\"https:\\\/\\\/www.apfelpatient.de\\\/\"},{\"@type\":\"ListItem\",\"position\":2,\"name\":\"iPhone 2021: Plant Apple den Speicherplatz zu verdoppeln?\"}]},{\"@type\":\"WebSite\",\"@id\":\"https:\\\/\\\/www.apfelpatient.de\\\/#website\",\"url\":\"https:\\\/\\\/www.apfelpatient.de\\\/\",\"name\":\"Apfelpatient\",\"description\":\"Alles rund um Apple!\",\"publisher\":{\"@type\":\"Organization\",\"@id\":\"https:\\\/\\\/www.apfelpatient.de\\\/en\\\/#organization\",\"name\":\"Apfelpatient\",\"url\":\"https:\\\/\\\/www.apfelpatient.de\\\/en\\\/\"},\"alternateName\":\"Apfelpatient\",\"potentialAction\":[{\"@type\":\"SearchAction\",\"target\":{\"@type\":\"EntryPoint\",\"urlTemplate\":\"https:\\\/\\\/www.apfelpatient.de\\\/?s={search_term_string}\"},\"query-input\":{\"@type\":\"PropertyValueSpecification\",\"valueRequired\":true,\"valueName\":\"search_term_string\"}}],\"inLanguage\":\"en-US\"},{\"@type\":[\"Person\",\"Organization\"],\"@id\":\"https:\\\/\\\/www.apfelpatient.de\\\/#\\\/schema\\\/person\\\/7dc56ad6c8e9824b76d2c08d4c140e13\",\"name\":\"Milan\",\"logo\":{\"@id\":\"https:\\\/\\\/www.apfelpatient.de\\\/#\\\/schema\\\/person\\\/image\\\/\"},\"description\":\"Hallo und herzlich willkommen auf meinem Technik-Blog! Als gro\u00dfer Apple-Fan berichte ich hier \u00fcber alles, was mit Apple zu tun hat: von den neuesten News und spannenden Ger\u00fcchten \u00fcber hilfreiche Tipps und Tricks bis hin zu ausf\u00fchrlichen Produkttests. Wenn du genauso technikbegeistert bist wie ich, bist du hier genau richtig!\",\"sameAs\":[\"https:\\\/\\\/www.facebook.com\\\/apfelpatientOfficial\",\"https:\\\/\\\/www.linkedin.com\\\/in\\\/milan-jovicic-42aa0231b\"],\"url\":\"https:\\\/\\\/www.apfelpatient.de\\\/en\\\/author\\\/apfeladmin\"}]}<\/script>\n<!-- \/ Yoast SEO Premium plugin. -->","yoast_head_json":{"title":"iPhone 2021: Is Apple planning to double the storage space? Apfelpatient","description":"More storage space? We have read rumors about the specifications of the iPhone 2021 series several times in the last few weeks and months.","robots":{"index":"index","follow":"follow","max-snippet":"max-snippet:-1","max-image-preview":"max-image-preview:large","max-video-preview":"max-video-preview:-1"},"canonical":"https:\/\/www.apfelpatient.de\/en\/rumors\/iphone-2021-apple-plans-to-double-the-storage-space","og_locale":"en_US","og_type":"article","og_title":"iPhone 2021: Plant Apple den Speicherplatz zu verdoppeln?","og_description":"Mehr Speicherplatz? Ger\u00fcchte rund um die Spezifikationen der iPhone 2021 Reihe haben wir in den letzten Wochen und Monaten mehrfach gelesen.","og_url":"https:\/\/www.apfelpatient.de\/en\/rumors\/iphone-2021-apple-plans-to-double-the-storage-space","og_site_name":"Apfelpatient","article_publisher":"https:\/\/www.facebook.com\/apfelpatientOfficial","article_author":"https:\/\/www.facebook.com\/apfelpatientOfficial","article_published_time":"2021-02-28T19:18:04+00:00","article_modified_time":"2021-02-28T20:14:33+00:00","og_image":[{"width":1600,"height":1067,"url":"https:\/\/www.apfelpatient.de\/wp-content\/uploads\/2021\/02\/bigstock-Antalya-Turkey-December-400567367-1.jpg","type":"image\/jpeg"}],"author":"Milan","twitter_card":"summary_large_image","twitter_description":"Mehr Speicherplatz? Ger\u00fcchte rund um die Spezifikationen der iPhone 2021 Reihe haben wir in den letzten Wochen und Monaten mehrfach gelesen.","twitter_misc":{"Written by":"Milan","Est. reading time":"2 minutes"},"schema":{"@context":"https:\/\/schema.org","@graph":[{"@type":"NewsArticle","@id":"https:\/\/www.apfelpatient.de\/rumors\/iphone-2021-plant-apple-den-speicherplatz-zu-verdoppeln#article","isPartOf":{"@id":"https:\/\/www.apfelpatient.de\/rumors\/iphone-2021-plant-apple-den-speicherplatz-zu-verdoppeln"},"author":{"@type":"Organization","@id":"https:\/\/www.apfelpatient.de\/en\/#organization","name":"Apfelpatient","url":"https:\/\/www.apfelpatient.de\/en\/"},"headline":"iPhone 2021: Plant Apple den Speicherplatz zu verdoppeln?","datePublished":"2021-02-28T19:18:04+00:00","dateModified":"2021-02-28T20:14:33+00:00","mainEntityOfPage":{"@id":"https:\/\/www.apfelpatient.de\/rumors\/iphone-2021-plant-apple-den-speicherplatz-zu-verdoppeln"},"wordCount":307,"publisher":{"@type":"Organization","@id":"https:\/\/www.apfelpatient.de\/en\/#organization","name":"Apfelpatient","url":"https:\/\/www.apfelpatient.de\/en\/"},"image":{"@id":"https:\/\/www.apfelpatient.de\/rumors\/iphone-2021-plant-apple-den-speicherplatz-zu-verdoppeln#primaryimage"},"thumbnailUrl":"https:\/\/www.apfelpatient.de\/wp-content\/uploads\/2021\/02\/bigstock-Antalya-Turkey-December-400567367-1.jpg","keywords":["iPhone","iPhone 13"],"articleSection":"Rumors","inLanguage":"en-US","copyrightYear":"2021","copyrightHolder":{"@id":"https:\/\/www.apfelpatient.de\/en\/#organization"}},{"@type":"WebPage","@id":"https:\/\/www.apfelpatient.de\/rumors\/iphone-2021-plant-apple-den-speicherplatz-zu-verdoppeln","url":"https:\/\/www.apfelpatient.de\/rumors\/iphone-2021-plant-apple-den-speicherplatz-zu-verdoppeln","name":"iPhone 2021: Is Apple planning to double the storage space? Apfelpatient","isPartOf":{"@id":"https:\/\/www.apfelpatient.de\/#website"},"primaryImageOfPage":{"@id":"https:\/\/www.apfelpatient.de\/rumors\/iphone-2021-plant-apple-den-speicherplatz-zu-verdoppeln#primaryimage"},"image":{"@id":"https:\/\/www.apfelpatient.de\/rumors\/iphone-2021-plant-apple-den-speicherplatz-zu-verdoppeln#primaryimage"},"thumbnailUrl":"https:\/\/www.apfelpatient.de\/wp-content\/uploads\/2021\/02\/bigstock-Antalya-Turkey-December-400567367-1.jpg","datePublished":"2021-02-28T19:18:04+00:00","dateModified":"2021-02-28T20:14:33+00:00","description":"More storage space? We have read rumors about the specifications of the iPhone 2021 series several times in the last few weeks and months.","breadcrumb":{"@id":"https:\/\/www.apfelpatient.de\/rumors\/iphone-2021-plant-apple-den-speicherplatz-zu-verdoppeln#breadcrumb"},"inLanguage":"en-US","potentialAction":[{"@type":"ReadAction","target":["https:\/\/www.apfelpatient.de\/rumors\/iphone-2021-plant-apple-den-speicherplatz-zu-verdoppeln"]}]},{"@type":"ImageObject","inLanguage":"en-US","@id":"https:\/\/www.apfelpatient.de\/rumors\/iphone-2021-plant-apple-den-speicherplatz-zu-verdoppeln#primaryimage","url":"https:\/\/www.apfelpatient.de\/wp-content\/uploads\/2021\/02\/bigstock-Antalya-Turkey-December-400567367-1.jpg","contentUrl":"https:\/\/www.apfelpatient.de\/wp-content\/uploads\/2021\/02\/bigstock-Antalya-Turkey-December-400567367-1.jpg","width":1600,"height":1067,"caption":"Antalya, Turkey - December 23, 2020: Back view of new iPhone 12 white smartphone"},{"@type":"BreadcrumbList","@id":"https:\/\/www.apfelpatient.de\/rumors\/iphone-2021-plant-apple-den-speicherplatz-zu-verdoppeln#breadcrumb","itemListElement":[{"@type":"ListItem","position":1,"name":"Startseite","item":"https:\/\/www.apfelpatient.de\/"},{"@type":"ListItem","position":2,"name":"iPhone 2021: Plant Apple den Speicherplatz zu verdoppeln?"}]},{"@type":"WebSite","@id":"https:\/\/www.apfelpatient.de\/#website","url":"https:\/\/www.apfelpatient.de\/","name":"apple patient","description":"Everything about Apple!","publisher":{"@type":"Organization","@id":"https:\/\/www.apfelpatient.de\/en\/#organization","name":"Apfelpatient","url":"https:\/\/www.apfelpatient.de\/en\/"},"alternateName":"Apfelpatient","potentialAction":[{"@type":"SearchAction","target":{"@type":"EntryPoint","urlTemplate":"https:\/\/www.apfelpatient.de\/?s={search_term_string}"},"query-input":{"@type":"PropertyValueSpecification","valueRequired":true,"valueName":"search_term_string"}}],"inLanguage":"en-US"},{"@type":["Person","Organization"],"@id":"https:\/\/www.apfelpatient.de\/#\/schema\/person\/7dc56ad6c8e9824b76d2c08d4c140e13","name":"Milan","logo":{"@id":"https:\/\/www.apfelpatient.de\/#\/schema\/person\/image\/"},"description":"Hello and welcome to my technology blog! As a big Apple fan, I report on everything to do with Apple: from the latest news and exciting rumors to helpful tips and tricks and detailed product tests. If you are as enthusiastic about technology as I am, you have come to the right place!","sameAs":["https:\/\/www.facebook.com\/apfelpatientOfficial","https:\/\/www.linkedin.com\/in\/milan-jovicic-42aa0231b"],"url":"https:\/\/www.apfelpatient.de\/en\/author\/apfeladmin"}]}},"_links":{"self":[{"href":"https:\/\/www.apfelpatient.de\/en\/wp-json\/wp\/v2\/posts\/19810","targetHints":{"allow":["GET"]}}],"collection":[{"href":"https:\/\/www.apfelpatient.de\/en\/wp-json\/wp\/v2\/posts"}],"about":[{"href":"https:\/\/www.apfelpatient.de\/en\/wp-json\/wp\/v2\/types\/post"}],"author":[{"embeddable":true,"href":"https:\/\/www.apfelpatient.de\/en\/wp-json\/wp\/v2\/users\/2"}],"replies":[{"embeddable":true,"href":"https:\/\/www.apfelpatient.de\/en\/wp-json\/wp\/v2\/comments?post=19810"}],"version-history":[{"count":0,"href":"https:\/\/www.apfelpatient.de\/en\/wp-json\/wp\/v2\/posts\/19810\/revisions"}],"wp:featuredmedia":[{"embeddable":true,"href":"https:\/\/www.apfelpatient.de\/en\/wp-json\/wp\/v2\/media\/19811"}],"wp:attachment":[{"href":"https:\/\/www.apfelpatient.de\/en\/wp-json\/wp\/v2\/media?parent=19810"}],"wp:term":[{"taxonomy":"category","embeddable":true,"href":"https:\/\/www.apfelpatient.de\/en\/wp-json\/wp\/v2\/categories?post=19810"},{"taxonomy":"post_tag","embeddable":true,"href":"https:\/\/www.apfelpatient.de\/en\/wp-json\/wp\/v2\/tags?post=19810"}],"curies":[{"name":"wp","href":"https:\/\/api.w.org\/{rel}","templated":true}]}}