{"id":19487,"date":"2021-02-22T21:58:32","date_gmt":"2021-02-22T20:58:32","guid":{"rendered":"https:\/\/www.apfelpatient.de\/?p=19487"},"modified":"2025-10-14T16:03:19","modified_gmt":"2025-10-14T14:03:19","slug":"apple-tv-billie-eilishs-documentary-gets-a-special-debut-event","status":"publish","type":"post","link":"https:\/\/www.apfelpatient.de\/en\/news\/apple-tv-billie-eilishs-dokumentarfilm-erhaelt-ein-spezielles-debuet-event","title":{"rendered":"Apple TV+: Billie Eilish&#039;s documentary gets a special debut event"},"content":{"rendered":"<p class=\"has-drop-cap\"><strong>A special debut event will mark the release of Billie Eilish&#039;s Apple TV+ documentary and include a performance of one of her songs, discussions with director RJ Cutler, and other surprises.<\/strong><\/p>\n\n\n\n<p>Billie Eilish: The World&#039;s A Little Blurry will debut on Apple&#039;s streaming service on Thursday, February 25, one day earlier than its original release date. To celebrate, a global live event will be held. The special event will include an exclusive performance of &quot;ilomilo,&quot; the song from which the documentary takes its name, as well as interviews with Eilish and others, hosted by Apple Music host and DJ Zane Lowe. The event begins at 9 p.m. Eastern Time and can be watched for free on the Apple TV app, Apple Music app, and Eilish&#039;s YouTube channel.<\/p>\n\n\n\n<h3 class=\"wp-block-heading\" id=\"h-billie-eilish-the-world-s-a-little-blurry-exklusiv-auf-apple-tv\">&quot;Billie Eilish: The World&#039;s A Little Blurry&quot;: Exclusively on Apple TV+<\/h3>\n\n\n\n\n\n\n\n<p>The documentation itself will be available after the event <a href=\"https:\/\/tv.apple.com\/de\/movie\/billie-eilish-the-worlds-a-little-blurry\/umc.cmc.5waz3hfo9r1133t8arap8b6nq\" target=\"_blank\" rel=\"noreferrer noopener\">exclusive<\/a> on Apple TV+. The film traces Eilish&#039;s life and meteoric career, including intimate behind-the-scenes footage. The documentary shows the now 18-year-old sensation as she tours and records her debut studio album, &quot;When We All Fall Asleep, Where Do We Go?&quot; <\/p>\n\n\n\n<figure class=\"wp-block-image size-large\"><img decoding=\"async\" width=\"1024\" height=\"576\" src=\"https:\/\/www.apfelpatient.de\/wp-content\/uploads\/2021\/02\/Billie_Eilish_0107-1024x576.jpg\" alt=\"Billie Eilish: The World&#039;s A Little Blurry\" class=\"wp-image-19484\" srcset=\"https:\/\/www.apfelpatient.de\/wp-content\/uploads\/2021\/02\/Billie_Eilish_0107-1024x576.jpg 1024w, https:\/\/www.apfelpatient.de\/wp-content\/uploads\/2021\/02\/Billie_Eilish_0107-300x169.jpg 300w, https:\/\/www.apfelpatient.de\/wp-content\/uploads\/2021\/02\/Billie_Eilish_0107-768x432.jpg 768w, https:\/\/www.apfelpatient.de\/wp-content\/uploads\/2021\/02\/Billie_Eilish_0107-1536x864.jpg 1536w, https:\/\/www.apfelpatient.de\/wp-content\/uploads\/2021\/02\/Billie_Eilish_0107-750x422.jpg 750w, https:\/\/www.apfelpatient.de\/wp-content\/uploads\/2021\/02\/Billie_Eilish_0107-1140x641.jpg 1140w, https:\/\/www.apfelpatient.de\/wp-content\/uploads\/2021\/02\/Billie_Eilish_0107.jpg 1600w\" sizes=\"(max-width: 1024px) 100vw, 1024px\" \/><figcaption>Image: Apple<\/figcaption><\/figure>\n\n\n\n<p>The album won three Grammys in 2019, including Album of the Year. Apple originally announced the documentary in September 2020. Eilish has collaborated with Apple on previous projects, including the &quot;Today at Apple&quot; sessions, where users could remix the artist&#039;s song &quot;You Should See Me in a Crown.&quot; <em>(Image: Apple)<\/em><\/p>\n\n\n\n<ul class=\"wp-block-list\"><li><a href=\"https:\/\/www.apfelpatient.de\/en\/news\/apple-tv-subscription-apple-extends-test-phase-again\">Apple TV+ subscription: Apple extends test phase again<\/a><\/li><\/ul>\n\n\n\n<h6 class=\"wp-block-heading translation-block\" id=\"h-kennt-ihr-schon-unsere-amazon-storefront-dort-findet-ihr-eine-handverlesene-auswahl-von-diversen-produkten-f-r-euer-iphone-und-co-viel-spa-beim-st-bern\"><em>Have you already visited our Amazon Storefront? There you&#039;ll find a hand-picked selection of various products for your iPhone and other devices \u2013 <span class=\"has-inline-color has-vivid-red-color\"><a href=\"https:\/\/www.amazon.de\/shop\/apfelpatientofficial\" class=\"ek-link\" data-wpel-link=\"exclude\" rel=\"follow noopener\" target=\"_self\"><span style=\"text-decoration: underline\" class=\"ek-underline\">enjoy browsing<\/span><\/a> !<\/span><\/em><\/h6>\n\n\n\n\n\n<h6 class=\"wp-block-heading translation-block\" id=\"h-der-beitrag-enthalt-partnerlinks\">This post contains <a data-type=\"URL\" data-id=\"https:\/\/www.apfelpatient.de\/partnerprogramm\" href=\"https:\/\/www.apfelpatient.de\/en\/partner-program\" data-wpel-link=\"internal\" target=\"_self\">affiliate links<\/a>.<\/h6>","protected":false},"excerpt":{"rendered":"<p>A special debut event will mark the release of Billie Eilish&#039;s Apple TV+ documentary and include surprises.<\/p>","protected":false},"author":2,"featured_media":19486,"comment_status":"closed","ping_status":"closed","sticky":false,"template":"","format":"standard","meta":{"jnews-multi-image_gallery":[],"jnews_single_post":{"subtitle":"","format":"standard","video":"","gallery":"","source_name":"","source_url":"","via_name":"","via_url":"","override":[{"single_blog_custom":"","sidebar":"","second_sidebar":"","share_position":"","share_float_style":"","post_date_format":"","post_date_format_custom":"","post_reading_time_wpm":"","zoom_button_out_step":"1","zoom_button_in_step":"1","number_popup_post":"1"}],"image_override":[{"single_post_thumbnail_size":"","single_post_gallery_size":""}],"trending_post_position":"","trending_post_label":"","sponsored_post_label":"","sponsored_post_name":"","sponsored_post_url":"","sponsored_post_logo":"","sponsored_post_desc":""},"jnews_primary_category":{"id":"9"},"footnotes":""},"categories":[9],"tags":[34,156,248],"class_list":["post-19487","post","type-post","status-publish","format-standard","has-post-thumbnail","hentry","category-news","tag-apple-dienste","tag-apple-tv","tag-apple-tv-plus"],"yoast_head":"<!-- This site is optimized with the Yoast SEO Premium plugin v27.5 (Yoast SEO v27.5) - https:\/\/yoast.com\/product\/yoast-seo-premium-wordpress\/ -->\n<title>Apple TV+: Billie Eilishs Dokumentarfilm erh\u00e4lt ein spezielles Deb\u00fct-Event<\/title>\n<meta name=\"description\" content=\"Ein spezielles Deb\u00fct-Event wird die Ver\u00f6ffentlichung von Billie Eilishs Apple TV+ Dokumentation einl\u00e4uten und \u00dcberraschungen beinhalten.\" \/>\n<meta name=\"robots\" content=\"index, follow, max-snippet:-1, max-image-preview:large, max-video-preview:-1\" \/>\n<link rel=\"canonical\" href=\"https:\/\/www.apfelpatient.de\/en\/news\/apple-tv-billie-eilishs-documentary-gets-a-special-debut-event\" \/>\n<meta property=\"og:locale\" content=\"en_US\" \/>\n<meta property=\"og:type\" content=\"article\" \/>\n<meta property=\"og:title\" content=\"Apple TV+: Billie Eilishs Dokumentarfilm erh\u00e4lt ein spezielles Deb\u00fct-Event\" \/>\n<meta property=\"og:description\" content=\"Ein spezielles Deb\u00fct-Event wird die Ver\u00f6ffentlichung von Billie Eilishs Apple TV+ Dokumentation einl\u00e4uten und \u00dcberraschungen beinhalten.\" \/>\n<meta property=\"og:url\" content=\"https:\/\/www.apfelpatient.de\/en\/news\/apple-tv-billie-eilishs-documentary-gets-a-special-debut-event\" \/>\n<meta property=\"og:site_name\" content=\"Apfelpatient\" \/>\n<meta property=\"article:publisher\" content=\"https:\/\/www.facebook.com\/apfelpatientOfficial\" \/>\n<meta property=\"article:author\" content=\"https:\/\/www.facebook.com\/apfelpatientOfficial\" \/>\n<meta property=\"article:published_time\" content=\"2021-02-22T20:58:32+00:00\" \/>\n<meta property=\"article:modified_time\" content=\"2025-10-14T14:03:19+00:00\" \/>\n<meta property=\"og:image\" content=\"https:\/\/www.apfelpatient.de\/wp-content\/uploads\/2021\/02\/Apple_TV_Billie_Eilish_key_art_16_9-1-1024x576.png\" \/>\n\t<meta property=\"og:image:width\" content=\"1024\" \/>\n\t<meta property=\"og:image:height\" content=\"576\" \/>\n\t<meta property=\"og:image:type\" content=\"image\/png\" \/>\n<meta name=\"author\" content=\"Milan\" \/>\n<meta name=\"twitter:card\" content=\"summary_large_image\" \/>\n<meta name=\"twitter:description\" content=\"Ein spezielles Deb\u00fct-Event wird die Ver\u00f6ffentlichung von Billie Eilishs Apple TV+ Dokumentation einl\u00e4uten und \u00dcberraschungen beinhalten.\" \/>\n<meta name=\"twitter:label1\" content=\"Written by\" \/>\n\t<meta name=\"twitter:data1\" content=\"Milan\" \/>\n\t<meta name=\"twitter:label2\" content=\"Est. reading time\" \/>\n\t<meta name=\"twitter:data2\" content=\"2 minutes\" \/>\n<script type=\"application\/ld+json\" class=\"yoast-schema-graph\">{\"@context\":\"https:\\\/\\\/schema.org\",\"@graph\":[{\"@type\":\"NewsArticle\",\"@id\":\"https:\\\/\\\/www.apfelpatient.de\\\/news\\\/apple-tv-billie-eilishs-dokumentarfilm-erhaelt-ein-spezielles-debuet-event#article\",\"isPartOf\":{\"@id\":\"https:\\\/\\\/www.apfelpatient.de\\\/news\\\/apple-tv-billie-eilishs-dokumentarfilm-erhaelt-ein-spezielles-debuet-event\"},\"author\":{\"@type\":\"Organization\",\"@id\":\"https:\\\/\\\/www.apfelpatient.de\\\/en\\\/#organization\",\"name\":\"Apfelpatient\",\"url\":\"https:\\\/\\\/www.apfelpatient.de\\\/en\\\/\"},\"headline\":\"Apple TV+: Billie Eilishs Dokumentarfilm erh\u00e4lt ein spezielles Deb\u00fct-Event\",\"datePublished\":\"2021-02-22T20:58:32+00:00\",\"dateModified\":\"2025-10-14T14:03:19+00:00\",\"mainEntityOfPage\":{\"@id\":\"https:\\\/\\\/www.apfelpatient.de\\\/news\\\/apple-tv-billie-eilishs-dokumentarfilm-erhaelt-ein-spezielles-debuet-event\"},\"wordCount\":284,\"publisher\":{\"@type\":\"Organization\",\"@id\":\"https:\\\/\\\/www.apfelpatient.de\\\/en\\\/#organization\",\"name\":\"Apfelpatient\",\"url\":\"https:\\\/\\\/www.apfelpatient.de\\\/en\\\/\"},\"image\":{\"@id\":\"https:\\\/\\\/www.apfelpatient.de\\\/news\\\/apple-tv-billie-eilishs-dokumentarfilm-erhaelt-ein-spezielles-debuet-event#primaryimage\"},\"thumbnailUrl\":\"https:\\\/\\\/www.apfelpatient.de\\\/wp-content\\\/uploads\\\/2021\\\/02\\\/Apple_TV_Billie_Eilish_key_art_16_9-1.png\",\"keywords\":[\"Apple Dienste\",\"Apple TV\",\"Apple TV Plus\"],\"articleSection\":\"News\",\"inLanguage\":\"en-US\",\"copyrightYear\":\"2021\",\"copyrightHolder\":{\"@id\":\"https:\\\/\\\/www.apfelpatient.de\\\/en\\\/#organization\"}},{\"@type\":\"WebPage\",\"@id\":\"https:\\\/\\\/www.apfelpatient.de\\\/news\\\/apple-tv-billie-eilishs-dokumentarfilm-erhaelt-ein-spezielles-debuet-event\",\"url\":\"https:\\\/\\\/www.apfelpatient.de\\\/news\\\/apple-tv-billie-eilishs-dokumentarfilm-erhaelt-ein-spezielles-debuet-event\",\"name\":\"Apple TV+: Billie Eilishs Dokumentarfilm erh\u00e4lt ein spezielles Deb\u00fct-Event\",\"isPartOf\":{\"@id\":\"https:\\\/\\\/www.apfelpatient.de\\\/#website\"},\"primaryImageOfPage\":{\"@id\":\"https:\\\/\\\/www.apfelpatient.de\\\/news\\\/apple-tv-billie-eilishs-dokumentarfilm-erhaelt-ein-spezielles-debuet-event#primaryimage\"},\"image\":{\"@id\":\"https:\\\/\\\/www.apfelpatient.de\\\/news\\\/apple-tv-billie-eilishs-dokumentarfilm-erhaelt-ein-spezielles-debuet-event#primaryimage\"},\"thumbnailUrl\":\"https:\\\/\\\/www.apfelpatient.de\\\/wp-content\\\/uploads\\\/2021\\\/02\\\/Apple_TV_Billie_Eilish_key_art_16_9-1.png\",\"datePublished\":\"2021-02-22T20:58:32+00:00\",\"dateModified\":\"2025-10-14T14:03:19+00:00\",\"description\":\"Ein spezielles Deb\u00fct-Event wird die Ver\u00f6ffentlichung von Billie Eilishs Apple TV+ Dokumentation einl\u00e4uten und \u00dcberraschungen beinhalten.\",\"breadcrumb\":{\"@id\":\"https:\\\/\\\/www.apfelpatient.de\\\/news\\\/apple-tv-billie-eilishs-dokumentarfilm-erhaelt-ein-spezielles-debuet-event#breadcrumb\"},\"inLanguage\":\"en-US\",\"potentialAction\":[{\"@type\":\"ReadAction\",\"target\":[\"https:\\\/\\\/www.apfelpatient.de\\\/news\\\/apple-tv-billie-eilishs-dokumentarfilm-erhaelt-ein-spezielles-debuet-event\"]}]},{\"@type\":\"ImageObject\",\"inLanguage\":\"en-US\",\"@id\":\"https:\\\/\\\/www.apfelpatient.de\\\/news\\\/apple-tv-billie-eilishs-dokumentarfilm-erhaelt-ein-spezielles-debuet-event#primaryimage\",\"url\":\"https:\\\/\\\/www.apfelpatient.de\\\/wp-content\\\/uploads\\\/2021\\\/02\\\/Apple_TV_Billie_Eilish_key_art_16_9-1.png\",\"contentUrl\":\"https:\\\/\\\/www.apfelpatient.de\\\/wp-content\\\/uploads\\\/2021\\\/02\\\/Apple_TV_Billie_Eilish_key_art_16_9-1.png\",\"width\":1600,\"height\":900,\"caption\":\"Bild: Apple\"},{\"@type\":\"BreadcrumbList\",\"@id\":\"https:\\\/\\\/www.apfelpatient.de\\\/news\\\/apple-tv-billie-eilishs-dokumentarfilm-erhaelt-ein-spezielles-debuet-event#breadcrumb\",\"itemListElement\":[{\"@type\":\"ListItem\",\"position\":1,\"name\":\"Startseite\",\"item\":\"https:\\\/\\\/www.apfelpatient.de\\\/\"},{\"@type\":\"ListItem\",\"position\":2,\"name\":\"Apple TV+: Billie Eilishs Dokumentarfilm erh\u00e4lt ein spezielles Deb\u00fct-Event\"}]},{\"@type\":\"WebSite\",\"@id\":\"https:\\\/\\\/www.apfelpatient.de\\\/#website\",\"url\":\"https:\\\/\\\/www.apfelpatient.de\\\/\",\"name\":\"Apfelpatient\",\"description\":\"Alles rund um Apple!\",\"publisher\":{\"@type\":\"Organization\",\"@id\":\"https:\\\/\\\/www.apfelpatient.de\\\/en\\\/#organization\",\"name\":\"Apfelpatient\",\"url\":\"https:\\\/\\\/www.apfelpatient.de\\\/en\\\/\"},\"alternateName\":\"Apfelpatient\",\"potentialAction\":[{\"@type\":\"SearchAction\",\"target\":{\"@type\":\"EntryPoint\",\"urlTemplate\":\"https:\\\/\\\/www.apfelpatient.de\\\/?s={search_term_string}\"},\"query-input\":{\"@type\":\"PropertyValueSpecification\",\"valueRequired\":true,\"valueName\":\"search_term_string\"}}],\"inLanguage\":\"en-US\"},{\"@type\":[\"Person\",\"Organization\"],\"@id\":\"https:\\\/\\\/www.apfelpatient.de\\\/#\\\/schema\\\/person\\\/7dc56ad6c8e9824b76d2c08d4c140e13\",\"name\":\"Milan\",\"logo\":{\"@id\":\"https:\\\/\\\/www.apfelpatient.de\\\/#\\\/schema\\\/person\\\/image\\\/\"},\"description\":\"Hallo und herzlich willkommen auf meinem Technik-Blog! Als gro\u00dfer Apple-Fan berichte ich hier \u00fcber alles, was mit Apple zu tun hat: von den neuesten News und spannenden Ger\u00fcchten \u00fcber hilfreiche Tipps und Tricks bis hin zu ausf\u00fchrlichen Produkttests. Wenn du genauso technikbegeistert bist wie ich, bist du hier genau richtig!\",\"sameAs\":[\"https:\\\/\\\/www.facebook.com\\\/apfelpatientOfficial\",\"https:\\\/\\\/www.linkedin.com\\\/in\\\/milan-jovicic-42aa0231b\"],\"url\":\"https:\\\/\\\/www.apfelpatient.de\\\/en\\\/author\\\/apfeladmin\"}]}<\/script>\n<!-- \/ Yoast SEO Premium plugin. -->","yoast_head_json":{"title":"Apple TV+: Billie Eilish&#039;s documentary gets a special debut event","description":"A special debut event will mark the release of Billie Eilish&#039;s Apple TV+ documentary and include surprises.","robots":{"index":"index","follow":"follow","max-snippet":"max-snippet:-1","max-image-preview":"max-image-preview:large","max-video-preview":"max-video-preview:-1"},"canonical":"https:\/\/www.apfelpatient.de\/en\/news\/apple-tv-billie-eilishs-documentary-gets-a-special-debut-event","og_locale":"en_US","og_type":"article","og_title":"Apple TV+: Billie Eilishs Dokumentarfilm erh\u00e4lt ein spezielles Deb\u00fct-Event","og_description":"Ein spezielles Deb\u00fct-Event wird die Ver\u00f6ffentlichung von Billie Eilishs Apple TV+ Dokumentation einl\u00e4uten und \u00dcberraschungen beinhalten.","og_url":"https:\/\/www.apfelpatient.de\/en\/news\/apple-tv-billie-eilishs-documentary-gets-a-special-debut-event","og_site_name":"Apfelpatient","article_publisher":"https:\/\/www.facebook.com\/apfelpatientOfficial","article_author":"https:\/\/www.facebook.com\/apfelpatientOfficial","article_published_time":"2021-02-22T20:58:32+00:00","article_modified_time":"2025-10-14T14:03:19+00:00","og_image":[{"width":1024,"height":576,"url":"https:\/\/www.apfelpatient.de\/wp-content\/uploads\/2021\/02\/Apple_TV_Billie_Eilish_key_art_16_9-1-1024x576.png","type":"image\/png"}],"author":"Milan","twitter_card":"summary_large_image","twitter_description":"Ein spezielles Deb\u00fct-Event wird die Ver\u00f6ffentlichung von Billie Eilishs Apple TV+ Dokumentation einl\u00e4uten und \u00dcberraschungen beinhalten.","twitter_misc":{"Written by":"Milan","Est. reading time":"2 minutes"},"schema":{"@context":"https:\/\/schema.org","@graph":[{"@type":"NewsArticle","@id":"https:\/\/www.apfelpatient.de\/news\/apple-tv-billie-eilishs-dokumentarfilm-erhaelt-ein-spezielles-debuet-event#article","isPartOf":{"@id":"https:\/\/www.apfelpatient.de\/news\/apple-tv-billie-eilishs-dokumentarfilm-erhaelt-ein-spezielles-debuet-event"},"author":{"@type":"Organization","@id":"https:\/\/www.apfelpatient.de\/en\/#organization","name":"Apfelpatient","url":"https:\/\/www.apfelpatient.de\/en\/"},"headline":"Apple TV+: Billie Eilishs Dokumentarfilm erh\u00e4lt ein spezielles Deb\u00fct-Event","datePublished":"2021-02-22T20:58:32+00:00","dateModified":"2025-10-14T14:03:19+00:00","mainEntityOfPage":{"@id":"https:\/\/www.apfelpatient.de\/news\/apple-tv-billie-eilishs-dokumentarfilm-erhaelt-ein-spezielles-debuet-event"},"wordCount":284,"publisher":{"@type":"Organization","@id":"https:\/\/www.apfelpatient.de\/en\/#organization","name":"Apfelpatient","url":"https:\/\/www.apfelpatient.de\/en\/"},"image":{"@id":"https:\/\/www.apfelpatient.de\/news\/apple-tv-billie-eilishs-dokumentarfilm-erhaelt-ein-spezielles-debuet-event#primaryimage"},"thumbnailUrl":"https:\/\/www.apfelpatient.de\/wp-content\/uploads\/2021\/02\/Apple_TV_Billie_Eilish_key_art_16_9-1.png","keywords":["Apple Dienste","Apple TV","Apple TV Plus"],"articleSection":"News","inLanguage":"en-US","copyrightYear":"2021","copyrightHolder":{"@id":"https:\/\/www.apfelpatient.de\/en\/#organization"}},{"@type":"WebPage","@id":"https:\/\/www.apfelpatient.de\/news\/apple-tv-billie-eilishs-dokumentarfilm-erhaelt-ein-spezielles-debuet-event","url":"https:\/\/www.apfelpatient.de\/news\/apple-tv-billie-eilishs-dokumentarfilm-erhaelt-ein-spezielles-debuet-event","name":"Apple TV+: Billie Eilish&#039;s documentary gets a special debut event","isPartOf":{"@id":"https:\/\/www.apfelpatient.de\/#website"},"primaryImageOfPage":{"@id":"https:\/\/www.apfelpatient.de\/news\/apple-tv-billie-eilishs-dokumentarfilm-erhaelt-ein-spezielles-debuet-event#primaryimage"},"image":{"@id":"https:\/\/www.apfelpatient.de\/news\/apple-tv-billie-eilishs-dokumentarfilm-erhaelt-ein-spezielles-debuet-event#primaryimage"},"thumbnailUrl":"https:\/\/www.apfelpatient.de\/wp-content\/uploads\/2021\/02\/Apple_TV_Billie_Eilish_key_art_16_9-1.png","datePublished":"2021-02-22T20:58:32+00:00","dateModified":"2025-10-14T14:03:19+00:00","description":"A special debut event will mark the release of Billie Eilish&#039;s Apple TV+ documentary and include surprises.","breadcrumb":{"@id":"https:\/\/www.apfelpatient.de\/news\/apple-tv-billie-eilishs-dokumentarfilm-erhaelt-ein-spezielles-debuet-event#breadcrumb"},"inLanguage":"en-US","potentialAction":[{"@type":"ReadAction","target":["https:\/\/www.apfelpatient.de\/news\/apple-tv-billie-eilishs-dokumentarfilm-erhaelt-ein-spezielles-debuet-event"]}]},{"@type":"ImageObject","inLanguage":"en-US","@id":"https:\/\/www.apfelpatient.de\/news\/apple-tv-billie-eilishs-dokumentarfilm-erhaelt-ein-spezielles-debuet-event#primaryimage","url":"https:\/\/www.apfelpatient.de\/wp-content\/uploads\/2021\/02\/Apple_TV_Billie_Eilish_key_art_16_9-1.png","contentUrl":"https:\/\/www.apfelpatient.de\/wp-content\/uploads\/2021\/02\/Apple_TV_Billie_Eilish_key_art_16_9-1.png","width":1600,"height":900,"caption":"Bild: Apple"},{"@type":"BreadcrumbList","@id":"https:\/\/www.apfelpatient.de\/news\/apple-tv-billie-eilishs-dokumentarfilm-erhaelt-ein-spezielles-debuet-event#breadcrumb","itemListElement":[{"@type":"ListItem","position":1,"name":"Startseite","item":"https:\/\/www.apfelpatient.de\/"},{"@type":"ListItem","position":2,"name":"Apple TV+: Billie Eilishs Dokumentarfilm erh\u00e4lt ein spezielles Deb\u00fct-Event"}]},{"@type":"WebSite","@id":"https:\/\/www.apfelpatient.de\/#website","url":"https:\/\/www.apfelpatient.de\/","name":"apple patient","description":"Everything about Apple!","publisher":{"@type":"Organization","@id":"https:\/\/www.apfelpatient.de\/en\/#organization","name":"Apfelpatient","url":"https:\/\/www.apfelpatient.de\/en\/"},"alternateName":"Apfelpatient","potentialAction":[{"@type":"SearchAction","target":{"@type":"EntryPoint","urlTemplate":"https:\/\/www.apfelpatient.de\/?s={search_term_string}"},"query-input":{"@type":"PropertyValueSpecification","valueRequired":true,"valueName":"search_term_string"}}],"inLanguage":"en-US"},{"@type":["Person","Organization"],"@id":"https:\/\/www.apfelpatient.de\/#\/schema\/person\/7dc56ad6c8e9824b76d2c08d4c140e13","name":"Milan","logo":{"@id":"https:\/\/www.apfelpatient.de\/#\/schema\/person\/image\/"},"description":"Hello and welcome to my technology blog! As a big Apple fan, I report on everything to do with Apple: from the latest news and exciting rumors to helpful tips and tricks and detailed product tests. If you are as enthusiastic about technology as I am, you have come to the right place!","sameAs":["https:\/\/www.facebook.com\/apfelpatientOfficial","https:\/\/www.linkedin.com\/in\/milan-jovicic-42aa0231b"],"url":"https:\/\/www.apfelpatient.de\/en\/author\/apfeladmin"}]}},"_links":{"self":[{"href":"https:\/\/www.apfelpatient.de\/en\/wp-json\/wp\/v2\/posts\/19487","targetHints":{"allow":["GET"]}}],"collection":[{"href":"https:\/\/www.apfelpatient.de\/en\/wp-json\/wp\/v2\/posts"}],"about":[{"href":"https:\/\/www.apfelpatient.de\/en\/wp-json\/wp\/v2\/types\/post"}],"author":[{"embeddable":true,"href":"https:\/\/www.apfelpatient.de\/en\/wp-json\/wp\/v2\/users\/2"}],"replies":[{"embeddable":true,"href":"https:\/\/www.apfelpatient.de\/en\/wp-json\/wp\/v2\/comments?post=19487"}],"version-history":[{"count":0,"href":"https:\/\/www.apfelpatient.de\/en\/wp-json\/wp\/v2\/posts\/19487\/revisions"}],"wp:featuredmedia":[{"embeddable":true,"href":"https:\/\/www.apfelpatient.de\/en\/wp-json\/wp\/v2\/media\/19486"}],"wp:attachment":[{"href":"https:\/\/www.apfelpatient.de\/en\/wp-json\/wp\/v2\/media?parent=19487"}],"wp:term":[{"taxonomy":"category","embeddable":true,"href":"https:\/\/www.apfelpatient.de\/en\/wp-json\/wp\/v2\/categories?post=19487"},{"taxonomy":"post_tag","embeddable":true,"href":"https:\/\/www.apfelpatient.de\/en\/wp-json\/wp\/v2\/tags?post=19487"}],"curies":[{"name":"wp","href":"https:\/\/api.w.org\/{rel}","templated":true}]}}