{"id":19441,"date":"2021-02-21T15:18:02","date_gmt":"2021-02-21T14:18:02","guid":{"rendered":"https:\/\/www.apfelpatient.de\/?p=19441"},"modified":"2021-02-21T15:18:03","modified_gmt":"2021-02-21T14:18:03","slug":"this-is-what-the-third-generation-airpods-look-like","status":"publish","type":"post","link":"https:\/\/www.apfelpatient.de\/en\/rumors\/sehen-so-die-airpods-der-dritten-generation-aus","title":{"rendered":"Is this what the third generation AirPods look like?"},"content":{"rendered":"<p class=\"has-drop-cap\"><strong>We have already read several rumors that Apple plans to introduce the third generation of AirPods this year. Now, new images have surfaced that are supposed to show the new audio accessories.<\/strong><\/p>\n\n\n\n<p>If the rumor mill is to be believed, Apple is planning to introduce the AirPods 3 and the second generation of the AirPods Pro this year. Now there is more information. The image shared by 52audio shows both the AirPods and the charging case for the alleged third generation of the wireless earbuds. 52audio has already shared images in the past that are supposed to show various parts of the third generation of the AirPods. It was only in November that an X-ray image was provided that was supposed to reveal the hardware. But shortly after that it turned out to be a fake. The image shared today, however, is consistent with what we know so far about the third generation AirPods. Bloomberg has reported that the new buds will adopt the design of the AirPods Pro by having a shorter stem and silicone ear tips. However, they will not have active noise cancellation.<\/p>\n\n\n\n<h3 class=\"wp-block-heading\" id=\"h-airpods-der-dritten-generation-markteinf-hrung-im-m-rz\">Third generation AirPods: launch in March?<\/h3>\n\n\n\n\n\n\n\n<p>52audio states that the new AirPods have a pressure relief system. This technology is already used in the AirPods Pro. The system is designed to equalize the pressure in the ear so that the AirPods do not become uncomfortable even after prolonged use.<\/p>\n\n\n\n<figure class=\"wp-block-image size-large\"><img decoding=\"async\" width=\"1024\" height=\"683\" src=\"https:\/\/www.apfelpatient.de\/wp-content\/uploads\/2021\/02\/7-1024x683.png\" alt=\"AirPods 3\" class=\"wp-image-19439\" srcset=\"https:\/\/www.apfelpatient.de\/wp-content\/uploads\/2021\/02\/7-1024x683.png 1024w, https:\/\/www.apfelpatient.de\/wp-content\/uploads\/2021\/02\/7-300x200.png 300w, https:\/\/www.apfelpatient.de\/wp-content\/uploads\/2021\/02\/7-768x512.png 768w, https:\/\/www.apfelpatient.de\/wp-content\/uploads\/2021\/02\/7-750x500.png 750w, https:\/\/www.apfelpatient.de\/wp-content\/uploads\/2021\/02\/7-1140x760.png 1140w, https:\/\/www.apfelpatient.de\/wp-content\/uploads\/2021\/02\/7.png 1200w\" sizes=\"(max-width: 1024px) 100vw, 1024px\" \/><figcaption>via 52audio<\/figcaption><\/figure>\n\n\n\n<p>If the picture is real, the charging case will be less rectangular than the case that comes with the AirPods Pro. It could therefore be more like the original case. In terms of controls, <a href=\"http:\/\/www.52audio.com\/archives\/72978.html\" target=\"_blank\" rel=\"noreferrer noopener\">claimed<\/a>that the new model will have the same touch surface that is already used in the Pro version. When Apple will present the AirPods 3 remains unclear. Current rumors suggest a market launch in the first half of the year. The second generation of the white earbuds was presented in March 2019 via press release. So the next month could be exciting. <em>(Photo by Eremin \/ Bigstockphoto)<\/em><\/p>\n\n\n\n<ul class=\"wp-block-list\"><li><a href=\"https:\/\/www.apfelpatient.de\/en\/generally\/airpods-3-airpods-pro-2-rumors-at-a-glance\">AirPods 3 &amp; AirPods Pro 2: Rumors at a glance<\/a><\/li><\/ul>\n\n\n\n<h6 class=\"wp-block-heading translation-block\" id=\"h-kennt-ihr-schon-unsere-amazon-storefront-dort-findet-ihr-eine-handverlesene-auswahl-von-diversen-produkten-f-r-euer-iphone-und-co-viel-spa-beim-st-bern\"><em>Have you already visited our Amazon Storefront? There you&#039;ll find a hand-picked selection of various products for your iPhone and other devices \u2013 <span class=\"has-inline-color has-vivid-red-color\"><a href=\"https:\/\/www.amazon.de\/shop\/apfelpatientofficial\" class=\"ek-link\" data-wpel-link=\"exclude\" rel=\"follow noopener\" target=\"_self\"><span style=\"text-decoration: underline\" class=\"ek-underline\">enjoy browsing<\/span><\/a> !<\/span><\/em><\/h6>\n\n\n\n\n\n<h6 class=\"wp-block-heading translation-block\" id=\"h-der-beitrag-enthalt-partnerlinks\">This post contains <a data-type=\"URL\" data-id=\"https:\/\/www.apfelpatient.de\/partnerprogramm\" href=\"https:\/\/www.apfelpatient.de\/en\/partner-program\" data-wpel-link=\"internal\" target=\"_self\">affiliate links<\/a>.<\/h6>","protected":false},"excerpt":{"rendered":"<p>We have already read several rumors that Apple plans to introduce the third generation AirPods this year.<\/p>","protected":false},"author":2,"featured_media":19440,"comment_status":"closed","ping_status":"closed","sticky":false,"template":"","format":"standard","meta":{"jnews-multi-image_gallery":[],"jnews_single_post":{"subtitle":"","format":"standard","video":"","gallery":"","source_name":"","source_url":"","via_name":"","via_url":"","override":[{"single_blog_custom":"","sidebar":"","second_sidebar":"","share_position":"","share_float_style":"","post_date_format":"","post_date_format_custom":"","post_reading_time_wpm":"","zoom_button_out_step":"1","zoom_button_in_step":"1","number_popup_post":"1"}],"image_override":[{"single_post_thumbnail_size":"","single_post_gallery_size":""}],"trending_post_position":"","trending_post_label":"","sponsored_post_label":"","sponsored_post_name":"","sponsored_post_url":"","sponsored_post_logo":"","sponsored_post_desc":""},"jnews_primary_category":{"id":"25"},"footnotes":""},"categories":[25],"tags":[28,255],"class_list":["post-19441","post","type-post","status-publish","format-standard","has-post-thumbnail","hentry","category-rumors","tag-airpods","tag-airpods-3"],"yoast_head":"<!-- This site is optimized with the Yoast SEO Premium plugin v27.5 (Yoast SEO v27.5) - https:\/\/yoast.com\/product\/yoast-seo-premium-wordpress\/ -->\n<title>Sehen so die AirPods der dritten Generation aus? Apfelpatient<\/title>\n<meta name=\"description\" content=\"Ger\u00fcchte, wonach Apple in diesem Jahr die AirPods der dritten Generation vorstellen m\u00f6chte, haben wir bereits mehrfach gelesen.\" \/>\n<meta name=\"robots\" content=\"index, follow, max-snippet:-1, max-image-preview:large, max-video-preview:-1\" \/>\n<link rel=\"canonical\" href=\"https:\/\/www.apfelpatient.de\/en\/rumors\/this-is-what-the-third-generation-airpods-look-like\" \/>\n<meta property=\"og:locale\" content=\"en_US\" \/>\n<meta property=\"og:type\" content=\"article\" \/>\n<meta property=\"og:title\" content=\"Sehen so die AirPods der dritten Generation aus?\" \/>\n<meta property=\"og:description\" content=\"Ger\u00fcchte, wonach Apple in diesem Jahr die AirPods der dritten Generation vorstellen m\u00f6chte, haben wir bereits mehrfach gelesen.\" \/>\n<meta property=\"og:url\" content=\"https:\/\/www.apfelpatient.de\/en\/rumors\/this-is-what-the-third-generation-airpods-look-like\" \/>\n<meta property=\"og:site_name\" content=\"Apfelpatient\" \/>\n<meta property=\"article:publisher\" content=\"https:\/\/www.facebook.com\/apfelpatientOfficial\" \/>\n<meta property=\"article:author\" content=\"https:\/\/www.facebook.com\/apfelpatientOfficial\" \/>\n<meta property=\"article:published_time\" content=\"2021-02-21T14:18:02+00:00\" \/>\n<meta property=\"article:modified_time\" content=\"2021-02-21T14:18:03+00:00\" \/>\n<meta property=\"og:image\" content=\"https:\/\/www.apfelpatient.de\/wp-content\/uploads\/2021\/02\/bigstock-Rostov-on-don-Russia-Decemb-349020985.jpg\" \/>\n\t<meta property=\"og:image:width\" content=\"1600\" \/>\n\t<meta property=\"og:image:height\" content=\"1098\" \/>\n\t<meta property=\"og:image:type\" content=\"image\/jpeg\" \/>\n<meta name=\"author\" content=\"Milan\" \/>\n<meta name=\"twitter:card\" content=\"summary_large_image\" \/>\n<meta name=\"twitter:description\" content=\"Ger\u00fcchte, wonach Apple in diesem Jahr die AirPods der dritten Generation vorstellen m\u00f6chte, haben wir bereits mehrfach gelesen.\" \/>\n<meta name=\"twitter:label1\" content=\"Written by\" \/>\n\t<meta name=\"twitter:data1\" content=\"Milan\" \/>\n\t<meta name=\"twitter:label2\" content=\"Est. reading time\" \/>\n\t<meta name=\"twitter:data2\" content=\"2 minutes\" \/>\n<script type=\"application\/ld+json\" class=\"yoast-schema-graph\">{\"@context\":\"https:\\\/\\\/schema.org\",\"@graph\":[{\"@type\":\"NewsArticle\",\"@id\":\"https:\\\/\\\/www.apfelpatient.de\\\/rumors\\\/sehen-so-die-airpods-der-dritten-generation-aus#article\",\"isPartOf\":{\"@id\":\"https:\\\/\\\/www.apfelpatient.de\\\/rumors\\\/sehen-so-die-airpods-der-dritten-generation-aus\"},\"author\":{\"@type\":\"Organization\",\"@id\":\"https:\\\/\\\/www.apfelpatient.de\\\/en\\\/#organization\",\"name\":\"Apfelpatient\",\"url\":\"https:\\\/\\\/www.apfelpatient.de\\\/en\\\/\"},\"headline\":\"Sehen so die AirPods der dritten Generation aus?\",\"datePublished\":\"2021-02-21T14:18:02+00:00\",\"dateModified\":\"2021-02-21T14:18:03+00:00\",\"mainEntityOfPage\":{\"@id\":\"https:\\\/\\\/www.apfelpatient.de\\\/rumors\\\/sehen-so-die-airpods-der-dritten-generation-aus\"},\"wordCount\":373,\"publisher\":{\"@type\":\"Organization\",\"@id\":\"https:\\\/\\\/www.apfelpatient.de\\\/en\\\/#organization\",\"name\":\"Apfelpatient\",\"url\":\"https:\\\/\\\/www.apfelpatient.de\\\/en\\\/\"},\"image\":{\"@id\":\"https:\\\/\\\/www.apfelpatient.de\\\/rumors\\\/sehen-so-die-airpods-der-dritten-generation-aus#primaryimage\"},\"thumbnailUrl\":\"https:\\\/\\\/www.apfelpatient.de\\\/wp-content\\\/uploads\\\/2021\\\/02\\\/bigstock-Rostov-on-don-Russia-Decemb-349020985.jpg\",\"keywords\":[\"AirPods\",\"AirPods 3\"],\"articleSection\":\"Rumors\",\"inLanguage\":\"en-US\",\"copyrightYear\":\"2021\",\"copyrightHolder\":{\"@id\":\"https:\\\/\\\/www.apfelpatient.de\\\/en\\\/#organization\"}},{\"@type\":\"WebPage\",\"@id\":\"https:\\\/\\\/www.apfelpatient.de\\\/rumors\\\/sehen-so-die-airpods-der-dritten-generation-aus\",\"url\":\"https:\\\/\\\/www.apfelpatient.de\\\/rumors\\\/sehen-so-die-airpods-der-dritten-generation-aus\",\"name\":\"Sehen so die AirPods der dritten Generation aus? Apfelpatient\",\"isPartOf\":{\"@id\":\"https:\\\/\\\/www.apfelpatient.de\\\/#website\"},\"primaryImageOfPage\":{\"@id\":\"https:\\\/\\\/www.apfelpatient.de\\\/rumors\\\/sehen-so-die-airpods-der-dritten-generation-aus#primaryimage\"},\"image\":{\"@id\":\"https:\\\/\\\/www.apfelpatient.de\\\/rumors\\\/sehen-so-die-airpods-der-dritten-generation-aus#primaryimage\"},\"thumbnailUrl\":\"https:\\\/\\\/www.apfelpatient.de\\\/wp-content\\\/uploads\\\/2021\\\/02\\\/bigstock-Rostov-on-don-Russia-Decemb-349020985.jpg\",\"datePublished\":\"2021-02-21T14:18:02+00:00\",\"dateModified\":\"2021-02-21T14:18:03+00:00\",\"description\":\"Ger\u00fcchte, wonach Apple in diesem Jahr die AirPods der dritten Generation vorstellen m\u00f6chte, haben wir bereits mehrfach gelesen.\",\"breadcrumb\":{\"@id\":\"https:\\\/\\\/www.apfelpatient.de\\\/rumors\\\/sehen-so-die-airpods-der-dritten-generation-aus#breadcrumb\"},\"inLanguage\":\"en-US\",\"potentialAction\":[{\"@type\":\"ReadAction\",\"target\":[\"https:\\\/\\\/www.apfelpatient.de\\\/rumors\\\/sehen-so-die-airpods-der-dritten-generation-aus\"]}]},{\"@type\":\"ImageObject\",\"inLanguage\":\"en-US\",\"@id\":\"https:\\\/\\\/www.apfelpatient.de\\\/rumors\\\/sehen-so-die-airpods-der-dritten-generation-aus#primaryimage\",\"url\":\"https:\\\/\\\/www.apfelpatient.de\\\/wp-content\\\/uploads\\\/2021\\\/02\\\/bigstock-Rostov-on-don-Russia-Decemb-349020985.jpg\",\"contentUrl\":\"https:\\\/\\\/www.apfelpatient.de\\\/wp-content\\\/uploads\\\/2021\\\/02\\\/bigstock-Rostov-on-don-Russia-Decemb-349020985.jpg\",\"width\":1600,\"height\":1098,\"caption\":\"Rostov-on-Don, Russia - December 2019. Apple AirPods on a white background. Wireless headphones in a charging case close-up.\"},{\"@type\":\"BreadcrumbList\",\"@id\":\"https:\\\/\\\/www.apfelpatient.de\\\/rumors\\\/sehen-so-die-airpods-der-dritten-generation-aus#breadcrumb\",\"itemListElement\":[{\"@type\":\"ListItem\",\"position\":1,\"name\":\"Startseite\",\"item\":\"https:\\\/\\\/www.apfelpatient.de\\\/\"},{\"@type\":\"ListItem\",\"position\":2,\"name\":\"Sehen so die AirPods der dritten Generation aus?\"}]},{\"@type\":\"WebSite\",\"@id\":\"https:\\\/\\\/www.apfelpatient.de\\\/#website\",\"url\":\"https:\\\/\\\/www.apfelpatient.de\\\/\",\"name\":\"Apfelpatient\",\"description\":\"Alles rund um Apple!\",\"publisher\":{\"@type\":\"Organization\",\"@id\":\"https:\\\/\\\/www.apfelpatient.de\\\/en\\\/#organization\",\"name\":\"Apfelpatient\",\"url\":\"https:\\\/\\\/www.apfelpatient.de\\\/en\\\/\"},\"alternateName\":\"Apfelpatient\",\"potentialAction\":[{\"@type\":\"SearchAction\",\"target\":{\"@type\":\"EntryPoint\",\"urlTemplate\":\"https:\\\/\\\/www.apfelpatient.de\\\/?s={search_term_string}\"},\"query-input\":{\"@type\":\"PropertyValueSpecification\",\"valueRequired\":true,\"valueName\":\"search_term_string\"}}],\"inLanguage\":\"en-US\"},{\"@type\":[\"Person\",\"Organization\"],\"@id\":\"https:\\\/\\\/www.apfelpatient.de\\\/#\\\/schema\\\/person\\\/7dc56ad6c8e9824b76d2c08d4c140e13\",\"name\":\"Milan\",\"logo\":{\"@id\":\"https:\\\/\\\/www.apfelpatient.de\\\/#\\\/schema\\\/person\\\/image\\\/\"},\"description\":\"Hallo und herzlich willkommen auf meinem Technik-Blog! Als gro\u00dfer Apple-Fan berichte ich hier \u00fcber alles, was mit Apple zu tun hat: von den neuesten News und spannenden Ger\u00fcchten \u00fcber hilfreiche Tipps und Tricks bis hin zu ausf\u00fchrlichen Produkttests. Wenn du genauso technikbegeistert bist wie ich, bist du hier genau richtig!\",\"sameAs\":[\"https:\\\/\\\/www.facebook.com\\\/apfelpatientOfficial\",\"https:\\\/\\\/www.linkedin.com\\\/in\\\/milan-jovicic-42aa0231b\"],\"url\":\"https:\\\/\\\/www.apfelpatient.de\\\/en\\\/author\\\/apfeladmin\"}]}<\/script>\n<!-- \/ Yoast SEO Premium plugin. -->","yoast_head_json":{"title":"Is this what the third generation AirPods look like? Apfelpatient","description":"We have already read several rumors that Apple plans to introduce the third generation AirPods this year.","robots":{"index":"index","follow":"follow","max-snippet":"max-snippet:-1","max-image-preview":"max-image-preview:large","max-video-preview":"max-video-preview:-1"},"canonical":"https:\/\/www.apfelpatient.de\/en\/rumors\/this-is-what-the-third-generation-airpods-look-like","og_locale":"en_US","og_type":"article","og_title":"Sehen so die AirPods der dritten Generation aus?","og_description":"Ger\u00fcchte, wonach Apple in diesem Jahr die AirPods der dritten Generation vorstellen m\u00f6chte, haben wir bereits mehrfach gelesen.","og_url":"https:\/\/www.apfelpatient.de\/en\/rumors\/this-is-what-the-third-generation-airpods-look-like","og_site_name":"Apfelpatient","article_publisher":"https:\/\/www.facebook.com\/apfelpatientOfficial","article_author":"https:\/\/www.facebook.com\/apfelpatientOfficial","article_published_time":"2021-02-21T14:18:02+00:00","article_modified_time":"2021-02-21T14:18:03+00:00","og_image":[{"width":1600,"height":1098,"url":"https:\/\/www.apfelpatient.de\/wp-content\/uploads\/2021\/02\/bigstock-Rostov-on-don-Russia-Decemb-349020985.jpg","type":"image\/jpeg"}],"author":"Milan","twitter_card":"summary_large_image","twitter_description":"Ger\u00fcchte, wonach Apple in diesem Jahr die AirPods der dritten Generation vorstellen m\u00f6chte, haben wir bereits mehrfach gelesen.","twitter_misc":{"Written by":"Milan","Est. reading time":"2 minutes"},"schema":{"@context":"https:\/\/schema.org","@graph":[{"@type":"NewsArticle","@id":"https:\/\/www.apfelpatient.de\/rumors\/sehen-so-die-airpods-der-dritten-generation-aus#article","isPartOf":{"@id":"https:\/\/www.apfelpatient.de\/rumors\/sehen-so-die-airpods-der-dritten-generation-aus"},"author":{"@type":"Organization","@id":"https:\/\/www.apfelpatient.de\/en\/#organization","name":"Apfelpatient","url":"https:\/\/www.apfelpatient.de\/en\/"},"headline":"Sehen so die AirPods der dritten Generation aus?","datePublished":"2021-02-21T14:18:02+00:00","dateModified":"2021-02-21T14:18:03+00:00","mainEntityOfPage":{"@id":"https:\/\/www.apfelpatient.de\/rumors\/sehen-so-die-airpods-der-dritten-generation-aus"},"wordCount":373,"publisher":{"@type":"Organization","@id":"https:\/\/www.apfelpatient.de\/en\/#organization","name":"Apfelpatient","url":"https:\/\/www.apfelpatient.de\/en\/"},"image":{"@id":"https:\/\/www.apfelpatient.de\/rumors\/sehen-so-die-airpods-der-dritten-generation-aus#primaryimage"},"thumbnailUrl":"https:\/\/www.apfelpatient.de\/wp-content\/uploads\/2021\/02\/bigstock-Rostov-on-don-Russia-Decemb-349020985.jpg","keywords":["AirPods","AirPods 3"],"articleSection":"Rumors","inLanguage":"en-US","copyrightYear":"2021","copyrightHolder":{"@id":"https:\/\/www.apfelpatient.de\/en\/#organization"}},{"@type":"WebPage","@id":"https:\/\/www.apfelpatient.de\/rumors\/sehen-so-die-airpods-der-dritten-generation-aus","url":"https:\/\/www.apfelpatient.de\/rumors\/sehen-so-die-airpods-der-dritten-generation-aus","name":"Is this what the third generation AirPods look like? Apfelpatient","isPartOf":{"@id":"https:\/\/www.apfelpatient.de\/#website"},"primaryImageOfPage":{"@id":"https:\/\/www.apfelpatient.de\/rumors\/sehen-so-die-airpods-der-dritten-generation-aus#primaryimage"},"image":{"@id":"https:\/\/www.apfelpatient.de\/rumors\/sehen-so-die-airpods-der-dritten-generation-aus#primaryimage"},"thumbnailUrl":"https:\/\/www.apfelpatient.de\/wp-content\/uploads\/2021\/02\/bigstock-Rostov-on-don-Russia-Decemb-349020985.jpg","datePublished":"2021-02-21T14:18:02+00:00","dateModified":"2021-02-21T14:18:03+00:00","description":"We have already read several rumors that Apple plans to introduce the third generation AirPods this year.","breadcrumb":{"@id":"https:\/\/www.apfelpatient.de\/rumors\/sehen-so-die-airpods-der-dritten-generation-aus#breadcrumb"},"inLanguage":"en-US","potentialAction":[{"@type":"ReadAction","target":["https:\/\/www.apfelpatient.de\/rumors\/sehen-so-die-airpods-der-dritten-generation-aus"]}]},{"@type":"ImageObject","inLanguage":"en-US","@id":"https:\/\/www.apfelpatient.de\/rumors\/sehen-so-die-airpods-der-dritten-generation-aus#primaryimage","url":"https:\/\/www.apfelpatient.de\/wp-content\/uploads\/2021\/02\/bigstock-Rostov-on-don-Russia-Decemb-349020985.jpg","contentUrl":"https:\/\/www.apfelpatient.de\/wp-content\/uploads\/2021\/02\/bigstock-Rostov-on-don-Russia-Decemb-349020985.jpg","width":1600,"height":1098,"caption":"Rostov-on-Don, Russia - December 2019. Apple AirPods on a white background. Wireless headphones in a charging case close-up."},{"@type":"BreadcrumbList","@id":"https:\/\/www.apfelpatient.de\/rumors\/sehen-so-die-airpods-der-dritten-generation-aus#breadcrumb","itemListElement":[{"@type":"ListItem","position":1,"name":"Startseite","item":"https:\/\/www.apfelpatient.de\/"},{"@type":"ListItem","position":2,"name":"Sehen so die AirPods der dritten Generation aus?"}]},{"@type":"WebSite","@id":"https:\/\/www.apfelpatient.de\/#website","url":"https:\/\/www.apfelpatient.de\/","name":"apple patient","description":"Everything about Apple!","publisher":{"@type":"Organization","@id":"https:\/\/www.apfelpatient.de\/en\/#organization","name":"Apfelpatient","url":"https:\/\/www.apfelpatient.de\/en\/"},"alternateName":"Apfelpatient","potentialAction":[{"@type":"SearchAction","target":{"@type":"EntryPoint","urlTemplate":"https:\/\/www.apfelpatient.de\/?s={search_term_string}"},"query-input":{"@type":"PropertyValueSpecification","valueRequired":true,"valueName":"search_term_string"}}],"inLanguage":"en-US"},{"@type":["Person","Organization"],"@id":"https:\/\/www.apfelpatient.de\/#\/schema\/person\/7dc56ad6c8e9824b76d2c08d4c140e13","name":"Milan","logo":{"@id":"https:\/\/www.apfelpatient.de\/#\/schema\/person\/image\/"},"description":"Hello and welcome to my technology blog! As a big Apple fan, I report on everything to do with Apple: from the latest news and exciting rumors to helpful tips and tricks and detailed product tests. If you are as enthusiastic about technology as I am, you have come to the right place!","sameAs":["https:\/\/www.facebook.com\/apfelpatientOfficial","https:\/\/www.linkedin.com\/in\/milan-jovicic-42aa0231b"],"url":"https:\/\/www.apfelpatient.de\/en\/author\/apfeladmin"}]}},"_links":{"self":[{"href":"https:\/\/www.apfelpatient.de\/en\/wp-json\/wp\/v2\/posts\/19441","targetHints":{"allow":["GET"]}}],"collection":[{"href":"https:\/\/www.apfelpatient.de\/en\/wp-json\/wp\/v2\/posts"}],"about":[{"href":"https:\/\/www.apfelpatient.de\/en\/wp-json\/wp\/v2\/types\/post"}],"author":[{"embeddable":true,"href":"https:\/\/www.apfelpatient.de\/en\/wp-json\/wp\/v2\/users\/2"}],"replies":[{"embeddable":true,"href":"https:\/\/www.apfelpatient.de\/en\/wp-json\/wp\/v2\/comments?post=19441"}],"version-history":[{"count":0,"href":"https:\/\/www.apfelpatient.de\/en\/wp-json\/wp\/v2\/posts\/19441\/revisions"}],"wp:featuredmedia":[{"embeddable":true,"href":"https:\/\/www.apfelpatient.de\/en\/wp-json\/wp\/v2\/media\/19440"}],"wp:attachment":[{"href":"https:\/\/www.apfelpatient.de\/en\/wp-json\/wp\/v2\/media?parent=19441"}],"wp:term":[{"taxonomy":"category","embeddable":true,"href":"https:\/\/www.apfelpatient.de\/en\/wp-json\/wp\/v2\/categories?post=19441"},{"taxonomy":"post_tag","embeddable":true,"href":"https:\/\/www.apfelpatient.de\/en\/wp-json\/wp\/v2\/tags?post=19441"}],"curies":[{"name":"wp","href":"https:\/\/api.w.org\/{rel}","templated":true}]}}