{"id":19426,"date":"2021-02-20T12:31:52","date_gmt":"2021-02-20T11:31:52","guid":{"rendered":"https:\/\/www.apfelpatient.de\/?p=19426"},"modified":"2021-02-20T12:31:54","modified_gmt":"2021-02-20T11:31:54","slug":"apple-will-host-an-event-on-march-16th","status":"publish","type":"post","link":"https:\/\/www.apfelpatient.de\/en\/rumors\/wird-apple-am-16-maerz-ein-event-veranstalten","title":{"rendered":"Will Apple host an event on March 16?"},"content":{"rendered":"<p class=\"has-drop-cap\"><strong>We first read reports that Apple is planning its well-known spring event on March 16 in the fall of 2020. Now Bloomberg journalist and Apple leaker Mark Gurman has spoken out.<\/strong><\/p>\n\n\n\n<p>In recent weeks, March 16th has been mentioned repeatedly as the date for a possible Apple event. Many of us were already very skeptical about the prospects of a March event, both because of the sources and because of all the rumors about new products. For this reason, I recently saved myself an article about it. Now Bloomberg journalist and Apple leaker Mark Gurman has spoken out on Twitter <a href=\"https:\/\/twitter.com\/markgurman\/status\/1362929260487344128?ref_src=twsrc%5Etfw%7Ctwcamp%5Etweetembed%7Ctwterm%5E1362929260487344128%7Ctwgr%5E%7Ctwcon%5Es1_&amp;ref_url=https%3A%2F%2F9to5mac.com%2F2021%2F02%2F19%2Fmark-gurman-no-march-16th-apple-event-or-airtags-launch%2F\" target=\"_blank\" rel=\"noreferrer noopener\">reported<\/a> stating that Apple will not be holding an event on March 16. We&#039;ve all been wondering for some time now if Apple will be holding a March event, due to the sheer number of products rumored to be released in the first half of 2021.\u00a0<\/p>\n\n\n\n<h3 class=\"wp-block-heading\" id=\"h-apple-event-im-m-rz-was-spricht-gegen-pressemitteilungen\">Apple Event in March: What&#039;s wrong with press releases?<\/h3>\n\n\n\n\n\n\n\n<p>Reports of new iPad Pros, new AirPods and new products like AirTags have been circulating for months. In addition, YouTuber Jon Prosser was one of the first to suggest an event on March 16. But when it comes to rumors about Apple, there is only one really reliable source you can rely on - Mark Gurman. As far as he knows, neither an event nor the launch of the AirTags is planned for that day. However, he does not rule out product launches in March. Apple could theoretically hold a virtual keynote on a different day or resort to press releases. After all, the company tends to release a few minor product updates every March.<em> (Image: Apple)<\/em><\/p>\n\n\n\n<ul class=\"wp-block-list\"><li><a href=\"https:\/\/www.apfelpatient.de\/en\/generally\/airpods-3-airpods-pro-2-rumors-at-a-glance\">AirPods 3 &amp; AirPods Pro 2: Rumors at a glance<\/a><\/li><\/ul>\n\n\n\n<h6 class=\"wp-block-heading translation-block\" id=\"h-kennt-ihr-schon-unsere-amazon-storefront-dort-findet-ihr-eine-handverlesene-auswahl-von-diversen-produkten-f-r-euer-iphone-und-co-viel-spa-beim-st-bern\"><em>Have you already visited our Amazon Storefront? There you&#039;ll find a hand-picked selection of various products for your iPhone and other devices \u2013 <span class=\"has-inline-color has-vivid-red-color\"><a href=\"https:\/\/www.amazon.de\/shop\/apfelpatientofficial\" class=\"ek-link\" data-wpel-link=\"exclude\" rel=\"follow noopener\" target=\"_self\"><span style=\"text-decoration: underline\" class=\"ek-underline\">enjoy browsing<\/span><\/a> !<\/span><\/em><\/h6>\n\n\n\n\n\n<h6 class=\"wp-block-heading translation-block\" id=\"h-der-beitrag-enthalt-partnerlinks\">This post contains <a data-type=\"URL\" data-id=\"https:\/\/www.apfelpatient.de\/partnerprogramm\" href=\"https:\/\/www.apfelpatient.de\/en\/partner-program\" data-wpel-link=\"internal\" target=\"_self\">affiliate links<\/a>.<\/h6>","protected":false},"excerpt":{"rendered":"<p>We first read reports that Apple was planning its well-known spring event on March 16 in the fall of 2020.<\/p>","protected":false},"author":2,"featured_media":15700,"comment_status":"closed","ping_status":"closed","sticky":false,"template":"","format":"standard","meta":{"jnews-multi-image_gallery":[],"jnews_single_post":{"subtitle":"","format":"standard","video":"","gallery":"","source_name":"","source_url":"","via_name":"","via_url":"","override":[{"single_blog_custom":"","sidebar":"","second_sidebar":"","share_position":"","share_float_style":"","post_date_format":"","post_date_format_custom":"","post_reading_time_wpm":"","zoom_button_out_step":"1","zoom_button_in_step":"1","number_popup_post":"1"}],"image_override":[{"single_post_thumbnail_size":"","single_post_gallery_size":""}],"trending_post_position":"","trending_post_label":"","sponsored_post_label":"","sponsored_post_name":"","sponsored_post_url":"","sponsored_post_logo":"","sponsored_post_desc":""},"jnews_primary_category":{"id":"25"},"footnotes":""},"categories":[25],"tags":[28,328,18,13],"class_list":["post-19426","post","type-post","status-publish","format-standard","has-post-thumbnail","hentry","category-rumors","tag-airpods","tag-airtag","tag-ipad","tag-techpatient"],"yoast_head":"<!-- This site is optimized with the Yoast SEO Premium plugin v27.5 (Yoast SEO v27.5) - https:\/\/yoast.com\/product\/yoast-seo-premium-wordpress\/ -->\n<title>Wird Apple am 16. M\u00e4rz ein Event veranstalten? Apfelpatient<\/title>\n<meta name=\"description\" content=\"Berichte, wonach Apple am 16. M\u00e4rz die bekannte Fr\u00fchjahrsveranstaltung plant, haben wir erstmals im Herbst 2020 gelesen.\" \/>\n<meta name=\"robots\" content=\"index, follow, max-snippet:-1, max-image-preview:large, max-video-preview:-1\" \/>\n<link rel=\"canonical\" href=\"https:\/\/www.apfelpatient.de\/en\/rumors\/apple-will-host-an-event-on-march-16th\" \/>\n<meta property=\"og:locale\" content=\"en_US\" \/>\n<meta property=\"og:type\" content=\"article\" \/>\n<meta property=\"og:title\" content=\"Wird Apple am 16. M\u00e4rz ein Event veranstalten?\" \/>\n<meta property=\"og:description\" content=\"Berichte, wonach Apple am 16. M\u00e4rz die bekannte Fr\u00fchjahrsveranstaltung plant, haben wir erstmals im Herbst 2020 gelesen.\" \/>\n<meta property=\"og:url\" content=\"https:\/\/www.apfelpatient.de\/en\/rumors\/apple-will-host-an-event-on-march-16th\" \/>\n<meta property=\"og:site_name\" content=\"Apfelpatient\" \/>\n<meta property=\"article:publisher\" content=\"https:\/\/www.facebook.com\/apfelpatientOfficial\" \/>\n<meta property=\"article:author\" content=\"https:\/\/www.facebook.com\/apfelpatientOfficial\" \/>\n<meta property=\"article:published_time\" content=\"2021-02-20T11:31:52+00:00\" \/>\n<meta property=\"article:modified_time\" content=\"2021-02-20T11:31:54+00:00\" \/>\n<meta property=\"og:image\" content=\"https:\/\/www.apfelpatient.de\/wp-content\/uploads\/2020\/09\/apple_apple-event-keynote_tim_09152020-scaled.jpg\" \/>\n\t<meta property=\"og:image:width\" content=\"2560\" \/>\n\t<meta property=\"og:image:height\" content=\"1440\" \/>\n\t<meta property=\"og:image:type\" content=\"image\/jpeg\" \/>\n<meta name=\"author\" content=\"Milan\" \/>\n<meta name=\"twitter:card\" content=\"summary_large_image\" \/>\n<meta name=\"twitter:description\" content=\"Berichte, wonach Apple am 16. M\u00e4rz die bekannte Fr\u00fchjahrsveranstaltung plant, haben wir erstmals im Herbst 2020 gelesen.\" \/>\n<meta name=\"twitter:label1\" content=\"Written by\" \/>\n\t<meta name=\"twitter:data1\" content=\"Milan\" \/>\n\t<meta name=\"twitter:label2\" content=\"Est. reading time\" \/>\n\t<meta name=\"twitter:data2\" content=\"2 minutes\" \/>\n<script type=\"application\/ld+json\" class=\"yoast-schema-graph\">{\"@context\":\"https:\\\/\\\/schema.org\",\"@graph\":[{\"@type\":\"NewsArticle\",\"@id\":\"https:\\\/\\\/www.apfelpatient.de\\\/rumors\\\/wird-apple-am-16-maerz-ein-event-veranstalten#article\",\"isPartOf\":{\"@id\":\"https:\\\/\\\/www.apfelpatient.de\\\/rumors\\\/wird-apple-am-16-maerz-ein-event-veranstalten\"},\"author\":{\"@type\":\"Organization\",\"@id\":\"https:\\\/\\\/www.apfelpatient.de\\\/en\\\/#organization\",\"name\":\"Apfelpatient\",\"url\":\"https:\\\/\\\/www.apfelpatient.de\\\/en\\\/\"},\"headline\":\"Wird Apple am 16. M\u00e4rz ein Event veranstalten?\",\"datePublished\":\"2021-02-20T11:31:52+00:00\",\"dateModified\":\"2021-02-20T11:31:54+00:00\",\"mainEntityOfPage\":{\"@id\":\"https:\\\/\\\/www.apfelpatient.de\\\/rumors\\\/wird-apple-am-16-maerz-ein-event-veranstalten\"},\"wordCount\":320,\"publisher\":{\"@type\":\"Organization\",\"@id\":\"https:\\\/\\\/www.apfelpatient.de\\\/en\\\/#organization\",\"name\":\"Apfelpatient\",\"url\":\"https:\\\/\\\/www.apfelpatient.de\\\/en\\\/\"},\"image\":{\"@id\":\"https:\\\/\\\/www.apfelpatient.de\\\/rumors\\\/wird-apple-am-16-maerz-ein-event-veranstalten#primaryimage\"},\"thumbnailUrl\":\"https:\\\/\\\/www.apfelpatient.de\\\/wp-content\\\/uploads\\\/2020\\\/09\\\/apple_apple-event-keynote_tim_09152020-scaled.jpg\",\"keywords\":[\"AirPods\",\"AirTags\",\"iPad\",\"TechPatient\"],\"articleSection\":\"Rumors\",\"inLanguage\":\"en-US\",\"copyrightYear\":\"2021\",\"copyrightHolder\":{\"@id\":\"https:\\\/\\\/www.apfelpatient.de\\\/en\\\/#organization\"}},{\"@type\":\"WebPage\",\"@id\":\"https:\\\/\\\/www.apfelpatient.de\\\/rumors\\\/wird-apple-am-16-maerz-ein-event-veranstalten\",\"url\":\"https:\\\/\\\/www.apfelpatient.de\\\/rumors\\\/wird-apple-am-16-maerz-ein-event-veranstalten\",\"name\":\"Wird Apple am 16. M\u00e4rz ein Event veranstalten? Apfelpatient\",\"isPartOf\":{\"@id\":\"https:\\\/\\\/www.apfelpatient.de\\\/#website\"},\"primaryImageOfPage\":{\"@id\":\"https:\\\/\\\/www.apfelpatient.de\\\/rumors\\\/wird-apple-am-16-maerz-ein-event-veranstalten#primaryimage\"},\"image\":{\"@id\":\"https:\\\/\\\/www.apfelpatient.de\\\/rumors\\\/wird-apple-am-16-maerz-ein-event-veranstalten#primaryimage\"},\"thumbnailUrl\":\"https:\\\/\\\/www.apfelpatient.de\\\/wp-content\\\/uploads\\\/2020\\\/09\\\/apple_apple-event-keynote_tim_09152020-scaled.jpg\",\"datePublished\":\"2021-02-20T11:31:52+00:00\",\"dateModified\":\"2021-02-20T11:31:54+00:00\",\"description\":\"Berichte, wonach Apple am 16. M\u00e4rz die bekannte Fr\u00fchjahrsveranstaltung plant, haben wir erstmals im Herbst 2020 gelesen.\",\"breadcrumb\":{\"@id\":\"https:\\\/\\\/www.apfelpatient.de\\\/rumors\\\/wird-apple-am-16-maerz-ein-event-veranstalten#breadcrumb\"},\"inLanguage\":\"en-US\",\"potentialAction\":[{\"@type\":\"ReadAction\",\"target\":[\"https:\\\/\\\/www.apfelpatient.de\\\/rumors\\\/wird-apple-am-16-maerz-ein-event-veranstalten\"]}]},{\"@type\":\"ImageObject\",\"inLanguage\":\"en-US\",\"@id\":\"https:\\\/\\\/www.apfelpatient.de\\\/rumors\\\/wird-apple-am-16-maerz-ein-event-veranstalten#primaryimage\",\"url\":\"https:\\\/\\\/www.apfelpatient.de\\\/wp-content\\\/uploads\\\/2020\\\/09\\\/apple_apple-event-keynote_tim_09152020-scaled.jpg\",\"contentUrl\":\"https:\\\/\\\/www.apfelpatient.de\\\/wp-content\\\/uploads\\\/2020\\\/09\\\/apple_apple-event-keynote_tim_09152020-scaled.jpg\",\"width\":2560,\"height\":1440,\"caption\":\"Bild: Apple - Tim Cook\"},{\"@type\":\"BreadcrumbList\",\"@id\":\"https:\\\/\\\/www.apfelpatient.de\\\/rumors\\\/wird-apple-am-16-maerz-ein-event-veranstalten#breadcrumb\",\"itemListElement\":[{\"@type\":\"ListItem\",\"position\":1,\"name\":\"Startseite\",\"item\":\"https:\\\/\\\/www.apfelpatient.de\\\/\"},{\"@type\":\"ListItem\",\"position\":2,\"name\":\"Wird Apple am 16. M\u00e4rz ein Event veranstalten?\"}]},{\"@type\":\"WebSite\",\"@id\":\"https:\\\/\\\/www.apfelpatient.de\\\/#website\",\"url\":\"https:\\\/\\\/www.apfelpatient.de\\\/\",\"name\":\"Apfelpatient\",\"description\":\"Alles rund um Apple!\",\"publisher\":{\"@type\":\"Organization\",\"@id\":\"https:\\\/\\\/www.apfelpatient.de\\\/en\\\/#organization\",\"name\":\"Apfelpatient\",\"url\":\"https:\\\/\\\/www.apfelpatient.de\\\/en\\\/\"},\"alternateName\":\"Apfelpatient\",\"potentialAction\":[{\"@type\":\"SearchAction\",\"target\":{\"@type\":\"EntryPoint\",\"urlTemplate\":\"https:\\\/\\\/www.apfelpatient.de\\\/?s={search_term_string}\"},\"query-input\":{\"@type\":\"PropertyValueSpecification\",\"valueRequired\":true,\"valueName\":\"search_term_string\"}}],\"inLanguage\":\"en-US\"},{\"@type\":[\"Person\",\"Organization\"],\"@id\":\"https:\\\/\\\/www.apfelpatient.de\\\/#\\\/schema\\\/person\\\/7dc56ad6c8e9824b76d2c08d4c140e13\",\"name\":\"Milan\",\"logo\":{\"@id\":\"https:\\\/\\\/www.apfelpatient.de\\\/#\\\/schema\\\/person\\\/image\\\/\"},\"description\":\"Hallo und herzlich willkommen auf meinem Technik-Blog! Als gro\u00dfer Apple-Fan berichte ich hier \u00fcber alles, was mit Apple zu tun hat: von den neuesten News und spannenden Ger\u00fcchten \u00fcber hilfreiche Tipps und Tricks bis hin zu ausf\u00fchrlichen Produkttests. Wenn du genauso technikbegeistert bist wie ich, bist du hier genau richtig!\",\"sameAs\":[\"https:\\\/\\\/www.facebook.com\\\/apfelpatientOfficial\",\"https:\\\/\\\/www.linkedin.com\\\/in\\\/milan-jovicic-42aa0231b\"],\"url\":\"https:\\\/\\\/www.apfelpatient.de\\\/en\\\/author\\\/apfeladmin\"}]}<\/script>\n<!-- \/ Yoast SEO Premium plugin. -->","yoast_head_json":{"title":"Will Apple host an event on March 16? Apfelpatient","description":"We first read reports that Apple was planning its well-known spring event on March 16 in the fall of 2020.","robots":{"index":"index","follow":"follow","max-snippet":"max-snippet:-1","max-image-preview":"max-image-preview:large","max-video-preview":"max-video-preview:-1"},"canonical":"https:\/\/www.apfelpatient.de\/en\/rumors\/apple-will-host-an-event-on-march-16th","og_locale":"en_US","og_type":"article","og_title":"Wird Apple am 16. M\u00e4rz ein Event veranstalten?","og_description":"Berichte, wonach Apple am 16. M\u00e4rz die bekannte Fr\u00fchjahrsveranstaltung plant, haben wir erstmals im Herbst 2020 gelesen.","og_url":"https:\/\/www.apfelpatient.de\/en\/rumors\/apple-will-host-an-event-on-march-16th","og_site_name":"Apfelpatient","article_publisher":"https:\/\/www.facebook.com\/apfelpatientOfficial","article_author":"https:\/\/www.facebook.com\/apfelpatientOfficial","article_published_time":"2021-02-20T11:31:52+00:00","article_modified_time":"2021-02-20T11:31:54+00:00","og_image":[{"width":2560,"height":1440,"url":"https:\/\/www.apfelpatient.de\/wp-content\/uploads\/2020\/09\/apple_apple-event-keynote_tim_09152020-scaled.jpg","type":"image\/jpeg"}],"author":"Milan","twitter_card":"summary_large_image","twitter_description":"Berichte, wonach Apple am 16. M\u00e4rz die bekannte Fr\u00fchjahrsveranstaltung plant, haben wir erstmals im Herbst 2020 gelesen.","twitter_misc":{"Written by":"Milan","Est. reading time":"2 minutes"},"schema":{"@context":"https:\/\/schema.org","@graph":[{"@type":"NewsArticle","@id":"https:\/\/www.apfelpatient.de\/rumors\/wird-apple-am-16-maerz-ein-event-veranstalten#article","isPartOf":{"@id":"https:\/\/www.apfelpatient.de\/rumors\/wird-apple-am-16-maerz-ein-event-veranstalten"},"author":{"@type":"Organization","@id":"https:\/\/www.apfelpatient.de\/en\/#organization","name":"Apfelpatient","url":"https:\/\/www.apfelpatient.de\/en\/"},"headline":"Wird Apple am 16. M\u00e4rz ein Event veranstalten?","datePublished":"2021-02-20T11:31:52+00:00","dateModified":"2021-02-20T11:31:54+00:00","mainEntityOfPage":{"@id":"https:\/\/www.apfelpatient.de\/rumors\/wird-apple-am-16-maerz-ein-event-veranstalten"},"wordCount":320,"publisher":{"@type":"Organization","@id":"https:\/\/www.apfelpatient.de\/en\/#organization","name":"Apfelpatient","url":"https:\/\/www.apfelpatient.de\/en\/"},"image":{"@id":"https:\/\/www.apfelpatient.de\/rumors\/wird-apple-am-16-maerz-ein-event-veranstalten#primaryimage"},"thumbnailUrl":"https:\/\/www.apfelpatient.de\/wp-content\/uploads\/2020\/09\/apple_apple-event-keynote_tim_09152020-scaled.jpg","keywords":["AirPods","AirTags","iPad","TechPatient"],"articleSection":"Rumors","inLanguage":"en-US","copyrightYear":"2021","copyrightHolder":{"@id":"https:\/\/www.apfelpatient.de\/en\/#organization"}},{"@type":"WebPage","@id":"https:\/\/www.apfelpatient.de\/rumors\/wird-apple-am-16-maerz-ein-event-veranstalten","url":"https:\/\/www.apfelpatient.de\/rumors\/wird-apple-am-16-maerz-ein-event-veranstalten","name":"Will Apple host an event on March 16? Apfelpatient","isPartOf":{"@id":"https:\/\/www.apfelpatient.de\/#website"},"primaryImageOfPage":{"@id":"https:\/\/www.apfelpatient.de\/rumors\/wird-apple-am-16-maerz-ein-event-veranstalten#primaryimage"},"image":{"@id":"https:\/\/www.apfelpatient.de\/rumors\/wird-apple-am-16-maerz-ein-event-veranstalten#primaryimage"},"thumbnailUrl":"https:\/\/www.apfelpatient.de\/wp-content\/uploads\/2020\/09\/apple_apple-event-keynote_tim_09152020-scaled.jpg","datePublished":"2021-02-20T11:31:52+00:00","dateModified":"2021-02-20T11:31:54+00:00","description":"We first read reports that Apple was planning its well-known spring event on March 16 in the fall of 2020.","breadcrumb":{"@id":"https:\/\/www.apfelpatient.de\/rumors\/wird-apple-am-16-maerz-ein-event-veranstalten#breadcrumb"},"inLanguage":"en-US","potentialAction":[{"@type":"ReadAction","target":["https:\/\/www.apfelpatient.de\/rumors\/wird-apple-am-16-maerz-ein-event-veranstalten"]}]},{"@type":"ImageObject","inLanguage":"en-US","@id":"https:\/\/www.apfelpatient.de\/rumors\/wird-apple-am-16-maerz-ein-event-veranstalten#primaryimage","url":"https:\/\/www.apfelpatient.de\/wp-content\/uploads\/2020\/09\/apple_apple-event-keynote_tim_09152020-scaled.jpg","contentUrl":"https:\/\/www.apfelpatient.de\/wp-content\/uploads\/2020\/09\/apple_apple-event-keynote_tim_09152020-scaled.jpg","width":2560,"height":1440,"caption":"Bild: Apple - Tim Cook"},{"@type":"BreadcrumbList","@id":"https:\/\/www.apfelpatient.de\/rumors\/wird-apple-am-16-maerz-ein-event-veranstalten#breadcrumb","itemListElement":[{"@type":"ListItem","position":1,"name":"Startseite","item":"https:\/\/www.apfelpatient.de\/"},{"@type":"ListItem","position":2,"name":"Wird Apple am 16. M\u00e4rz ein Event veranstalten?"}]},{"@type":"WebSite","@id":"https:\/\/www.apfelpatient.de\/#website","url":"https:\/\/www.apfelpatient.de\/","name":"apple patient","description":"Everything about Apple!","publisher":{"@type":"Organization","@id":"https:\/\/www.apfelpatient.de\/en\/#organization","name":"Apfelpatient","url":"https:\/\/www.apfelpatient.de\/en\/"},"alternateName":"Apfelpatient","potentialAction":[{"@type":"SearchAction","target":{"@type":"EntryPoint","urlTemplate":"https:\/\/www.apfelpatient.de\/?s={search_term_string}"},"query-input":{"@type":"PropertyValueSpecification","valueRequired":true,"valueName":"search_term_string"}}],"inLanguage":"en-US"},{"@type":["Person","Organization"],"@id":"https:\/\/www.apfelpatient.de\/#\/schema\/person\/7dc56ad6c8e9824b76d2c08d4c140e13","name":"Milan","logo":{"@id":"https:\/\/www.apfelpatient.de\/#\/schema\/person\/image\/"},"description":"Hello and welcome to my technology blog! As a big Apple fan, I report on everything to do with Apple: from the latest news and exciting rumors to helpful tips and tricks and detailed product tests. If you are as enthusiastic about technology as I am, you have come to the right place!","sameAs":["https:\/\/www.facebook.com\/apfelpatientOfficial","https:\/\/www.linkedin.com\/in\/milan-jovicic-42aa0231b"],"url":"https:\/\/www.apfelpatient.de\/en\/author\/apfeladmin"}]}},"_links":{"self":[{"href":"https:\/\/www.apfelpatient.de\/en\/wp-json\/wp\/v2\/posts\/19426","targetHints":{"allow":["GET"]}}],"collection":[{"href":"https:\/\/www.apfelpatient.de\/en\/wp-json\/wp\/v2\/posts"}],"about":[{"href":"https:\/\/www.apfelpatient.de\/en\/wp-json\/wp\/v2\/types\/post"}],"author":[{"embeddable":true,"href":"https:\/\/www.apfelpatient.de\/en\/wp-json\/wp\/v2\/users\/2"}],"replies":[{"embeddable":true,"href":"https:\/\/www.apfelpatient.de\/en\/wp-json\/wp\/v2\/comments?post=19426"}],"version-history":[{"count":0,"href":"https:\/\/www.apfelpatient.de\/en\/wp-json\/wp\/v2\/posts\/19426\/revisions"}],"wp:featuredmedia":[{"embeddable":true,"href":"https:\/\/www.apfelpatient.de\/en\/wp-json\/wp\/v2\/media\/15700"}],"wp:attachment":[{"href":"https:\/\/www.apfelpatient.de\/en\/wp-json\/wp\/v2\/media?parent=19426"}],"wp:term":[{"taxonomy":"category","embeddable":true,"href":"https:\/\/www.apfelpatient.de\/en\/wp-json\/wp\/v2\/categories?post=19426"},{"taxonomy":"post_tag","embeddable":true,"href":"https:\/\/www.apfelpatient.de\/en\/wp-json\/wp\/v2\/tags?post=19426"}],"curies":[{"name":"wp","href":"https:\/\/api.w.org\/{rel}","templated":true}]}}