{"id":19273,"date":"2021-02-14T18:22:19","date_gmt":"2021-02-14T17:22:19","guid":{"rendered":"https:\/\/www.apfelpatient.de\/?p=19273"},"modified":"2021-03-09T12:00:56","modified_gmt":"2021-03-09T11:00:56","slug":"volkswagen-is-not-afraid-of-the-apple-car","status":"publish","type":"post","link":"https:\/\/www.apfelpatient.de\/en\/news\/volkswagen-hat-keine-angst-vor-dem-apple-car","title":{"rendered":"Volkswagen is \u201cnot afraid\u201d of the Apple Car"},"content":{"rendered":"<p class=\"has-drop-cap\"><strong>There are numerous rumors that Apple is working on a self-driving car. Internally known by the code name &quot;Project Titan,&quot; the project is said to have started in 2014\/2015. Now the Volkswagen boss has commented on the topic.<\/strong><\/p>\n\n\n\n<p>Speculation surrounding the Apple Car reached a new high in January. While some believe that the Apple Car threatens the automotive market, others are quite relaxed about the whole thing. <a href=\"https:\/\/www.reuters.com\/article\/us-volkswagen-apple-idUSKBN2AE0GN\" target=\"_blank\" rel=\"noreferrer noopener\">Reuters<\/a> Now reported, Volkswagen Group CEO Herbert Diess said he was &quot;not afraid&quot; of an Apple Car and that Apple would not be able to revolutionize the $2 trillion automotive industry overnight. In typical Apple fashion, Cupertino has not yet confirmed that it is working on a self-driving car. But Diess believes the rumors and reports are true. Apple has expertise in battery technology, software and design and could easily use all of its skills in these areas for a car - said the VW boss.<\/p>\n\n\n\n<h3 class=\"wp-block-heading\" id=\"h-iphone-heute-wird-apple-das-telefon-neu-erfinden\">iPhone: \u201cToday Apple will reinvent the phone\u201d<\/h3>\n\n\n\n\n\n\n\n<p>Similar statements can be traced back to 2006, a year before the launch of the iPhone, when the CEO of Palm, then one of the leading smartphone manufacturers, declared that Apple &quot;wouldn&#039;t just get it done,&quot; referring to smartphones. In the years that followed, however, the iPhone would conquer the market, eventually leading to $65 billion in sales in a single quarter. Volkswagen, based in Germany, is one of the largest automakers in Europe and worldwide, giving the company considerable dominance in the industry.&nbsp;<\/p>\n\n\n\n<h3 class=\"wp-block-heading\" id=\"h-wann-wird-das-apple-car-vorgestellt\">When will the Apple Car be introduced?<\/h3>\n\n\n\n<p>Diess said he was not worried that Apple&#039;s entry into the market would disrupt Volkswagen&#039;s dominance. He said that despite Apple&#039;s expertise in all the technologies needed for a car, his company was &quot;not afraid&quot; and that Apple &quot;would not be able to shake up&quot; the market overnight. Several sources have given different timeframes for the Apple Car&#039;s launch. However, the majority believe that the Apple Car could appear in 2027\/2028. However, there are statements that 2024 is also conceivable. So the rumor mill is likely to be with us for a very long time to come. <em>(Photo by PavelVinnik \/ Bigstockphoto)<\/em><\/p>\n\n\n\n<ul class=\"wp-block-list\"><li><a href=\"https:\/\/www.apfelpatient.de\/en\/news\/apple-car-teslas-biggest-competitor-is-set-to-become-apple\">Apple Car: Tesla&#039;s biggest competitor to become Apple<\/a><\/li><\/ul>\n\n\n\n<h6 class=\"wp-block-heading translation-block\" id=\"h-kennt-ihr-schon-unsere-amazon-storefront-dort-findet-ihr-eine-handverlesene-auswahl-von-diversen-produkten-f-r-euer-iphone-und-co-viel-spa-beim-st-bern\"><em>Have you already visited our Amazon Storefront? There you&#039;ll find a hand-picked selection of various products for your iPhone and other devices \u2013 <span class=\"has-inline-color has-vivid-red-color\"><a href=\"https:\/\/www.amazon.de\/shop\/apfelpatientofficial\" class=\"ek-link\" data-wpel-link=\"exclude\" rel=\"follow noopener\" target=\"_self\"><span style=\"text-decoration: underline\" class=\"ek-underline\">enjoy browsing<\/span><\/a> !<\/span><\/em><\/h6>\n\n\n\n\n\n<h6 class=\"wp-block-heading translation-block\" id=\"h-der-beitrag-enthalt-partnerlinks\">This post contains <a data-type=\"URL\" data-id=\"https:\/\/www.apfelpatient.de\/partnerprogramm\" href=\"https:\/\/www.apfelpatient.de\/en\/partner-program\" data-wpel-link=\"internal\" target=\"_self\">affiliate links<\/a>.<\/h6>","protected":false},"excerpt":{"rendered":"<p>Apple Car: There are rumors that Apple is working on a self-driving car. Now Volkswagen has commented on the topic.<\/p>","protected":false},"author":2,"featured_media":19274,"comment_status":"closed","ping_status":"closed","sticky":false,"template":"","format":"standard","meta":{"jnews-multi-image_gallery":[],"jnews_single_post":{"subtitle":"","format":"standard","video":"","gallery":"","source_name":"","source_url":"","via_name":"","via_url":"","override":[{"single_blog_custom":"","sidebar":"","second_sidebar":"","share_position":"","share_float_style":"","post_date_format":"","post_date_format_custom":"","post_reading_time_wpm":"","zoom_button_out_step":"1","zoom_button_in_step":"1","number_popup_post":"1"}],"image_override":[{"single_post_thumbnail_size":"","single_post_gallery_size":""}],"trending_post_position":"","trending_post_label":"","sponsored_post_label":"","sponsored_post_name":"","sponsored_post_url":"","sponsored_post_logo":"","sponsored_post_desc":""},"jnews_primary_category":{"id":"9"},"footnotes":""},"categories":[9],"tags":[115,13],"class_list":["post-19273","post","type-post","status-publish","format-standard","has-post-thumbnail","hentry","category-news","tag-apple-car","tag-techpatient"],"yoast_head":"<!-- This site is optimized with the Yoast SEO Premium plugin v27.5 (Yoast SEO v27.5) - https:\/\/yoast.com\/product\/yoast-seo-premium-wordpress\/ -->\n<title>Volkswagen hat &quot;keine Angst&quot; vor dem Apple Car Apfelpatient<\/title>\n<meta name=\"description\" content=\"Apple Car: Es gibt Ger\u00fcchte, wonach Apple an einem selbstfahrenden Auto arbeiten soll. Nun hat sich Volkswagen zu dem Thema ge\u00e4u\u00dfert.\" \/>\n<meta name=\"robots\" content=\"index, follow, max-snippet:-1, max-image-preview:large, max-video-preview:-1\" \/>\n<link rel=\"canonical\" href=\"https:\/\/www.apfelpatient.de\/en\/news\/volkswagen-is-not-afraid-of-the-apple-car\" \/>\n<meta property=\"og:locale\" content=\"en_US\" \/>\n<meta property=\"og:type\" content=\"article\" \/>\n<meta property=\"og:title\" content=\"Volkswagen hat &quot;keine Angst&quot; vor dem Apple Car\" \/>\n<meta property=\"og:description\" content=\"Apple Car: Es gibt Ger\u00fcchte, wonach Apple an einem selbstfahrenden Auto arbeiten soll. Nun hat sich Volkswagen zu dem Thema ge\u00e4u\u00dfert.\" \/>\n<meta property=\"og:url\" content=\"https:\/\/www.apfelpatient.de\/en\/news\/volkswagen-is-not-afraid-of-the-apple-car\" \/>\n<meta property=\"og:site_name\" content=\"Apfelpatient\" \/>\n<meta property=\"article:publisher\" content=\"https:\/\/www.facebook.com\/apfelpatientOfficial\" \/>\n<meta property=\"article:author\" content=\"https:\/\/www.facebook.com\/apfelpatientOfficial\" \/>\n<meta property=\"article:published_time\" content=\"2021-02-14T17:22:19+00:00\" \/>\n<meta property=\"article:modified_time\" content=\"2021-03-09T11:00:56+00:00\" \/>\n<meta property=\"og:image\" content=\"https:\/\/www.apfelpatient.de\/wp-content\/uploads\/2021\/02\/bigstock-Autonomous-Smart-Car-Interior-210218722.jpg\" \/>\n\t<meta property=\"og:image:width\" content=\"1600\" \/>\n\t<meta property=\"og:image:height\" content=\"1000\" \/>\n\t<meta property=\"og:image:type\" content=\"image\/jpeg\" \/>\n<meta name=\"author\" content=\"Milan\" \/>\n<meta name=\"twitter:card\" content=\"summary_large_image\" \/>\n<meta name=\"twitter:label1\" content=\"Written by\" \/>\n\t<meta name=\"twitter:data1\" content=\"Milan\" \/>\n\t<meta name=\"twitter:label2\" content=\"Est. reading time\" \/>\n\t<meta name=\"twitter:data2\" content=\"2 minutes\" \/>\n<script type=\"application\/ld+json\" class=\"yoast-schema-graph\">{\"@context\":\"https:\\\/\\\/schema.org\",\"@graph\":[{\"@type\":\"NewsArticle\",\"@id\":\"https:\\\/\\\/www.apfelpatient.de\\\/news\\\/volkswagen-hat-keine-angst-vor-dem-apple-car#article\",\"isPartOf\":{\"@id\":\"https:\\\/\\\/www.apfelpatient.de\\\/news\\\/volkswagen-hat-keine-angst-vor-dem-apple-car\"},\"author\":{\"@type\":\"Organization\",\"@id\":\"https:\\\/\\\/www.apfelpatient.de\\\/en\\\/#organization\",\"name\":\"Apfelpatient\",\"url\":\"https:\\\/\\\/www.apfelpatient.de\\\/en\\\/\"},\"headline\":\"Volkswagen hat &#8222;keine Angst&#8220; vor dem Apple Car\",\"datePublished\":\"2021-02-14T17:22:19+00:00\",\"dateModified\":\"2021-03-09T11:00:56+00:00\",\"mainEntityOfPage\":{\"@id\":\"https:\\\/\\\/www.apfelpatient.de\\\/news\\\/volkswagen-hat-keine-angst-vor-dem-apple-car\"},\"wordCount\":398,\"publisher\":{\"@type\":\"Organization\",\"@id\":\"https:\\\/\\\/www.apfelpatient.de\\\/en\\\/#organization\",\"name\":\"Apfelpatient\",\"url\":\"https:\\\/\\\/www.apfelpatient.de\\\/en\\\/\"},\"image\":{\"@id\":\"https:\\\/\\\/www.apfelpatient.de\\\/news\\\/volkswagen-hat-keine-angst-vor-dem-apple-car#primaryimage\"},\"thumbnailUrl\":\"https:\\\/\\\/www.apfelpatient.de\\\/wp-content\\\/uploads\\\/2021\\\/02\\\/bigstock-Autonomous-Smart-Car-Interior-210218722.jpg\",\"keywords\":[\"Apple Car\",\"TechPatient\"],\"articleSection\":\"News\",\"inLanguage\":\"en-US\",\"copyrightYear\":\"2021\",\"copyrightHolder\":{\"@id\":\"https:\\\/\\\/www.apfelpatient.de\\\/en\\\/#organization\"}},{\"@type\":\"WebPage\",\"@id\":\"https:\\\/\\\/www.apfelpatient.de\\\/news\\\/volkswagen-hat-keine-angst-vor-dem-apple-car\",\"url\":\"https:\\\/\\\/www.apfelpatient.de\\\/news\\\/volkswagen-hat-keine-angst-vor-dem-apple-car\",\"name\":\"Volkswagen hat \\\"keine Angst\\\" vor dem Apple Car Apfelpatient\",\"isPartOf\":{\"@id\":\"https:\\\/\\\/www.apfelpatient.de\\\/#website\"},\"primaryImageOfPage\":{\"@id\":\"https:\\\/\\\/www.apfelpatient.de\\\/news\\\/volkswagen-hat-keine-angst-vor-dem-apple-car#primaryimage\"},\"image\":{\"@id\":\"https:\\\/\\\/www.apfelpatient.de\\\/news\\\/volkswagen-hat-keine-angst-vor-dem-apple-car#primaryimage\"},\"thumbnailUrl\":\"https:\\\/\\\/www.apfelpatient.de\\\/wp-content\\\/uploads\\\/2021\\\/02\\\/bigstock-Autonomous-Smart-Car-Interior-210218722.jpg\",\"datePublished\":\"2021-02-14T17:22:19+00:00\",\"dateModified\":\"2021-03-09T11:00:56+00:00\",\"description\":\"Apple Car: Es gibt Ger\u00fcchte, wonach Apple an einem selbstfahrenden Auto arbeiten soll. Nun hat sich Volkswagen zu dem Thema ge\u00e4u\u00dfert.\",\"breadcrumb\":{\"@id\":\"https:\\\/\\\/www.apfelpatient.de\\\/news\\\/volkswagen-hat-keine-angst-vor-dem-apple-car#breadcrumb\"},\"inLanguage\":\"en-US\",\"potentialAction\":[{\"@type\":\"ReadAction\",\"target\":[\"https:\\\/\\\/www.apfelpatient.de\\\/news\\\/volkswagen-hat-keine-angst-vor-dem-apple-car\"]}]},{\"@type\":\"ImageObject\",\"inLanguage\":\"en-US\",\"@id\":\"https:\\\/\\\/www.apfelpatient.de\\\/news\\\/volkswagen-hat-keine-angst-vor-dem-apple-car#primaryimage\",\"url\":\"https:\\\/\\\/www.apfelpatient.de\\\/wp-content\\\/uploads\\\/2021\\\/02\\\/bigstock-Autonomous-Smart-Car-Interior-210218722.jpg\",\"contentUrl\":\"https:\\\/\\\/www.apfelpatient.de\\\/wp-content\\\/uploads\\\/2021\\\/02\\\/bigstock-Autonomous-Smart-Car-Interior-210218722.jpg\",\"width\":1600,\"height\":1000,\"caption\":\"Autonomous Smart car interior. A woman rides a autonomous car in the city on the highway. The display shows information about the vehicle is moving GPS travel time Assistance app. Future concept.\"},{\"@type\":\"BreadcrumbList\",\"@id\":\"https:\\\/\\\/www.apfelpatient.de\\\/news\\\/volkswagen-hat-keine-angst-vor-dem-apple-car#breadcrumb\",\"itemListElement\":[{\"@type\":\"ListItem\",\"position\":1,\"name\":\"Startseite\",\"item\":\"https:\\\/\\\/www.apfelpatient.de\\\/\"},{\"@type\":\"ListItem\",\"position\":2,\"name\":\"Volkswagen hat &#8222;keine Angst&#8220; vor dem Apple Car\"}]},{\"@type\":\"WebSite\",\"@id\":\"https:\\\/\\\/www.apfelpatient.de\\\/#website\",\"url\":\"https:\\\/\\\/www.apfelpatient.de\\\/\",\"name\":\"Apfelpatient\",\"description\":\"Alles rund um Apple!\",\"publisher\":{\"@type\":\"Organization\",\"@id\":\"https:\\\/\\\/www.apfelpatient.de\\\/en\\\/#organization\",\"name\":\"Apfelpatient\",\"url\":\"https:\\\/\\\/www.apfelpatient.de\\\/en\\\/\"},\"alternateName\":\"Apfelpatient\",\"potentialAction\":[{\"@type\":\"SearchAction\",\"target\":{\"@type\":\"EntryPoint\",\"urlTemplate\":\"https:\\\/\\\/www.apfelpatient.de\\\/?s={search_term_string}\"},\"query-input\":{\"@type\":\"PropertyValueSpecification\",\"valueRequired\":true,\"valueName\":\"search_term_string\"}}],\"inLanguage\":\"en-US\"},{\"@type\":[\"Person\",\"Organization\"],\"@id\":\"https:\\\/\\\/www.apfelpatient.de\\\/#\\\/schema\\\/person\\\/7dc56ad6c8e9824b76d2c08d4c140e13\",\"name\":\"Milan\",\"logo\":{\"@id\":\"https:\\\/\\\/www.apfelpatient.de\\\/#\\\/schema\\\/person\\\/image\\\/\"},\"description\":\"Hallo und herzlich willkommen auf meinem Technik-Blog! Als gro\u00dfer Apple-Fan berichte ich hier \u00fcber alles, was mit Apple zu tun hat: von den neuesten News und spannenden Ger\u00fcchten \u00fcber hilfreiche Tipps und Tricks bis hin zu ausf\u00fchrlichen Produkttests. Wenn du genauso technikbegeistert bist wie ich, bist du hier genau richtig!\",\"sameAs\":[\"https:\\\/\\\/www.facebook.com\\\/apfelpatientOfficial\",\"https:\\\/\\\/www.linkedin.com\\\/in\\\/milan-jovicic-42aa0231b\"],\"url\":\"https:\\\/\\\/www.apfelpatient.de\\\/en\\\/author\\\/apfeladmin\"}]}<\/script>\n<!-- \/ Yoast SEO Premium plugin. -->","yoast_head_json":{"title":"Volkswagen is &quot;not afraid&quot; of the Apple Car Apfelpatient","description":"Apple Car: There are rumors that Apple is working on a self-driving car. Now Volkswagen has commented on the topic.","robots":{"index":"index","follow":"follow","max-snippet":"max-snippet:-1","max-image-preview":"max-image-preview:large","max-video-preview":"max-video-preview:-1"},"canonical":"https:\/\/www.apfelpatient.de\/en\/news\/volkswagen-is-not-afraid-of-the-apple-car","og_locale":"en_US","og_type":"article","og_title":"Volkswagen hat \"keine Angst\" vor dem Apple Car","og_description":"Apple Car: Es gibt Ger\u00fcchte, wonach Apple an einem selbstfahrenden Auto arbeiten soll. Nun hat sich Volkswagen zu dem Thema ge\u00e4u\u00dfert.","og_url":"https:\/\/www.apfelpatient.de\/en\/news\/volkswagen-is-not-afraid-of-the-apple-car","og_site_name":"Apfelpatient","article_publisher":"https:\/\/www.facebook.com\/apfelpatientOfficial","article_author":"https:\/\/www.facebook.com\/apfelpatientOfficial","article_published_time":"2021-02-14T17:22:19+00:00","article_modified_time":"2021-03-09T11:00:56+00:00","og_image":[{"width":1600,"height":1000,"url":"https:\/\/www.apfelpatient.de\/wp-content\/uploads\/2021\/02\/bigstock-Autonomous-Smart-Car-Interior-210218722.jpg","type":"image\/jpeg"}],"author":"Milan","twitter_card":"summary_large_image","twitter_misc":{"Written by":"Milan","Est. reading time":"2 minutes"},"schema":{"@context":"https:\/\/schema.org","@graph":[{"@type":"NewsArticle","@id":"https:\/\/www.apfelpatient.de\/news\/volkswagen-hat-keine-angst-vor-dem-apple-car#article","isPartOf":{"@id":"https:\/\/www.apfelpatient.de\/news\/volkswagen-hat-keine-angst-vor-dem-apple-car"},"author":{"@type":"Organization","@id":"https:\/\/www.apfelpatient.de\/en\/#organization","name":"Apfelpatient","url":"https:\/\/www.apfelpatient.de\/en\/"},"headline":"Volkswagen hat &#8222;keine Angst&#8220; vor dem Apple Car","datePublished":"2021-02-14T17:22:19+00:00","dateModified":"2021-03-09T11:00:56+00:00","mainEntityOfPage":{"@id":"https:\/\/www.apfelpatient.de\/news\/volkswagen-hat-keine-angst-vor-dem-apple-car"},"wordCount":398,"publisher":{"@type":"Organization","@id":"https:\/\/www.apfelpatient.de\/en\/#organization","name":"Apfelpatient","url":"https:\/\/www.apfelpatient.de\/en\/"},"image":{"@id":"https:\/\/www.apfelpatient.de\/news\/volkswagen-hat-keine-angst-vor-dem-apple-car#primaryimage"},"thumbnailUrl":"https:\/\/www.apfelpatient.de\/wp-content\/uploads\/2021\/02\/bigstock-Autonomous-Smart-Car-Interior-210218722.jpg","keywords":["Apple Car","TechPatient"],"articleSection":"News","inLanguage":"en-US","copyrightYear":"2021","copyrightHolder":{"@id":"https:\/\/www.apfelpatient.de\/en\/#organization"}},{"@type":"WebPage","@id":"https:\/\/www.apfelpatient.de\/news\/volkswagen-hat-keine-angst-vor-dem-apple-car","url":"https:\/\/www.apfelpatient.de\/news\/volkswagen-hat-keine-angst-vor-dem-apple-car","name":"Volkswagen is &quot;not afraid&quot; of the Apple Car Apfelpatient","isPartOf":{"@id":"https:\/\/www.apfelpatient.de\/#website"},"primaryImageOfPage":{"@id":"https:\/\/www.apfelpatient.de\/news\/volkswagen-hat-keine-angst-vor-dem-apple-car#primaryimage"},"image":{"@id":"https:\/\/www.apfelpatient.de\/news\/volkswagen-hat-keine-angst-vor-dem-apple-car#primaryimage"},"thumbnailUrl":"https:\/\/www.apfelpatient.de\/wp-content\/uploads\/2021\/02\/bigstock-Autonomous-Smart-Car-Interior-210218722.jpg","datePublished":"2021-02-14T17:22:19+00:00","dateModified":"2021-03-09T11:00:56+00:00","description":"Apple Car: There are rumors that Apple is working on a self-driving car. Now Volkswagen has commented on the topic.","breadcrumb":{"@id":"https:\/\/www.apfelpatient.de\/news\/volkswagen-hat-keine-angst-vor-dem-apple-car#breadcrumb"},"inLanguage":"en-US","potentialAction":[{"@type":"ReadAction","target":["https:\/\/www.apfelpatient.de\/news\/volkswagen-hat-keine-angst-vor-dem-apple-car"]}]},{"@type":"ImageObject","inLanguage":"en-US","@id":"https:\/\/www.apfelpatient.de\/news\/volkswagen-hat-keine-angst-vor-dem-apple-car#primaryimage","url":"https:\/\/www.apfelpatient.de\/wp-content\/uploads\/2021\/02\/bigstock-Autonomous-Smart-Car-Interior-210218722.jpg","contentUrl":"https:\/\/www.apfelpatient.de\/wp-content\/uploads\/2021\/02\/bigstock-Autonomous-Smart-Car-Interior-210218722.jpg","width":1600,"height":1000,"caption":"Autonomous Smart car interior. A woman rides a autonomous car in the city on the highway. The display shows information about the vehicle is moving GPS travel time Assistance app. Future concept."},{"@type":"BreadcrumbList","@id":"https:\/\/www.apfelpatient.de\/news\/volkswagen-hat-keine-angst-vor-dem-apple-car#breadcrumb","itemListElement":[{"@type":"ListItem","position":1,"name":"Startseite","item":"https:\/\/www.apfelpatient.de\/"},{"@type":"ListItem","position":2,"name":"Volkswagen hat &#8222;keine Angst&#8220; vor dem Apple Car"}]},{"@type":"WebSite","@id":"https:\/\/www.apfelpatient.de\/#website","url":"https:\/\/www.apfelpatient.de\/","name":"apple patient","description":"Everything about Apple!","publisher":{"@type":"Organization","@id":"https:\/\/www.apfelpatient.de\/en\/#organization","name":"Apfelpatient","url":"https:\/\/www.apfelpatient.de\/en\/"},"alternateName":"Apfelpatient","potentialAction":[{"@type":"SearchAction","target":{"@type":"EntryPoint","urlTemplate":"https:\/\/www.apfelpatient.de\/?s={search_term_string}"},"query-input":{"@type":"PropertyValueSpecification","valueRequired":true,"valueName":"search_term_string"}}],"inLanguage":"en-US"},{"@type":["Person","Organization"],"@id":"https:\/\/www.apfelpatient.de\/#\/schema\/person\/7dc56ad6c8e9824b76d2c08d4c140e13","name":"Milan","logo":{"@id":"https:\/\/www.apfelpatient.de\/#\/schema\/person\/image\/"},"description":"Hello and welcome to my technology blog! As a big Apple fan, I report on everything to do with Apple: from the latest news and exciting rumors to helpful tips and tricks and detailed product tests. If you are as enthusiastic about technology as I am, you have come to the right place!","sameAs":["https:\/\/www.facebook.com\/apfelpatientOfficial","https:\/\/www.linkedin.com\/in\/milan-jovicic-42aa0231b"],"url":"https:\/\/www.apfelpatient.de\/en\/author\/apfeladmin"}]}},"_links":{"self":[{"href":"https:\/\/www.apfelpatient.de\/en\/wp-json\/wp\/v2\/posts\/19273","targetHints":{"allow":["GET"]}}],"collection":[{"href":"https:\/\/www.apfelpatient.de\/en\/wp-json\/wp\/v2\/posts"}],"about":[{"href":"https:\/\/www.apfelpatient.de\/en\/wp-json\/wp\/v2\/types\/post"}],"author":[{"embeddable":true,"href":"https:\/\/www.apfelpatient.de\/en\/wp-json\/wp\/v2\/users\/2"}],"replies":[{"embeddable":true,"href":"https:\/\/www.apfelpatient.de\/en\/wp-json\/wp\/v2\/comments?post=19273"}],"version-history":[{"count":0,"href":"https:\/\/www.apfelpatient.de\/en\/wp-json\/wp\/v2\/posts\/19273\/revisions"}],"wp:featuredmedia":[{"embeddable":true,"href":"https:\/\/www.apfelpatient.de\/en\/wp-json\/wp\/v2\/media\/19274"}],"wp:attachment":[{"href":"https:\/\/www.apfelpatient.de\/en\/wp-json\/wp\/v2\/media?parent=19273"}],"wp:term":[{"taxonomy":"category","embeddable":true,"href":"https:\/\/www.apfelpatient.de\/en\/wp-json\/wp\/v2\/categories?post=19273"},{"taxonomy":"post_tag","embeddable":true,"href":"https:\/\/www.apfelpatient.de\/en\/wp-json\/wp\/v2\/tags?post=19273"}],"curies":[{"name":"wp","href":"https:\/\/api.w.org\/{rel}","templated":true}]}}