{"id":19182,"date":"2021-02-08T22:23:49","date_gmt":"2021-02-08T21:23:49","guid":{"rendered":"https:\/\/www.apfelpatient.de\/?p=19182"},"modified":"2021-02-08T22:23:52","modified_gmt":"2021-02-08T21:23:52","slug":"att-feature-eu-urges-apple-to-behave-fairly","status":"publish","type":"post","link":"https:\/\/www.apfelpatient.de\/en\/news\/att-feature-eu-mahnt-apple-zu-fairem-verhalten","title":{"rendered":"ATT feature: EU urges Apple to behave fairly"},"content":{"rendered":"<p class=\"has-drop-cap\"><strong>Apple&#039;s &quot;App Tracking Transparency&quot; (ATT) feature is set to be officially introduced in &quot;early spring.&quot; EU Commissioner Margrethe Vestager has now commented on the matter and issued a warning to Apple.<\/strong><\/p>\n\n\n\n<p>Various companies, including Facebook, have railed against Apple in recent weeks and months. The reason for this is the upcoming &quot;App Tracking Transparency&quot; feature (ATT). Now, in the run-up to the new iOS data protection requirement, EU Commissioner Margrethe Vestager has spoken out on the subject. According to Vestager, the new function would be in line with proposed EU legislation - but at the same time she also issued a warning.<\/p>\n\n\n\n<h3 class=\"wp-block-heading\" id=\"h-att-feature-steht-im-einklang-mit-vorgeschlagener-eu-gesetzgebung\">ATT feature is in line with proposed EU legislation<\/h3>\n\n\n\n<p>As the news agency Reuters <a href=\"https:\/\/www.reuters.com\/article\/us-eu-apple-privacy-exclusive\/exclusive-eus-vestager-warns-apple-to-treat-all-apps-equally-amid-privacy-dispute-idUSKBN2A8276?il=0\" target=\"_blank\" rel=\"noreferrer noopener\">reported<\/a>, Vestager said she hasn&#039;t received any official complaints about Apple&#039;s upcoming advertising tracking transparency feature. iPhone and iPad users will receive a warning when apps and websites want to track them, and users will be given the option to allow or deny individual apps the ability to do so. Vestager said the feature appears to be in line with recently proposed EU legislation on digital services\/markets.<\/p>\n\n\n\n<blockquote class=\"wp-block-quote is-layout-flow wp-block-quote-is-layout-flow\"><p>It&#039;s a very good thing to have a clear opt-out option. If you look at the Digital Services Act and the Digital Markets Act, those are some of the solutions we&#039;re looking at there.<\/p><\/blockquote>\n\n\n\n<h3 class=\"wp-block-heading\" id=\"h-kartellklage-gegen-apple-wird-facebook-erfolg-haben\">Antitrust lawsuit against Apple: Will Facebook succeed?<\/h3>\n\n\n\n\n\n\n\n<p>While Vestager praised the feature, she also issued a general warning.<\/p>\n\n\n\n<blockquote class=\"wp-block-quote is-layout-flow wp-block-quote-is-layout-flow\"><p>It may be anti-competitive if it is proven that Apple does not treat its own apps in the same way.<\/p><\/blockquote>\n\n\n\n<p><a href=\"https:\/\/www.apfelpatient.de\/en\/rumors\/facebook-prepares-antitrust-lawsuit-against-apple\">According to current rumors <\/a>Facebook is planning a comprehensive antitrust lawsuit against Apple because of the ATT function. However, this could be a very tough and, above all, lengthy battle. It is doubtful whether Facebook will be successful. After all, Apple allows users in iOS 14.5 to choose for themselves whether they want to be tracked by apps or not. If you want to learn more about how the ATT function works, you should take a look at the following article. <em>(Photo by AndreyPril \/ Bigstockphoto)<\/em><\/p>\n\n\n\n<ul class=\"wp-block-list\"><li><a href=\"https:\/\/www.apfelpatient.de\/en\/news\/ios-14-5-apple-announces-app-tracking-transparency\">iOS 14.5: Apple announces &quot;App Tracking Transparency&quot;<\/a><\/li><\/ul>\n\n\n\n<h6 class=\"wp-block-heading translation-block\" id=\"h-kennt-ihr-schon-unsere-amazon-storefront-dort-findet-ihr-eine-handverlesene-auswahl-von-diversen-produkten-f-r-euer-iphone-und-co-viel-spa-beim-st-bern\"><em>Have you already visited our Amazon Storefront? There you&#039;ll find a hand-picked selection of various products for your iPhone and other devices \u2013 <span class=\"has-inline-color has-vivid-red-color\"><a href=\"https:\/\/www.amazon.de\/shop\/apfelpatientofficial\" class=\"ek-link\" data-wpel-link=\"exclude\" rel=\"follow noopener\" target=\"_self\"><span style=\"text-decoration: underline\" class=\"ek-underline\">enjoy browsing<\/span><\/a> !<\/span><\/em><\/h6>\n\n\n\n\n\n<h6 class=\"wp-block-heading translation-block\" id=\"h-der-beitrag-enthalt-partnerlinks\">This post contains <a data-type=\"URL\" data-id=\"https:\/\/www.apfelpatient.de\/partnerprogramm\" href=\"https:\/\/www.apfelpatient.de\/en\/partner-program\" data-wpel-link=\"internal\" target=\"_self\">affiliate links<\/a>.<\/h6>","protected":false},"excerpt":{"rendered":"<p>Data protection under iOS 14.5: Apple&#039;s &quot;App Tracking Transparency&quot; (ATT) feature is expected to be officially introduced in &quot;early spring.&quot;<\/p>","protected":false},"author":2,"featured_media":19183,"comment_status":"closed","ping_status":"closed","sticky":false,"template":"","format":"standard","meta":{"jnews-multi-image_gallery":[],"jnews_single_post":{"subtitle":"","format":"standard","video":"","gallery":"","source_name":"","source_url":"","via_name":"","via_url":"","override":[{"single_blog_custom":"","sidebar":"","second_sidebar":"","share_position":"","share_float_style":"","post_date_format":"","post_date_format_custom":"","post_reading_time_wpm":"","zoom_button_out_step":"1","zoom_button_in_step":"1","number_popup_post":"1"}],"image_override":[{"single_post_thumbnail_size":"","single_post_gallery_size":""}],"trending_post_position":"","trending_post_label":"","sponsored_post_label":"","sponsored_post_name":"","sponsored_post_url":"","sponsored_post_logo":"","sponsored_post_desc":""},"jnews_primary_category":{"id":"9"},"footnotes":""},"categories":[9],"tags":[3,574],"class_list":["post-19182","post","type-post","status-publish","format-standard","has-post-thumbnail","hentry","category-news","tag-ios","tag-ios-14-5"],"yoast_head":"<!-- This site is optimized with the Yoast SEO Premium plugin v27.5 (Yoast SEO v27.5) - https:\/\/yoast.com\/product\/yoast-seo-premium-wordpress\/ -->\n<title>ATT-Feature: EU mahnt Apple zu fairem Verhalten Apfelpatient<\/title>\n<meta name=\"description\" content=\"Datenschutz unter iOS 14.5: Apples &quot;App-Tracking-Transparenz&quot;-Feature (ATT) soll offiziell im &quot;fr\u00fchen Fr\u00fchjahr&quot; eingef\u00fchrt werden.\" \/>\n<meta name=\"robots\" content=\"index, follow, max-snippet:-1, max-image-preview:large, max-video-preview:-1\" \/>\n<link rel=\"canonical\" href=\"https:\/\/www.apfelpatient.de\/en\/news\/att-feature-eu-urges-apple-to-behave-fairly\" \/>\n<meta property=\"og:locale\" content=\"en_US\" \/>\n<meta property=\"og:type\" content=\"article\" \/>\n<meta property=\"og:title\" content=\"ATT-Feature: EU mahnt Apple zu fairem Verhalten\" \/>\n<meta property=\"og:description\" content=\"Datenschutz unter iOS 14.5: Apples &quot;App-Tracking-Transparenz&quot;-Feature (ATT) soll offiziell im &quot;fr\u00fchen Fr\u00fchjahr&quot; eingef\u00fchrt werden.\" \/>\n<meta property=\"og:url\" content=\"https:\/\/www.apfelpatient.de\/en\/news\/att-feature-eu-urges-apple-to-behave-fairly\" \/>\n<meta property=\"og:site_name\" content=\"Apfelpatient\" \/>\n<meta property=\"article:publisher\" content=\"https:\/\/www.facebook.com\/apfelpatientOfficial\" \/>\n<meta property=\"article:author\" content=\"https:\/\/www.facebook.com\/apfelpatientOfficial\" \/>\n<meta property=\"article:published_time\" content=\"2021-02-08T21:23:49+00:00\" \/>\n<meta property=\"article:modified_time\" content=\"2021-02-08T21:23:52+00:00\" \/>\n<meta property=\"og:image\" content=\"https:\/\/www.apfelpatient.de\/wp-content\/uploads\/2021\/02\/bigstock-Mild-Brexit-Europe-Collapse-O-369613750.jpg\" \/>\n\t<meta property=\"og:image:width\" content=\"1600\" \/>\n\t<meta property=\"og:image:height\" content=\"1068\" \/>\n\t<meta property=\"og:image:type\" content=\"image\/jpeg\" \/>\n<meta name=\"author\" content=\"Milan\" \/>\n<meta name=\"twitter:card\" content=\"summary_large_image\" \/>\n<meta name=\"twitter:description\" content=\"Datenschutz unter iOS 14.5: Apples &quot;App-Tracking-Transparenz&quot;-Feature (ATT) soll offiziell im &quot;fr\u00fchen Fr\u00fchjahr&quot; eingef\u00fchrt werden.\" \/>\n<meta name=\"twitter:label1\" content=\"Written by\" \/>\n\t<meta name=\"twitter:data1\" content=\"Milan\" \/>\n\t<meta name=\"twitter:label2\" content=\"Est. reading time\" \/>\n\t<meta name=\"twitter:data2\" content=\"2 minutes\" \/>\n<script type=\"application\/ld+json\" class=\"yoast-schema-graph\">{\"@context\":\"https:\\\/\\\/schema.org\",\"@graph\":[{\"@type\":\"NewsArticle\",\"@id\":\"https:\\\/\\\/www.apfelpatient.de\\\/news\\\/att-feature-eu-mahnt-apple-zu-fairem-verhalten#article\",\"isPartOf\":{\"@id\":\"https:\\\/\\\/www.apfelpatient.de\\\/news\\\/att-feature-eu-mahnt-apple-zu-fairem-verhalten\"},\"author\":{\"@type\":\"Organization\",\"@id\":\"https:\\\/\\\/www.apfelpatient.de\\\/en\\\/#organization\",\"name\":\"Apfelpatient\",\"url\":\"https:\\\/\\\/www.apfelpatient.de\\\/en\\\/\"},\"headline\":\"ATT-Feature: EU mahnt Apple zu fairem Verhalten\",\"datePublished\":\"2021-02-08T21:23:49+00:00\",\"dateModified\":\"2021-02-08T21:23:52+00:00\",\"mainEntityOfPage\":{\"@id\":\"https:\\\/\\\/www.apfelpatient.de\\\/news\\\/att-feature-eu-mahnt-apple-zu-fairem-verhalten\"},\"wordCount\":351,\"publisher\":{\"@type\":\"Organization\",\"@id\":\"https:\\\/\\\/www.apfelpatient.de\\\/en\\\/#organization\",\"name\":\"Apfelpatient\",\"url\":\"https:\\\/\\\/www.apfelpatient.de\\\/en\\\/\"},\"image\":{\"@id\":\"https:\\\/\\\/www.apfelpatient.de\\\/news\\\/att-feature-eu-mahnt-apple-zu-fairem-verhalten#primaryimage\"},\"thumbnailUrl\":\"https:\\\/\\\/www.apfelpatient.de\\\/wp-content\\\/uploads\\\/2021\\\/02\\\/bigstock-Mild-Brexit-Europe-Collapse-O-369613750.jpg\",\"keywords\":[\"iOS\",\"iOS 14.5\"],\"articleSection\":\"News\",\"inLanguage\":\"en-US\",\"copyrightYear\":\"2021\",\"copyrightHolder\":{\"@id\":\"https:\\\/\\\/www.apfelpatient.de\\\/en\\\/#organization\"}},{\"@type\":\"WebPage\",\"@id\":\"https:\\\/\\\/www.apfelpatient.de\\\/news\\\/att-feature-eu-mahnt-apple-zu-fairem-verhalten\",\"url\":\"https:\\\/\\\/www.apfelpatient.de\\\/news\\\/att-feature-eu-mahnt-apple-zu-fairem-verhalten\",\"name\":\"ATT-Feature: EU mahnt Apple zu fairem Verhalten Apfelpatient\",\"isPartOf\":{\"@id\":\"https:\\\/\\\/www.apfelpatient.de\\\/#website\"},\"primaryImageOfPage\":{\"@id\":\"https:\\\/\\\/www.apfelpatient.de\\\/news\\\/att-feature-eu-mahnt-apple-zu-fairem-verhalten#primaryimage\"},\"image\":{\"@id\":\"https:\\\/\\\/www.apfelpatient.de\\\/news\\\/att-feature-eu-mahnt-apple-zu-fairem-verhalten#primaryimage\"},\"thumbnailUrl\":\"https:\\\/\\\/www.apfelpatient.de\\\/wp-content\\\/uploads\\\/2021\\\/02\\\/bigstock-Mild-Brexit-Europe-Collapse-O-369613750.jpg\",\"datePublished\":\"2021-02-08T21:23:49+00:00\",\"dateModified\":\"2021-02-08T21:23:52+00:00\",\"description\":\"Datenschutz unter iOS 14.5: Apples \\\"App-Tracking-Transparenz\\\"-Feature (ATT) soll offiziell im \\\"fr\u00fchen Fr\u00fchjahr\\\" eingef\u00fchrt werden.\",\"breadcrumb\":{\"@id\":\"https:\\\/\\\/www.apfelpatient.de\\\/news\\\/att-feature-eu-mahnt-apple-zu-fairem-verhalten#breadcrumb\"},\"inLanguage\":\"en-US\",\"potentialAction\":[{\"@type\":\"ReadAction\",\"target\":[\"https:\\\/\\\/www.apfelpatient.de\\\/news\\\/att-feature-eu-mahnt-apple-zu-fairem-verhalten\"]}]},{\"@type\":\"ImageObject\",\"inLanguage\":\"en-US\",\"@id\":\"https:\\\/\\\/www.apfelpatient.de\\\/news\\\/att-feature-eu-mahnt-apple-zu-fairem-verhalten#primaryimage\",\"url\":\"https:\\\/\\\/www.apfelpatient.de\\\/wp-content\\\/uploads\\\/2021\\\/02\\\/bigstock-Mild-Brexit-Europe-Collapse-O-369613750.jpg\",\"contentUrl\":\"https:\\\/\\\/www.apfelpatient.de\\\/wp-content\\\/uploads\\\/2021\\\/02\\\/bigstock-Mild-Brexit-Europe-Collapse-O-369613750.jpg\",\"width\":1600,\"height\":1068,\"caption\":\"Mild brexit Europe. Collapse of the European Union. EU flag on the background of the judges gavel. Free Europe and out of it.\"},{\"@type\":\"BreadcrumbList\",\"@id\":\"https:\\\/\\\/www.apfelpatient.de\\\/news\\\/att-feature-eu-mahnt-apple-zu-fairem-verhalten#breadcrumb\",\"itemListElement\":[{\"@type\":\"ListItem\",\"position\":1,\"name\":\"Startseite\",\"item\":\"https:\\\/\\\/www.apfelpatient.de\\\/\"},{\"@type\":\"ListItem\",\"position\":2,\"name\":\"ATT-Feature: EU mahnt Apple zu fairem Verhalten\"}]},{\"@type\":\"WebSite\",\"@id\":\"https:\\\/\\\/www.apfelpatient.de\\\/#website\",\"url\":\"https:\\\/\\\/www.apfelpatient.de\\\/\",\"name\":\"Apfelpatient\",\"description\":\"Alles rund um Apple!\",\"publisher\":{\"@type\":\"Organization\",\"@id\":\"https:\\\/\\\/www.apfelpatient.de\\\/en\\\/#organization\",\"name\":\"Apfelpatient\",\"url\":\"https:\\\/\\\/www.apfelpatient.de\\\/en\\\/\"},\"alternateName\":\"Apfelpatient\",\"potentialAction\":[{\"@type\":\"SearchAction\",\"target\":{\"@type\":\"EntryPoint\",\"urlTemplate\":\"https:\\\/\\\/www.apfelpatient.de\\\/?s={search_term_string}\"},\"query-input\":{\"@type\":\"PropertyValueSpecification\",\"valueRequired\":true,\"valueName\":\"search_term_string\"}}],\"inLanguage\":\"en-US\"},{\"@type\":[\"Person\",\"Organization\"],\"@id\":\"https:\\\/\\\/www.apfelpatient.de\\\/#\\\/schema\\\/person\\\/35b3ddba5832f2bfc7fff5206d4f6b7b\",\"name\":\"Milan\",\"logo\":{\"@id\":\"https:\\\/\\\/www.apfelpatient.de\\\/#\\\/schema\\\/person\\\/image\\\/\"},\"description\":\"Hallo und herzlich willkommen auf meinem Technik-Blog! Als gro\u00dfer Apple-Fan berichte ich hier \u00fcber alles, was mit Apple zu tun hat: von den neuesten News und spannenden Ger\u00fcchten \u00fcber hilfreiche Tipps und Tricks bis hin zu ausf\u00fchrlichen Produkttests. Wenn du genauso technikbegeistert bist wie ich, bist du hier genau richtig!\",\"sameAs\":[\"https:\\\/\\\/www.facebook.com\\\/apfelpatientOfficial\",\"https:\\\/\\\/www.linkedin.com\\\/in\\\/milan-jovicic-42aa0231b\"],\"url\":\"https:\\\/\\\/www.apfelpatient.de\\\/en\\\/author\\\/apfeladmin\"}]}<\/script>\n<!-- \/ Yoast SEO Premium plugin. -->","yoast_head_json":{"title":"ATT feature: EU urges Apple to behave fairly Apfelpatient","description":"Data protection under iOS 14.5: Apple&#039;s &quot;App Tracking Transparency&quot; (ATT) feature is to be officially introduced in &quot;early spring&quot;.","robots":{"index":"index","follow":"follow","max-snippet":"max-snippet:-1","max-image-preview":"max-image-preview:large","max-video-preview":"max-video-preview:-1"},"canonical":"https:\/\/www.apfelpatient.de\/en\/news\/att-feature-eu-urges-apple-to-behave-fairly","og_locale":"en_US","og_type":"article","og_title":"ATT-Feature: EU mahnt Apple zu fairem Verhalten","og_description":"Datenschutz unter iOS 14.5: Apples \"App-Tracking-Transparenz\"-Feature (ATT) soll offiziell im \"fr\u00fchen Fr\u00fchjahr\" eingef\u00fchrt werden.","og_url":"https:\/\/www.apfelpatient.de\/en\/news\/att-feature-eu-urges-apple-to-behave-fairly","og_site_name":"Apfelpatient","article_publisher":"https:\/\/www.facebook.com\/apfelpatientOfficial","article_author":"https:\/\/www.facebook.com\/apfelpatientOfficial","article_published_time":"2021-02-08T21:23:49+00:00","article_modified_time":"2021-02-08T21:23:52+00:00","og_image":[{"width":1600,"height":1068,"url":"https:\/\/www.apfelpatient.de\/wp-content\/uploads\/2021\/02\/bigstock-Mild-Brexit-Europe-Collapse-O-369613750.jpg","type":"image\/jpeg"}],"author":"Milan","twitter_card":"summary_large_image","twitter_description":"Datenschutz unter iOS 14.5: Apples \"App-Tracking-Transparenz\"-Feature (ATT) soll offiziell im \"fr\u00fchen Fr\u00fchjahr\" eingef\u00fchrt werden.","twitter_misc":{"Written by":"Milan","Est. reading time":"2 minutes"},"schema":{"@context":"https:\/\/schema.org","@graph":[{"@type":"NewsArticle","@id":"https:\/\/www.apfelpatient.de\/news\/att-feature-eu-mahnt-apple-zu-fairem-verhalten#article","isPartOf":{"@id":"https:\/\/www.apfelpatient.de\/news\/att-feature-eu-mahnt-apple-zu-fairem-verhalten"},"author":{"@type":"Organization","@id":"https:\/\/www.apfelpatient.de\/en\/#organization","name":"Apfelpatient","url":"https:\/\/www.apfelpatient.de\/en\/"},"headline":"ATT-Feature: EU mahnt Apple zu fairem Verhalten","datePublished":"2021-02-08T21:23:49+00:00","dateModified":"2021-02-08T21:23:52+00:00","mainEntityOfPage":{"@id":"https:\/\/www.apfelpatient.de\/news\/att-feature-eu-mahnt-apple-zu-fairem-verhalten"},"wordCount":351,"publisher":{"@type":"Organization","@id":"https:\/\/www.apfelpatient.de\/en\/#organization","name":"Apfelpatient","url":"https:\/\/www.apfelpatient.de\/en\/"},"image":{"@id":"https:\/\/www.apfelpatient.de\/news\/att-feature-eu-mahnt-apple-zu-fairem-verhalten#primaryimage"},"thumbnailUrl":"https:\/\/www.apfelpatient.de\/wp-content\/uploads\/2021\/02\/bigstock-Mild-Brexit-Europe-Collapse-O-369613750.jpg","keywords":["iOS","iOS 14.5"],"articleSection":"News","inLanguage":"en-US","copyrightYear":"2021","copyrightHolder":{"@id":"https:\/\/www.apfelpatient.de\/en\/#organization"}},{"@type":"WebPage","@id":"https:\/\/www.apfelpatient.de\/news\/att-feature-eu-mahnt-apple-zu-fairem-verhalten","url":"https:\/\/www.apfelpatient.de\/news\/att-feature-eu-mahnt-apple-zu-fairem-verhalten","name":"ATT feature: EU urges Apple to behave fairly Apfelpatient","isPartOf":{"@id":"https:\/\/www.apfelpatient.de\/#website"},"primaryImageOfPage":{"@id":"https:\/\/www.apfelpatient.de\/news\/att-feature-eu-mahnt-apple-zu-fairem-verhalten#primaryimage"},"image":{"@id":"https:\/\/www.apfelpatient.de\/news\/att-feature-eu-mahnt-apple-zu-fairem-verhalten#primaryimage"},"thumbnailUrl":"https:\/\/www.apfelpatient.de\/wp-content\/uploads\/2021\/02\/bigstock-Mild-Brexit-Europe-Collapse-O-369613750.jpg","datePublished":"2021-02-08T21:23:49+00:00","dateModified":"2021-02-08T21:23:52+00:00","description":"Data protection under iOS 14.5: Apple&#039;s &quot;App Tracking Transparency&quot; (ATT) feature is to be officially introduced in &quot;early spring&quot;.","breadcrumb":{"@id":"https:\/\/www.apfelpatient.de\/news\/att-feature-eu-mahnt-apple-zu-fairem-verhalten#breadcrumb"},"inLanguage":"en-US","potentialAction":[{"@type":"ReadAction","target":["https:\/\/www.apfelpatient.de\/news\/att-feature-eu-mahnt-apple-zu-fairem-verhalten"]}]},{"@type":"ImageObject","inLanguage":"en-US","@id":"https:\/\/www.apfelpatient.de\/news\/att-feature-eu-mahnt-apple-zu-fairem-verhalten#primaryimage","url":"https:\/\/www.apfelpatient.de\/wp-content\/uploads\/2021\/02\/bigstock-Mild-Brexit-Europe-Collapse-O-369613750.jpg","contentUrl":"https:\/\/www.apfelpatient.de\/wp-content\/uploads\/2021\/02\/bigstock-Mild-Brexit-Europe-Collapse-O-369613750.jpg","width":1600,"height":1068,"caption":"Mild brexit Europe. Collapse of the European Union. EU flag on the background of the judges gavel. Free Europe and out of it."},{"@type":"BreadcrumbList","@id":"https:\/\/www.apfelpatient.de\/news\/att-feature-eu-mahnt-apple-zu-fairem-verhalten#breadcrumb","itemListElement":[{"@type":"ListItem","position":1,"name":"Startseite","item":"https:\/\/www.apfelpatient.de\/"},{"@type":"ListItem","position":2,"name":"ATT-Feature: EU mahnt Apple zu fairem Verhalten"}]},{"@type":"WebSite","@id":"https:\/\/www.apfelpatient.de\/#website","url":"https:\/\/www.apfelpatient.de\/","name":"apple patient","description":"Everything about Apple!","publisher":{"@type":"Organization","@id":"https:\/\/www.apfelpatient.de\/en\/#organization","name":"Apfelpatient","url":"https:\/\/www.apfelpatient.de\/en\/"},"alternateName":"Apfelpatient","potentialAction":[{"@type":"SearchAction","target":{"@type":"EntryPoint","urlTemplate":"https:\/\/www.apfelpatient.de\/?s={search_term_string}"},"query-input":{"@type":"PropertyValueSpecification","valueRequired":true,"valueName":"search_term_string"}}],"inLanguage":"en-US"},{"@type":["Person","Organization"],"@id":"https:\/\/www.apfelpatient.de\/#\/schema\/person\/35b3ddba5832f2bfc7fff5206d4f6b7b","name":"Milan","logo":{"@id":"https:\/\/www.apfelpatient.de\/#\/schema\/person\/image\/"},"description":"Hello and welcome to my technology blog! As a big Apple fan, I report on everything to do with Apple: from the latest news and exciting rumors to helpful tips and tricks and detailed product tests. If you are as enthusiastic about technology as I am, you have come to the right place!","sameAs":["https:\/\/www.facebook.com\/apfelpatientOfficial","https:\/\/www.linkedin.com\/in\/milan-jovicic-42aa0231b"],"url":"https:\/\/www.apfelpatient.de\/en\/author\/apfeladmin"}]}},"_links":{"self":[{"href":"https:\/\/www.apfelpatient.de\/en\/wp-json\/wp\/v2\/posts\/19182","targetHints":{"allow":["GET"]}}],"collection":[{"href":"https:\/\/www.apfelpatient.de\/en\/wp-json\/wp\/v2\/posts"}],"about":[{"href":"https:\/\/www.apfelpatient.de\/en\/wp-json\/wp\/v2\/types\/post"}],"author":[{"embeddable":true,"href":"https:\/\/www.apfelpatient.de\/en\/wp-json\/wp\/v2\/users\/2"}],"replies":[{"embeddable":true,"href":"https:\/\/www.apfelpatient.de\/en\/wp-json\/wp\/v2\/comments?post=19182"}],"version-history":[{"count":0,"href":"https:\/\/www.apfelpatient.de\/en\/wp-json\/wp\/v2\/posts\/19182\/revisions"}],"wp:featuredmedia":[{"embeddable":true,"href":"https:\/\/www.apfelpatient.de\/en\/wp-json\/wp\/v2\/media\/19183"}],"wp:attachment":[{"href":"https:\/\/www.apfelpatient.de\/en\/wp-json\/wp\/v2\/media?parent=19182"}],"wp:term":[{"taxonomy":"category","embeddable":true,"href":"https:\/\/www.apfelpatient.de\/en\/wp-json\/wp\/v2\/categories?post=19182"},{"taxonomy":"post_tag","embeddable":true,"href":"https:\/\/www.apfelpatient.de\/en\/wp-json\/wp\/v2\/tags?post=19182"}],"curies":[{"name":"wp","href":"https:\/\/api.w.org\/{rel}","templated":true}]}}