{"id":19137,"date":"2021-02-06T01:43:10","date_gmt":"2021-02-06T00:43:10","guid":{"rendered":"https:\/\/www.apfelpatient.de\/?p=19137"},"modified":"2021-03-09T12:00:56","modified_gmt":"2021-03-09T11:00:56","slug":"apple-car-negotiations-apple-hits-the-brakes","status":"publish","type":"post","link":"https:\/\/www.apfelpatient.de\/en\/rumors\/apple-car-verhandlungen-apple-tritt-auf-die-bremse","title":{"rendered":"Apple Car negotiations: Apple hits the brakes"},"content":{"rendered":"<p class=\"has-drop-cap\"><strong>There has been a lot of reporting about the Apple Car in recent days and weeks. Now Apple and Hyundai are said to have paused negotiations.<\/strong><\/p>\n\n\n\n<p>In recent weeks, some reports have suggested that Apple is looking to partner with Hyundai to produce the Apple Car. Now, a new report from Bloomberg suggests that the two companies recently paused their talks. Hyundai made a very surprising statement last month. The company confirmed talks with Apple involving a car. Shortly after, the automaker corrected the statement. In the revised version, Apple was no longer mentioned by name.<\/p>\n\n\n\n<h3 class=\"wp-block-heading\" id=\"h-apple-car-apple-ist-sehr-ver-rgert\">Apple Car: Apple is very &quot;angry&quot;<\/h3>\n\n\n\n\n\n\n\n<p>As the news continued, various sources reported that both companies wanted to negotiate a deal that would see an autonomous electric car with the apple logo - the Apple Car. To be precise, Hyundai&#039;s subsidiary Kia Motors is to take over production. Apple&#039;s investment should be around 3.6 billion US dollars. But now Bloomberg is reporting that Apple has put the brakes on negotiations with Hyundai. The reason is probably obvious. Bloomberg claims to have learned that Apple is very &quot;angry&quot; about Hyundai&#039;s press release. It is currently unclear whether the two companies will resume their talks. The Cupertino-based iPhone producer is <a href=\"https:\/\/www.apfelpatient.de\/en\/rumors\/apple-car-japanese-car-manufacturers-in-focus\">Bloomberg but also other sources<\/a> According to the company, it is in talks with several car manufacturers. <a href=\"https:\/\/www.bloomberg.com\/news\/articles\/2021-02-05\/apple-talks-with-hyundai-kia-on-electric-car-paused-recently\" target=\"_blank\" rel=\"noreferrer noopener\">writes<\/a> Bloomberg:<\/p>\n\n\n\n<h3 class=\"wp-block-heading\" id=\"h-wie-viele-sind-an-einer-zusammenarbeit-mit-apple-interessiert\">How many are interested in working with Apple?<\/h3>\n\n\n\n<blockquote class=\"wp-block-quote is-layout-flow wp-block-quote-is-layout-flow\"><p>This announcement and other reports of talks have angered Apple. Development projects have been kept secret for years and relationships with suppliers are controlled with ruthless efficiency.<\/p><p>It&#039;s unclear if - or when - talks between Apple and Hyundai might resume. There are only a handful of global automakers with the capacity and ability to mass produce vehicles, and it&#039;s unclear how many of them would be interested in working with Apple.<\/p><\/blockquote>\n\n\n\n\n\n\n\n<p>It remains to be seen how the whole thing will develop in the near future. But since the rumors are currently piling up, it shouldn&#039;t be long before the next sources comment on the topic. <em>(Photo by kolonko \/ Bigstockphoto)<\/em><\/p>\n\n\n\n<ul class=\"wp-block-list\"><li><a href=\"https:\/\/www.apfelpatient.de\/en\/rumors\/apple-car-first-version-should-be-different-than-expected\">Apple Car: First version will be different than expected<\/a><\/li><\/ul>\n\n\n\n<h6 class=\"wp-block-heading translation-block\" id=\"h-kennt-ihr-schon-unsere-amazon-storefront-dort-findet-ihr-eine-handverlesene-auswahl-von-diversen-produkten-f-r-euer-iphone-und-co-viel-spa-beim-st-bern\"><em>Have you already visited our Amazon Storefront? There you&#039;ll find a hand-picked selection of various products for your iPhone and other devices \u2013 <span class=\"has-inline-color has-vivid-red-color\"><a href=\"https:\/\/www.amazon.de\/shop\/apfelpatientofficial\" class=\"ek-link\" data-wpel-link=\"exclude\" rel=\"follow noopener\" target=\"_self\"><span style=\"text-decoration: underline\" class=\"ek-underline\">enjoy browsing<\/span><\/a> !<\/span><\/em><\/h6>\n\n\n\n\n\n<h6 class=\"wp-block-heading translation-block\" id=\"h-der-beitrag-enthalt-partnerlinks\">This post contains <a data-type=\"URL\" data-id=\"https:\/\/www.apfelpatient.de\/partnerprogramm\" href=\"https:\/\/www.apfelpatient.de\/en\/partner-program\" data-wpel-link=\"internal\" target=\"_self\">affiliate links<\/a>.<\/h6>","protected":false},"excerpt":{"rendered":"<p>There has been a lot of reporting about the Apple Car in recent days and weeks. Now Apple and Hyundai are said to have paused negotiations.<\/p>","protected":false},"author":2,"featured_media":19136,"comment_status":"closed","ping_status":"closed","sticky":false,"template":"","format":"standard","meta":{"jnews-multi-image_gallery":[],"jnews_single_post":{"subtitle":"","format":"standard","video":"","gallery":"","source_name":"","source_url":"","via_name":"","via_url":"","override":[{"single_blog_custom":"","sidebar":"","second_sidebar":"","share_position":"","share_float_style":"","post_date_format":"","post_date_format_custom":"","post_reading_time_wpm":"","zoom_button_out_step":"1","zoom_button_in_step":"1","number_popup_post":"1"}],"image_override":[{"single_post_thumbnail_size":"","single_post_gallery_size":""}],"trending_post_position":"","trending_post_label":"","sponsored_post_label":"","sponsored_post_name":"","sponsored_post_url":"","sponsored_post_logo":"","sponsored_post_desc":""},"jnews_primary_category":{"id":"25"},"footnotes":""},"categories":[25],"tags":[115,13],"class_list":["post-19137","post","type-post","status-publish","format-standard","has-post-thumbnail","hentry","category-rumors","tag-apple-car","tag-techpatient"],"yoast_head":"<!-- This site is optimized with the Yoast SEO Premium plugin v27.5 (Yoast SEO v27.5) - https:\/\/yoast.com\/product\/yoast-seo-premium-wordpress\/ -->\n<title>Apple Car Verhandlungen: Apple tritt auf die Bremse Apfelpatient<\/title>\n<meta name=\"description\" content=\"In den letzten Tagen und Wochen wurde viel \u00fcber das Apple Car berichtet. Nun sollen Apple und Hyundai die Verhandlungen pausiert haben.\" \/>\n<meta name=\"robots\" content=\"index, follow, max-snippet:-1, max-image-preview:large, max-video-preview:-1\" \/>\n<link rel=\"canonical\" href=\"https:\/\/www.apfelpatient.de\/en\/rumors\/apple-car-negotiations-apple-hits-the-brakes\" \/>\n<meta property=\"og:locale\" content=\"en_US\" \/>\n<meta property=\"og:type\" content=\"article\" \/>\n<meta property=\"og:title\" content=\"Apple Car Verhandlungen: Apple tritt auf die Bremse\" \/>\n<meta property=\"og:description\" content=\"In den letzten Tagen und Wochen wurde viel \u00fcber das Apple Car berichtet. Nun sollen Apple und Hyundai die Verhandlungen pausiert haben.\" \/>\n<meta property=\"og:url\" content=\"https:\/\/www.apfelpatient.de\/en\/rumors\/apple-car-negotiations-apple-hits-the-brakes\" \/>\n<meta property=\"og:site_name\" content=\"Apfelpatient\" \/>\n<meta property=\"article:publisher\" content=\"https:\/\/www.facebook.com\/apfelpatientOfficial\" \/>\n<meta property=\"article:author\" content=\"https:\/\/www.facebook.com\/apfelpatientOfficial\" \/>\n<meta property=\"article:published_time\" content=\"2021-02-06T00:43:10+00:00\" \/>\n<meta property=\"article:modified_time\" content=\"2021-03-09T11:00:56+00:00\" \/>\n<meta property=\"og:image\" content=\"https:\/\/www.apfelpatient.de\/wp-content\/uploads\/2021\/02\/bigstock-Car-Back-View-Night-Light-Rear-349419793.jpg\" \/>\n\t<meta property=\"og:image:width\" content=\"1600\" \/>\n\t<meta property=\"og:image:height\" content=\"1343\" \/>\n\t<meta property=\"og:image:type\" content=\"image\/jpeg\" \/>\n<meta name=\"author\" content=\"Milan\" \/>\n<meta name=\"twitter:card\" content=\"summary_large_image\" \/>\n<meta name=\"twitter:description\" content=\"In den letzten Tagen und Wochen wurde viel \u00fcber das Apple Car berichtet. Nun sollen Apple und Hyundai die Verhandlungen pausiert haben.\" \/>\n<meta name=\"twitter:label1\" content=\"Written by\" \/>\n\t<meta name=\"twitter:data1\" content=\"Milan\" \/>\n\t<meta name=\"twitter:label2\" content=\"Est. reading time\" \/>\n\t<meta name=\"twitter:data2\" content=\"2 minutes\" \/>\n<script type=\"application\/ld+json\" class=\"yoast-schema-graph\">{\"@context\":\"https:\\\/\\\/schema.org\",\"@graph\":[{\"@type\":\"NewsArticle\",\"@id\":\"https:\\\/\\\/www.apfelpatient.de\\\/rumors\\\/apple-car-verhandlungen-apple-tritt-auf-die-bremse#article\",\"isPartOf\":{\"@id\":\"https:\\\/\\\/www.apfelpatient.de\\\/rumors\\\/apple-car-verhandlungen-apple-tritt-auf-die-bremse\"},\"author\":{\"@type\":\"Organization\",\"@id\":\"https:\\\/\\\/www.apfelpatient.de\\\/en\\\/#organization\",\"name\":\"Apfelpatient\",\"url\":\"https:\\\/\\\/www.apfelpatient.de\\\/en\\\/\"},\"headline\":\"Apple Car Verhandlungen: Apple tritt auf die Bremse\",\"datePublished\":\"2021-02-06T00:43:10+00:00\",\"dateModified\":\"2021-03-09T11:00:56+00:00\",\"mainEntityOfPage\":{\"@id\":\"https:\\\/\\\/www.apfelpatient.de\\\/rumors\\\/apple-car-verhandlungen-apple-tritt-auf-die-bremse\"},\"wordCount\":386,\"publisher\":{\"@type\":\"Organization\",\"@id\":\"https:\\\/\\\/www.apfelpatient.de\\\/en\\\/#organization\",\"name\":\"Apfelpatient\",\"url\":\"https:\\\/\\\/www.apfelpatient.de\\\/en\\\/\"},\"image\":{\"@id\":\"https:\\\/\\\/www.apfelpatient.de\\\/rumors\\\/apple-car-verhandlungen-apple-tritt-auf-die-bremse#primaryimage\"},\"thumbnailUrl\":\"https:\\\/\\\/www.apfelpatient.de\\\/wp-content\\\/uploads\\\/2021\\\/02\\\/bigstock-Car-Back-View-Night-Light-Rear-349419793.jpg\",\"keywords\":[\"Apple Car\",\"TechPatient\"],\"articleSection\":\"Rumors\",\"inLanguage\":\"en-US\",\"copyrightYear\":\"2021\",\"copyrightHolder\":{\"@id\":\"https:\\\/\\\/www.apfelpatient.de\\\/en\\\/#organization\"}},{\"@type\":\"WebPage\",\"@id\":\"https:\\\/\\\/www.apfelpatient.de\\\/rumors\\\/apple-car-verhandlungen-apple-tritt-auf-die-bremse\",\"url\":\"https:\\\/\\\/www.apfelpatient.de\\\/rumors\\\/apple-car-verhandlungen-apple-tritt-auf-die-bremse\",\"name\":\"Apple Car Verhandlungen: Apple tritt auf die Bremse Apfelpatient\",\"isPartOf\":{\"@id\":\"https:\\\/\\\/www.apfelpatient.de\\\/#website\"},\"primaryImageOfPage\":{\"@id\":\"https:\\\/\\\/www.apfelpatient.de\\\/rumors\\\/apple-car-verhandlungen-apple-tritt-auf-die-bremse#primaryimage\"},\"image\":{\"@id\":\"https:\\\/\\\/www.apfelpatient.de\\\/rumors\\\/apple-car-verhandlungen-apple-tritt-auf-die-bremse#primaryimage\"},\"thumbnailUrl\":\"https:\\\/\\\/www.apfelpatient.de\\\/wp-content\\\/uploads\\\/2021\\\/02\\\/bigstock-Car-Back-View-Night-Light-Rear-349419793.jpg\",\"datePublished\":\"2021-02-06T00:43:10+00:00\",\"dateModified\":\"2021-03-09T11:00:56+00:00\",\"description\":\"In den letzten Tagen und Wochen wurde viel \u00fcber das Apple Car berichtet. Nun sollen Apple und Hyundai die Verhandlungen pausiert haben.\",\"breadcrumb\":{\"@id\":\"https:\\\/\\\/www.apfelpatient.de\\\/rumors\\\/apple-car-verhandlungen-apple-tritt-auf-die-bremse#breadcrumb\"},\"inLanguage\":\"en-US\",\"potentialAction\":[{\"@type\":\"ReadAction\",\"target\":[\"https:\\\/\\\/www.apfelpatient.de\\\/rumors\\\/apple-car-verhandlungen-apple-tritt-auf-die-bremse\"]}]},{\"@type\":\"ImageObject\",\"inLanguage\":\"en-US\",\"@id\":\"https:\\\/\\\/www.apfelpatient.de\\\/rumors\\\/apple-car-verhandlungen-apple-tritt-auf-die-bremse#primaryimage\",\"url\":\"https:\\\/\\\/www.apfelpatient.de\\\/wp-content\\\/uploads\\\/2021\\\/02\\\/bigstock-Car-Back-View-Night-Light-Rear-349419793.jpg\",\"contentUrl\":\"https:\\\/\\\/www.apfelpatient.de\\\/wp-content\\\/uploads\\\/2021\\\/02\\\/bigstock-Car-Back-View-Night-Light-Rear-349419793.jpg\",\"width\":1600,\"height\":1343,\"caption\":\"Car back view night light rear led realistic view. Car light in night dark background concept\"},{\"@type\":\"BreadcrumbList\",\"@id\":\"https:\\\/\\\/www.apfelpatient.de\\\/rumors\\\/apple-car-verhandlungen-apple-tritt-auf-die-bremse#breadcrumb\",\"itemListElement\":[{\"@type\":\"ListItem\",\"position\":1,\"name\":\"Startseite\",\"item\":\"https:\\\/\\\/www.apfelpatient.de\\\/\"},{\"@type\":\"ListItem\",\"position\":2,\"name\":\"Apple Car Verhandlungen: Apple tritt auf die Bremse\"}]},{\"@type\":\"WebSite\",\"@id\":\"https:\\\/\\\/www.apfelpatient.de\\\/#website\",\"url\":\"https:\\\/\\\/www.apfelpatient.de\\\/\",\"name\":\"Apfelpatient\",\"description\":\"Alles rund um Apple!\",\"publisher\":{\"@type\":\"Organization\",\"@id\":\"https:\\\/\\\/www.apfelpatient.de\\\/en\\\/#organization\",\"name\":\"Apfelpatient\",\"url\":\"https:\\\/\\\/www.apfelpatient.de\\\/en\\\/\"},\"alternateName\":\"Apfelpatient\",\"potentialAction\":[{\"@type\":\"SearchAction\",\"target\":{\"@type\":\"EntryPoint\",\"urlTemplate\":\"https:\\\/\\\/www.apfelpatient.de\\\/?s={search_term_string}\"},\"query-input\":{\"@type\":\"PropertyValueSpecification\",\"valueRequired\":true,\"valueName\":\"search_term_string\"}}],\"inLanguage\":\"en-US\"},{\"@type\":[\"Person\",\"Organization\"],\"@id\":\"https:\\\/\\\/www.apfelpatient.de\\\/#\\\/schema\\\/person\\\/7dc56ad6c8e9824b76d2c08d4c140e13\",\"name\":\"Milan\",\"logo\":{\"@id\":\"https:\\\/\\\/www.apfelpatient.de\\\/#\\\/schema\\\/person\\\/image\\\/\"},\"description\":\"Hallo und herzlich willkommen auf meinem Technik-Blog! Als gro\u00dfer Apple-Fan berichte ich hier \u00fcber alles, was mit Apple zu tun hat: von den neuesten News und spannenden Ger\u00fcchten \u00fcber hilfreiche Tipps und Tricks bis hin zu ausf\u00fchrlichen Produkttests. Wenn du genauso technikbegeistert bist wie ich, bist du hier genau richtig!\",\"sameAs\":[\"https:\\\/\\\/www.facebook.com\\\/apfelpatientOfficial\",\"https:\\\/\\\/www.linkedin.com\\\/in\\\/milan-jovicic-42aa0231b\"],\"url\":\"https:\\\/\\\/www.apfelpatient.de\\\/en\\\/author\\\/apfeladmin\"}]}<\/script>\n<!-- \/ Yoast SEO Premium plugin. -->","yoast_head_json":{"title":"Apple Car negotiations: Apple hits the brakes Apfelpatient","description":"There has been a lot of reporting about the Apple Car in recent days and weeks. Now Apple and Hyundai are said to have paused negotiations.","robots":{"index":"index","follow":"follow","max-snippet":"max-snippet:-1","max-image-preview":"max-image-preview:large","max-video-preview":"max-video-preview:-1"},"canonical":"https:\/\/www.apfelpatient.de\/en\/rumors\/apple-car-negotiations-apple-hits-the-brakes","og_locale":"en_US","og_type":"article","og_title":"Apple Car Verhandlungen: Apple tritt auf die Bremse","og_description":"In den letzten Tagen und Wochen wurde viel \u00fcber das Apple Car berichtet. Nun sollen Apple und Hyundai die Verhandlungen pausiert haben.","og_url":"https:\/\/www.apfelpatient.de\/en\/rumors\/apple-car-negotiations-apple-hits-the-brakes","og_site_name":"Apfelpatient","article_publisher":"https:\/\/www.facebook.com\/apfelpatientOfficial","article_author":"https:\/\/www.facebook.com\/apfelpatientOfficial","article_published_time":"2021-02-06T00:43:10+00:00","article_modified_time":"2021-03-09T11:00:56+00:00","og_image":[{"width":1600,"height":1343,"url":"https:\/\/www.apfelpatient.de\/wp-content\/uploads\/2021\/02\/bigstock-Car-Back-View-Night-Light-Rear-349419793.jpg","type":"image\/jpeg"}],"author":"Milan","twitter_card":"summary_large_image","twitter_description":"In den letzten Tagen und Wochen wurde viel \u00fcber das Apple Car berichtet. Nun sollen Apple und Hyundai die Verhandlungen pausiert haben.","twitter_misc":{"Written by":"Milan","Est. reading time":"2 minutes"},"schema":{"@context":"https:\/\/schema.org","@graph":[{"@type":"NewsArticle","@id":"https:\/\/www.apfelpatient.de\/rumors\/apple-car-verhandlungen-apple-tritt-auf-die-bremse#article","isPartOf":{"@id":"https:\/\/www.apfelpatient.de\/rumors\/apple-car-verhandlungen-apple-tritt-auf-die-bremse"},"author":{"@type":"Organization","@id":"https:\/\/www.apfelpatient.de\/en\/#organization","name":"Apfelpatient","url":"https:\/\/www.apfelpatient.de\/en\/"},"headline":"Apple Car Verhandlungen: Apple tritt auf die Bremse","datePublished":"2021-02-06T00:43:10+00:00","dateModified":"2021-03-09T11:00:56+00:00","mainEntityOfPage":{"@id":"https:\/\/www.apfelpatient.de\/rumors\/apple-car-verhandlungen-apple-tritt-auf-die-bremse"},"wordCount":386,"publisher":{"@type":"Organization","@id":"https:\/\/www.apfelpatient.de\/en\/#organization","name":"Apfelpatient","url":"https:\/\/www.apfelpatient.de\/en\/"},"image":{"@id":"https:\/\/www.apfelpatient.de\/rumors\/apple-car-verhandlungen-apple-tritt-auf-die-bremse#primaryimage"},"thumbnailUrl":"https:\/\/www.apfelpatient.de\/wp-content\/uploads\/2021\/02\/bigstock-Car-Back-View-Night-Light-Rear-349419793.jpg","keywords":["Apple Car","TechPatient"],"articleSection":"Rumors","inLanguage":"en-US","copyrightYear":"2021","copyrightHolder":{"@id":"https:\/\/www.apfelpatient.de\/en\/#organization"}},{"@type":"WebPage","@id":"https:\/\/www.apfelpatient.de\/rumors\/apple-car-verhandlungen-apple-tritt-auf-die-bremse","url":"https:\/\/www.apfelpatient.de\/rumors\/apple-car-verhandlungen-apple-tritt-auf-die-bremse","name":"Apple Car negotiations: Apple hits the brakes Apfelpatient","isPartOf":{"@id":"https:\/\/www.apfelpatient.de\/#website"},"primaryImageOfPage":{"@id":"https:\/\/www.apfelpatient.de\/rumors\/apple-car-verhandlungen-apple-tritt-auf-die-bremse#primaryimage"},"image":{"@id":"https:\/\/www.apfelpatient.de\/rumors\/apple-car-verhandlungen-apple-tritt-auf-die-bremse#primaryimage"},"thumbnailUrl":"https:\/\/www.apfelpatient.de\/wp-content\/uploads\/2021\/02\/bigstock-Car-Back-View-Night-Light-Rear-349419793.jpg","datePublished":"2021-02-06T00:43:10+00:00","dateModified":"2021-03-09T11:00:56+00:00","description":"There has been a lot of reporting about the Apple Car in recent days and weeks. Now Apple and Hyundai are said to have paused negotiations.","breadcrumb":{"@id":"https:\/\/www.apfelpatient.de\/rumors\/apple-car-verhandlungen-apple-tritt-auf-die-bremse#breadcrumb"},"inLanguage":"en-US","potentialAction":[{"@type":"ReadAction","target":["https:\/\/www.apfelpatient.de\/rumors\/apple-car-verhandlungen-apple-tritt-auf-die-bremse"]}]},{"@type":"ImageObject","inLanguage":"en-US","@id":"https:\/\/www.apfelpatient.de\/rumors\/apple-car-verhandlungen-apple-tritt-auf-die-bremse#primaryimage","url":"https:\/\/www.apfelpatient.de\/wp-content\/uploads\/2021\/02\/bigstock-Car-Back-View-Night-Light-Rear-349419793.jpg","contentUrl":"https:\/\/www.apfelpatient.de\/wp-content\/uploads\/2021\/02\/bigstock-Car-Back-View-Night-Light-Rear-349419793.jpg","width":1600,"height":1343,"caption":"Car back view night light rear led realistic view. Car light in night dark background concept"},{"@type":"BreadcrumbList","@id":"https:\/\/www.apfelpatient.de\/rumors\/apple-car-verhandlungen-apple-tritt-auf-die-bremse#breadcrumb","itemListElement":[{"@type":"ListItem","position":1,"name":"Startseite","item":"https:\/\/www.apfelpatient.de\/"},{"@type":"ListItem","position":2,"name":"Apple Car Verhandlungen: Apple tritt auf die Bremse"}]},{"@type":"WebSite","@id":"https:\/\/www.apfelpatient.de\/#website","url":"https:\/\/www.apfelpatient.de\/","name":"apple patient","description":"Everything about Apple!","publisher":{"@type":"Organization","@id":"https:\/\/www.apfelpatient.de\/en\/#organization","name":"Apfelpatient","url":"https:\/\/www.apfelpatient.de\/en\/"},"alternateName":"Apfelpatient","potentialAction":[{"@type":"SearchAction","target":{"@type":"EntryPoint","urlTemplate":"https:\/\/www.apfelpatient.de\/?s={search_term_string}"},"query-input":{"@type":"PropertyValueSpecification","valueRequired":true,"valueName":"search_term_string"}}],"inLanguage":"en-US"},{"@type":["Person","Organization"],"@id":"https:\/\/www.apfelpatient.de\/#\/schema\/person\/7dc56ad6c8e9824b76d2c08d4c140e13","name":"Milan","logo":{"@id":"https:\/\/www.apfelpatient.de\/#\/schema\/person\/image\/"},"description":"Hello and welcome to my technology blog! As a big Apple fan, I report on everything to do with Apple: from the latest news and exciting rumors to helpful tips and tricks and detailed product tests. If you are as enthusiastic about technology as I am, you have come to the right place!","sameAs":["https:\/\/www.facebook.com\/apfelpatientOfficial","https:\/\/www.linkedin.com\/in\/milan-jovicic-42aa0231b"],"url":"https:\/\/www.apfelpatient.de\/en\/author\/apfeladmin"}]}},"_links":{"self":[{"href":"https:\/\/www.apfelpatient.de\/en\/wp-json\/wp\/v2\/posts\/19137","targetHints":{"allow":["GET"]}}],"collection":[{"href":"https:\/\/www.apfelpatient.de\/en\/wp-json\/wp\/v2\/posts"}],"about":[{"href":"https:\/\/www.apfelpatient.de\/en\/wp-json\/wp\/v2\/types\/post"}],"author":[{"embeddable":true,"href":"https:\/\/www.apfelpatient.de\/en\/wp-json\/wp\/v2\/users\/2"}],"replies":[{"embeddable":true,"href":"https:\/\/www.apfelpatient.de\/en\/wp-json\/wp\/v2\/comments?post=19137"}],"version-history":[{"count":0,"href":"https:\/\/www.apfelpatient.de\/en\/wp-json\/wp\/v2\/posts\/19137\/revisions"}],"wp:featuredmedia":[{"embeddable":true,"href":"https:\/\/www.apfelpatient.de\/en\/wp-json\/wp\/v2\/media\/19136"}],"wp:attachment":[{"href":"https:\/\/www.apfelpatient.de\/en\/wp-json\/wp\/v2\/media?parent=19137"}],"wp:term":[{"taxonomy":"category","embeddable":true,"href":"https:\/\/www.apfelpatient.de\/en\/wp-json\/wp\/v2\/categories?post=19137"},{"taxonomy":"post_tag","embeddable":true,"href":"https:\/\/www.apfelpatient.de\/en\/wp-json\/wp\/v2\/tags?post=19137"}],"curies":[{"name":"wp","href":"https:\/\/api.w.org\/{rel}","templated":true}]}}