{"id":19063,"date":"2021-02-02T22:12:55","date_gmt":"2021-02-02T21:12:55","guid":{"rendered":"https:\/\/www.apfelpatient.de\/?p=19063"},"modified":"2021-03-09T12:00:56","modified_gmt":"2021-03-09T11:00:56","slug":"apple-car-porsches-vp-switches-to-apple","status":"publish","type":"post","link":"https:\/\/www.apfelpatient.de\/en\/news\/apple-car-porsches-vp-wechselt-zu-apple","title":{"rendered":"Apple Car: Porsche&#039;s VP moves to Apple"},"content":{"rendered":"<p class=\"has-drop-cap\"><strong>The rumors surrounding Project Titan \u2013 the Apple Car \u2013 just won&#039;t let up. Now Apple has a new employee \u2013 Porsche&#039;s Vice President of Chassis Development.<\/strong><\/p>\n\n\n\n<p>Since the beginning of January, we have been surrounded by rumors about the Apple Car. They don\u2019t seem to want to let up. Now <a href=\"https:\/\/www.businessinsider.de\/wirtschaft\/icar-coup-apple-wirbt-cayenne-chef-manfred-harrer-von-porsche-ab-und-treibt-damit-sein-geheimnisvolles-auto-projekt-titan-voran-a\/\" target=\"_blank\" rel=\"noreferrer noopener\">reported<\/a> Business Insider Germany reported that Apple has poached Dr. Manfred Harrer from the German sports car manufacturer Porsche. Anyone who still doubts Apple&#039;s car plans should pay attention to this news. After the company poached numerous Tesla employees, Porsche is now following suit. Dr. Harrer has more than a decade of experience at Porsche. Most recently, he was responsible for the Cayenne series. His management of chassis development dates back to 2016.\u00a0<\/p>\n\n\n\n<h3 class=\"wp-block-heading\" id=\"h-apple-car-hyundai-hat-gespr-che-best-tigt\">Apple Car: Hyundai has confirmed talks<\/h3>\n\n\n\n\n\n\n\n<p>Now he has a new employer. According to Business Insider Germany, Porsche, Apple and Dr. Harrer declined to comment on the report. Hyundai recently announced that it was in talks with Apple about producing a car. However, the announcement was withdrawn a day later. Later, <a href=\"https:\/\/www.apfelpatient.de\/en\/rumors\/apple-car-hyundai-doesnt-want-to-be-foxconn\">reports<\/a>that Hyundai is worried about being relegated to being just an Apple &quot;service provider.&quot; Overall, there are several indications, including from Apple&#039;s corner, that the company is working on several new projects, including the Apple Car. Nevertheless, it is advisable to view rumors surrounding Project Titan with skepticism. <em>(Image: Porsche AG)<\/em><\/p>\n\n\n\n<ul class=\"wp-block-list\"><li><a href=\"https:\/\/www.apfelpatient.de\/en\/rumors\/apple-car-these-specifications-could-have-the-e-car\">Apple Car: These are the specifications the electric car could have<\/a><\/li><\/ul>\n\n\n\n<h6 class=\"wp-block-heading translation-block\" id=\"h-kennt-ihr-schon-unsere-amazon-storefront-dort-findet-ihr-eine-handverlesene-auswahl-von-diversen-produkten-f-r-euer-iphone-und-co-viel-spa-beim-st-bern\"><em>Have you already visited our Amazon Storefront? There you&#039;ll find a hand-picked selection of various products for your iPhone and other devices \u2013 <span class=\"has-inline-color has-vivid-red-color\"><a href=\"https:\/\/www.amazon.de\/shop\/apfelpatientofficial\" class=\"ek-link\" data-wpel-link=\"exclude\" rel=\"follow noopener\" target=\"_self\"><span style=\"text-decoration: underline\" class=\"ek-underline\">enjoy browsing<\/span><\/a> !<\/span><\/em><\/h6>\n\n\n\n\n\n<h6 class=\"wp-block-heading translation-block\" id=\"h-der-beitrag-enthalt-partnerlinks\">This post contains <a data-type=\"URL\" data-id=\"https:\/\/www.apfelpatient.de\/partnerprogramm\" href=\"https:\/\/www.apfelpatient.de\/en\/partner-program\" data-wpel-link=\"internal\" target=\"_self\">affiliate links<\/a>.<\/h6>","protected":false},"excerpt":{"rendered":"<p>The rumors surrounding Project Titan\u2014the Apple Car\u2014just won&#039;t let up. Now Apple has a new employee.<\/p>","protected":false},"author":2,"featured_media":19062,"comment_status":"closed","ping_status":"closed","sticky":false,"template":"","format":"standard","meta":{"jnews-multi-image_gallery":[],"jnews_single_post":{"subtitle":"","format":"standard","video":"","gallery":"","source_name":"","source_url":"","via_name":"","via_url":"","override":[{"single_blog_custom":"","sidebar":"","second_sidebar":"","share_position":"","share_float_style":"","post_date_format":"","post_date_format_custom":"","post_reading_time_wpm":"","zoom_button_out_step":"1","zoom_button_in_step":"1","number_popup_post":"1"}],"image_override":[{"single_post_thumbnail_size":"","single_post_gallery_size":""}],"trending_post_position":"","trending_post_label":"","sponsored_post_label":"","sponsored_post_name":"","sponsored_post_url":"","sponsored_post_logo":"","sponsored_post_desc":""},"jnews_primary_category":{"id":"9"},"footnotes":""},"categories":[9],"tags":[115,13],"class_list":["post-19063","post","type-post","status-publish","format-standard","has-post-thumbnail","hentry","category-news","tag-apple-car","tag-techpatient"],"yoast_head":"<!-- This site is optimized with the Yoast SEO Premium plugin v27.5 (Yoast SEO v27.5) - https:\/\/yoast.com\/product\/yoast-seo-premium-wordpress\/ -->\n<title>Apple Car: Porsches VP wechselt zu Apple Apfelpatient<\/title>\n<meta name=\"description\" content=\"Die Ger\u00fcchte rund um Project Titan - das Apple Car - wollen einfach nicht nachlassen. Nun hat Apple einen neuen Mitarbeiter.\" \/>\n<meta name=\"robots\" content=\"index, follow, max-snippet:-1, max-image-preview:large, max-video-preview:-1\" \/>\n<link rel=\"canonical\" href=\"https:\/\/www.apfelpatient.de\/en\/news\/apple-car-porsches-vp-switches-to-apple\" \/>\n<meta property=\"og:locale\" content=\"en_US\" \/>\n<meta property=\"og:type\" content=\"article\" \/>\n<meta property=\"og:title\" content=\"Apple Car: Porsches VP wechselt zu Apple\" \/>\n<meta property=\"og:description\" content=\"Die Ger\u00fcchte rund um Project Titan - das Apple Car - wollen einfach nicht nachlassen. Nun hat Apple einen neuen Mitarbeiter.\" \/>\n<meta property=\"og:url\" content=\"https:\/\/www.apfelpatient.de\/en\/news\/apple-car-porsches-vp-switches-to-apple\" \/>\n<meta property=\"og:site_name\" content=\"Apfelpatient\" \/>\n<meta property=\"article:publisher\" content=\"https:\/\/www.facebook.com\/apfelpatientOfficial\" \/>\n<meta property=\"article:author\" content=\"https:\/\/www.facebook.com\/apfelpatientOfficial\" \/>\n<meta property=\"article:published_time\" content=\"2021-02-02T21:12:55+00:00\" \/>\n<meta property=\"article:modified_time\" content=\"2021-03-09T11:00:56+00:00\" \/>\n<meta property=\"og:image\" content=\"https:\/\/www.apfelpatient.de\/wp-content\/uploads\/2021\/02\/S19_4247_fine.jpg\" \/>\n\t<meta property=\"og:image:width\" content=\"1600\" \/>\n\t<meta property=\"og:image:height\" content=\"900\" \/>\n\t<meta property=\"og:image:type\" content=\"image\/jpeg\" \/>\n<meta name=\"author\" content=\"Milan\" \/>\n<meta name=\"twitter:card\" content=\"summary_large_image\" \/>\n<meta name=\"twitter:description\" content=\"Die Ger\u00fcchte rund um Project Titan - das Apple Car - wollen einfach nicht nachlassen. Nun hat Apple einen neuen Mitarbeiter.\" \/>\n<meta name=\"twitter:label1\" content=\"Written by\" \/>\n\t<meta name=\"twitter:data1\" content=\"Milan\" \/>\n\t<meta name=\"twitter:label2\" content=\"Est. reading time\" \/>\n\t<meta name=\"twitter:data2\" content=\"1 minute\" \/>\n<script type=\"application\/ld+json\" class=\"yoast-schema-graph\">{\"@context\":\"https:\\\/\\\/schema.org\",\"@graph\":[{\"@type\":\"NewsArticle\",\"@id\":\"https:\\\/\\\/www.apfelpatient.de\\\/news\\\/apple-car-porsches-vp-wechselt-zu-apple#article\",\"isPartOf\":{\"@id\":\"https:\\\/\\\/www.apfelpatient.de\\\/news\\\/apple-car-porsches-vp-wechselt-zu-apple\"},\"author\":{\"@type\":\"Organization\",\"@id\":\"https:\\\/\\\/www.apfelpatient.de\\\/en\\\/#organization\",\"name\":\"Apfelpatient\",\"url\":\"https:\\\/\\\/www.apfelpatient.de\\\/en\\\/\"},\"headline\":\"Apple Car: Porsches VP wechselt zu Apple\",\"datePublished\":\"2021-02-02T21:12:55+00:00\",\"dateModified\":\"2021-03-09T11:00:56+00:00\",\"mainEntityOfPage\":{\"@id\":\"https:\\\/\\\/www.apfelpatient.de\\\/news\\\/apple-car-porsches-vp-wechselt-zu-apple\"},\"wordCount\":255,\"publisher\":{\"@type\":\"Organization\",\"@id\":\"https:\\\/\\\/www.apfelpatient.de\\\/en\\\/#organization\",\"name\":\"Apfelpatient\",\"url\":\"https:\\\/\\\/www.apfelpatient.de\\\/en\\\/\"},\"image\":{\"@id\":\"https:\\\/\\\/www.apfelpatient.de\\\/news\\\/apple-car-porsches-vp-wechselt-zu-apple#primaryimage\"},\"thumbnailUrl\":\"https:\\\/\\\/www.apfelpatient.de\\\/wp-content\\\/uploads\\\/2021\\\/02\\\/S19_4247_fine.jpg\",\"keywords\":[\"Apple Car\",\"TechPatient\"],\"articleSection\":\"News\",\"inLanguage\":\"en-US\",\"copyrightYear\":\"2021\",\"copyrightHolder\":{\"@id\":\"https:\\\/\\\/www.apfelpatient.de\\\/en\\\/#organization\"}},{\"@type\":\"WebPage\",\"@id\":\"https:\\\/\\\/www.apfelpatient.de\\\/news\\\/apple-car-porsches-vp-wechselt-zu-apple\",\"url\":\"https:\\\/\\\/www.apfelpatient.de\\\/news\\\/apple-car-porsches-vp-wechselt-zu-apple\",\"name\":\"Apple Car: Porsches VP wechselt zu Apple Apfelpatient\",\"isPartOf\":{\"@id\":\"https:\\\/\\\/www.apfelpatient.de\\\/#website\"},\"primaryImageOfPage\":{\"@id\":\"https:\\\/\\\/www.apfelpatient.de\\\/news\\\/apple-car-porsches-vp-wechselt-zu-apple#primaryimage\"},\"image\":{\"@id\":\"https:\\\/\\\/www.apfelpatient.de\\\/news\\\/apple-car-porsches-vp-wechselt-zu-apple#primaryimage\"},\"thumbnailUrl\":\"https:\\\/\\\/www.apfelpatient.de\\\/wp-content\\\/uploads\\\/2021\\\/02\\\/S19_4247_fine.jpg\",\"datePublished\":\"2021-02-02T21:12:55+00:00\",\"dateModified\":\"2021-03-09T11:00:56+00:00\",\"description\":\"Die Ger\u00fcchte rund um Project Titan - das Apple Car - wollen einfach nicht nachlassen. Nun hat Apple einen neuen Mitarbeiter.\",\"breadcrumb\":{\"@id\":\"https:\\\/\\\/www.apfelpatient.de\\\/news\\\/apple-car-porsches-vp-wechselt-zu-apple#breadcrumb\"},\"inLanguage\":\"en-US\",\"potentialAction\":[{\"@type\":\"ReadAction\",\"target\":[\"https:\\\/\\\/www.apfelpatient.de\\\/news\\\/apple-car-porsches-vp-wechselt-zu-apple\"]}]},{\"@type\":\"ImageObject\",\"inLanguage\":\"en-US\",\"@id\":\"https:\\\/\\\/www.apfelpatient.de\\\/news\\\/apple-car-porsches-vp-wechselt-zu-apple#primaryimage\",\"url\":\"https:\\\/\\\/www.apfelpatient.de\\\/wp-content\\\/uploads\\\/2021\\\/02\\\/S19_4247_fine.jpg\",\"contentUrl\":\"https:\\\/\\\/www.apfelpatient.de\\\/wp-content\\\/uploads\\\/2021\\\/02\\\/S19_4247_fine.jpg\",\"width\":1600,\"height\":900,\"caption\":\"World premiere in Europe 2019: Manfred Harrer Vice President Chassis Development, presenting the new Taycan - Copyright Porsche AG\"},{\"@type\":\"BreadcrumbList\",\"@id\":\"https:\\\/\\\/www.apfelpatient.de\\\/news\\\/apple-car-porsches-vp-wechselt-zu-apple#breadcrumb\",\"itemListElement\":[{\"@type\":\"ListItem\",\"position\":1,\"name\":\"Startseite\",\"item\":\"https:\\\/\\\/www.apfelpatient.de\\\/\"},{\"@type\":\"ListItem\",\"position\":2,\"name\":\"Apple Car: Porsches VP wechselt zu Apple\"}]},{\"@type\":\"WebSite\",\"@id\":\"https:\\\/\\\/www.apfelpatient.de\\\/#website\",\"url\":\"https:\\\/\\\/www.apfelpatient.de\\\/\",\"name\":\"Apfelpatient\",\"description\":\"Alles rund um Apple!\",\"publisher\":{\"@type\":\"Organization\",\"@id\":\"https:\\\/\\\/www.apfelpatient.de\\\/en\\\/#organization\",\"name\":\"Apfelpatient\",\"url\":\"https:\\\/\\\/www.apfelpatient.de\\\/en\\\/\"},\"alternateName\":\"Apfelpatient\",\"potentialAction\":[{\"@type\":\"SearchAction\",\"target\":{\"@type\":\"EntryPoint\",\"urlTemplate\":\"https:\\\/\\\/www.apfelpatient.de\\\/?s={search_term_string}\"},\"query-input\":{\"@type\":\"PropertyValueSpecification\",\"valueRequired\":true,\"valueName\":\"search_term_string\"}}],\"inLanguage\":\"en-US\"},{\"@type\":[\"Person\",\"Organization\"],\"@id\":\"https:\\\/\\\/www.apfelpatient.de\\\/#\\\/schema\\\/person\\\/35b3ddba5832f2bfc7fff5206d4f6b7b\",\"name\":\"Milan\",\"logo\":{\"@id\":\"https:\\\/\\\/www.apfelpatient.de\\\/#\\\/schema\\\/person\\\/image\\\/\"},\"description\":\"Hallo und herzlich willkommen auf meinem Technik-Blog! Als gro\u00dfer Apple-Fan berichte ich hier \u00fcber alles, was mit Apple zu tun hat: von den neuesten News und spannenden Ger\u00fcchten \u00fcber hilfreiche Tipps und Tricks bis hin zu ausf\u00fchrlichen Produkttests. Wenn du genauso technikbegeistert bist wie ich, bist du hier genau richtig!\",\"sameAs\":[\"https:\\\/\\\/www.facebook.com\\\/apfelpatientOfficial\",\"https:\\\/\\\/www.linkedin.com\\\/in\\\/milan-jovicic-42aa0231b\"],\"url\":\"https:\\\/\\\/www.apfelpatient.de\\\/en\\\/author\\\/apfeladmin\"}]}<\/script>\n<!-- \/ Yoast SEO Premium plugin. -->","yoast_head_json":{"title":"Apple Car: Porsche&#039;s VP moves to Apple Apfelpatient","description":"The rumors surrounding Project Titan - the Apple Car - just won&#039;t let up. Now Apple has a new employee.","robots":{"index":"index","follow":"follow","max-snippet":"max-snippet:-1","max-image-preview":"max-image-preview:large","max-video-preview":"max-video-preview:-1"},"canonical":"https:\/\/www.apfelpatient.de\/en\/news\/apple-car-porsches-vp-switches-to-apple","og_locale":"en_US","og_type":"article","og_title":"Apple Car: Porsches VP wechselt zu Apple","og_description":"Die Ger\u00fcchte rund um Project Titan - das Apple Car - wollen einfach nicht nachlassen. Nun hat Apple einen neuen Mitarbeiter.","og_url":"https:\/\/www.apfelpatient.de\/en\/news\/apple-car-porsches-vp-switches-to-apple","og_site_name":"Apfelpatient","article_publisher":"https:\/\/www.facebook.com\/apfelpatientOfficial","article_author":"https:\/\/www.facebook.com\/apfelpatientOfficial","article_published_time":"2021-02-02T21:12:55+00:00","article_modified_time":"2021-03-09T11:00:56+00:00","og_image":[{"width":1600,"height":900,"url":"https:\/\/www.apfelpatient.de\/wp-content\/uploads\/2021\/02\/S19_4247_fine.jpg","type":"image\/jpeg"}],"author":"Milan","twitter_card":"summary_large_image","twitter_description":"Die Ger\u00fcchte rund um Project Titan - das Apple Car - wollen einfach nicht nachlassen. Nun hat Apple einen neuen Mitarbeiter.","twitter_misc":{"Written by":"Milan","Est. reading time":"1 minute"},"schema":{"@context":"https:\/\/schema.org","@graph":[{"@type":"NewsArticle","@id":"https:\/\/www.apfelpatient.de\/news\/apple-car-porsches-vp-wechselt-zu-apple#article","isPartOf":{"@id":"https:\/\/www.apfelpatient.de\/news\/apple-car-porsches-vp-wechselt-zu-apple"},"author":{"@type":"Organization","@id":"https:\/\/www.apfelpatient.de\/en\/#organization","name":"Apfelpatient","url":"https:\/\/www.apfelpatient.de\/en\/"},"headline":"Apple Car: Porsches VP wechselt zu Apple","datePublished":"2021-02-02T21:12:55+00:00","dateModified":"2021-03-09T11:00:56+00:00","mainEntityOfPage":{"@id":"https:\/\/www.apfelpatient.de\/news\/apple-car-porsches-vp-wechselt-zu-apple"},"wordCount":255,"publisher":{"@type":"Organization","@id":"https:\/\/www.apfelpatient.de\/en\/#organization","name":"Apfelpatient","url":"https:\/\/www.apfelpatient.de\/en\/"},"image":{"@id":"https:\/\/www.apfelpatient.de\/news\/apple-car-porsches-vp-wechselt-zu-apple#primaryimage"},"thumbnailUrl":"https:\/\/www.apfelpatient.de\/wp-content\/uploads\/2021\/02\/S19_4247_fine.jpg","keywords":["Apple Car","TechPatient"],"articleSection":"News","inLanguage":"en-US","copyrightYear":"2021","copyrightHolder":{"@id":"https:\/\/www.apfelpatient.de\/en\/#organization"}},{"@type":"WebPage","@id":"https:\/\/www.apfelpatient.de\/news\/apple-car-porsches-vp-wechselt-zu-apple","url":"https:\/\/www.apfelpatient.de\/news\/apple-car-porsches-vp-wechselt-zu-apple","name":"Apple Car: Porsche&#039;s VP moves to Apple Apfelpatient","isPartOf":{"@id":"https:\/\/www.apfelpatient.de\/#website"},"primaryImageOfPage":{"@id":"https:\/\/www.apfelpatient.de\/news\/apple-car-porsches-vp-wechselt-zu-apple#primaryimage"},"image":{"@id":"https:\/\/www.apfelpatient.de\/news\/apple-car-porsches-vp-wechselt-zu-apple#primaryimage"},"thumbnailUrl":"https:\/\/www.apfelpatient.de\/wp-content\/uploads\/2021\/02\/S19_4247_fine.jpg","datePublished":"2021-02-02T21:12:55+00:00","dateModified":"2021-03-09T11:00:56+00:00","description":"The rumors surrounding Project Titan - the Apple Car - just won&#039;t let up. Now Apple has a new employee.","breadcrumb":{"@id":"https:\/\/www.apfelpatient.de\/news\/apple-car-porsches-vp-wechselt-zu-apple#breadcrumb"},"inLanguage":"en-US","potentialAction":[{"@type":"ReadAction","target":["https:\/\/www.apfelpatient.de\/news\/apple-car-porsches-vp-wechselt-zu-apple"]}]},{"@type":"ImageObject","inLanguage":"en-US","@id":"https:\/\/www.apfelpatient.de\/news\/apple-car-porsches-vp-wechselt-zu-apple#primaryimage","url":"https:\/\/www.apfelpatient.de\/wp-content\/uploads\/2021\/02\/S19_4247_fine.jpg","contentUrl":"https:\/\/www.apfelpatient.de\/wp-content\/uploads\/2021\/02\/S19_4247_fine.jpg","width":1600,"height":900,"caption":"World premiere in Europe 2019: Manfred Harrer Vice President Chassis Development, presenting the new Taycan - Copyright Porsche AG"},{"@type":"BreadcrumbList","@id":"https:\/\/www.apfelpatient.de\/news\/apple-car-porsches-vp-wechselt-zu-apple#breadcrumb","itemListElement":[{"@type":"ListItem","position":1,"name":"Startseite","item":"https:\/\/www.apfelpatient.de\/"},{"@type":"ListItem","position":2,"name":"Apple Car: Porsches VP wechselt zu Apple"}]},{"@type":"WebSite","@id":"https:\/\/www.apfelpatient.de\/#website","url":"https:\/\/www.apfelpatient.de\/","name":"apple patient","description":"Everything about Apple!","publisher":{"@type":"Organization","@id":"https:\/\/www.apfelpatient.de\/en\/#organization","name":"Apfelpatient","url":"https:\/\/www.apfelpatient.de\/en\/"},"alternateName":"Apfelpatient","potentialAction":[{"@type":"SearchAction","target":{"@type":"EntryPoint","urlTemplate":"https:\/\/www.apfelpatient.de\/?s={search_term_string}"},"query-input":{"@type":"PropertyValueSpecification","valueRequired":true,"valueName":"search_term_string"}}],"inLanguage":"en-US"},{"@type":["Person","Organization"],"@id":"https:\/\/www.apfelpatient.de\/#\/schema\/person\/35b3ddba5832f2bfc7fff5206d4f6b7b","name":"Milan","logo":{"@id":"https:\/\/www.apfelpatient.de\/#\/schema\/person\/image\/"},"description":"Hello and welcome to my technology blog! As a big Apple fan, I report on everything to do with Apple: from the latest news and exciting rumors to helpful tips and tricks and detailed product tests. If you are as enthusiastic about technology as I am, you have come to the right place!","sameAs":["https:\/\/www.facebook.com\/apfelpatientOfficial","https:\/\/www.linkedin.com\/in\/milan-jovicic-42aa0231b"],"url":"https:\/\/www.apfelpatient.de\/en\/author\/apfeladmin"}]}},"_links":{"self":[{"href":"https:\/\/www.apfelpatient.de\/en\/wp-json\/wp\/v2\/posts\/19063","targetHints":{"allow":["GET"]}}],"collection":[{"href":"https:\/\/www.apfelpatient.de\/en\/wp-json\/wp\/v2\/posts"}],"about":[{"href":"https:\/\/www.apfelpatient.de\/en\/wp-json\/wp\/v2\/types\/post"}],"author":[{"embeddable":true,"href":"https:\/\/www.apfelpatient.de\/en\/wp-json\/wp\/v2\/users\/2"}],"replies":[{"embeddable":true,"href":"https:\/\/www.apfelpatient.de\/en\/wp-json\/wp\/v2\/comments?post=19063"}],"version-history":[{"count":0,"href":"https:\/\/www.apfelpatient.de\/en\/wp-json\/wp\/v2\/posts\/19063\/revisions"}],"wp:featuredmedia":[{"embeddable":true,"href":"https:\/\/www.apfelpatient.de\/en\/wp-json\/wp\/v2\/media\/19062"}],"wp:attachment":[{"href":"https:\/\/www.apfelpatient.de\/en\/wp-json\/wp\/v2\/media?parent=19063"}],"wp:term":[{"taxonomy":"category","embeddable":true,"href":"https:\/\/www.apfelpatient.de\/en\/wp-json\/wp\/v2\/categories?post=19063"},{"taxonomy":"post_tag","embeddable":true,"href":"https:\/\/www.apfelpatient.de\/en\/wp-json\/wp\/v2\/tags?post=19063"}],"curies":[{"name":"wp","href":"https:\/\/api.w.org\/{rel}","templated":true}]}}