{"id":19043,"date":"2021-02-02T14:54:53","date_gmt":"2021-02-02T13:54:53","guid":{"rendered":"https:\/\/www.apfelpatient.de\/?p=19043"},"modified":"2021-03-09T12:00:57","modified_gmt":"2021-03-09T11:00:57","slug":"apple-car-these-specifications-could-have-the-e-car","status":"publish","type":"post","link":"https:\/\/www.apfelpatient.de\/en\/rumors\/apple-car-diese-spezifikationen-koennte-das-e-auto-haben","title":{"rendered":"Apple Car: These are the specifications the electric car could have"},"content":{"rendered":"<p class=\"has-drop-cap\"><strong>Renowned TF Securities analyst Ming-Chi Kuo has once again spoken out on the subject of the Apple Car, stating that Apple will work closely with Hyundai on an initial model that could lead to new vehicles built in collaboration with General Motors and European manufacturer PSA.<\/strong><\/p>\n\n\n\n<p>In a note to investors, Kuo confirmed recent reports of a possible partnership with Hyundai, saying the first Apple Car will be built on the company&#039;s E-GMP electric vehicle platform. Hyundai Mobis will take the lead in designing and producing the components while Hyundai subsidiary Kia will handle production in the US.<\/p>\n\n\n\n<h3 class=\"wp-block-heading\" id=\"h-apple-car-bis-zu-500-km-reichweite\">Apple Car: Up to 500 KM range?<\/h3>\n\n\n\n\n\n\n\n<p>Unveiled in December, the E-GMP is a dedicated platform for battery-electric vehicles (BEVs) that consists of up to two motors, a five-link rear suspension, an integrated drive axle, battery cells, a charging system, and other chassis components. According to the company, the system has a maximum range of about 310 miles (almost 500 KM) on a full charge and can be charged to 80 % within 18 minutes. Acceleration for a high-performance configuration is specified as 0-60 mph (0-100 km\/h) in under 3.5 seconds. The top speed is said to be 160 mph (almost 260 km\/h). Hyundai intends to use the E-GMP as the basis for a range of models to be launched this year under the two flagship brands. As in the past, Kuo suspects that Apple will outsource the manufacturing of parts and assembly to established automakers.&nbsp;<\/p>\n\n\n\n<h3 class=\"wp-block-heading\" id=\"h-apple-ist-von-anderen-autoherstellern-abh-ngig\">Apple is dependent on other car manufacturers<\/h3>\n\n\n\n<p>EVs contain about 40 to 50 times more parts than a smartphone, the analyst said, suggesting that <a href=\"https:\/\/www.apple.com\/\" target=\"_blank\" rel=\"noreferrer noopener\">Apple<\/a> rely on the resources of existing automakers. The tech giant will not be able to build its own automotive supply chain - as it has done for devices such as the iPhone, iPad and Apple Watch - without suffering significant delays. Kuo explains:<\/p>\n\n\n\n<blockquote class=\"wp-block-quote is-layout-flow wp-block-quote-is-layout-flow\"><p>Apple&#039;s close collaboration with current automakers (Hyundai Group, GM and PSA), who have extensive experience in development, production and qualification, will significantly shorten the development time of the Apple Car and create a time-to-market advantage. We believe Apple will leverage the resources of current automakers and focus on self-driving hardware and software, semiconductors, battery-related technologies, form factor and interior designs, innovative user experience and integration with the existing Apple ecosystem.<\/p><\/blockquote>\n\n\n\n<p>Given a longer development time, higher validation requirements, a more complex supply chain and &quot;very different&quot; sales and customer service, Kuo doesn&#039;t expect a so-called &quot;Apple Car&quot; to be on the streets until 2025 at the earliest. That date is still considered aggressive for a technology company making its first foray into a new industry.<\/p>\n\n\n\n<h3 class=\"wp-block-heading\" id=\"h-apple-car-kuo-widerspricht-zu-ger-chten-rund-um-foxconn\">Apple Car: Kuo contradicts rumors surrounding Foxconn<\/h3>\n\n\n\n\n\n\n\n<p>Apple will likely market the vehicle as a &quot;very high-end&quot; model, &quot;significantly higher&quot; than a standard electric vehicle. If the first Apple Car proves successful, Apple could court GM and PSA for regional partners that manufacture cars under a variety of brands, including Peugeot, Citroen and Opel. Kuo refuted rumors that long-time manufacturing partner Hon Hai (Foxconn), which is entering the electric car business with its MIH platform, will secure Apple Car orders for assembly or chassis. Pan-International, Eson, Long Time Tech and G-Tech are also unlikely to enter the supply chain, the analyst said. Since early January, reports surrounding the Apple Car have increased sharply. Most of the rumors contradict each other. However, since Ming-Chi Kuo has a strong track record, his statements surrounding the Apple Car are taken more seriously. Still, as always, the whole thing should be viewed with a healthy dose of skepticism. <em>(Photo by Andrey Suslov \/ Bigstockphoto)<\/em><\/p>\n\n\n\n<ul class=\"wp-block-list\"><li><a href=\"https:\/\/www.apfelpatient.de\/en\/news\/patent-apple-car-could-get-special-car-seats\">Patent: Apple Car could get special car seats<\/a><\/li><\/ul>\n\n\n\n<h6 class=\"wp-block-heading translation-block\" id=\"h-kennt-ihr-schon-unsere-amazon-storefront-dort-findet-ihr-eine-handverlesene-auswahl-von-diversen-produkten-f-r-euer-iphone-und-co-viel-spa-beim-st-bern\"><em>Have you already visited our Amazon Storefront? There you&#039;ll find a hand-picked selection of various products for your iPhone and other devices \u2013 <span class=\"has-inline-color has-vivid-red-color\"><a href=\"https:\/\/www.amazon.de\/shop\/apfelpatientofficial\" class=\"ek-link\" data-wpel-link=\"exclude\" rel=\"follow noopener\" target=\"_self\"><span style=\"text-decoration: underline\" class=\"ek-underline\">enjoy browsing<\/span><\/a> !<\/span><\/em><\/h6>\n\n\n\n\n\n<h6 class=\"wp-block-heading translation-block\" id=\"h-der-beitrag-enthalt-partnerlinks\">This post contains <a data-type=\"URL\" data-id=\"https:\/\/www.apfelpatient.de\/partnerprogramm\" href=\"https:\/\/www.apfelpatient.de\/en\/partner-program\" data-wpel-link=\"internal\" target=\"_self\">affiliate links<\/a>.<\/h6>","protected":false},"excerpt":{"rendered":"<p>Renowned TF Securities analyst Ming-Chi Kuo has once again commented on the Apple Car and provided some details.<\/p>","protected":false},"author":2,"featured_media":19044,"comment_status":"closed","ping_status":"closed","sticky":false,"template":"","format":"standard","meta":{"jnews-multi-image_gallery":[],"jnews_single_post":{"subtitle":"","format":"standard","video":"","gallery":"","source_name":"","source_url":"","via_name":"","via_url":"","override":[{"single_blog_custom":"","sidebar":"","second_sidebar":"","share_position":"","share_float_style":"","post_date_format":"","post_date_format_custom":"","post_reading_time_wpm":"","zoom_button_out_step":"1","zoom_button_in_step":"1","number_popup_post":"1"}],"image_override":[{"single_post_thumbnail_size":"","single_post_gallery_size":""}],"trending_post_position":"","trending_post_label":"","sponsored_post_label":"","sponsored_post_name":"","sponsored_post_url":"","sponsored_post_logo":"","sponsored_post_desc":""},"jnews_primary_category":{"id":"25"},"footnotes":""},"categories":[25],"tags":[115,13],"class_list":["post-19043","post","type-post","status-publish","format-standard","has-post-thumbnail","hentry","category-rumors","tag-apple-car","tag-techpatient"],"yoast_head":"<!-- This site is optimized with the Yoast SEO Premium plugin v27.5 (Yoast SEO v27.5) - https:\/\/yoast.com\/product\/yoast-seo-premium-wordpress\/ -->\n<title>Apple Car: Diese Spezifikationen k\u00f6nnte das E-Auto haben Apfelpatient<\/title>\n<meta name=\"description\" content=\"Der renommierte TF Securities-Analyst Ming-Chi Kuo hat sich erneut zum Thema &quot;Apple Car&quot; ge\u00e4u\u00dfert und dabei einige Details genannt.\" \/>\n<meta name=\"robots\" content=\"index, follow, max-snippet:-1, max-image-preview:large, max-video-preview:-1\" \/>\n<link rel=\"canonical\" href=\"https:\/\/www.apfelpatient.de\/en\/rumors\/apple-car-these-specifications-could-have-the-e-car\" \/>\n<meta property=\"og:locale\" content=\"en_US\" \/>\n<meta property=\"og:type\" content=\"article\" \/>\n<meta property=\"og:title\" content=\"Apple Car: Diese Spezifikationen k\u00f6nnte das E-Auto haben\" \/>\n<meta property=\"og:description\" content=\"Der renommierte TF Securities-Analyst Ming-Chi Kuo hat sich erneut zum Thema &quot;Apple Car&quot; ge\u00e4u\u00dfert und dabei einige Details genannt.\" \/>\n<meta property=\"og:url\" content=\"https:\/\/www.apfelpatient.de\/en\/rumors\/apple-car-these-specifications-could-have-the-e-car\" \/>\n<meta property=\"og:site_name\" content=\"Apfelpatient\" \/>\n<meta property=\"article:publisher\" content=\"https:\/\/www.facebook.com\/apfelpatientOfficial\" \/>\n<meta property=\"article:author\" content=\"https:\/\/www.facebook.com\/apfelpatientOfficial\" \/>\n<meta property=\"article:published_time\" content=\"2021-02-02T13:54:53+00:00\" \/>\n<meta property=\"article:modified_time\" content=\"2021-03-09T11:00:57+00:00\" \/>\n<meta property=\"og:image\" content=\"https:\/\/www.apfelpatient.de\/wp-content\/uploads\/2021\/02\/bigstock-186983458.jpg\" \/>\n\t<meta property=\"og:image:width\" content=\"1600\" \/>\n\t<meta property=\"og:image:height\" content=\"904\" \/>\n\t<meta property=\"og:image:type\" content=\"image\/jpeg\" \/>\n<meta name=\"author\" content=\"Milan\" \/>\n<meta name=\"twitter:card\" content=\"summary_large_image\" \/>\n<meta name=\"twitter:description\" content=\"Der renommierte TF Securities-Analyst Ming-Chi Kuo hat sich erneut zum Thema &quot;Apple Car&quot; ge\u00e4u\u00dfert und dabei einige Details genannt.\" \/>\n<meta name=\"twitter:label1\" content=\"Written by\" \/>\n\t<meta name=\"twitter:data1\" content=\"Milan\" \/>\n\t<meta name=\"twitter:label2\" content=\"Est. reading time\" \/>\n\t<meta name=\"twitter:data2\" content=\"3 minutes\" \/>\n<script type=\"application\/ld+json\" class=\"yoast-schema-graph\">{\"@context\":\"https:\\\/\\\/schema.org\",\"@graph\":[{\"@type\":\"NewsArticle\",\"@id\":\"https:\\\/\\\/www.apfelpatient.de\\\/rumors\\\/apple-car-diese-spezifikationen-koennte-das-e-auto-haben#article\",\"isPartOf\":{\"@id\":\"https:\\\/\\\/www.apfelpatient.de\\\/rumors\\\/apple-car-diese-spezifikationen-koennte-das-e-auto-haben\"},\"author\":{\"@type\":\"Organization\",\"@id\":\"https:\\\/\\\/www.apfelpatient.de\\\/en\\\/#organization\",\"name\":\"Apfelpatient\",\"url\":\"https:\\\/\\\/www.apfelpatient.de\\\/en\\\/\"},\"headline\":\"Apple Car: Diese Spezifikationen k\u00f6nnte das E-Auto haben\",\"datePublished\":\"2021-02-02T13:54:53+00:00\",\"dateModified\":\"2021-03-09T11:00:57+00:00\",\"mainEntityOfPage\":{\"@id\":\"https:\\\/\\\/www.apfelpatient.de\\\/rumors\\\/apple-car-diese-spezifikationen-koennte-das-e-auto-haben\"},\"wordCount\":655,\"publisher\":{\"@type\":\"Organization\",\"@id\":\"https:\\\/\\\/www.apfelpatient.de\\\/en\\\/#organization\",\"name\":\"Apfelpatient\",\"url\":\"https:\\\/\\\/www.apfelpatient.de\\\/en\\\/\"},\"image\":{\"@id\":\"https:\\\/\\\/www.apfelpatient.de\\\/rumors\\\/apple-car-diese-spezifikationen-koennte-das-e-auto-haben#primaryimage\"},\"thumbnailUrl\":\"https:\\\/\\\/www.apfelpatient.de\\\/wp-content\\\/uploads\\\/2021\\\/02\\\/bigstock-186983458.jpg\",\"keywords\":[\"Apple Car\",\"TechPatient\"],\"articleSection\":\"Rumors\",\"inLanguage\":\"en-US\",\"copyrightYear\":\"2021\",\"copyrightHolder\":{\"@id\":\"https:\\\/\\\/www.apfelpatient.de\\\/en\\\/#organization\"}},{\"@type\":\"WebPage\",\"@id\":\"https:\\\/\\\/www.apfelpatient.de\\\/rumors\\\/apple-car-diese-spezifikationen-koennte-das-e-auto-haben\",\"url\":\"https:\\\/\\\/www.apfelpatient.de\\\/rumors\\\/apple-car-diese-spezifikationen-koennte-das-e-auto-haben\",\"name\":\"Apple Car: Diese Spezifikationen k\u00f6nnte das E-Auto haben Apfelpatient\",\"isPartOf\":{\"@id\":\"https:\\\/\\\/www.apfelpatient.de\\\/#website\"},\"primaryImageOfPage\":{\"@id\":\"https:\\\/\\\/www.apfelpatient.de\\\/rumors\\\/apple-car-diese-spezifikationen-koennte-das-e-auto-haben#primaryimage\"},\"image\":{\"@id\":\"https:\\\/\\\/www.apfelpatient.de\\\/rumors\\\/apple-car-diese-spezifikationen-koennte-das-e-auto-haben#primaryimage\"},\"thumbnailUrl\":\"https:\\\/\\\/www.apfelpatient.de\\\/wp-content\\\/uploads\\\/2021\\\/02\\\/bigstock-186983458.jpg\",\"datePublished\":\"2021-02-02T13:54:53+00:00\",\"dateModified\":\"2021-03-09T11:00:57+00:00\",\"description\":\"Der renommierte TF Securities-Analyst Ming-Chi Kuo hat sich erneut zum Thema \\\"Apple Car\\\" ge\u00e4u\u00dfert und dabei einige Details genannt.\",\"breadcrumb\":{\"@id\":\"https:\\\/\\\/www.apfelpatient.de\\\/rumors\\\/apple-car-diese-spezifikationen-koennte-das-e-auto-haben#breadcrumb\"},\"inLanguage\":\"en-US\",\"potentialAction\":[{\"@type\":\"ReadAction\",\"target\":[\"https:\\\/\\\/www.apfelpatient.de\\\/rumors\\\/apple-car-diese-spezifikationen-koennte-das-e-auto-haben\"]}]},{\"@type\":\"ImageObject\",\"inLanguage\":\"en-US\",\"@id\":\"https:\\\/\\\/www.apfelpatient.de\\\/rumors\\\/apple-car-diese-spezifikationen-koennte-das-e-auto-haben#primaryimage\",\"url\":\"https:\\\/\\\/www.apfelpatient.de\\\/wp-content\\\/uploads\\\/2021\\\/02\\\/bigstock-186983458.jpg\",\"contentUrl\":\"https:\\\/\\\/www.apfelpatient.de\\\/wp-content\\\/uploads\\\/2021\\\/02\\\/bigstock-186983458.jpg\",\"width\":1600,\"height\":904,\"caption\":\"Autonomous Smart car interior. A woman rides a autonomous car in the city on the highway. The display shows information about the vehicle is moving GPS travel time Assistance app. Future concept.\"},{\"@type\":\"BreadcrumbList\",\"@id\":\"https:\\\/\\\/www.apfelpatient.de\\\/rumors\\\/apple-car-diese-spezifikationen-koennte-das-e-auto-haben#breadcrumb\",\"itemListElement\":[{\"@type\":\"ListItem\",\"position\":1,\"name\":\"Startseite\",\"item\":\"https:\\\/\\\/www.apfelpatient.de\\\/\"},{\"@type\":\"ListItem\",\"position\":2,\"name\":\"Apple Car: Diese Spezifikationen k\u00f6nnte das E-Auto haben\"}]},{\"@type\":\"WebSite\",\"@id\":\"https:\\\/\\\/www.apfelpatient.de\\\/#website\",\"url\":\"https:\\\/\\\/www.apfelpatient.de\\\/\",\"name\":\"Apfelpatient\",\"description\":\"Alles rund um Apple!\",\"publisher\":{\"@type\":\"Organization\",\"@id\":\"https:\\\/\\\/www.apfelpatient.de\\\/en\\\/#organization\",\"name\":\"Apfelpatient\",\"url\":\"https:\\\/\\\/www.apfelpatient.de\\\/en\\\/\"},\"alternateName\":\"Apfelpatient\",\"potentialAction\":[{\"@type\":\"SearchAction\",\"target\":{\"@type\":\"EntryPoint\",\"urlTemplate\":\"https:\\\/\\\/www.apfelpatient.de\\\/?s={search_term_string}\"},\"query-input\":{\"@type\":\"PropertyValueSpecification\",\"valueRequired\":true,\"valueName\":\"search_term_string\"}}],\"inLanguage\":\"en-US\"},{\"@type\":[\"Person\",\"Organization\"],\"@id\":\"https:\\\/\\\/www.apfelpatient.de\\\/#\\\/schema\\\/person\\\/35b3ddba5832f2bfc7fff5206d4f6b7b\",\"name\":\"Milan\",\"logo\":{\"@id\":\"https:\\\/\\\/www.apfelpatient.de\\\/#\\\/schema\\\/person\\\/image\\\/\"},\"description\":\"Hallo und herzlich willkommen auf meinem Technik-Blog! Als gro\u00dfer Apple-Fan berichte ich hier \u00fcber alles, was mit Apple zu tun hat: von den neuesten News und spannenden Ger\u00fcchten \u00fcber hilfreiche Tipps und Tricks bis hin zu ausf\u00fchrlichen Produkttests. Wenn du genauso technikbegeistert bist wie ich, bist du hier genau richtig!\",\"sameAs\":[\"https:\\\/\\\/www.facebook.com\\\/apfelpatientOfficial\",\"https:\\\/\\\/www.linkedin.com\\\/in\\\/milan-jovicic-42aa0231b\"],\"url\":\"https:\\\/\\\/www.apfelpatient.de\\\/en\\\/author\\\/apfeladmin\"}]}<\/script>\n<!-- \/ Yoast SEO Premium plugin. -->","yoast_head_json":{"title":"Apple Car: These are the specifications the electric car could have Apfelpatient","description":"The renowned TF Securities analyst Ming-Chi Kuo has once again commented on the topic of &quot;Apple Car&quot; and provided some details.","robots":{"index":"index","follow":"follow","max-snippet":"max-snippet:-1","max-image-preview":"max-image-preview:large","max-video-preview":"max-video-preview:-1"},"canonical":"https:\/\/www.apfelpatient.de\/en\/rumors\/apple-car-these-specifications-could-have-the-e-car","og_locale":"en_US","og_type":"article","og_title":"Apple Car: Diese Spezifikationen k\u00f6nnte das E-Auto haben","og_description":"Der renommierte TF Securities-Analyst Ming-Chi Kuo hat sich erneut zum Thema \"Apple Car\" ge\u00e4u\u00dfert und dabei einige Details genannt.","og_url":"https:\/\/www.apfelpatient.de\/en\/rumors\/apple-car-these-specifications-could-have-the-e-car","og_site_name":"Apfelpatient","article_publisher":"https:\/\/www.facebook.com\/apfelpatientOfficial","article_author":"https:\/\/www.facebook.com\/apfelpatientOfficial","article_published_time":"2021-02-02T13:54:53+00:00","article_modified_time":"2021-03-09T11:00:57+00:00","og_image":[{"width":1600,"height":904,"url":"https:\/\/www.apfelpatient.de\/wp-content\/uploads\/2021\/02\/bigstock-186983458.jpg","type":"image\/jpeg"}],"author":"Milan","twitter_card":"summary_large_image","twitter_description":"Der renommierte TF Securities-Analyst Ming-Chi Kuo hat sich erneut zum Thema \"Apple Car\" ge\u00e4u\u00dfert und dabei einige Details genannt.","twitter_misc":{"Written by":"Milan","Est. reading time":"3 minutes"},"schema":{"@context":"https:\/\/schema.org","@graph":[{"@type":"NewsArticle","@id":"https:\/\/www.apfelpatient.de\/rumors\/apple-car-diese-spezifikationen-koennte-das-e-auto-haben#article","isPartOf":{"@id":"https:\/\/www.apfelpatient.de\/rumors\/apple-car-diese-spezifikationen-koennte-das-e-auto-haben"},"author":{"@type":"Organization","@id":"https:\/\/www.apfelpatient.de\/en\/#organization","name":"Apfelpatient","url":"https:\/\/www.apfelpatient.de\/en\/"},"headline":"Apple Car: Diese Spezifikationen k\u00f6nnte das E-Auto haben","datePublished":"2021-02-02T13:54:53+00:00","dateModified":"2021-03-09T11:00:57+00:00","mainEntityOfPage":{"@id":"https:\/\/www.apfelpatient.de\/rumors\/apple-car-diese-spezifikationen-koennte-das-e-auto-haben"},"wordCount":655,"publisher":{"@type":"Organization","@id":"https:\/\/www.apfelpatient.de\/en\/#organization","name":"Apfelpatient","url":"https:\/\/www.apfelpatient.de\/en\/"},"image":{"@id":"https:\/\/www.apfelpatient.de\/rumors\/apple-car-diese-spezifikationen-koennte-das-e-auto-haben#primaryimage"},"thumbnailUrl":"https:\/\/www.apfelpatient.de\/wp-content\/uploads\/2021\/02\/bigstock-186983458.jpg","keywords":["Apple Car","TechPatient"],"articleSection":"Rumors","inLanguage":"en-US","copyrightYear":"2021","copyrightHolder":{"@id":"https:\/\/www.apfelpatient.de\/en\/#organization"}},{"@type":"WebPage","@id":"https:\/\/www.apfelpatient.de\/rumors\/apple-car-diese-spezifikationen-koennte-das-e-auto-haben","url":"https:\/\/www.apfelpatient.de\/rumors\/apple-car-diese-spezifikationen-koennte-das-e-auto-haben","name":"Apple Car: These are the specifications the electric car could have Apfelpatient","isPartOf":{"@id":"https:\/\/www.apfelpatient.de\/#website"},"primaryImageOfPage":{"@id":"https:\/\/www.apfelpatient.de\/rumors\/apple-car-diese-spezifikationen-koennte-das-e-auto-haben#primaryimage"},"image":{"@id":"https:\/\/www.apfelpatient.de\/rumors\/apple-car-diese-spezifikationen-koennte-das-e-auto-haben#primaryimage"},"thumbnailUrl":"https:\/\/www.apfelpatient.de\/wp-content\/uploads\/2021\/02\/bigstock-186983458.jpg","datePublished":"2021-02-02T13:54:53+00:00","dateModified":"2021-03-09T11:00:57+00:00","description":"The renowned TF Securities analyst Ming-Chi Kuo has once again commented on the topic of &quot;Apple Car&quot; and provided some details.","breadcrumb":{"@id":"https:\/\/www.apfelpatient.de\/rumors\/apple-car-diese-spezifikationen-koennte-das-e-auto-haben#breadcrumb"},"inLanguage":"en-US","potentialAction":[{"@type":"ReadAction","target":["https:\/\/www.apfelpatient.de\/rumors\/apple-car-diese-spezifikationen-koennte-das-e-auto-haben"]}]},{"@type":"ImageObject","inLanguage":"en-US","@id":"https:\/\/www.apfelpatient.de\/rumors\/apple-car-diese-spezifikationen-koennte-das-e-auto-haben#primaryimage","url":"https:\/\/www.apfelpatient.de\/wp-content\/uploads\/2021\/02\/bigstock-186983458.jpg","contentUrl":"https:\/\/www.apfelpatient.de\/wp-content\/uploads\/2021\/02\/bigstock-186983458.jpg","width":1600,"height":904,"caption":"Autonomous Smart car interior. A woman rides a autonomous car in the city on the highway. The display shows information about the vehicle is moving GPS travel time Assistance app. Future concept."},{"@type":"BreadcrumbList","@id":"https:\/\/www.apfelpatient.de\/rumors\/apple-car-diese-spezifikationen-koennte-das-e-auto-haben#breadcrumb","itemListElement":[{"@type":"ListItem","position":1,"name":"Startseite","item":"https:\/\/www.apfelpatient.de\/"},{"@type":"ListItem","position":2,"name":"Apple Car: Diese Spezifikationen k\u00f6nnte das E-Auto haben"}]},{"@type":"WebSite","@id":"https:\/\/www.apfelpatient.de\/#website","url":"https:\/\/www.apfelpatient.de\/","name":"apple patient","description":"Everything about Apple!","publisher":{"@type":"Organization","@id":"https:\/\/www.apfelpatient.de\/en\/#organization","name":"Apfelpatient","url":"https:\/\/www.apfelpatient.de\/en\/"},"alternateName":"Apfelpatient","potentialAction":[{"@type":"SearchAction","target":{"@type":"EntryPoint","urlTemplate":"https:\/\/www.apfelpatient.de\/?s={search_term_string}"},"query-input":{"@type":"PropertyValueSpecification","valueRequired":true,"valueName":"search_term_string"}}],"inLanguage":"en-US"},{"@type":["Person","Organization"],"@id":"https:\/\/www.apfelpatient.de\/#\/schema\/person\/35b3ddba5832f2bfc7fff5206d4f6b7b","name":"Milan","logo":{"@id":"https:\/\/www.apfelpatient.de\/#\/schema\/person\/image\/"},"description":"Hello and welcome to my technology blog! As a big Apple fan, I report on everything to do with Apple: from the latest news and exciting rumors to helpful tips and tricks and detailed product tests. If you are as enthusiastic about technology as I am, you have come to the right place!","sameAs":["https:\/\/www.facebook.com\/apfelpatientOfficial","https:\/\/www.linkedin.com\/in\/milan-jovicic-42aa0231b"],"url":"https:\/\/www.apfelpatient.de\/en\/author\/apfeladmin"}]}},"_links":{"self":[{"href":"https:\/\/www.apfelpatient.de\/en\/wp-json\/wp\/v2\/posts\/19043","targetHints":{"allow":["GET"]}}],"collection":[{"href":"https:\/\/www.apfelpatient.de\/en\/wp-json\/wp\/v2\/posts"}],"about":[{"href":"https:\/\/www.apfelpatient.de\/en\/wp-json\/wp\/v2\/types\/post"}],"author":[{"embeddable":true,"href":"https:\/\/www.apfelpatient.de\/en\/wp-json\/wp\/v2\/users\/2"}],"replies":[{"embeddable":true,"href":"https:\/\/www.apfelpatient.de\/en\/wp-json\/wp\/v2\/comments?post=19043"}],"version-history":[{"count":0,"href":"https:\/\/www.apfelpatient.de\/en\/wp-json\/wp\/v2\/posts\/19043\/revisions"}],"wp:featuredmedia":[{"embeddable":true,"href":"https:\/\/www.apfelpatient.de\/en\/wp-json\/wp\/v2\/media\/19044"}],"wp:attachment":[{"href":"https:\/\/www.apfelpatient.de\/en\/wp-json\/wp\/v2\/media?parent=19043"}],"wp:term":[{"taxonomy":"category","embeddable":true,"href":"https:\/\/www.apfelpatient.de\/en\/wp-json\/wp\/v2\/categories?post=19043"},{"taxonomy":"post_tag","embeddable":true,"href":"https:\/\/www.apfelpatient.de\/en\/wp-json\/wp\/v2\/tags?post=19043"}],"curies":[{"name":"wp","href":"https:\/\/api.w.org\/{rel}","templated":true}]}}