{"id":18985,"date":"2021-01-30T15:35:56","date_gmt":"2021-01-30T14:35:56","guid":{"rendered":"https:\/\/www.apfelpatient.de\/?p=18985"},"modified":"2025-10-14T16:03:24","modified_gmt":"2025-10-14T14:03:24","slug":"apple-tv-subscription-apple-extends-test-phase-again","status":"publish","type":"post","link":"https:\/\/www.apfelpatient.de\/en\/news\/apple-tv-abonnement-apple-verlaengert-erneut-testphase","title":{"rendered":"Apple TV+ subscription: Apple extends test phase again"},"content":{"rendered":"<p class=\"has-drop-cap\"><strong>Apple has now started extending the free trial period for Apple TV+ once again.<\/strong><\/p>\n\n\n\n<p>Apple TV+ was launched on November 1, 2019. Users who received the one-year trial subscription at that time were originally supposed to be able to <a href=\"https:\/\/tv.apple.com\/de?app=tv&amp;app=tv&amp;cid=wwa-de-kwgo-tvp-slid-&amp;itscg=MC_20000&amp;itsct=atvp_brand_omd&amp;mttnsiteid=143238&amp;mttnagencyid=1625&amp;mttncc=DE&amp;mttn3pid=a_google_adwords&amp;mttnsubplmnt=&amp;mttnsubad=ODE2019801_1-431312313819-c&amp;mttnsubkw=94888370604_kwd-666377756329_qMFHL9ZY_\" target=\"_blank\" rel=\"noreferrer noopener\">service<\/a> have to pay. But Apple has extended the free trial period until February of this year. Now it&#039;s going into the second round. The company has extended the free trial period for a second time. Accordingly, all qualified users can access the service free of charge until June 2021. The email states:<\/p>\n\n\n\n<blockquote class=\"wp-block-quote is-layout-flow wp-block-quote-is-layout-flow\"><p>We&#039;ll credit your Apple ID with \u20ac4.99 for every month you have an active subscription from February through June, so you can continue to enjoy our Apple Original series and films. That&#039;s it. You don&#039;t have to do anything else.<\/p><\/blockquote>\n\n\n\n<h3 class=\"wp-block-heading\" id=\"h-apple-tv-so-l-uft-die-r-ckerstattung-ab\">Apple TV+: How the refund works<\/h3>\n\n\n\n\n\n\n\n<p>Those who have chosen the annual plan will receive five months free of charge. Those who have chosen the monthly plan will receive the amount of 4.99 euros back as App Store credit. Apple One subscribers who booked before January will also receive a refund for each individual month up to and including June. The streaming service can be viewed across all Apple platforms, on the web and on some smart TVs and consoles. The service costs 4.99 euros per month or 49.99 euros per year. Apple Original content such as series and films can be streamed.\u00a0<em>(Image: Apple)<\/em><\/p>\n\n\n\n<ul class=\"wp-block-list\"><li><a href=\"https:\/\/www.apfelpatient.de\/en\/rumors\/apple-tv-shows-could-receive-ar-bonus-content\">Apple TV+ shows could receive AR bonus content<\/a><\/li><\/ul>\n\n\n\n<h6 class=\"wp-block-heading translation-block\" id=\"h-kennt-ihr-schon-unsere-amazon-storefront-dort-findet-ihr-eine-handverlesene-auswahl-von-diversen-produkten-f-r-euer-iphone-und-co-viel-spa-beim-st-bern\"><em>Have you already visited our Amazon Storefront? There you&#039;ll find a hand-picked selection of various products for your iPhone and other devices \u2013 <span class=\"has-inline-color has-vivid-red-color\"><a href=\"https:\/\/www.amazon.de\/shop\/apfelpatientofficial\" class=\"ek-link\" data-wpel-link=\"exclude\" rel=\"follow noopener\" target=\"_self\"><span style=\"text-decoration: underline\" class=\"ek-underline\">enjoy browsing<\/span><\/a> !<\/span><\/em><\/h6>\n\n\n\n\n\n<h6 class=\"wp-block-heading translation-block\" id=\"h-der-beitrag-enthalt-partnerlinks\">This post contains <a data-type=\"URL\" data-id=\"https:\/\/www.apfelpatient.de\/partnerprogramm\" href=\"https:\/\/www.apfelpatient.de\/en\/partner-program\" data-wpel-link=\"internal\" target=\"_self\">affiliate links<\/a>.<\/h6>","protected":false},"excerpt":{"rendered":"<p>Refunds: Apple has now started extending the free trial period for Apple TV+ once again.<\/p>","protected":false},"author":2,"featured_media":18256,"comment_status":"closed","ping_status":"closed","sticky":false,"template":"","format":"standard","meta":{"jnews-multi-image_gallery":[],"jnews_single_post":{"subtitle":"","format":"standard","video":"","gallery":"","source_name":"","source_url":"","via_name":"","via_url":"","override":[{"single_blog_custom":"","sidebar":"","second_sidebar":"","share_position":"","share_float_style":"","post_date_format":"","post_date_format_custom":"","post_reading_time_wpm":"","zoom_button_out_step":"1","zoom_button_in_step":"1","number_popup_post":"1"}],"image_override":[{"single_post_thumbnail_size":"","single_post_gallery_size":""}],"trending_post_position":"","trending_post_label":"","sponsored_post_label":"","sponsored_post_name":"","sponsored_post_url":"","sponsored_post_logo":"","sponsored_post_desc":""},"jnews_primary_category":{"id":"9"},"footnotes":""},"categories":[9],"tags":[34,156,248],"class_list":["post-18985","post","type-post","status-publish","format-standard","has-post-thumbnail","hentry","category-news","tag-apple-dienste","tag-apple-tv","tag-apple-tv-plus"],"yoast_head":"<!-- This site is optimized with the Yoast SEO Premium plugin v27.5 (Yoast SEO v27.5) - https:\/\/yoast.com\/product\/yoast-seo-premium-wordpress\/ -->\n<title>Apple TV+ Abonnement: Apple verl\u00e4ngert erneut Testphase Apfelpatient<\/title>\n<meta name=\"description\" content=\"R\u00fcckerstattungen: Apple hat nun damit angefangen, die kostenlose Testphase f\u00fcr Apple TV+ ein weiteres Mal zu verl\u00e4ngern.\" \/>\n<meta name=\"robots\" content=\"index, follow, max-snippet:-1, max-image-preview:large, max-video-preview:-1\" \/>\n<link rel=\"canonical\" href=\"https:\/\/www.apfelpatient.de\/en\/news\/apple-tv-subscription-apple-extends-test-phase-again\" \/>\n<meta property=\"og:locale\" content=\"en_US\" \/>\n<meta property=\"og:type\" content=\"article\" \/>\n<meta property=\"og:title\" content=\"Apple TV+ Abonnement: Apple verl\u00e4ngert erneut Testphase\" \/>\n<meta property=\"og:description\" content=\"R\u00fcckerstattungen: Apple hat nun damit angefangen, die kostenlose Testphase f\u00fcr Apple TV+ ein weiteres Mal zu verl\u00e4ngern.\" \/>\n<meta property=\"og:url\" content=\"https:\/\/www.apfelpatient.de\/en\/news\/apple-tv-subscription-apple-extends-test-phase-again\" \/>\n<meta property=\"og:site_name\" content=\"Apfelpatient\" \/>\n<meta property=\"article:publisher\" content=\"https:\/\/www.facebook.com\/apfelpatientOfficial\" \/>\n<meta property=\"article:author\" content=\"https:\/\/www.facebook.com\/apfelpatientOfficial\" \/>\n<meta property=\"article:published_time\" content=\"2021-01-30T14:35:56+00:00\" \/>\n<meta property=\"article:modified_time\" content=\"2025-10-14T14:03:24+00:00\" \/>\n<meta property=\"og:image\" content=\"https:\/\/www.apfelpatient.de\/wp-content\/uploads\/2021\/01\/Appletv4k-iPad-MacBookAir-iphone12-appletvplus_010621.jpg\" \/>\n\t<meta property=\"og:image:width\" content=\"1600\" \/>\n\t<meta property=\"og:image:height\" content=\"900\" \/>\n\t<meta property=\"og:image:type\" content=\"image\/jpeg\" \/>\n<meta name=\"author\" content=\"Milan\" \/>\n<meta name=\"twitter:card\" content=\"summary_large_image\" \/>\n<meta name=\"twitter:description\" content=\"R\u00fcckerstattungen: Apple hat nun damit angefangen, die kostenlose Testphase f\u00fcr Apple TV+ ein weiteres Mal zu verl\u00e4ngern.\" \/>\n<meta name=\"twitter:label1\" content=\"Written by\" \/>\n\t<meta name=\"twitter:data1\" content=\"Milan\" \/>\n\t<meta name=\"twitter:label2\" content=\"Est. reading time\" \/>\n\t<meta name=\"twitter:data2\" content=\"2 minutes\" \/>\n<script type=\"application\/ld+json\" class=\"yoast-schema-graph\">{\"@context\":\"https:\\\/\\\/schema.org\",\"@graph\":[{\"@type\":\"NewsArticle\",\"@id\":\"https:\\\/\\\/www.apfelpatient.de\\\/news\\\/apple-tv-abonnement-apple-verlaengert-erneut-testphase#article\",\"isPartOf\":{\"@id\":\"https:\\\/\\\/www.apfelpatient.de\\\/news\\\/apple-tv-abonnement-apple-verlaengert-erneut-testphase\"},\"author\":{\"@type\":\"Organization\",\"@id\":\"https:\\\/\\\/www.apfelpatient.de\\\/en\\\/#organization\",\"name\":\"Apfelpatient\",\"url\":\"https:\\\/\\\/www.apfelpatient.de\\\/en\\\/\"},\"headline\":\"Apple TV+ Abonnement: Apple verl\u00e4ngert erneut Testphase\",\"datePublished\":\"2021-01-30T14:35:56+00:00\",\"dateModified\":\"2025-10-14T14:03:24+00:00\",\"mainEntityOfPage\":{\"@id\":\"https:\\\/\\\/www.apfelpatient.de\\\/news\\\/apple-tv-abonnement-apple-verlaengert-erneut-testphase\"},\"wordCount\":264,\"publisher\":{\"@type\":\"Organization\",\"@id\":\"https:\\\/\\\/www.apfelpatient.de\\\/en\\\/#organization\",\"name\":\"Apfelpatient\",\"url\":\"https:\\\/\\\/www.apfelpatient.de\\\/en\\\/\"},\"image\":{\"@id\":\"https:\\\/\\\/www.apfelpatient.de\\\/news\\\/apple-tv-abonnement-apple-verlaengert-erneut-testphase#primaryimage\"},\"thumbnailUrl\":\"https:\\\/\\\/www.apfelpatient.de\\\/wp-content\\\/uploads\\\/2021\\\/01\\\/Appletv4k-iPad-MacBookAir-iphone12-appletvplus_010621.jpg\",\"keywords\":[\"Apple Dienste\",\"Apple TV\",\"Apple TV Plus\"],\"articleSection\":\"News\",\"inLanguage\":\"en-US\",\"copyrightYear\":\"2021\",\"copyrightHolder\":{\"@id\":\"https:\\\/\\\/www.apfelpatient.de\\\/en\\\/#organization\"}},{\"@type\":\"WebPage\",\"@id\":\"https:\\\/\\\/www.apfelpatient.de\\\/news\\\/apple-tv-abonnement-apple-verlaengert-erneut-testphase\",\"url\":\"https:\\\/\\\/www.apfelpatient.de\\\/news\\\/apple-tv-abonnement-apple-verlaengert-erneut-testphase\",\"name\":\"Apple TV+ Abonnement: Apple verl\u00e4ngert erneut Testphase Apfelpatient\",\"isPartOf\":{\"@id\":\"https:\\\/\\\/www.apfelpatient.de\\\/#website\"},\"primaryImageOfPage\":{\"@id\":\"https:\\\/\\\/www.apfelpatient.de\\\/news\\\/apple-tv-abonnement-apple-verlaengert-erneut-testphase#primaryimage\"},\"image\":{\"@id\":\"https:\\\/\\\/www.apfelpatient.de\\\/news\\\/apple-tv-abonnement-apple-verlaengert-erneut-testphase#primaryimage\"},\"thumbnailUrl\":\"https:\\\/\\\/www.apfelpatient.de\\\/wp-content\\\/uploads\\\/2021\\\/01\\\/Appletv4k-iPad-MacBookAir-iphone12-appletvplus_010621.jpg\",\"datePublished\":\"2021-01-30T14:35:56+00:00\",\"dateModified\":\"2025-10-14T14:03:24+00:00\",\"description\":\"R\u00fcckerstattungen: Apple hat nun damit angefangen, die kostenlose Testphase f\u00fcr Apple TV+ ein weiteres Mal zu verl\u00e4ngern.\",\"breadcrumb\":{\"@id\":\"https:\\\/\\\/www.apfelpatient.de\\\/news\\\/apple-tv-abonnement-apple-verlaengert-erneut-testphase#breadcrumb\"},\"inLanguage\":\"en-US\",\"potentialAction\":[{\"@type\":\"ReadAction\",\"target\":[\"https:\\\/\\\/www.apfelpatient.de\\\/news\\\/apple-tv-abonnement-apple-verlaengert-erneut-testphase\"]}]},{\"@type\":\"ImageObject\",\"inLanguage\":\"en-US\",\"@id\":\"https:\\\/\\\/www.apfelpatient.de\\\/news\\\/apple-tv-abonnement-apple-verlaengert-erneut-testphase#primaryimage\",\"url\":\"https:\\\/\\\/www.apfelpatient.de\\\/wp-content\\\/uploads\\\/2021\\\/01\\\/Appletv4k-iPad-MacBookAir-iphone12-appletvplus_010621.jpg\",\"contentUrl\":\"https:\\\/\\\/www.apfelpatient.de\\\/wp-content\\\/uploads\\\/2021\\\/01\\\/Appletv4k-iPad-MacBookAir-iphone12-appletvplus_010621.jpg\",\"width\":1600,\"height\":900,\"caption\":\"Bild: Apple\"},{\"@type\":\"BreadcrumbList\",\"@id\":\"https:\\\/\\\/www.apfelpatient.de\\\/news\\\/apple-tv-abonnement-apple-verlaengert-erneut-testphase#breadcrumb\",\"itemListElement\":[{\"@type\":\"ListItem\",\"position\":1,\"name\":\"Startseite\",\"item\":\"https:\\\/\\\/www.apfelpatient.de\\\/\"},{\"@type\":\"ListItem\",\"position\":2,\"name\":\"Apple TV+ Abonnement: Apple verl\u00e4ngert erneut Testphase\"}]},{\"@type\":\"WebSite\",\"@id\":\"https:\\\/\\\/www.apfelpatient.de\\\/#website\",\"url\":\"https:\\\/\\\/www.apfelpatient.de\\\/\",\"name\":\"Apfelpatient\",\"description\":\"Alles rund um Apple!\",\"publisher\":{\"@type\":\"Organization\",\"@id\":\"https:\\\/\\\/www.apfelpatient.de\\\/en\\\/#organization\",\"name\":\"Apfelpatient\",\"url\":\"https:\\\/\\\/www.apfelpatient.de\\\/en\\\/\"},\"alternateName\":\"Apfelpatient\",\"potentialAction\":[{\"@type\":\"SearchAction\",\"target\":{\"@type\":\"EntryPoint\",\"urlTemplate\":\"https:\\\/\\\/www.apfelpatient.de\\\/?s={search_term_string}\"},\"query-input\":{\"@type\":\"PropertyValueSpecification\",\"valueRequired\":true,\"valueName\":\"search_term_string\"}}],\"inLanguage\":\"en-US\"},{\"@type\":[\"Person\",\"Organization\"],\"@id\":\"https:\\\/\\\/www.apfelpatient.de\\\/#\\\/schema\\\/person\\\/7dc56ad6c8e9824b76d2c08d4c140e13\",\"name\":\"Milan\",\"logo\":{\"@id\":\"https:\\\/\\\/www.apfelpatient.de\\\/#\\\/schema\\\/person\\\/image\\\/\"},\"description\":\"Hallo und herzlich willkommen auf meinem Technik-Blog! Als gro\u00dfer Apple-Fan berichte ich hier \u00fcber alles, was mit Apple zu tun hat: von den neuesten News und spannenden Ger\u00fcchten \u00fcber hilfreiche Tipps und Tricks bis hin zu ausf\u00fchrlichen Produkttests. Wenn du genauso technikbegeistert bist wie ich, bist du hier genau richtig!\",\"sameAs\":[\"https:\\\/\\\/www.facebook.com\\\/apfelpatientOfficial\",\"https:\\\/\\\/www.linkedin.com\\\/in\\\/milan-jovicic-42aa0231b\"],\"url\":\"https:\\\/\\\/www.apfelpatient.de\\\/en\\\/author\\\/apfeladmin\"}]}<\/script>\n<!-- \/ Yoast SEO Premium plugin. -->","yoast_head_json":{"title":"Apple TV+ subscription: Apple extends test phase again Apfelpatient","description":"Refunds: Apple has now started extending the free trial period for Apple TV+ once again.","robots":{"index":"index","follow":"follow","max-snippet":"max-snippet:-1","max-image-preview":"max-image-preview:large","max-video-preview":"max-video-preview:-1"},"canonical":"https:\/\/www.apfelpatient.de\/en\/news\/apple-tv-subscription-apple-extends-test-phase-again","og_locale":"en_US","og_type":"article","og_title":"Apple TV+ Abonnement: Apple verl\u00e4ngert erneut Testphase","og_description":"R\u00fcckerstattungen: Apple hat nun damit angefangen, die kostenlose Testphase f\u00fcr Apple TV+ ein weiteres Mal zu verl\u00e4ngern.","og_url":"https:\/\/www.apfelpatient.de\/en\/news\/apple-tv-subscription-apple-extends-test-phase-again","og_site_name":"Apfelpatient","article_publisher":"https:\/\/www.facebook.com\/apfelpatientOfficial","article_author":"https:\/\/www.facebook.com\/apfelpatientOfficial","article_published_time":"2021-01-30T14:35:56+00:00","article_modified_time":"2025-10-14T14:03:24+00:00","og_image":[{"width":1600,"height":900,"url":"https:\/\/www.apfelpatient.de\/wp-content\/uploads\/2021\/01\/Appletv4k-iPad-MacBookAir-iphone12-appletvplus_010621.jpg","type":"image\/jpeg"}],"author":"Milan","twitter_card":"summary_large_image","twitter_description":"R\u00fcckerstattungen: Apple hat nun damit angefangen, die kostenlose Testphase f\u00fcr Apple TV+ ein weiteres Mal zu verl\u00e4ngern.","twitter_misc":{"Written by":"Milan","Est. reading time":"2 minutes"},"schema":{"@context":"https:\/\/schema.org","@graph":[{"@type":"NewsArticle","@id":"https:\/\/www.apfelpatient.de\/news\/apple-tv-abonnement-apple-verlaengert-erneut-testphase#article","isPartOf":{"@id":"https:\/\/www.apfelpatient.de\/news\/apple-tv-abonnement-apple-verlaengert-erneut-testphase"},"author":{"@type":"Organization","@id":"https:\/\/www.apfelpatient.de\/en\/#organization","name":"Apfelpatient","url":"https:\/\/www.apfelpatient.de\/en\/"},"headline":"Apple TV+ Abonnement: Apple verl\u00e4ngert erneut Testphase","datePublished":"2021-01-30T14:35:56+00:00","dateModified":"2025-10-14T14:03:24+00:00","mainEntityOfPage":{"@id":"https:\/\/www.apfelpatient.de\/news\/apple-tv-abonnement-apple-verlaengert-erneut-testphase"},"wordCount":264,"publisher":{"@type":"Organization","@id":"https:\/\/www.apfelpatient.de\/en\/#organization","name":"Apfelpatient","url":"https:\/\/www.apfelpatient.de\/en\/"},"image":{"@id":"https:\/\/www.apfelpatient.de\/news\/apple-tv-abonnement-apple-verlaengert-erneut-testphase#primaryimage"},"thumbnailUrl":"https:\/\/www.apfelpatient.de\/wp-content\/uploads\/2021\/01\/Appletv4k-iPad-MacBookAir-iphone12-appletvplus_010621.jpg","keywords":["Apple Dienste","Apple TV","Apple TV Plus"],"articleSection":"News","inLanguage":"en-US","copyrightYear":"2021","copyrightHolder":{"@id":"https:\/\/www.apfelpatient.de\/en\/#organization"}},{"@type":"WebPage","@id":"https:\/\/www.apfelpatient.de\/news\/apple-tv-abonnement-apple-verlaengert-erneut-testphase","url":"https:\/\/www.apfelpatient.de\/news\/apple-tv-abonnement-apple-verlaengert-erneut-testphase","name":"Apple TV+ subscription: Apple extends test phase again Apfelpatient","isPartOf":{"@id":"https:\/\/www.apfelpatient.de\/#website"},"primaryImageOfPage":{"@id":"https:\/\/www.apfelpatient.de\/news\/apple-tv-abonnement-apple-verlaengert-erneut-testphase#primaryimage"},"image":{"@id":"https:\/\/www.apfelpatient.de\/news\/apple-tv-abonnement-apple-verlaengert-erneut-testphase#primaryimage"},"thumbnailUrl":"https:\/\/www.apfelpatient.de\/wp-content\/uploads\/2021\/01\/Appletv4k-iPad-MacBookAir-iphone12-appletvplus_010621.jpg","datePublished":"2021-01-30T14:35:56+00:00","dateModified":"2025-10-14T14:03:24+00:00","description":"Refunds: Apple has now started extending the free trial period for Apple TV+ once again.","breadcrumb":{"@id":"https:\/\/www.apfelpatient.de\/news\/apple-tv-abonnement-apple-verlaengert-erneut-testphase#breadcrumb"},"inLanguage":"en-US","potentialAction":[{"@type":"ReadAction","target":["https:\/\/www.apfelpatient.de\/news\/apple-tv-abonnement-apple-verlaengert-erneut-testphase"]}]},{"@type":"ImageObject","inLanguage":"en-US","@id":"https:\/\/www.apfelpatient.de\/news\/apple-tv-abonnement-apple-verlaengert-erneut-testphase#primaryimage","url":"https:\/\/www.apfelpatient.de\/wp-content\/uploads\/2021\/01\/Appletv4k-iPad-MacBookAir-iphone12-appletvplus_010621.jpg","contentUrl":"https:\/\/www.apfelpatient.de\/wp-content\/uploads\/2021\/01\/Appletv4k-iPad-MacBookAir-iphone12-appletvplus_010621.jpg","width":1600,"height":900,"caption":"Bild: Apple"},{"@type":"BreadcrumbList","@id":"https:\/\/www.apfelpatient.de\/news\/apple-tv-abonnement-apple-verlaengert-erneut-testphase#breadcrumb","itemListElement":[{"@type":"ListItem","position":1,"name":"Startseite","item":"https:\/\/www.apfelpatient.de\/"},{"@type":"ListItem","position":2,"name":"Apple TV+ Abonnement: Apple verl\u00e4ngert erneut Testphase"}]},{"@type":"WebSite","@id":"https:\/\/www.apfelpatient.de\/#website","url":"https:\/\/www.apfelpatient.de\/","name":"apple patient","description":"Everything about Apple!","publisher":{"@type":"Organization","@id":"https:\/\/www.apfelpatient.de\/en\/#organization","name":"Apfelpatient","url":"https:\/\/www.apfelpatient.de\/en\/"},"alternateName":"Apfelpatient","potentialAction":[{"@type":"SearchAction","target":{"@type":"EntryPoint","urlTemplate":"https:\/\/www.apfelpatient.de\/?s={search_term_string}"},"query-input":{"@type":"PropertyValueSpecification","valueRequired":true,"valueName":"search_term_string"}}],"inLanguage":"en-US"},{"@type":["Person","Organization"],"@id":"https:\/\/www.apfelpatient.de\/#\/schema\/person\/7dc56ad6c8e9824b76d2c08d4c140e13","name":"Milan","logo":{"@id":"https:\/\/www.apfelpatient.de\/#\/schema\/person\/image\/"},"description":"Hello and welcome to my technology blog! As a big Apple fan, I report on everything to do with Apple: from the latest news and exciting rumors to helpful tips and tricks and detailed product tests. If you are as enthusiastic about technology as I am, you have come to the right place!","sameAs":["https:\/\/www.facebook.com\/apfelpatientOfficial","https:\/\/www.linkedin.com\/in\/milan-jovicic-42aa0231b"],"url":"https:\/\/www.apfelpatient.de\/en\/author\/apfeladmin"}]}},"_links":{"self":[{"href":"https:\/\/www.apfelpatient.de\/en\/wp-json\/wp\/v2\/posts\/18985","targetHints":{"allow":["GET"]}}],"collection":[{"href":"https:\/\/www.apfelpatient.de\/en\/wp-json\/wp\/v2\/posts"}],"about":[{"href":"https:\/\/www.apfelpatient.de\/en\/wp-json\/wp\/v2\/types\/post"}],"author":[{"embeddable":true,"href":"https:\/\/www.apfelpatient.de\/en\/wp-json\/wp\/v2\/users\/2"}],"replies":[{"embeddable":true,"href":"https:\/\/www.apfelpatient.de\/en\/wp-json\/wp\/v2\/comments?post=18985"}],"version-history":[{"count":0,"href":"https:\/\/www.apfelpatient.de\/en\/wp-json\/wp\/v2\/posts\/18985\/revisions"}],"wp:featuredmedia":[{"embeddable":true,"href":"https:\/\/www.apfelpatient.de\/en\/wp-json\/wp\/v2\/media\/18256"}],"wp:attachment":[{"href":"https:\/\/www.apfelpatient.de\/en\/wp-json\/wp\/v2\/media?parent=18985"}],"wp:term":[{"taxonomy":"category","embeddable":true,"href":"https:\/\/www.apfelpatient.de\/en\/wp-json\/wp\/v2\/categories?post=18985"},{"taxonomy":"post_tag","embeddable":true,"href":"https:\/\/www.apfelpatient.de\/en\/wp-json\/wp\/v2\/tags?post=18985"}],"curies":[{"name":"wp","href":"https:\/\/api.w.org\/{rel}","templated":true}]}}