{"id":18906,"date":"2021-01-28T20:38:19","date_gmt":"2021-01-28T19:38:19","guid":{"rendered":"https:\/\/www.apfelpatient.de\/?p=18906"},"modified":"2021-01-28T20:38:21","modified_gmt":"2021-01-28T19:38:21","slug":"more-privacy-tim-cook-criticizes-facebooks-business-model","status":"publish","type":"post","link":"https:\/\/www.apfelpatient.de\/en\/news\/mehr-privatsphaere-tim-cook-kritisiert-facebooks-geschaeftsmodell","title":{"rendered":"More privacy: Tim Cook criticizes Facebook&#039;s business model"},"content":{"rendered":"<p class=\"has-drop-cap\"><strong>Apple boss Tim Cook gave a presentation today at the virtual conference \u201cComputers, Privacy, and Data Protection\u201d. Among other things, he criticized Facebook\u2019s business model.<\/strong><\/p>\n\n\n\n<p>Speaking at the virtual Computers, Privacy, and Data Protection conference, Tim Cook condemned the business model of companies like Facebook and highlighted Apple&#039;s commitment to protecting users&#039; privacy.<\/p>\n\n\n\n<blockquote class=\"wp-block-quote is-layout-flow wp-block-quote-is-layout-flow\"><p>In an age of rampant disinformation and algorithm-fueled conspiracy theories, we can no longer turn a blind eye to a technology that says any engagement is a good engagement\u2014the longer the better\u2014all with the goal of collecting as much data as possible. It&#039;s long past time to stop pretending that this approach doesn&#039;t come with costs\u2014polarization, lost trust, and, yes, violence.<\/p><\/blockquote>\n\n\n\n<h3 class=\"wp-block-heading\" id=\"h-app-tracking-transparenz-wird-im-fr-hjahr-eingef-hrt\">App tracking transparency will be introduced in spring<\/h3>\n\n\n\n\n\n\n\n<p>Cook highlighted two measures that Apple has recently taken to protect privacy, including the <a href=\"https:\/\/www.apfelpatient.de\/en\/news\/app-store-more-transparency-thanks-to-app-privacy\">data protection label<\/a> in the App Store and App Tracking Transparency, where apps will have to ask for permission to track users starting with the next betas of iOS 14, iPadOS 14 and tvOS 14. According to Apple, the corresponding updates will be released in spring. If you want to see Cook&#039;s statement, you can find the <a href=\"https:\/\/www.youtube.com\/watch?v=zjP9JYeAS5s&amp;feature=emb_title\" target=\"_blank\" rel=\"noreferrer noopener\">video on YouTube<\/a> \u2013 the section starts at 3.50 minutes.<em> (Image: Apple)<\/em><\/p>\n\n\n\n<ul class=\"wp-block-list\"><li><a href=\"https:\/\/www.apfelpatient.de\/en\/news\/ios-14-5-apple-announces-app-tracking-transparency\">iOS 14.5: Apple announces &quot;App Tracking Transparency&quot;<\/a><\/li><\/ul>\n\n\n\n<h6 class=\"wp-block-heading translation-block\" id=\"h-kennt-ihr-schon-unsere-amazon-storefront-dort-findet-ihr-eine-handverlesene-auswahl-von-diversen-produkten-f-r-euer-iphone-und-co-viel-spa-beim-st-bern\"><em>Have you already visited our Amazon Storefront? There you&#039;ll find a hand-picked selection of various products for your iPhone and other devices \u2013 <span class=\"has-inline-color has-vivid-red-color\"><a href=\"https:\/\/www.amazon.de\/shop\/apfelpatientofficial\" class=\"ek-link\" data-wpel-link=\"exclude\" rel=\"follow noopener\" target=\"_self\"><span style=\"text-decoration: underline\" class=\"ek-underline\">enjoy browsing<\/span><\/a> !<\/span><\/em><\/h6>\n\n\n\n\n\n<h6 class=\"wp-block-heading translation-block\" id=\"h-der-beitrag-enthalt-partnerlinks\">This post contains <a data-type=\"URL\" data-id=\"https:\/\/www.apfelpatient.de\/partnerprogramm\" href=\"https:\/\/www.apfelpatient.de\/en\/partner-program\" data-wpel-link=\"internal\" target=\"_self\">affiliate links<\/a>.<\/h6>","protected":false},"excerpt":{"rendered":"<p>Criticism of Facebook: Apple CEO Tim Cook gave a presentation at the virtual conference \u201cComputers, Privacy, and Data Protection.\u201d<\/p>","protected":false},"author":2,"featured_media":18922,"comment_status":"closed","ping_status":"closed","sticky":false,"template":"","format":"standard","meta":{"jnews-multi-image_gallery":[],"jnews_single_post":{"subtitle":"","format":"standard","video":"","gallery":"","source_name":"","source_url":"","via_name":"","via_url":"","override":[{"single_blog_custom":"","sidebar":"","second_sidebar":"","share_position":"","share_float_style":"","post_date_format":"","post_date_format_custom":"","post_reading_time_wpm":"","zoom_button_out_step":"1","zoom_button_in_step":"1","number_popup_post":"1"}],"image_override":[{"single_post_thumbnail_size":"","single_post_gallery_size":""}],"trending_post_position":"","trending_post_label":"","sponsored_post_label":"","sponsored_post_name":"","sponsored_post_url":"","sponsored_post_logo":"","sponsored_post_desc":""},"jnews_primary_category":{"id":"9"},"footnotes":""},"categories":[9],"tags":[142,13],"class_list":["post-18906","post","type-post","status-publish","format-standard","has-post-thumbnail","hentry","category-news","tag-facebook","tag-techpatient"],"yoast_head":"<!-- This site is optimized with the Yoast SEO Premium plugin v27.5 (Yoast SEO v27.5) - https:\/\/yoast.com\/product\/yoast-seo-premium-wordpress\/ -->\n<title>Mehr Privatsph\u00e4re: Tim Cook kritisiert Facebooks Gesch\u00e4ftsmodell<\/title>\n<meta name=\"description\" content=\"Kritik an Facebook: Apple CEO Tim Cook hat auf der virtuellen Konferenz &quot;Computers, Privacy, and Data Protection&quot; einen Vortag gehalten.\" \/>\n<meta name=\"robots\" content=\"index, follow, max-snippet:-1, max-image-preview:large, max-video-preview:-1\" \/>\n<link rel=\"canonical\" href=\"https:\/\/www.apfelpatient.de\/en\/news\/more-privacy-tim-cook-criticizes-facebooks-business-model\" \/>\n<meta property=\"og:locale\" content=\"en_US\" \/>\n<meta property=\"og:type\" content=\"article\" \/>\n<meta property=\"og:title\" content=\"Mehr Privatsph\u00e4re: Tim Cook kritisiert Facebooks Gesch\u00e4ftsmodell\" \/>\n<meta property=\"og:description\" content=\"Kritik an Facebook: Apple CEO Tim Cook hat auf der virtuellen Konferenz &quot;Computers, Privacy, and Data Protection&quot; einen Vortag gehalten.\" \/>\n<meta property=\"og:url\" content=\"https:\/\/www.apfelpatient.de\/en\/news\/more-privacy-tim-cook-criticizes-facebooks-business-model\" \/>\n<meta property=\"og:site_name\" content=\"Apfelpatient\" \/>\n<meta property=\"article:publisher\" content=\"https:\/\/www.facebook.com\/apfelpatientOfficial\" \/>\n<meta property=\"article:author\" content=\"https:\/\/www.facebook.com\/apfelpatientOfficial\" \/>\n<meta property=\"article:published_time\" content=\"2021-01-28T19:38:19+00:00\" \/>\n<meta property=\"article:modified_time\" content=\"2021-01-28T19:38:21+00:00\" \/>\n<meta property=\"og:image\" content=\"https:\/\/www.apfelpatient.de\/wp-content\/uploads\/2021\/01\/iPhone-Xs-Apple-Watch-Series-4_Palo-Alto-Tim-Cook-Apple-Store_09202018-scaled.jpg\" \/>\n\t<meta property=\"og:image:width\" content=\"2560\" \/>\n\t<meta property=\"og:image:height\" content=\"1706\" \/>\n\t<meta property=\"og:image:type\" content=\"image\/jpeg\" \/>\n<meta name=\"author\" content=\"Milan\" \/>\n<meta name=\"twitter:card\" content=\"summary_large_image\" \/>\n<meta name=\"twitter:description\" content=\"Kritik an Facebook: Apple CEO Tim Cook hat auf der virtuellen Konferenz &quot;Computers, Privacy, and Data Protection&quot; einen Vortag gehalten.\" \/>\n<meta name=\"twitter:label1\" content=\"Written by\" \/>\n\t<meta name=\"twitter:data1\" content=\"Milan\" \/>\n\t<meta name=\"twitter:label2\" content=\"Est. reading time\" \/>\n\t<meta name=\"twitter:data2\" content=\"1 minute\" \/>\n<script type=\"application\/ld+json\" class=\"yoast-schema-graph\">{\"@context\":\"https:\\\/\\\/schema.org\",\"@graph\":[{\"@type\":\"NewsArticle\",\"@id\":\"https:\\\/\\\/www.apfelpatient.de\\\/news\\\/mehr-privatsphaere-tim-cook-kritisiert-facebooks-geschaeftsmodell#article\",\"isPartOf\":{\"@id\":\"https:\\\/\\\/www.apfelpatient.de\\\/news\\\/mehr-privatsphaere-tim-cook-kritisiert-facebooks-geschaeftsmodell\"},\"author\":{\"@type\":\"Organization\",\"@id\":\"https:\\\/\\\/www.apfelpatient.de\\\/en\\\/#organization\",\"name\":\"Apfelpatient\",\"url\":\"https:\\\/\\\/www.apfelpatient.de\\\/en\\\/\"},\"headline\":\"Mehr Privatsph\u00e4re: Tim Cook kritisiert Facebooks Gesch\u00e4ftsmodell\",\"datePublished\":\"2021-01-28T19:38:19+00:00\",\"dateModified\":\"2021-01-28T19:38:21+00:00\",\"mainEntityOfPage\":{\"@id\":\"https:\\\/\\\/www.apfelpatient.de\\\/news\\\/mehr-privatsphaere-tim-cook-kritisiert-facebooks-geschaeftsmodell\"},\"wordCount\":255,\"publisher\":{\"@type\":\"Organization\",\"@id\":\"https:\\\/\\\/www.apfelpatient.de\\\/en\\\/#organization\",\"name\":\"Apfelpatient\",\"url\":\"https:\\\/\\\/www.apfelpatient.de\\\/en\\\/\"},\"image\":{\"@id\":\"https:\\\/\\\/www.apfelpatient.de\\\/news\\\/mehr-privatsphaere-tim-cook-kritisiert-facebooks-geschaeftsmodell#primaryimage\"},\"thumbnailUrl\":\"https:\\\/\\\/www.apfelpatient.de\\\/wp-content\\\/uploads\\\/2021\\\/01\\\/iPhone-Xs-Apple-Watch-Series-4_Palo-Alto-Tim-Cook-Apple-Store_09202018-scaled.jpg\",\"keywords\":[\"Facebook\",\"TechPatient\"],\"articleSection\":\"News\",\"inLanguage\":\"en-US\",\"copyrightYear\":\"2021\",\"copyrightHolder\":{\"@id\":\"https:\\\/\\\/www.apfelpatient.de\\\/en\\\/#organization\"}},{\"@type\":\"WebPage\",\"@id\":\"https:\\\/\\\/www.apfelpatient.de\\\/news\\\/mehr-privatsphaere-tim-cook-kritisiert-facebooks-geschaeftsmodell\",\"url\":\"https:\\\/\\\/www.apfelpatient.de\\\/news\\\/mehr-privatsphaere-tim-cook-kritisiert-facebooks-geschaeftsmodell\",\"name\":\"Mehr Privatsph\u00e4re: Tim Cook kritisiert Facebooks Gesch\u00e4ftsmodell\",\"isPartOf\":{\"@id\":\"https:\\\/\\\/www.apfelpatient.de\\\/#website\"},\"primaryImageOfPage\":{\"@id\":\"https:\\\/\\\/www.apfelpatient.de\\\/news\\\/mehr-privatsphaere-tim-cook-kritisiert-facebooks-geschaeftsmodell#primaryimage\"},\"image\":{\"@id\":\"https:\\\/\\\/www.apfelpatient.de\\\/news\\\/mehr-privatsphaere-tim-cook-kritisiert-facebooks-geschaeftsmodell#primaryimage\"},\"thumbnailUrl\":\"https:\\\/\\\/www.apfelpatient.de\\\/wp-content\\\/uploads\\\/2021\\\/01\\\/iPhone-Xs-Apple-Watch-Series-4_Palo-Alto-Tim-Cook-Apple-Store_09202018-scaled.jpg\",\"datePublished\":\"2021-01-28T19:38:19+00:00\",\"dateModified\":\"2021-01-28T19:38:21+00:00\",\"description\":\"Kritik an Facebook: Apple CEO Tim Cook hat auf der virtuellen Konferenz \\\"Computers, Privacy, and Data Protection\\\" einen Vortag gehalten.\",\"breadcrumb\":{\"@id\":\"https:\\\/\\\/www.apfelpatient.de\\\/news\\\/mehr-privatsphaere-tim-cook-kritisiert-facebooks-geschaeftsmodell#breadcrumb\"},\"inLanguage\":\"en-US\",\"potentialAction\":[{\"@type\":\"ReadAction\",\"target\":[\"https:\\\/\\\/www.apfelpatient.de\\\/news\\\/mehr-privatsphaere-tim-cook-kritisiert-facebooks-geschaeftsmodell\"]}]},{\"@type\":\"ImageObject\",\"inLanguage\":\"en-US\",\"@id\":\"https:\\\/\\\/www.apfelpatient.de\\\/news\\\/mehr-privatsphaere-tim-cook-kritisiert-facebooks-geschaeftsmodell#primaryimage\",\"url\":\"https:\\\/\\\/www.apfelpatient.de\\\/wp-content\\\/uploads\\\/2021\\\/01\\\/iPhone-Xs-Apple-Watch-Series-4_Palo-Alto-Tim-Cook-Apple-Store_09202018-scaled.jpg\",\"contentUrl\":\"https:\\\/\\\/www.apfelpatient.de\\\/wp-content\\\/uploads\\\/2021\\\/01\\\/iPhone-Xs-Apple-Watch-Series-4_Palo-Alto-Tim-Cook-Apple-Store_09202018-scaled.jpg\",\"width\":2560,\"height\":1706,\"caption\":\"Bild: Apple\"},{\"@type\":\"BreadcrumbList\",\"@id\":\"https:\\\/\\\/www.apfelpatient.de\\\/news\\\/mehr-privatsphaere-tim-cook-kritisiert-facebooks-geschaeftsmodell#breadcrumb\",\"itemListElement\":[{\"@type\":\"ListItem\",\"position\":1,\"name\":\"Startseite\",\"item\":\"https:\\\/\\\/www.apfelpatient.de\\\/\"},{\"@type\":\"ListItem\",\"position\":2,\"name\":\"Mehr Privatsph\u00e4re: Tim Cook kritisiert Facebooks Gesch\u00e4ftsmodell\"}]},{\"@type\":\"WebSite\",\"@id\":\"https:\\\/\\\/www.apfelpatient.de\\\/#website\",\"url\":\"https:\\\/\\\/www.apfelpatient.de\\\/\",\"name\":\"Apfelpatient\",\"description\":\"Alles rund um Apple!\",\"publisher\":{\"@type\":\"Organization\",\"@id\":\"https:\\\/\\\/www.apfelpatient.de\\\/en\\\/#organization\",\"name\":\"Apfelpatient\",\"url\":\"https:\\\/\\\/www.apfelpatient.de\\\/en\\\/\"},\"alternateName\":\"Apfelpatient\",\"potentialAction\":[{\"@type\":\"SearchAction\",\"target\":{\"@type\":\"EntryPoint\",\"urlTemplate\":\"https:\\\/\\\/www.apfelpatient.de\\\/?s={search_term_string}\"},\"query-input\":{\"@type\":\"PropertyValueSpecification\",\"valueRequired\":true,\"valueName\":\"search_term_string\"}}],\"inLanguage\":\"en-US\"},{\"@type\":[\"Person\",\"Organization\"],\"@id\":\"https:\\\/\\\/www.apfelpatient.de\\\/#\\\/schema\\\/person\\\/35b3ddba5832f2bfc7fff5206d4f6b7b\",\"name\":\"Milan\",\"logo\":{\"@id\":\"https:\\\/\\\/www.apfelpatient.de\\\/#\\\/schema\\\/person\\\/image\\\/\"},\"description\":\"Hallo und herzlich willkommen auf meinem Technik-Blog! Als gro\u00dfer Apple-Fan berichte ich hier \u00fcber alles, was mit Apple zu tun hat: von den neuesten News und spannenden Ger\u00fcchten \u00fcber hilfreiche Tipps und Tricks bis hin zu ausf\u00fchrlichen Produkttests. Wenn du genauso technikbegeistert bist wie ich, bist du hier genau richtig!\",\"sameAs\":[\"https:\\\/\\\/www.facebook.com\\\/apfelpatientOfficial\",\"https:\\\/\\\/www.linkedin.com\\\/in\\\/milan-jovicic-42aa0231b\"],\"url\":\"https:\\\/\\\/www.apfelpatient.de\\\/en\\\/author\\\/apfeladmin\"}]}<\/script>\n<!-- \/ Yoast SEO Premium plugin. -->","yoast_head_json":{"title":"More privacy: Tim Cook criticizes Facebook&#039;s business model","description":"Criticism of Facebook: Apple CEO Tim Cook gave a presentation at the virtual conference &quot;Computers, Privacy, and Data Protection&quot;.","robots":{"index":"index","follow":"follow","max-snippet":"max-snippet:-1","max-image-preview":"max-image-preview:large","max-video-preview":"max-video-preview:-1"},"canonical":"https:\/\/www.apfelpatient.de\/en\/news\/more-privacy-tim-cook-criticizes-facebooks-business-model","og_locale":"en_US","og_type":"article","og_title":"Mehr Privatsph\u00e4re: Tim Cook kritisiert Facebooks Gesch\u00e4ftsmodell","og_description":"Kritik an Facebook: Apple CEO Tim Cook hat auf der virtuellen Konferenz \"Computers, Privacy, and Data Protection\" einen Vortag gehalten.","og_url":"https:\/\/www.apfelpatient.de\/en\/news\/more-privacy-tim-cook-criticizes-facebooks-business-model","og_site_name":"Apfelpatient","article_publisher":"https:\/\/www.facebook.com\/apfelpatientOfficial","article_author":"https:\/\/www.facebook.com\/apfelpatientOfficial","article_published_time":"2021-01-28T19:38:19+00:00","article_modified_time":"2021-01-28T19:38:21+00:00","og_image":[{"width":2560,"height":1706,"url":"https:\/\/www.apfelpatient.de\/wp-content\/uploads\/2021\/01\/iPhone-Xs-Apple-Watch-Series-4_Palo-Alto-Tim-Cook-Apple-Store_09202018-scaled.jpg","type":"image\/jpeg"}],"author":"Milan","twitter_card":"summary_large_image","twitter_description":"Kritik an Facebook: Apple CEO Tim Cook hat auf der virtuellen Konferenz \"Computers, Privacy, and Data Protection\" einen Vortag gehalten.","twitter_misc":{"Written by":"Milan","Est. reading time":"1 minute"},"schema":{"@context":"https:\/\/schema.org","@graph":[{"@type":"NewsArticle","@id":"https:\/\/www.apfelpatient.de\/news\/mehr-privatsphaere-tim-cook-kritisiert-facebooks-geschaeftsmodell#article","isPartOf":{"@id":"https:\/\/www.apfelpatient.de\/news\/mehr-privatsphaere-tim-cook-kritisiert-facebooks-geschaeftsmodell"},"author":{"@type":"Organization","@id":"https:\/\/www.apfelpatient.de\/en\/#organization","name":"Apfelpatient","url":"https:\/\/www.apfelpatient.de\/en\/"},"headline":"Mehr Privatsph\u00e4re: Tim Cook kritisiert Facebooks Gesch\u00e4ftsmodell","datePublished":"2021-01-28T19:38:19+00:00","dateModified":"2021-01-28T19:38:21+00:00","mainEntityOfPage":{"@id":"https:\/\/www.apfelpatient.de\/news\/mehr-privatsphaere-tim-cook-kritisiert-facebooks-geschaeftsmodell"},"wordCount":255,"publisher":{"@type":"Organization","@id":"https:\/\/www.apfelpatient.de\/en\/#organization","name":"Apfelpatient","url":"https:\/\/www.apfelpatient.de\/en\/"},"image":{"@id":"https:\/\/www.apfelpatient.de\/news\/mehr-privatsphaere-tim-cook-kritisiert-facebooks-geschaeftsmodell#primaryimage"},"thumbnailUrl":"https:\/\/www.apfelpatient.de\/wp-content\/uploads\/2021\/01\/iPhone-Xs-Apple-Watch-Series-4_Palo-Alto-Tim-Cook-Apple-Store_09202018-scaled.jpg","keywords":["Facebook","TechPatient"],"articleSection":"News","inLanguage":"en-US","copyrightYear":"2021","copyrightHolder":{"@id":"https:\/\/www.apfelpatient.de\/en\/#organization"}},{"@type":"WebPage","@id":"https:\/\/www.apfelpatient.de\/news\/mehr-privatsphaere-tim-cook-kritisiert-facebooks-geschaeftsmodell","url":"https:\/\/www.apfelpatient.de\/news\/mehr-privatsphaere-tim-cook-kritisiert-facebooks-geschaeftsmodell","name":"More privacy: Tim Cook criticizes Facebook&#039;s business model","isPartOf":{"@id":"https:\/\/www.apfelpatient.de\/#website"},"primaryImageOfPage":{"@id":"https:\/\/www.apfelpatient.de\/news\/mehr-privatsphaere-tim-cook-kritisiert-facebooks-geschaeftsmodell#primaryimage"},"image":{"@id":"https:\/\/www.apfelpatient.de\/news\/mehr-privatsphaere-tim-cook-kritisiert-facebooks-geschaeftsmodell#primaryimage"},"thumbnailUrl":"https:\/\/www.apfelpatient.de\/wp-content\/uploads\/2021\/01\/iPhone-Xs-Apple-Watch-Series-4_Palo-Alto-Tim-Cook-Apple-Store_09202018-scaled.jpg","datePublished":"2021-01-28T19:38:19+00:00","dateModified":"2021-01-28T19:38:21+00:00","description":"Criticism of Facebook: Apple CEO Tim Cook gave a presentation at the virtual conference &quot;Computers, Privacy, and Data Protection&quot;.","breadcrumb":{"@id":"https:\/\/www.apfelpatient.de\/news\/mehr-privatsphaere-tim-cook-kritisiert-facebooks-geschaeftsmodell#breadcrumb"},"inLanguage":"en-US","potentialAction":[{"@type":"ReadAction","target":["https:\/\/www.apfelpatient.de\/news\/mehr-privatsphaere-tim-cook-kritisiert-facebooks-geschaeftsmodell"]}]},{"@type":"ImageObject","inLanguage":"en-US","@id":"https:\/\/www.apfelpatient.de\/news\/mehr-privatsphaere-tim-cook-kritisiert-facebooks-geschaeftsmodell#primaryimage","url":"https:\/\/www.apfelpatient.de\/wp-content\/uploads\/2021\/01\/iPhone-Xs-Apple-Watch-Series-4_Palo-Alto-Tim-Cook-Apple-Store_09202018-scaled.jpg","contentUrl":"https:\/\/www.apfelpatient.de\/wp-content\/uploads\/2021\/01\/iPhone-Xs-Apple-Watch-Series-4_Palo-Alto-Tim-Cook-Apple-Store_09202018-scaled.jpg","width":2560,"height":1706,"caption":"Bild: Apple"},{"@type":"BreadcrumbList","@id":"https:\/\/www.apfelpatient.de\/news\/mehr-privatsphaere-tim-cook-kritisiert-facebooks-geschaeftsmodell#breadcrumb","itemListElement":[{"@type":"ListItem","position":1,"name":"Startseite","item":"https:\/\/www.apfelpatient.de\/"},{"@type":"ListItem","position":2,"name":"Mehr Privatsph\u00e4re: Tim Cook kritisiert Facebooks Gesch\u00e4ftsmodell"}]},{"@type":"WebSite","@id":"https:\/\/www.apfelpatient.de\/#website","url":"https:\/\/www.apfelpatient.de\/","name":"apple patient","description":"Everything about Apple!","publisher":{"@type":"Organization","@id":"https:\/\/www.apfelpatient.de\/en\/#organization","name":"Apfelpatient","url":"https:\/\/www.apfelpatient.de\/en\/"},"alternateName":"Apfelpatient","potentialAction":[{"@type":"SearchAction","target":{"@type":"EntryPoint","urlTemplate":"https:\/\/www.apfelpatient.de\/?s={search_term_string}"},"query-input":{"@type":"PropertyValueSpecification","valueRequired":true,"valueName":"search_term_string"}}],"inLanguage":"en-US"},{"@type":["Person","Organization"],"@id":"https:\/\/www.apfelpatient.de\/#\/schema\/person\/35b3ddba5832f2bfc7fff5206d4f6b7b","name":"Milan","logo":{"@id":"https:\/\/www.apfelpatient.de\/#\/schema\/person\/image\/"},"description":"Hello and welcome to my technology blog! As a big Apple fan, I report on everything to do with Apple: from the latest news and exciting rumors to helpful tips and tricks and detailed product tests. If you are as enthusiastic about technology as I am, you have come to the right place!","sameAs":["https:\/\/www.facebook.com\/apfelpatientOfficial","https:\/\/www.linkedin.com\/in\/milan-jovicic-42aa0231b"],"url":"https:\/\/www.apfelpatient.de\/en\/author\/apfeladmin"}]}},"_links":{"self":[{"href":"https:\/\/www.apfelpatient.de\/en\/wp-json\/wp\/v2\/posts\/18906","targetHints":{"allow":["GET"]}}],"collection":[{"href":"https:\/\/www.apfelpatient.de\/en\/wp-json\/wp\/v2\/posts"}],"about":[{"href":"https:\/\/www.apfelpatient.de\/en\/wp-json\/wp\/v2\/types\/post"}],"author":[{"embeddable":true,"href":"https:\/\/www.apfelpatient.de\/en\/wp-json\/wp\/v2\/users\/2"}],"replies":[{"embeddable":true,"href":"https:\/\/www.apfelpatient.de\/en\/wp-json\/wp\/v2\/comments?post=18906"}],"version-history":[{"count":0,"href":"https:\/\/www.apfelpatient.de\/en\/wp-json\/wp\/v2\/posts\/18906\/revisions"}],"wp:featuredmedia":[{"embeddable":true,"href":"https:\/\/www.apfelpatient.de\/en\/wp-json\/wp\/v2\/media\/18922"}],"wp:attachment":[{"href":"https:\/\/www.apfelpatient.de\/en\/wp-json\/wp\/v2\/media?parent=18906"}],"wp:term":[{"taxonomy":"category","embeddable":true,"href":"https:\/\/www.apfelpatient.de\/en\/wp-json\/wp\/v2\/categories?post=18906"},{"taxonomy":"post_tag","embeddable":true,"href":"https:\/\/www.apfelpatient.de\/en\/wp-json\/wp\/v2\/tags?post=18906"}],"curies":[{"name":"wp","href":"https:\/\/api.w.org\/{rel}","templated":true}]}}