{"id":18903,"date":"2021-01-28T18:59:23","date_gmt":"2021-01-28T17:59:23","guid":{"rendered":"https:\/\/www.apfelpatient.de\/?p=18903"},"modified":"2021-01-28T18:59:25","modified_gmt":"2021-01-28T17:59:25","slug":"facebook-prepares-antitrust-lawsuit-against-apple","status":"publish","type":"post","link":"https:\/\/www.apfelpatient.de\/en\/rumors\/facebook-bereitet-kartellklage-gegen-apple-vor","title":{"rendered":"Facebook prepares antitrust lawsuit against Apple"},"content":{"rendered":"<p class=\"has-drop-cap\"><strong>Facebook is reportedly planning to take Apple to court with an antitrust lawsuit. The reason for this step is, among other things, Apple&#039;s planned &quot;App Tracking Transparency&quot; feature.<\/strong><\/p>\n\n\n\n<p>The Information reports that Facebook is working with outside counsel to prepare an antitrust lawsuit against Apple, alleging that the company &quot;abuses its power in the smartphone market by forcing app developers to follow App Store rules that Apple&#039;s own apps do not have to follow.&quot;<\/p>\n\n\n\n<h3 class=\"wp-block-heading\" id=\"h-app-tracking-transparenz-funktion-spielt-wesentliche-rolle\">\u201cApp Tracking Transparency\u201d feature plays an essential role<\/h3>\n\n\n\n\n\n\n\n<p>Citing people familiar with the matter, the report said Facebook&#039;s lawsuit will likely focus in part on changes Apple introduced in iOS 14. This includes the &quot;App Tracking Transparency&quot; feature that will be activated in the coming months and will require users to allow apps to track them. From the <a href=\"https:\/\/www.theinformation.com\/articles\/facebook-looks-to-take-its-fight-with-apple-to-court\" target=\"_blank\" rel=\"noreferrer noopener\">report<\/a> shows:<\/p>\n\n\n\n<blockquote class=\"wp-block-quote is-layout-flow wp-block-quote-is-layout-flow\"><p>Facebook CEO Mark Zuckerberg is trying to build a comprehensive legal case arguing that Apple&#039;s rules for app developers - which, for example, force them to use Apple&#039;s in-app payment service - make it harder to compete with Apple in areas such as gaming, messaging and shopping.<\/p><p>Facebook&#039;s own lawsuit, if it goes ahead, is expected to focus in part on the last major update Apple made to its mobile operating system, iOS 14, which rolled out in September, according to two people familiar with the matter.<\/p><\/blockquote>\n\n\n\n<p>According to the report, there is a possibility that the social media giant will ultimately file an antitrust lawsuit against Apple. However, according to the report, not all employees are enthusiastic about Facebook&#039;s plan.\u00a0<\/p>\n\n\n\n<h3 class=\"wp-block-heading\" id=\"h-personenbezogene-daten-apple-wirft-facebook-sammelwut-vor\">Personal data: Apple accuses Facebook of collecting data<\/h3>\n\n\n\n<blockquote class=\"wp-block-quote is-layout-flow wp-block-quote-is-layout-flow\"><p>Internally, however, Facebook employees have expressed skepticism about waging a high-profile battle against Apple, according to four people familiar with the matter. Some employees are concerned that Facebook is not a compelling victim, given the company&#039;s own legal troubles and mishandling of user data.<\/p><\/blockquote>\n\n\n\n\n\n\n\n<p>Nonetheless, it shouldn&#039;t necessarily be surprising that Facebook is at least considering the possibility of taking Apple to court. Last month, the company offered to help Epic Games in its fight against Apple by providing internal documents. Facebook and Apple have been engaged in a public battle over privacy for years. Apple has criticized Facebook for collecting &quot;as much data as possible from users&quot; and has touted its privacy-focused features as a way to &quot;stand up for our users&quot; against companies like Facebook. Meanwhile, Facebook criticized Apple with a full-page ad in US newspapers over its new App Store policies. Just yesterday, Mark Zuckerberg accused Apple of having &quot;incentives to interfere&quot; with Facebook for competitive reasons. <em>(Photo by porover \/ Bigstockphoto)<\/em><\/p>\n\n\n\n<ul class=\"wp-block-list\"><li><a href=\"https:\/\/www.apfelpatient.de\/en\/news\/ios-14-5-apple-announces-app-tracking-transparency\">iOS 14.5: Apple announces &quot;App Tracking Transparency&quot;<\/a><\/li><\/ul>\n\n\n\n<h6 class=\"wp-block-heading translation-block\" id=\"h-kennt-ihr-schon-unsere-amazon-storefront-dort-findet-ihr-eine-handverlesene-auswahl-von-diversen-produkten-f-r-euer-iphone-und-co-viel-spa-beim-st-bern\"><em>Have you already visited our Amazon Storefront? There you&#039;ll find a hand-picked selection of various products for your iPhone and other devices \u2013 <span class=\"has-inline-color has-vivid-red-color\"><a href=\"https:\/\/www.amazon.de\/shop\/apfelpatientofficial\" class=\"ek-link\" data-wpel-link=\"exclude\" rel=\"follow noopener\" target=\"_self\"><span style=\"text-decoration: underline\" class=\"ek-underline\">enjoy browsing<\/span><\/a> !<\/span><\/em><\/h6>\n\n\n\n\n\n<h6 class=\"wp-block-heading translation-block\" id=\"h-der-beitrag-enthalt-partnerlinks\">This post contains <a data-type=\"URL\" data-id=\"https:\/\/www.apfelpatient.de\/partnerprogramm\" href=\"https:\/\/www.apfelpatient.de\/en\/partner-program\" data-wpel-link=\"internal\" target=\"_self\">affiliate links<\/a>.<\/h6>","protected":false},"excerpt":{"rendered":"<p>\u201cApp Tracking Transparency\u201d feature: Facebook is reportedly planning to take Apple to court with an antitrust lawsuit.<\/p>","protected":false},"author":2,"featured_media":18902,"comment_status":"closed","ping_status":"closed","sticky":false,"template":"","format":"standard","meta":{"jnews-multi-image_gallery":[],"jnews_single_post":{"subtitle":"","format":"standard","video":"","gallery":"","source_name":"","source_url":"","via_name":"","via_url":"","override":[{"single_blog_custom":"","sidebar":"","second_sidebar":"","share_position":"","share_float_style":"","post_date_format":"","post_date_format_custom":"","post_reading_time_wpm":"","zoom_button_out_step":"1","zoom_button_in_step":"1","number_popup_post":"1"}],"image_override":[{"single_post_thumbnail_size":"","single_post_gallery_size":""}],"trending_post_position":"","trending_post_label":"","sponsored_post_label":"","sponsored_post_name":"","sponsored_post_url":"","sponsored_post_logo":"","sponsored_post_desc":""},"jnews_primary_category":{"id":"25"},"footnotes":""},"categories":[25],"tags":[6,142,3,13],"class_list":["post-18903","post","type-post","status-publish","format-standard","has-post-thumbnail","hentry","category-rumors","tag-app-store","tag-facebook","tag-ios","tag-techpatient"],"yoast_head":"<!-- This site is optimized with the Yoast SEO Premium plugin v27.5 (Yoast SEO v27.5) - https:\/\/yoast.com\/product\/yoast-seo-premium-wordpress\/ -->\n<title>Facebook bereitet Kartellklage gegen Apple vor Apfelpatient<\/title>\n<meta name=\"description\" content=\"&quot;App-Tracking Transparenz&quot;-Funktion: Facebook plant, Berichten zufolge, Apple mit einer Kartellklage vor Gericht zu zerren.\" \/>\n<meta name=\"robots\" content=\"index, follow, max-snippet:-1, max-image-preview:large, max-video-preview:-1\" \/>\n<link rel=\"canonical\" href=\"https:\/\/www.apfelpatient.de\/en\/rumors\/facebook-prepares-antitrust-lawsuit-against-apple\" \/>\n<meta property=\"og:locale\" content=\"en_US\" \/>\n<meta property=\"og:type\" content=\"article\" \/>\n<meta property=\"og:title\" content=\"Facebook bereitet Kartellklage gegen Apple vor\" \/>\n<meta property=\"og:description\" content=\"&quot;App-Tracking Transparenz&quot;-Funktion: Facebook plant, Berichten zufolge, Apple mit einer Kartellklage vor Gericht zu zerren.\" \/>\n<meta property=\"og:url\" content=\"https:\/\/www.apfelpatient.de\/en\/rumors\/facebook-prepares-antitrust-lawsuit-against-apple\" \/>\n<meta property=\"og:site_name\" content=\"Apfelpatient\" \/>\n<meta property=\"article:publisher\" content=\"https:\/\/www.facebook.com\/apfelpatientOfficial\" \/>\n<meta property=\"article:author\" content=\"https:\/\/www.facebook.com\/apfelpatientOfficial\" \/>\n<meta property=\"article:published_time\" content=\"2021-01-28T17:59:23+00:00\" \/>\n<meta property=\"article:modified_time\" content=\"2021-01-28T17:59:25+00:00\" \/>\n<meta property=\"og:image\" content=\"https:\/\/www.apfelpatient.de\/wp-content\/uploads\/2021\/01\/bigstock-Bangkok-Thailand-August-382955543.jpg\" \/>\n\t<meta property=\"og:image:width\" content=\"1600\" \/>\n\t<meta property=\"og:image:height\" content=\"1065\" \/>\n\t<meta property=\"og:image:type\" content=\"image\/jpeg\" \/>\n<meta name=\"author\" content=\"Milan\" \/>\n<meta name=\"twitter:card\" content=\"summary_large_image\" \/>\n<meta name=\"twitter:description\" content=\"&quot;App-Tracking Transparenz&quot;-Funktion: Facebook plant, Berichten zufolge, Apple mit einer Kartellklage vor Gericht zu zerren.\" \/>\n<meta name=\"twitter:label1\" content=\"Written by\" \/>\n\t<meta name=\"twitter:data1\" content=\"Milan\" \/>\n\t<meta name=\"twitter:label2\" content=\"Est. reading time\" \/>\n\t<meta name=\"twitter:data2\" content=\"2 minutes\" \/>\n<script type=\"application\/ld+json\" class=\"yoast-schema-graph\">{\"@context\":\"https:\\\/\\\/schema.org\",\"@graph\":[{\"@type\":\"NewsArticle\",\"@id\":\"https:\\\/\\\/www.apfelpatient.de\\\/rumors\\\/facebook-bereitet-kartellklage-gegen-apple-vor#article\",\"isPartOf\":{\"@id\":\"https:\\\/\\\/www.apfelpatient.de\\\/rumors\\\/facebook-bereitet-kartellklage-gegen-apple-vor\"},\"author\":{\"@type\":\"Organization\",\"@id\":\"https:\\\/\\\/www.apfelpatient.de\\\/en\\\/#organization\",\"name\":\"Apfelpatient\",\"url\":\"https:\\\/\\\/www.apfelpatient.de\\\/en\\\/\"},\"headline\":\"Facebook bereitet Kartellklage gegen Apple vor\",\"datePublished\":\"2021-01-28T17:59:23+00:00\",\"dateModified\":\"2021-01-28T17:59:25+00:00\",\"mainEntityOfPage\":{\"@id\":\"https:\\\/\\\/www.apfelpatient.de\\\/rumors\\\/facebook-bereitet-kartellklage-gegen-apple-vor\"},\"wordCount\":474,\"publisher\":{\"@type\":\"Organization\",\"@id\":\"https:\\\/\\\/www.apfelpatient.de\\\/en\\\/#organization\",\"name\":\"Apfelpatient\",\"url\":\"https:\\\/\\\/www.apfelpatient.de\\\/en\\\/\"},\"image\":{\"@id\":\"https:\\\/\\\/www.apfelpatient.de\\\/rumors\\\/facebook-bereitet-kartellklage-gegen-apple-vor#primaryimage\"},\"thumbnailUrl\":\"https:\\\/\\\/www.apfelpatient.de\\\/wp-content\\\/uploads\\\/2021\\\/01\\\/bigstock-Bangkok-Thailand-August-382955543.jpg\",\"keywords\":[\"App Store\",\"Facebook\",\"iOS\",\"TechPatient\"],\"articleSection\":\"Rumors\",\"inLanguage\":\"en-US\",\"copyrightYear\":\"2021\",\"copyrightHolder\":{\"@id\":\"https:\\\/\\\/www.apfelpatient.de\\\/en\\\/#organization\"}},{\"@type\":\"WebPage\",\"@id\":\"https:\\\/\\\/www.apfelpatient.de\\\/rumors\\\/facebook-bereitet-kartellklage-gegen-apple-vor\",\"url\":\"https:\\\/\\\/www.apfelpatient.de\\\/rumors\\\/facebook-bereitet-kartellklage-gegen-apple-vor\",\"name\":\"Facebook bereitet Kartellklage gegen Apple vor Apfelpatient\",\"isPartOf\":{\"@id\":\"https:\\\/\\\/www.apfelpatient.de\\\/#website\"},\"primaryImageOfPage\":{\"@id\":\"https:\\\/\\\/www.apfelpatient.de\\\/rumors\\\/facebook-bereitet-kartellklage-gegen-apple-vor#primaryimage\"},\"image\":{\"@id\":\"https:\\\/\\\/www.apfelpatient.de\\\/rumors\\\/facebook-bereitet-kartellklage-gegen-apple-vor#primaryimage\"},\"thumbnailUrl\":\"https:\\\/\\\/www.apfelpatient.de\\\/wp-content\\\/uploads\\\/2021\\\/01\\\/bigstock-Bangkok-Thailand-August-382955543.jpg\",\"datePublished\":\"2021-01-28T17:59:23+00:00\",\"dateModified\":\"2021-01-28T17:59:25+00:00\",\"description\":\"\\\"App-Tracking Transparenz\\\"-Funktion: Facebook plant, Berichten zufolge, Apple mit einer Kartellklage vor Gericht zu zerren.\",\"breadcrumb\":{\"@id\":\"https:\\\/\\\/www.apfelpatient.de\\\/rumors\\\/facebook-bereitet-kartellklage-gegen-apple-vor#breadcrumb\"},\"inLanguage\":\"en-US\",\"potentialAction\":[{\"@type\":\"ReadAction\",\"target\":[\"https:\\\/\\\/www.apfelpatient.de\\\/rumors\\\/facebook-bereitet-kartellklage-gegen-apple-vor\"]}]},{\"@type\":\"ImageObject\",\"inLanguage\":\"en-US\",\"@id\":\"https:\\\/\\\/www.apfelpatient.de\\\/rumors\\\/facebook-bereitet-kartellklage-gegen-apple-vor#primaryimage\",\"url\":\"https:\\\/\\\/www.apfelpatient.de\\\/wp-content\\\/uploads\\\/2021\\\/01\\\/bigstock-Bangkok-Thailand-August-382955543.jpg\",\"contentUrl\":\"https:\\\/\\\/www.apfelpatient.de\\\/wp-content\\\/uploads\\\/2021\\\/01\\\/bigstock-Bangkok-Thailand-August-382955543.jpg\",\"width\":1600,\"height\":1065,\"caption\":\"Bangkok, Thailand - August 30, 2020 : Woman hand is pressing the Facebook screen on apple iphone 11, Social media are using for information sharing and networking.\"},{\"@type\":\"BreadcrumbList\",\"@id\":\"https:\\\/\\\/www.apfelpatient.de\\\/rumors\\\/facebook-bereitet-kartellklage-gegen-apple-vor#breadcrumb\",\"itemListElement\":[{\"@type\":\"ListItem\",\"position\":1,\"name\":\"Startseite\",\"item\":\"https:\\\/\\\/www.apfelpatient.de\\\/\"},{\"@type\":\"ListItem\",\"position\":2,\"name\":\"Facebook bereitet Kartellklage gegen Apple vor\"}]},{\"@type\":\"WebSite\",\"@id\":\"https:\\\/\\\/www.apfelpatient.de\\\/#website\",\"url\":\"https:\\\/\\\/www.apfelpatient.de\\\/\",\"name\":\"Apfelpatient\",\"description\":\"Alles rund um Apple!\",\"publisher\":{\"@type\":\"Organization\",\"@id\":\"https:\\\/\\\/www.apfelpatient.de\\\/en\\\/#organization\",\"name\":\"Apfelpatient\",\"url\":\"https:\\\/\\\/www.apfelpatient.de\\\/en\\\/\"},\"alternateName\":\"Apfelpatient\",\"potentialAction\":[{\"@type\":\"SearchAction\",\"target\":{\"@type\":\"EntryPoint\",\"urlTemplate\":\"https:\\\/\\\/www.apfelpatient.de\\\/?s={search_term_string}\"},\"query-input\":{\"@type\":\"PropertyValueSpecification\",\"valueRequired\":true,\"valueName\":\"search_term_string\"}}],\"inLanguage\":\"en-US\"},{\"@type\":[\"Person\",\"Organization\"],\"@id\":\"https:\\\/\\\/www.apfelpatient.de\\\/#\\\/schema\\\/person\\\/35b3ddba5832f2bfc7fff5206d4f6b7b\",\"name\":\"Milan\",\"logo\":{\"@id\":\"https:\\\/\\\/www.apfelpatient.de\\\/#\\\/schema\\\/person\\\/image\\\/\"},\"description\":\"Hallo und herzlich willkommen auf meinem Technik-Blog! Als gro\u00dfer Apple-Fan berichte ich hier \u00fcber alles, was mit Apple zu tun hat: von den neuesten News und spannenden Ger\u00fcchten \u00fcber hilfreiche Tipps und Tricks bis hin zu ausf\u00fchrlichen Produkttests. Wenn du genauso technikbegeistert bist wie ich, bist du hier genau richtig!\",\"sameAs\":[\"https:\\\/\\\/www.facebook.com\\\/apfelpatientOfficial\",\"https:\\\/\\\/www.linkedin.com\\\/in\\\/milan-jovicic-42aa0231b\"],\"url\":\"https:\\\/\\\/www.apfelpatient.de\\\/en\\\/author\\\/apfeladmin\"}]}<\/script>\n<!-- \/ Yoast SEO Premium plugin. -->","yoast_head_json":{"title":"Facebook prepares antitrust lawsuit against Apple Apfelpatient","description":"&quot;App Tracking Transparency&quot; feature: Facebook is reportedly planning to take Apple to court with an antitrust lawsuit.","robots":{"index":"index","follow":"follow","max-snippet":"max-snippet:-1","max-image-preview":"max-image-preview:large","max-video-preview":"max-video-preview:-1"},"canonical":"https:\/\/www.apfelpatient.de\/en\/rumors\/facebook-prepares-antitrust-lawsuit-against-apple","og_locale":"en_US","og_type":"article","og_title":"Facebook bereitet Kartellklage gegen Apple vor","og_description":"\"App-Tracking Transparenz\"-Funktion: Facebook plant, Berichten zufolge, Apple mit einer Kartellklage vor Gericht zu zerren.","og_url":"https:\/\/www.apfelpatient.de\/en\/rumors\/facebook-prepares-antitrust-lawsuit-against-apple","og_site_name":"Apfelpatient","article_publisher":"https:\/\/www.facebook.com\/apfelpatientOfficial","article_author":"https:\/\/www.facebook.com\/apfelpatientOfficial","article_published_time":"2021-01-28T17:59:23+00:00","article_modified_time":"2021-01-28T17:59:25+00:00","og_image":[{"width":1600,"height":1065,"url":"https:\/\/www.apfelpatient.de\/wp-content\/uploads\/2021\/01\/bigstock-Bangkok-Thailand-August-382955543.jpg","type":"image\/jpeg"}],"author":"Milan","twitter_card":"summary_large_image","twitter_description":"\"App-Tracking Transparenz\"-Funktion: Facebook plant, Berichten zufolge, Apple mit einer Kartellklage vor Gericht zu zerren.","twitter_misc":{"Written by":"Milan","Est. reading time":"2 minutes"},"schema":{"@context":"https:\/\/schema.org","@graph":[{"@type":"NewsArticle","@id":"https:\/\/www.apfelpatient.de\/rumors\/facebook-bereitet-kartellklage-gegen-apple-vor#article","isPartOf":{"@id":"https:\/\/www.apfelpatient.de\/rumors\/facebook-bereitet-kartellklage-gegen-apple-vor"},"author":{"@type":"Organization","@id":"https:\/\/www.apfelpatient.de\/en\/#organization","name":"Apfelpatient","url":"https:\/\/www.apfelpatient.de\/en\/"},"headline":"Facebook bereitet Kartellklage gegen Apple vor","datePublished":"2021-01-28T17:59:23+00:00","dateModified":"2021-01-28T17:59:25+00:00","mainEntityOfPage":{"@id":"https:\/\/www.apfelpatient.de\/rumors\/facebook-bereitet-kartellklage-gegen-apple-vor"},"wordCount":474,"publisher":{"@type":"Organization","@id":"https:\/\/www.apfelpatient.de\/en\/#organization","name":"Apfelpatient","url":"https:\/\/www.apfelpatient.de\/en\/"},"image":{"@id":"https:\/\/www.apfelpatient.de\/rumors\/facebook-bereitet-kartellklage-gegen-apple-vor#primaryimage"},"thumbnailUrl":"https:\/\/www.apfelpatient.de\/wp-content\/uploads\/2021\/01\/bigstock-Bangkok-Thailand-August-382955543.jpg","keywords":["App Store","Facebook","iOS","TechPatient"],"articleSection":"Rumors","inLanguage":"en-US","copyrightYear":"2021","copyrightHolder":{"@id":"https:\/\/www.apfelpatient.de\/en\/#organization"}},{"@type":"WebPage","@id":"https:\/\/www.apfelpatient.de\/rumors\/facebook-bereitet-kartellklage-gegen-apple-vor","url":"https:\/\/www.apfelpatient.de\/rumors\/facebook-bereitet-kartellklage-gegen-apple-vor","name":"Facebook prepares antitrust lawsuit against Apple Apfelpatient","isPartOf":{"@id":"https:\/\/www.apfelpatient.de\/#website"},"primaryImageOfPage":{"@id":"https:\/\/www.apfelpatient.de\/rumors\/facebook-bereitet-kartellklage-gegen-apple-vor#primaryimage"},"image":{"@id":"https:\/\/www.apfelpatient.de\/rumors\/facebook-bereitet-kartellklage-gegen-apple-vor#primaryimage"},"thumbnailUrl":"https:\/\/www.apfelpatient.de\/wp-content\/uploads\/2021\/01\/bigstock-Bangkok-Thailand-August-382955543.jpg","datePublished":"2021-01-28T17:59:23+00:00","dateModified":"2021-01-28T17:59:25+00:00","description":"&quot;App Tracking Transparency&quot; feature: Facebook is reportedly planning to take Apple to court with an antitrust lawsuit.","breadcrumb":{"@id":"https:\/\/www.apfelpatient.de\/rumors\/facebook-bereitet-kartellklage-gegen-apple-vor#breadcrumb"},"inLanguage":"en-US","potentialAction":[{"@type":"ReadAction","target":["https:\/\/www.apfelpatient.de\/rumors\/facebook-bereitet-kartellklage-gegen-apple-vor"]}]},{"@type":"ImageObject","inLanguage":"en-US","@id":"https:\/\/www.apfelpatient.de\/rumors\/facebook-bereitet-kartellklage-gegen-apple-vor#primaryimage","url":"https:\/\/www.apfelpatient.de\/wp-content\/uploads\/2021\/01\/bigstock-Bangkok-Thailand-August-382955543.jpg","contentUrl":"https:\/\/www.apfelpatient.de\/wp-content\/uploads\/2021\/01\/bigstock-Bangkok-Thailand-August-382955543.jpg","width":1600,"height":1065,"caption":"Bangkok, Thailand - August 30, 2020 : Woman hand is pressing the Facebook screen on apple iphone 11, Social media are using for information sharing and networking."},{"@type":"BreadcrumbList","@id":"https:\/\/www.apfelpatient.de\/rumors\/facebook-bereitet-kartellklage-gegen-apple-vor#breadcrumb","itemListElement":[{"@type":"ListItem","position":1,"name":"Startseite","item":"https:\/\/www.apfelpatient.de\/"},{"@type":"ListItem","position":2,"name":"Facebook bereitet Kartellklage gegen Apple vor"}]},{"@type":"WebSite","@id":"https:\/\/www.apfelpatient.de\/#website","url":"https:\/\/www.apfelpatient.de\/","name":"apple patient","description":"Everything about Apple!","publisher":{"@type":"Organization","@id":"https:\/\/www.apfelpatient.de\/en\/#organization","name":"Apfelpatient","url":"https:\/\/www.apfelpatient.de\/en\/"},"alternateName":"Apfelpatient","potentialAction":[{"@type":"SearchAction","target":{"@type":"EntryPoint","urlTemplate":"https:\/\/www.apfelpatient.de\/?s={search_term_string}"},"query-input":{"@type":"PropertyValueSpecification","valueRequired":true,"valueName":"search_term_string"}}],"inLanguage":"en-US"},{"@type":["Person","Organization"],"@id":"https:\/\/www.apfelpatient.de\/#\/schema\/person\/35b3ddba5832f2bfc7fff5206d4f6b7b","name":"Milan","logo":{"@id":"https:\/\/www.apfelpatient.de\/#\/schema\/person\/image\/"},"description":"Hello and welcome to my technology blog! As a big Apple fan, I report on everything to do with Apple: from the latest news and exciting rumors to helpful tips and tricks and detailed product tests. If you are as enthusiastic about technology as I am, you have come to the right place!","sameAs":["https:\/\/www.facebook.com\/apfelpatientOfficial","https:\/\/www.linkedin.com\/in\/milan-jovicic-42aa0231b"],"url":"https:\/\/www.apfelpatient.de\/en\/author\/apfeladmin"}]}},"_links":{"self":[{"href":"https:\/\/www.apfelpatient.de\/en\/wp-json\/wp\/v2\/posts\/18903","targetHints":{"allow":["GET"]}}],"collection":[{"href":"https:\/\/www.apfelpatient.de\/en\/wp-json\/wp\/v2\/posts"}],"about":[{"href":"https:\/\/www.apfelpatient.de\/en\/wp-json\/wp\/v2\/types\/post"}],"author":[{"embeddable":true,"href":"https:\/\/www.apfelpatient.de\/en\/wp-json\/wp\/v2\/users\/2"}],"replies":[{"embeddable":true,"href":"https:\/\/www.apfelpatient.de\/en\/wp-json\/wp\/v2\/comments?post=18903"}],"version-history":[{"count":0,"href":"https:\/\/www.apfelpatient.de\/en\/wp-json\/wp\/v2\/posts\/18903\/revisions"}],"wp:featuredmedia":[{"embeddable":true,"href":"https:\/\/www.apfelpatient.de\/en\/wp-json\/wp\/v2\/media\/18902"}],"wp:attachment":[{"href":"https:\/\/www.apfelpatient.de\/en\/wp-json\/wp\/v2\/media?parent=18903"}],"wp:term":[{"taxonomy":"category","embeddable":true,"href":"https:\/\/www.apfelpatient.de\/en\/wp-json\/wp\/v2\/categories?post=18903"},{"taxonomy":"post_tag","embeddable":true,"href":"https:\/\/www.apfelpatient.de\/en\/wp-json\/wp\/v2\/tags?post=18903"}],"curies":[{"name":"wp","href":"https:\/\/api.w.org\/{rel}","templated":true}]}}