{"id":18791,"date":"2021-01-26T00:03:29","date_gmt":"2021-01-25T23:03:29","guid":{"rendered":"https:\/\/www.apfelpatient.de\/?p=18791"},"modified":"2021-01-26T00:03:32","modified_gmt":"2021-01-25T23:03:32","slug":"dan-riccio-apple-makes-changes-to-the-team","status":"publish","type":"post","link":"https:\/\/www.apfelpatient.de\/en\/news\/dan-riccio-apple-nimmt-aenderungen-im-team-vor","title":{"rendered":"Dan Riccio: Apple makes changes to the team"},"content":{"rendered":"<p class=\"has-drop-cap\"><strong>Apple announced late Monday evening that current Apple Hardware Engineering Senior Vice President Dan Riccio will be replaced by John Ternus.<\/strong><\/p>\n\n\n\n<p>In a short press release, Apple announced that John Ternus will be taking over the position of Hardware Engineering Senior Vice President, while Dan Riccio will focus on a new role related to an unspecified project. <a href=\"https:\/\/www.apple.com\/newsroom\/2021\/01\/dan-riccio-begins-a-new-chapter-at-apple\/\" target=\"_blank\" rel=\"noreferrer noopener\">explained<\/a> Apple CEO Tim Cook:<\/p>\n\n\n\n<blockquote class=\"wp-block-quote is-layout-flow wp-block-quote-is-layout-flow\"><p>Every innovation Dan has brought to life at Apple has made us a better, more innovative company, and we&#039;re thrilled he will continue to be part of the team. John&#039;s deep expertise and breadth of experience make him a bold and visionary leader for our hardware engineering teams. I want to congratulate them both on these exciting new steps, and look forward to many more innovations they will bring to the world.<\/p><\/blockquote>\n\n\n\n<h3 class=\"wp-block-heading\" id=\"h-dan-riccio-die-chance-meines-lebens\">Dan Riccio: &quot;The chance of a lifetime&quot;<\/h3>\n\n\n\n\n\n\n\n<p>The new role Dan Riccio will be taking on is something new and will report directly to Tim Cook. This means Riccio will have to report directly to Apple&#039;s CEO. However, not much is known due to the vague description. As mentioned, it is a &quot;new project&quot; - Riccio&#039;s position is described as &quot;Vice President of Engineering&quot;. This new project could be anything from the Apple Car to Apple&#039;s VR\/AR hardware efforts or something completely new. Riccio commented on the topic as follows:<\/p>\n\n\n\n<blockquote class=\"wp-block-quote is-layout-flow wp-block-quote-is-layout-flow\"><p>Working at Apple was the opportunity of a lifetime to build the best products in the world with the most talented people imaginable.<\/p><\/blockquote>\n\n\n\n<p>It remains to be seen how Apple&#039;s hardware lineup will develop when Ternus takes the reins. <em>(Image: Apple)<\/em><\/p>\n\n\n\n<ul class=\"wp-block-list\"><li><a href=\"https:\/\/www.apfelpatient.de\/en\/news\/eu-hearing-tim-cook-to-audition\">EU hearing: Tim Cook to speak<\/a><\/li><\/ul>\n\n\n\n<h6 class=\"wp-block-heading translation-block\" id=\"h-kennt-ihr-schon-unsere-amazon-storefront-dort-findet-ihr-eine-handverlesene-auswahl-von-diversen-produkten-f-r-euer-iphone-und-co-viel-spa-beim-st-bern\"><em>Have you already visited our Amazon Storefront? There you&#039;ll find a hand-picked selection of various products for your iPhone and other devices \u2013 <span class=\"has-inline-color has-vivid-red-color\"><a href=\"https:\/\/www.amazon.de\/shop\/apfelpatientofficial\" class=\"ek-link\" data-wpel-link=\"exclude\" rel=\"follow noopener\" target=\"_self\"><span style=\"text-decoration: underline\" class=\"ek-underline\">enjoy browsing<\/span><\/a> !<\/span><\/em><\/h6>\n\n\n\n\n\n<h6 class=\"wp-block-heading translation-block\" id=\"h-der-beitrag-enthalt-partnerlinks\">This post contains <a data-type=\"URL\" data-id=\"https:\/\/www.apfelpatient.de\/partnerprogramm\" href=\"https:\/\/www.apfelpatient.de\/en\/partner-program\" data-wpel-link=\"internal\" target=\"_self\">affiliate links<\/a>.<\/h6>","protected":false},"excerpt":{"rendered":"<p>Apple has announced that current Apple Hardware Engineering Senior Vice President Dan Riccio will be replaced by John Ternus.<\/p>","protected":false},"author":2,"featured_media":18789,"comment_status":"closed","ping_status":"closed","sticky":false,"template":"","format":"standard","meta":{"jnews-multi-image_gallery":[],"jnews_single_post":{"subtitle":"","format":"standard","video":"","gallery":"","source_name":"","source_url":"","via_name":"","via_url":"","override":[{"single_blog_custom":"","sidebar":"","second_sidebar":"","share_position":"","share_float_style":"","post_date_format":"","post_date_format_custom":"","post_reading_time_wpm":"","zoom_button_out_step":"1","zoom_button_in_step":"1","number_popup_post":"1"}],"image_override":[{"single_post_thumbnail_size":"","single_post_gallery_size":""}],"trending_post_position":"","trending_post_label":"","sponsored_post_label":"","sponsored_post_name":"","sponsored_post_url":"","sponsored_post_logo":"","sponsored_post_desc":""},"jnews_primary_category":{"id":"9"},"footnotes":""},"categories":[9],"tags":[13],"class_list":["post-18791","post","type-post","status-publish","format-standard","has-post-thumbnail","hentry","category-news","tag-techpatient"],"yoast_head":"<!-- This site is optimized with the Yoast SEO Premium plugin v27.5 (Yoast SEO v27.5) - https:\/\/yoast.com\/product\/yoast-seo-premium-wordpress\/ -->\n<title>Dan Riccio: Apple nimmt \u00c4nderungen im Team vor Apfelpatient<\/title>\n<meta name=\"description\" content=\"Apple hat bekanntgegeben, dass der derzeitige Apple Hardware Engineering Senior Vice President Dan Riccio durch John Ternus abgel\u00f6st wird.\" \/>\n<meta name=\"robots\" content=\"index, follow, max-snippet:-1, max-image-preview:large, max-video-preview:-1\" \/>\n<link rel=\"canonical\" href=\"https:\/\/www.apfelpatient.de\/en\/news\/dan-riccio-apple-makes-changes-to-the-team\" \/>\n<meta property=\"og:locale\" content=\"en_US\" \/>\n<meta property=\"og:type\" content=\"article\" \/>\n<meta property=\"og:title\" content=\"Dan Riccio: Apple nimmt \u00c4nderungen im Team vor\" \/>\n<meta property=\"og:description\" content=\"Apple hat bekanntgegeben, dass der derzeitige Apple Hardware Engineering Senior Vice President Dan Riccio durch John Ternus abgel\u00f6st wird.\" \/>\n<meta property=\"og:url\" content=\"https:\/\/www.apfelpatient.de\/en\/news\/dan-riccio-apple-makes-changes-to-the-team\" \/>\n<meta property=\"og:site_name\" content=\"Apfelpatient\" \/>\n<meta property=\"article:publisher\" content=\"https:\/\/www.facebook.com\/apfelpatientOfficial\" \/>\n<meta property=\"article:author\" content=\"https:\/\/www.facebook.com\/apfelpatientOfficial\" \/>\n<meta property=\"article:published_time\" content=\"2021-01-25T23:03:29+00:00\" \/>\n<meta property=\"article:modified_time\" content=\"2021-01-25T23:03:32+00:00\" \/>\n<meta property=\"og:image\" content=\"https:\/\/www.apfelpatient.de\/wp-content\/uploads\/2021\/01\/Apple_dan-riccio-begins-a-new-chapter-at-apple_01252020.jpg\" \/>\n\t<meta property=\"og:image:width\" content=\"1960\" \/>\n\t<meta property=\"og:image:height\" content=\"1362\" \/>\n\t<meta property=\"og:image:type\" content=\"image\/jpeg\" \/>\n<meta name=\"author\" content=\"Milan\" \/>\n<meta name=\"twitter:card\" content=\"summary_large_image\" \/>\n<meta name=\"twitter:description\" content=\"Apple hat bekanntgegeben, dass der derzeitige Apple Hardware Engineering Senior Vice President Dan Riccio durch John Ternus abgel\u00f6st wird.\" \/>\n<meta name=\"twitter:label1\" content=\"Written by\" \/>\n\t<meta name=\"twitter:data1\" content=\"Milan\" \/>\n\t<meta name=\"twitter:label2\" content=\"Est. reading time\" \/>\n\t<meta name=\"twitter:data2\" content=\"2 minutes\" \/>\n<script type=\"application\/ld+json\" class=\"yoast-schema-graph\">{\"@context\":\"https:\\\/\\\/schema.org\",\"@graph\":[{\"@type\":\"NewsArticle\",\"@id\":\"https:\\\/\\\/www.apfelpatient.de\\\/news\\\/dan-riccio-apple-nimmt-aenderungen-im-team-vor#article\",\"isPartOf\":{\"@id\":\"https:\\\/\\\/www.apfelpatient.de\\\/news\\\/dan-riccio-apple-nimmt-aenderungen-im-team-vor\"},\"author\":{\"@type\":\"Organization\",\"@id\":\"https:\\\/\\\/www.apfelpatient.de\\\/en\\\/#organization\",\"name\":\"Apfelpatient\",\"url\":\"https:\\\/\\\/www.apfelpatient.de\\\/en\\\/\"},\"headline\":\"Dan Riccio: Apple nimmt \u00c4nderungen im Team vor\",\"datePublished\":\"2021-01-25T23:03:29+00:00\",\"dateModified\":\"2021-01-25T23:03:32+00:00\",\"mainEntityOfPage\":{\"@id\":\"https:\\\/\\\/www.apfelpatient.de\\\/news\\\/dan-riccio-apple-nimmt-aenderungen-im-team-vor\"},\"wordCount\":313,\"publisher\":{\"@type\":\"Organization\",\"@id\":\"https:\\\/\\\/www.apfelpatient.de\\\/en\\\/#organization\",\"name\":\"Apfelpatient\",\"url\":\"https:\\\/\\\/www.apfelpatient.de\\\/en\\\/\"},\"image\":{\"@id\":\"https:\\\/\\\/www.apfelpatient.de\\\/news\\\/dan-riccio-apple-nimmt-aenderungen-im-team-vor#primaryimage\"},\"thumbnailUrl\":\"https:\\\/\\\/www.apfelpatient.de\\\/wp-content\\\/uploads\\\/2021\\\/01\\\/Apple_dan-riccio-begins-a-new-chapter-at-apple_01252020.jpg\",\"keywords\":[\"TechPatient\"],\"articleSection\":\"News\",\"inLanguage\":\"en-US\",\"copyrightYear\":\"2021\",\"copyrightHolder\":{\"@id\":\"https:\\\/\\\/www.apfelpatient.de\\\/en\\\/#organization\"}},{\"@type\":\"WebPage\",\"@id\":\"https:\\\/\\\/www.apfelpatient.de\\\/news\\\/dan-riccio-apple-nimmt-aenderungen-im-team-vor\",\"url\":\"https:\\\/\\\/www.apfelpatient.de\\\/news\\\/dan-riccio-apple-nimmt-aenderungen-im-team-vor\",\"name\":\"Dan Riccio: Apple nimmt \u00c4nderungen im Team vor Apfelpatient\",\"isPartOf\":{\"@id\":\"https:\\\/\\\/www.apfelpatient.de\\\/#website\"},\"primaryImageOfPage\":{\"@id\":\"https:\\\/\\\/www.apfelpatient.de\\\/news\\\/dan-riccio-apple-nimmt-aenderungen-im-team-vor#primaryimage\"},\"image\":{\"@id\":\"https:\\\/\\\/www.apfelpatient.de\\\/news\\\/dan-riccio-apple-nimmt-aenderungen-im-team-vor#primaryimage\"},\"thumbnailUrl\":\"https:\\\/\\\/www.apfelpatient.de\\\/wp-content\\\/uploads\\\/2021\\\/01\\\/Apple_dan-riccio-begins-a-new-chapter-at-apple_01252020.jpg\",\"datePublished\":\"2021-01-25T23:03:29+00:00\",\"dateModified\":\"2021-01-25T23:03:32+00:00\",\"description\":\"Apple hat bekanntgegeben, dass der derzeitige Apple Hardware Engineering Senior Vice President Dan Riccio durch John Ternus abgel\u00f6st wird.\",\"breadcrumb\":{\"@id\":\"https:\\\/\\\/www.apfelpatient.de\\\/news\\\/dan-riccio-apple-nimmt-aenderungen-im-team-vor#breadcrumb\"},\"inLanguage\":\"en-US\",\"potentialAction\":[{\"@type\":\"ReadAction\",\"target\":[\"https:\\\/\\\/www.apfelpatient.de\\\/news\\\/dan-riccio-apple-nimmt-aenderungen-im-team-vor\"]}]},{\"@type\":\"ImageObject\",\"inLanguage\":\"en-US\",\"@id\":\"https:\\\/\\\/www.apfelpatient.de\\\/news\\\/dan-riccio-apple-nimmt-aenderungen-im-team-vor#primaryimage\",\"url\":\"https:\\\/\\\/www.apfelpatient.de\\\/wp-content\\\/uploads\\\/2021\\\/01\\\/Apple_dan-riccio-begins-a-new-chapter-at-apple_01252020.jpg\",\"contentUrl\":\"https:\\\/\\\/www.apfelpatient.de\\\/wp-content\\\/uploads\\\/2021\\\/01\\\/Apple_dan-riccio-begins-a-new-chapter-at-apple_01252020.jpg\",\"width\":1960,\"height\":1362,\"caption\":\"Bild: Apple\"},{\"@type\":\"BreadcrumbList\",\"@id\":\"https:\\\/\\\/www.apfelpatient.de\\\/news\\\/dan-riccio-apple-nimmt-aenderungen-im-team-vor#breadcrumb\",\"itemListElement\":[{\"@type\":\"ListItem\",\"position\":1,\"name\":\"Startseite\",\"item\":\"https:\\\/\\\/www.apfelpatient.de\\\/\"},{\"@type\":\"ListItem\",\"position\":2,\"name\":\"Dan Riccio: Apple nimmt \u00c4nderungen im Team vor\"}]},{\"@type\":\"WebSite\",\"@id\":\"https:\\\/\\\/www.apfelpatient.de\\\/#website\",\"url\":\"https:\\\/\\\/www.apfelpatient.de\\\/\",\"name\":\"Apfelpatient\",\"description\":\"Alles rund um Apple!\",\"publisher\":{\"@type\":\"Organization\",\"@id\":\"https:\\\/\\\/www.apfelpatient.de\\\/en\\\/#organization\",\"name\":\"Apfelpatient\",\"url\":\"https:\\\/\\\/www.apfelpatient.de\\\/en\\\/\"},\"alternateName\":\"Apfelpatient\",\"potentialAction\":[{\"@type\":\"SearchAction\",\"target\":{\"@type\":\"EntryPoint\",\"urlTemplate\":\"https:\\\/\\\/www.apfelpatient.de\\\/?s={search_term_string}\"},\"query-input\":{\"@type\":\"PropertyValueSpecification\",\"valueRequired\":true,\"valueName\":\"search_term_string\"}}],\"inLanguage\":\"en-US\"},{\"@type\":[\"Person\",\"Organization\"],\"@id\":\"https:\\\/\\\/www.apfelpatient.de\\\/#\\\/schema\\\/person\\\/35b3ddba5832f2bfc7fff5206d4f6b7b\",\"name\":\"Milan\",\"logo\":{\"@id\":\"https:\\\/\\\/www.apfelpatient.de\\\/#\\\/schema\\\/person\\\/image\\\/\"},\"description\":\"Hallo und herzlich willkommen auf meinem Technik-Blog! Als gro\u00dfer Apple-Fan berichte ich hier \u00fcber alles, was mit Apple zu tun hat: von den neuesten News und spannenden Ger\u00fcchten \u00fcber hilfreiche Tipps und Tricks bis hin zu ausf\u00fchrlichen Produkttests. Wenn du genauso technikbegeistert bist wie ich, bist du hier genau richtig!\",\"sameAs\":[\"https:\\\/\\\/www.facebook.com\\\/apfelpatientOfficial\",\"https:\\\/\\\/www.linkedin.com\\\/in\\\/milan-jovicic-42aa0231b\"],\"url\":\"https:\\\/\\\/www.apfelpatient.de\\\/en\\\/author\\\/apfeladmin\"}]}<\/script>\n<!-- \/ Yoast SEO Premium plugin. -->","yoast_head_json":{"title":"Dan Riccio: Apple makes changes to the team Apfelpatient","description":"Apple has announced that current Apple Hardware Engineering Senior Vice President Dan Riccio will be replaced by John Ternus.","robots":{"index":"index","follow":"follow","max-snippet":"max-snippet:-1","max-image-preview":"max-image-preview:large","max-video-preview":"max-video-preview:-1"},"canonical":"https:\/\/www.apfelpatient.de\/en\/news\/dan-riccio-apple-makes-changes-to-the-team","og_locale":"en_US","og_type":"article","og_title":"Dan Riccio: Apple nimmt \u00c4nderungen im Team vor","og_description":"Apple hat bekanntgegeben, dass der derzeitige Apple Hardware Engineering Senior Vice President Dan Riccio durch John Ternus abgel\u00f6st wird.","og_url":"https:\/\/www.apfelpatient.de\/en\/news\/dan-riccio-apple-makes-changes-to-the-team","og_site_name":"Apfelpatient","article_publisher":"https:\/\/www.facebook.com\/apfelpatientOfficial","article_author":"https:\/\/www.facebook.com\/apfelpatientOfficial","article_published_time":"2021-01-25T23:03:29+00:00","article_modified_time":"2021-01-25T23:03:32+00:00","og_image":[{"width":1960,"height":1362,"url":"https:\/\/www.apfelpatient.de\/wp-content\/uploads\/2021\/01\/Apple_dan-riccio-begins-a-new-chapter-at-apple_01252020.jpg","type":"image\/jpeg"}],"author":"Milan","twitter_card":"summary_large_image","twitter_description":"Apple hat bekanntgegeben, dass der derzeitige Apple Hardware Engineering Senior Vice President Dan Riccio durch John Ternus abgel\u00f6st wird.","twitter_misc":{"Written by":"Milan","Est. reading time":"2 minutes"},"schema":{"@context":"https:\/\/schema.org","@graph":[{"@type":"NewsArticle","@id":"https:\/\/www.apfelpatient.de\/news\/dan-riccio-apple-nimmt-aenderungen-im-team-vor#article","isPartOf":{"@id":"https:\/\/www.apfelpatient.de\/news\/dan-riccio-apple-nimmt-aenderungen-im-team-vor"},"author":{"@type":"Organization","@id":"https:\/\/www.apfelpatient.de\/en\/#organization","name":"Apfelpatient","url":"https:\/\/www.apfelpatient.de\/en\/"},"headline":"Dan Riccio: Apple nimmt \u00c4nderungen im Team vor","datePublished":"2021-01-25T23:03:29+00:00","dateModified":"2021-01-25T23:03:32+00:00","mainEntityOfPage":{"@id":"https:\/\/www.apfelpatient.de\/news\/dan-riccio-apple-nimmt-aenderungen-im-team-vor"},"wordCount":313,"publisher":{"@type":"Organization","@id":"https:\/\/www.apfelpatient.de\/en\/#organization","name":"Apfelpatient","url":"https:\/\/www.apfelpatient.de\/en\/"},"image":{"@id":"https:\/\/www.apfelpatient.de\/news\/dan-riccio-apple-nimmt-aenderungen-im-team-vor#primaryimage"},"thumbnailUrl":"https:\/\/www.apfelpatient.de\/wp-content\/uploads\/2021\/01\/Apple_dan-riccio-begins-a-new-chapter-at-apple_01252020.jpg","keywords":["TechPatient"],"articleSection":"News","inLanguage":"en-US","copyrightYear":"2021","copyrightHolder":{"@id":"https:\/\/www.apfelpatient.de\/en\/#organization"}},{"@type":"WebPage","@id":"https:\/\/www.apfelpatient.de\/news\/dan-riccio-apple-nimmt-aenderungen-im-team-vor","url":"https:\/\/www.apfelpatient.de\/news\/dan-riccio-apple-nimmt-aenderungen-im-team-vor","name":"Dan Riccio: Apple makes changes to the team Apfelpatient","isPartOf":{"@id":"https:\/\/www.apfelpatient.de\/#website"},"primaryImageOfPage":{"@id":"https:\/\/www.apfelpatient.de\/news\/dan-riccio-apple-nimmt-aenderungen-im-team-vor#primaryimage"},"image":{"@id":"https:\/\/www.apfelpatient.de\/news\/dan-riccio-apple-nimmt-aenderungen-im-team-vor#primaryimage"},"thumbnailUrl":"https:\/\/www.apfelpatient.de\/wp-content\/uploads\/2021\/01\/Apple_dan-riccio-begins-a-new-chapter-at-apple_01252020.jpg","datePublished":"2021-01-25T23:03:29+00:00","dateModified":"2021-01-25T23:03:32+00:00","description":"Apple has announced that current Apple Hardware Engineering Senior Vice President Dan Riccio will be replaced by John Ternus.","breadcrumb":{"@id":"https:\/\/www.apfelpatient.de\/news\/dan-riccio-apple-nimmt-aenderungen-im-team-vor#breadcrumb"},"inLanguage":"en-US","potentialAction":[{"@type":"ReadAction","target":["https:\/\/www.apfelpatient.de\/news\/dan-riccio-apple-nimmt-aenderungen-im-team-vor"]}]},{"@type":"ImageObject","inLanguage":"en-US","@id":"https:\/\/www.apfelpatient.de\/news\/dan-riccio-apple-nimmt-aenderungen-im-team-vor#primaryimage","url":"https:\/\/www.apfelpatient.de\/wp-content\/uploads\/2021\/01\/Apple_dan-riccio-begins-a-new-chapter-at-apple_01252020.jpg","contentUrl":"https:\/\/www.apfelpatient.de\/wp-content\/uploads\/2021\/01\/Apple_dan-riccio-begins-a-new-chapter-at-apple_01252020.jpg","width":1960,"height":1362,"caption":"Bild: Apple"},{"@type":"BreadcrumbList","@id":"https:\/\/www.apfelpatient.de\/news\/dan-riccio-apple-nimmt-aenderungen-im-team-vor#breadcrumb","itemListElement":[{"@type":"ListItem","position":1,"name":"Startseite","item":"https:\/\/www.apfelpatient.de\/"},{"@type":"ListItem","position":2,"name":"Dan Riccio: Apple nimmt \u00c4nderungen im Team vor"}]},{"@type":"WebSite","@id":"https:\/\/www.apfelpatient.de\/#website","url":"https:\/\/www.apfelpatient.de\/","name":"apple patient","description":"Everything about Apple!","publisher":{"@type":"Organization","@id":"https:\/\/www.apfelpatient.de\/en\/#organization","name":"Apfelpatient","url":"https:\/\/www.apfelpatient.de\/en\/"},"alternateName":"Apfelpatient","potentialAction":[{"@type":"SearchAction","target":{"@type":"EntryPoint","urlTemplate":"https:\/\/www.apfelpatient.de\/?s={search_term_string}"},"query-input":{"@type":"PropertyValueSpecification","valueRequired":true,"valueName":"search_term_string"}}],"inLanguage":"en-US"},{"@type":["Person","Organization"],"@id":"https:\/\/www.apfelpatient.de\/#\/schema\/person\/35b3ddba5832f2bfc7fff5206d4f6b7b","name":"Milan","logo":{"@id":"https:\/\/www.apfelpatient.de\/#\/schema\/person\/image\/"},"description":"Hello and welcome to my technology blog! As a big Apple fan, I report on everything to do with Apple: from the latest news and exciting rumors to helpful tips and tricks and detailed product tests. If you are as enthusiastic about technology as I am, you have come to the right place!","sameAs":["https:\/\/www.facebook.com\/apfelpatientOfficial","https:\/\/www.linkedin.com\/in\/milan-jovicic-42aa0231b"],"url":"https:\/\/www.apfelpatient.de\/en\/author\/apfeladmin"}]}},"_links":{"self":[{"href":"https:\/\/www.apfelpatient.de\/en\/wp-json\/wp\/v2\/posts\/18791","targetHints":{"allow":["GET"]}}],"collection":[{"href":"https:\/\/www.apfelpatient.de\/en\/wp-json\/wp\/v2\/posts"}],"about":[{"href":"https:\/\/www.apfelpatient.de\/en\/wp-json\/wp\/v2\/types\/post"}],"author":[{"embeddable":true,"href":"https:\/\/www.apfelpatient.de\/en\/wp-json\/wp\/v2\/users\/2"}],"replies":[{"embeddable":true,"href":"https:\/\/www.apfelpatient.de\/en\/wp-json\/wp\/v2\/comments?post=18791"}],"version-history":[{"count":0,"href":"https:\/\/www.apfelpatient.de\/en\/wp-json\/wp\/v2\/posts\/18791\/revisions"}],"wp:featuredmedia":[{"embeddable":true,"href":"https:\/\/www.apfelpatient.de\/en\/wp-json\/wp\/v2\/media\/18789"}],"wp:attachment":[{"href":"https:\/\/www.apfelpatient.de\/en\/wp-json\/wp\/v2\/media?parent=18791"}],"wp:term":[{"taxonomy":"category","embeddable":true,"href":"https:\/\/www.apfelpatient.de\/en\/wp-json\/wp\/v2\/categories?post=18791"},{"taxonomy":"post_tag","embeddable":true,"href":"https:\/\/www.apfelpatient.de\/en\/wp-json\/wp\/v2\/tags?post=18791"}],"curies":[{"name":"wp","href":"https:\/\/api.w.org\/{rel}","templated":true}]}}