{"id":18760,"date":"2021-01-24T20:22:14","date_gmt":"2021-01-24T19:22:14","guid":{"rendered":"https:\/\/www.apfelpatient.de\/?p=18760"},"modified":"2021-01-24T20:22:16","modified_gmt":"2021-01-24T19:22:16","slug":"airpods-3-airpods-pro-2-rumors-at-a-glance","status":"publish","type":"post","link":"https:\/\/www.apfelpatient.de\/en\/allgemein\/airpods-3-airpods-pro-2-geruechte-im-ueberblick","title":{"rendered":"AirPods 3 &amp; AirPods Pro 2: Rumors at a glance"},"content":{"rendered":"<p class=\"has-drop-cap\"><strong>Rumors about new AirPods models have been around for some time. This year, both the third generation of the normal AirPods and the second generation of the Pro version are expected to be released. We summarize all the rumors.<\/strong><\/p>\n\n\n\n<p>Various rumors suggest an update to the AirPods. Both the AirPods Pro 2 and AirPods 3 are expected to be released soon. But what new features could Apple&#039;s popular earbuds offer? Below is a summary of all the rumors.<\/p>\n\n\n\n<h3 class=\"wp-block-heading\" id=\"h-airpods-3-alle-ger-chte-im-berblick\">AirPods 3 \u2013 All rumors at a glance<\/h3>\n\n\n\n<p>First and foremost, Apple is expected to introduce a new version of the entry-level AirPods in a completely new design. Reliable Apple analyst Ming-Chi Kuo has reported that the new third-generation AirPods will have a new form factor and design &quot;similar to the AirPods Pro.&quot; However, Kuo did not provide any details. The second-generation AirPods were originally released in March 2019 and brought with them &quot;Hey Siri&quot; support and Qi wireless charging. The general design and form factor of the white earbuds has remained the same since their original release in December 2016, so a revamped design would certainly not be a surprise. Bloomberg reported in October that Apple plans to introduce new entry-level models with a shorter stem and replaceable ear tips, confirming Kuo&#039;s report that the design will be similar to the AirPods Pro.<\/p>\n\n\n\n<h3 class=\"wp-block-heading\" id=\"h-airpods-3-preis-und-erscheinungsdatum\">AirPods 3: Price and release date<\/h3>\n\n\n\n\n\n\n\n<p>This means that the AirPods 3 would have an in-ear design instead of sitting on the ear like the current AirPods do. So although they could come in an in-ear design, they will not have the noise cancellation that is available in the Pro version. In terms of the release date, it has been reported several times that the AirPods 3 may be released in the first half of 2021. March is conceivable. In terms of price, the new plugs could be the same as the current model. This means that the version with a wireless charging case could cost around 229 euros, while the AirPods 3 with a normal charging case could cost 179 euros.<\/p>\n\n\n\n<h3 class=\"wp-block-heading\" id=\"h-airpods-pro-2-ger-chte-im-berblick\">AirPods Pro 2 Rumors at a Glance<\/h3>\n\n\n\n<p>In addition to the third generation of the entry-level version, the second generation of the AirPods Pro is also due to be released. These are also expected to have a new design. Reports from Bloomberg suggest that the second generation of the AirPods Pro will have a more compact design that eliminates the short stem that protrudes from the bottom. The new Pro version of the plugs could have a rounded shape that is more similar to the earphones from companies like Google and Samsung. However, this innovation is not certain - according to the news site. According to reports, Apple is facing several challenges related to the internal workings. If this does not work out as planned, the AirPods Pro 2 could have a &quot;less ambitious redesign&quot;.<\/p>\n\n\n\n<h3 class=\"wp-block-heading\" id=\"h-aktualisiert-apple-das-ladecase\">Is Apple updating the charging case?<\/h3>\n\n\n\n\n\n\n\n<p>In addition, it is reported that the charging case of the new Pro plugs will also be revised. The redesigned charging case of the AirPods Pro is rumored to remain 21 mm thick while being 46 mm high and 54 mm wide. For comparison: The current charging case of the AirPods Pro is 45.2 mm high and 60.6 mm wide. The case can currently be charged with Apple&#039;s MagSafe charger. However, a revised case could improve compatibility. Accordingly, the change in the charging case may not necessarily be related to a redesign of the plugs themselves.<\/p>\n\n\n\n<h3 class=\"wp-block-heading\" id=\"h-airpods-3-airpods-pro-2-wird-es-neue-funktionen-geben\">AirPods 3 &amp; AirPods Pro 2: Will there be new features?<\/h3>\n\n\n\n<p>In terms of price, the AirPods Pro 2 are expected to be positioned in the same price segment as their predecessors. That is, the new Pro plugs could cost at least 279 euros. Regarding the release date, there are various reports. Some believe that the new <a href=\"https:\/\/www.apple.com\/de\/music\/\" target=\"_blank\" rel=\"noreferrer noopener\">audio accessories<\/a> will be released in the first half of the year, while others are predicting autumn. Interestingly, none of the countless reports mention the range of functions. This means that we do not yet know whether the AirPods 3 or AirPods Pro 2 will have new features. So the whole thing remains exciting as always. <em>(Photo by Masarik \/ Bigstockphoto)<\/em><\/p>\n\n\n\n<ul class=\"wp-block-list\"><li><a href=\"https:\/\/www.apfelpatient.de\/en\/rumors\/airpods-pro-airpods-max-netflix-tests-spatial-audio\">AirPods Pro &amp; AirPods Max: Netflix tests spatial audio<\/a><\/li><\/ul>\n\n\n\n<h6 class=\"wp-block-heading translation-block\" id=\"h-kennt-ihr-schon-unsere-amazon-storefront-dort-findet-ihr-eine-handverlesene-auswahl-von-diversen-produkten-f-r-euer-iphone-und-co-viel-spa-beim-st-bern\"><em>Have you already visited our Amazon Storefront? There you&#039;ll find a hand-picked selection of various products for your iPhone and other devices \u2013 <span class=\"has-inline-color has-vivid-red-color\"><a href=\"https:\/\/www.amazon.de\/shop\/apfelpatientofficial\" class=\"ek-link\" data-wpel-link=\"exclude\" rel=\"follow noopener\" target=\"_self\"><span style=\"text-decoration: underline\" class=\"ek-underline\">enjoy browsing<\/span><\/a> !<\/span><\/em><\/h6>\n\n\n\n\n\n<h6 class=\"wp-block-heading translation-block\" id=\"h-der-beitrag-enthalt-partnerlinks\">This post contains <a data-type=\"URL\" data-id=\"https:\/\/www.apfelpatient.de\/partnerprogramm\" href=\"https:\/\/www.apfelpatient.de\/en\/partner-program\" data-wpel-link=\"internal\" target=\"_self\">affiliate links<\/a>.<\/h6>","protected":false},"excerpt":{"rendered":"<p>AirPods: This year, both the third generation of the regular earbuds and the second generation of the Pro version are expected to be released. <\/p>","protected":false},"author":2,"featured_media":18761,"comment_status":"closed","ping_status":"closed","sticky":false,"template":"","format":"standard","meta":{"jnews-multi-image_gallery":[],"jnews_single_post":{"subtitle":"","format":"standard","video":"","gallery":"","source_name":"","source_url":"","via_name":"","via_url":"","override":[{"single_blog_custom":"","sidebar":"","second_sidebar":"","share_position":"","share_float_style":"","post_date_format":"","post_date_format_custom":"","post_reading_time_wpm":"","zoom_button_out_step":"1","zoom_button_in_step":"1","number_popup_post":"1"}],"image_override":[{"single_post_thumbnail_size":"","single_post_gallery_size":""}],"trending_post_position":"","trending_post_label":"","sponsored_post_label":"","sponsored_post_name":"","sponsored_post_url":"","sponsored_post_logo":"","sponsored_post_desc":""},"jnews_primary_category":{"id":"2"},"footnotes":""},"categories":[2],"tags":[28],"class_list":["post-18760","post","type-post","status-publish","format-standard","has-post-thumbnail","hentry","category-allgemein","tag-airpods"],"yoast_head":"<!-- This site is optimized with the Yoast SEO Premium plugin v27.5 (Yoast SEO v27.5) - https:\/\/yoast.com\/product\/yoast-seo-premium-wordpress\/ -->\n<title>AirPods 3 &amp; AirPods Pro 2: Ger\u00fcchte im \u00dcberblick Apfelpatient<\/title>\n<meta name=\"description\" content=\"AirPods Ger\u00fcchte: In diesem Jahr soll neben der dritten Generation der normalen St\u00f6psel auch die zweite Gen. der Pro-Version erscheinen.\" \/>\n<meta name=\"robots\" content=\"index, follow, max-snippet:-1, max-image-preview:large, max-video-preview:-1\" \/>\n<link rel=\"canonical\" href=\"https:\/\/www.apfelpatient.de\/en\/generally\/airpods-3-airpods-pro-2-rumors-at-a-glance\" \/>\n<meta property=\"og:locale\" content=\"en_US\" \/>\n<meta property=\"og:type\" content=\"article\" \/>\n<meta property=\"og:title\" content=\"AirPods 3 &amp; AirPods Pro 2: Ger\u00fcchte im \u00dcberblick\" \/>\n<meta property=\"og:description\" content=\"AirPods: In diesem Jahr soll sowohl die dritte Generation der normalen St\u00f6psel als auch die zweite Generation der Pro-Version erscheinen.\" \/>\n<meta property=\"og:url\" content=\"https:\/\/www.apfelpatient.de\/en\/generally\/airpods-3-airpods-pro-2-rumors-at-a-glance\" \/>\n<meta property=\"og:site_name\" content=\"Apfelpatient\" \/>\n<meta property=\"article:publisher\" content=\"https:\/\/www.facebook.com\/apfelpatientOfficial\" \/>\n<meta property=\"article:author\" content=\"https:\/\/www.facebook.com\/apfelpatientOfficial\" \/>\n<meta property=\"article:published_time\" content=\"2021-01-24T19:22:14+00:00\" \/>\n<meta property=\"article:modified_time\" content=\"2021-01-24T19:22:16+00:00\" \/>\n<meta property=\"og:image\" content=\"https:\/\/www.apfelpatient.de\/wp-content\/uploads\/2021\/01\/bigstock-Rostov-Russia-July-403049975.jpg\" \/>\n\t<meta property=\"og:image:width\" content=\"1600\" \/>\n\t<meta property=\"og:image:height\" content=\"1067\" \/>\n\t<meta property=\"og:image:type\" content=\"image\/jpeg\" \/>\n<meta name=\"author\" content=\"Milan\" \/>\n<meta name=\"twitter:card\" content=\"summary_large_image\" \/>\n<meta name=\"twitter:description\" content=\"AirPods: In diesem Jahr soll sowohl die dritte Generation der normalen St\u00f6psel als auch die zweite Generation der Pro-Version erscheinen.\" \/>\n<meta name=\"twitter:label1\" content=\"Written by\" \/>\n\t<meta name=\"twitter:data1\" content=\"Milan\" \/>\n\t<meta name=\"twitter:label2\" content=\"Est. reading time\" \/>\n\t<meta name=\"twitter:data2\" content=\"3 minutes\" \/>\n<script type=\"application\/ld+json\" class=\"yoast-schema-graph\">{\"@context\":\"https:\\\/\\\/schema.org\",\"@graph\":[{\"@type\":\"NewsArticle\",\"@id\":\"https:\\\/\\\/www.apfelpatient.de\\\/allgemein\\\/airpods-3-airpods-pro-2-geruechte-im-ueberblick#article\",\"isPartOf\":{\"@id\":\"https:\\\/\\\/www.apfelpatient.de\\\/allgemein\\\/airpods-3-airpods-pro-2-geruechte-im-ueberblick\"},\"author\":{\"@type\":\"Organization\",\"@id\":\"https:\\\/\\\/www.apfelpatient.de\\\/en\\\/#organization\",\"name\":\"Apfelpatient\",\"url\":\"https:\\\/\\\/www.apfelpatient.de\\\/en\\\/\"},\"headline\":\"AirPods 3 &#038; AirPods Pro 2: Ger\u00fcchte im \u00dcberblick\",\"datePublished\":\"2021-01-24T19:22:14+00:00\",\"dateModified\":\"2021-01-24T19:22:16+00:00\",\"mainEntityOfPage\":{\"@id\":\"https:\\\/\\\/www.apfelpatient.de\\\/allgemein\\\/airpods-3-airpods-pro-2-geruechte-im-ueberblick\"},\"wordCount\":693,\"publisher\":{\"@type\":\"Organization\",\"@id\":\"https:\\\/\\\/www.apfelpatient.de\\\/en\\\/#organization\",\"name\":\"Apfelpatient\",\"url\":\"https:\\\/\\\/www.apfelpatient.de\\\/en\\\/\"},\"image\":{\"@id\":\"https:\\\/\\\/www.apfelpatient.de\\\/allgemein\\\/airpods-3-airpods-pro-2-geruechte-im-ueberblick#primaryimage\"},\"thumbnailUrl\":\"https:\\\/\\\/www.apfelpatient.de\\\/wp-content\\\/uploads\\\/2021\\\/01\\\/bigstock-Rostov-Russia-July-403049975.jpg\",\"keywords\":[\"AirPods\"],\"articleSection\":\"Allgemein\",\"inLanguage\":\"en-US\",\"copyrightYear\":\"2021\",\"copyrightHolder\":{\"@id\":\"https:\\\/\\\/www.apfelpatient.de\\\/en\\\/#organization\"}},{\"@type\":\"WebPage\",\"@id\":\"https:\\\/\\\/www.apfelpatient.de\\\/allgemein\\\/airpods-3-airpods-pro-2-geruechte-im-ueberblick\",\"url\":\"https:\\\/\\\/www.apfelpatient.de\\\/allgemein\\\/airpods-3-airpods-pro-2-geruechte-im-ueberblick\",\"name\":\"AirPods 3 & AirPods Pro 2: Ger\u00fcchte im \u00dcberblick Apfelpatient\",\"isPartOf\":{\"@id\":\"https:\\\/\\\/www.apfelpatient.de\\\/#website\"},\"primaryImageOfPage\":{\"@id\":\"https:\\\/\\\/www.apfelpatient.de\\\/allgemein\\\/airpods-3-airpods-pro-2-geruechte-im-ueberblick#primaryimage\"},\"image\":{\"@id\":\"https:\\\/\\\/www.apfelpatient.de\\\/allgemein\\\/airpods-3-airpods-pro-2-geruechte-im-ueberblick#primaryimage\"},\"thumbnailUrl\":\"https:\\\/\\\/www.apfelpatient.de\\\/wp-content\\\/uploads\\\/2021\\\/01\\\/bigstock-Rostov-Russia-July-403049975.jpg\",\"datePublished\":\"2021-01-24T19:22:14+00:00\",\"dateModified\":\"2021-01-24T19:22:16+00:00\",\"description\":\"AirPods Ger\u00fcchte: In diesem Jahr soll neben der dritten Generation der normalen St\u00f6psel auch die zweite Gen. der Pro-Version erscheinen.\",\"breadcrumb\":{\"@id\":\"https:\\\/\\\/www.apfelpatient.de\\\/allgemein\\\/airpods-3-airpods-pro-2-geruechte-im-ueberblick#breadcrumb\"},\"inLanguage\":\"en-US\",\"potentialAction\":[{\"@type\":\"ReadAction\",\"target\":[\"https:\\\/\\\/www.apfelpatient.de\\\/allgemein\\\/airpods-3-airpods-pro-2-geruechte-im-ueberblick\"]}]},{\"@type\":\"ImageObject\",\"inLanguage\":\"en-US\",\"@id\":\"https:\\\/\\\/www.apfelpatient.de\\\/allgemein\\\/airpods-3-airpods-pro-2-geruechte-im-ueberblick#primaryimage\",\"url\":\"https:\\\/\\\/www.apfelpatient.de\\\/wp-content\\\/uploads\\\/2021\\\/01\\\/bigstock-Rostov-Russia-July-403049975.jpg\",\"contentUrl\":\"https:\\\/\\\/www.apfelpatient.de\\\/wp-content\\\/uploads\\\/2021\\\/01\\\/bigstock-Rostov-Russia-July-403049975.jpg\",\"width\":1600,\"height\":1067,\"caption\":\"Rostov, Russia - July 06, 2020: Funny little man with arms, legs and eyes made of Apple wireless headphones and charging cases of AirPods on yellow background smiles, top view, copy space.\"},{\"@type\":\"BreadcrumbList\",\"@id\":\"https:\\\/\\\/www.apfelpatient.de\\\/allgemein\\\/airpods-3-airpods-pro-2-geruechte-im-ueberblick#breadcrumb\",\"itemListElement\":[{\"@type\":\"ListItem\",\"position\":1,\"name\":\"Startseite\",\"item\":\"https:\\\/\\\/www.apfelpatient.de\\\/\"},{\"@type\":\"ListItem\",\"position\":2,\"name\":\"AirPods 3 &#038; AirPods Pro 2: Ger\u00fcchte im \u00dcberblick\"}]},{\"@type\":\"WebSite\",\"@id\":\"https:\\\/\\\/www.apfelpatient.de\\\/#website\",\"url\":\"https:\\\/\\\/www.apfelpatient.de\\\/\",\"name\":\"Apfelpatient\",\"description\":\"Alles rund um Apple!\",\"publisher\":{\"@type\":\"Organization\",\"@id\":\"https:\\\/\\\/www.apfelpatient.de\\\/en\\\/#organization\",\"name\":\"Apfelpatient\",\"url\":\"https:\\\/\\\/www.apfelpatient.de\\\/en\\\/\"},\"alternateName\":\"Apfelpatient\",\"potentialAction\":[{\"@type\":\"SearchAction\",\"target\":{\"@type\":\"EntryPoint\",\"urlTemplate\":\"https:\\\/\\\/www.apfelpatient.de\\\/?s={search_term_string}\"},\"query-input\":{\"@type\":\"PropertyValueSpecification\",\"valueRequired\":true,\"valueName\":\"search_term_string\"}}],\"inLanguage\":\"en-US\"},{\"@type\":[\"Person\",\"Organization\"],\"@id\":\"https:\\\/\\\/www.apfelpatient.de\\\/#\\\/schema\\\/person\\\/7dc56ad6c8e9824b76d2c08d4c140e13\",\"name\":\"Milan\",\"logo\":{\"@id\":\"https:\\\/\\\/www.apfelpatient.de\\\/#\\\/schema\\\/person\\\/image\\\/\"},\"description\":\"Hallo und herzlich willkommen auf meinem Technik-Blog! Als gro\u00dfer Apple-Fan berichte ich hier \u00fcber alles, was mit Apple zu tun hat: von den neuesten News und spannenden Ger\u00fcchten \u00fcber hilfreiche Tipps und Tricks bis hin zu ausf\u00fchrlichen Produkttests. Wenn du genauso technikbegeistert bist wie ich, bist du hier genau richtig!\",\"sameAs\":[\"https:\\\/\\\/www.facebook.com\\\/apfelpatientOfficial\",\"https:\\\/\\\/www.linkedin.com\\\/in\\\/milan-jovicic-42aa0231b\"],\"url\":\"https:\\\/\\\/www.apfelpatient.de\\\/en\\\/author\\\/apfeladmin\"}]}<\/script>\n<!-- \/ Yoast SEO Premium plugin. -->","yoast_head_json":{"title":"AirPods 3 &amp; AirPods Pro 2: Rumors at a glance Apfelpatient","description":"AirPods rumors: This year, in addition to the third generation of the normal earbuds, the second generation of the Pro version is also expected to be released.","robots":{"index":"index","follow":"follow","max-snippet":"max-snippet:-1","max-image-preview":"max-image-preview:large","max-video-preview":"max-video-preview:-1"},"canonical":"https:\/\/www.apfelpatient.de\/en\/generally\/airpods-3-airpods-pro-2-rumors-at-a-glance","og_locale":"en_US","og_type":"article","og_title":"AirPods 3 & AirPods Pro 2: Ger\u00fcchte im \u00dcberblick","og_description":"AirPods: In diesem Jahr soll sowohl die dritte Generation der normalen St\u00f6psel als auch die zweite Generation der Pro-Version erscheinen.","og_url":"https:\/\/www.apfelpatient.de\/en\/generally\/airpods-3-airpods-pro-2-rumors-at-a-glance","og_site_name":"Apfelpatient","article_publisher":"https:\/\/www.facebook.com\/apfelpatientOfficial","article_author":"https:\/\/www.facebook.com\/apfelpatientOfficial","article_published_time":"2021-01-24T19:22:14+00:00","article_modified_time":"2021-01-24T19:22:16+00:00","og_image":[{"width":1600,"height":1067,"url":"https:\/\/www.apfelpatient.de\/wp-content\/uploads\/2021\/01\/bigstock-Rostov-Russia-July-403049975.jpg","type":"image\/jpeg"}],"author":"Milan","twitter_card":"summary_large_image","twitter_description":"AirPods: In diesem Jahr soll sowohl die dritte Generation der normalen St\u00f6psel als auch die zweite Generation der Pro-Version erscheinen.","twitter_misc":{"Written by":"Milan","Est. reading time":"3 minutes"},"schema":{"@context":"https:\/\/schema.org","@graph":[{"@type":"NewsArticle","@id":"https:\/\/www.apfelpatient.de\/allgemein\/airpods-3-airpods-pro-2-geruechte-im-ueberblick#article","isPartOf":{"@id":"https:\/\/www.apfelpatient.de\/allgemein\/airpods-3-airpods-pro-2-geruechte-im-ueberblick"},"author":{"@type":"Organization","@id":"https:\/\/www.apfelpatient.de\/en\/#organization","name":"Apfelpatient","url":"https:\/\/www.apfelpatient.de\/en\/"},"headline":"AirPods 3 &#038; AirPods Pro 2: Ger\u00fcchte im \u00dcberblick","datePublished":"2021-01-24T19:22:14+00:00","dateModified":"2021-01-24T19:22:16+00:00","mainEntityOfPage":{"@id":"https:\/\/www.apfelpatient.de\/allgemein\/airpods-3-airpods-pro-2-geruechte-im-ueberblick"},"wordCount":693,"publisher":{"@type":"Organization","@id":"https:\/\/www.apfelpatient.de\/en\/#organization","name":"Apfelpatient","url":"https:\/\/www.apfelpatient.de\/en\/"},"image":{"@id":"https:\/\/www.apfelpatient.de\/allgemein\/airpods-3-airpods-pro-2-geruechte-im-ueberblick#primaryimage"},"thumbnailUrl":"https:\/\/www.apfelpatient.de\/wp-content\/uploads\/2021\/01\/bigstock-Rostov-Russia-July-403049975.jpg","keywords":["AirPods"],"articleSection":"Allgemein","inLanguage":"en-US","copyrightYear":"2021","copyrightHolder":{"@id":"https:\/\/www.apfelpatient.de\/en\/#organization"}},{"@type":"WebPage","@id":"https:\/\/www.apfelpatient.de\/allgemein\/airpods-3-airpods-pro-2-geruechte-im-ueberblick","url":"https:\/\/www.apfelpatient.de\/allgemein\/airpods-3-airpods-pro-2-geruechte-im-ueberblick","name":"AirPods 3 &amp; AirPods Pro 2: Rumors at a glance Apfelpatient","isPartOf":{"@id":"https:\/\/www.apfelpatient.de\/#website"},"primaryImageOfPage":{"@id":"https:\/\/www.apfelpatient.de\/allgemein\/airpods-3-airpods-pro-2-geruechte-im-ueberblick#primaryimage"},"image":{"@id":"https:\/\/www.apfelpatient.de\/allgemein\/airpods-3-airpods-pro-2-geruechte-im-ueberblick#primaryimage"},"thumbnailUrl":"https:\/\/www.apfelpatient.de\/wp-content\/uploads\/2021\/01\/bigstock-Rostov-Russia-July-403049975.jpg","datePublished":"2021-01-24T19:22:14+00:00","dateModified":"2021-01-24T19:22:16+00:00","description":"AirPods rumors: This year, in addition to the third generation of the normal earbuds, the second generation of the Pro version is also expected to be released.","breadcrumb":{"@id":"https:\/\/www.apfelpatient.de\/allgemein\/airpods-3-airpods-pro-2-geruechte-im-ueberblick#breadcrumb"},"inLanguage":"en-US","potentialAction":[{"@type":"ReadAction","target":["https:\/\/www.apfelpatient.de\/allgemein\/airpods-3-airpods-pro-2-geruechte-im-ueberblick"]}]},{"@type":"ImageObject","inLanguage":"en-US","@id":"https:\/\/www.apfelpatient.de\/allgemein\/airpods-3-airpods-pro-2-geruechte-im-ueberblick#primaryimage","url":"https:\/\/www.apfelpatient.de\/wp-content\/uploads\/2021\/01\/bigstock-Rostov-Russia-July-403049975.jpg","contentUrl":"https:\/\/www.apfelpatient.de\/wp-content\/uploads\/2021\/01\/bigstock-Rostov-Russia-July-403049975.jpg","width":1600,"height":1067,"caption":"Rostov, Russia - July 06, 2020: Funny little man with arms, legs and eyes made of Apple wireless headphones and charging cases of AirPods on yellow background smiles, top view, copy space."},{"@type":"BreadcrumbList","@id":"https:\/\/www.apfelpatient.de\/allgemein\/airpods-3-airpods-pro-2-geruechte-im-ueberblick#breadcrumb","itemListElement":[{"@type":"ListItem","position":1,"name":"Startseite","item":"https:\/\/www.apfelpatient.de\/"},{"@type":"ListItem","position":2,"name":"AirPods 3 &#038; AirPods Pro 2: Ger\u00fcchte im \u00dcberblick"}]},{"@type":"WebSite","@id":"https:\/\/www.apfelpatient.de\/#website","url":"https:\/\/www.apfelpatient.de\/","name":"apple patient","description":"Everything about Apple!","publisher":{"@type":"Organization","@id":"https:\/\/www.apfelpatient.de\/en\/#organization","name":"Apfelpatient","url":"https:\/\/www.apfelpatient.de\/en\/"},"alternateName":"Apfelpatient","potentialAction":[{"@type":"SearchAction","target":{"@type":"EntryPoint","urlTemplate":"https:\/\/www.apfelpatient.de\/?s={search_term_string}"},"query-input":{"@type":"PropertyValueSpecification","valueRequired":true,"valueName":"search_term_string"}}],"inLanguage":"en-US"},{"@type":["Person","Organization"],"@id":"https:\/\/www.apfelpatient.de\/#\/schema\/person\/7dc56ad6c8e9824b76d2c08d4c140e13","name":"Milan","logo":{"@id":"https:\/\/www.apfelpatient.de\/#\/schema\/person\/image\/"},"description":"Hello and welcome to my technology blog! As a big Apple fan, I report on everything to do with Apple: from the latest news and exciting rumors to helpful tips and tricks and detailed product tests. If you are as enthusiastic about technology as I am, you have come to the right place!","sameAs":["https:\/\/www.facebook.com\/apfelpatientOfficial","https:\/\/www.linkedin.com\/in\/milan-jovicic-42aa0231b"],"url":"https:\/\/www.apfelpatient.de\/en\/author\/apfeladmin"}]}},"_links":{"self":[{"href":"https:\/\/www.apfelpatient.de\/en\/wp-json\/wp\/v2\/posts\/18760","targetHints":{"allow":["GET"]}}],"collection":[{"href":"https:\/\/www.apfelpatient.de\/en\/wp-json\/wp\/v2\/posts"}],"about":[{"href":"https:\/\/www.apfelpatient.de\/en\/wp-json\/wp\/v2\/types\/post"}],"author":[{"embeddable":true,"href":"https:\/\/www.apfelpatient.de\/en\/wp-json\/wp\/v2\/users\/2"}],"replies":[{"embeddable":true,"href":"https:\/\/www.apfelpatient.de\/en\/wp-json\/wp\/v2\/comments?post=18760"}],"version-history":[{"count":0,"href":"https:\/\/www.apfelpatient.de\/en\/wp-json\/wp\/v2\/posts\/18760\/revisions"}],"wp:featuredmedia":[{"embeddable":true,"href":"https:\/\/www.apfelpatient.de\/en\/wp-json\/wp\/v2\/media\/18761"}],"wp:attachment":[{"href":"https:\/\/www.apfelpatient.de\/en\/wp-json\/wp\/v2\/media?parent=18760"}],"wp:term":[{"taxonomy":"category","embeddable":true,"href":"https:\/\/www.apfelpatient.de\/en\/wp-json\/wp\/v2\/categories?post=18760"},{"taxonomy":"post_tag","embeddable":true,"href":"https:\/\/www.apfelpatient.de\/en\/wp-json\/wp\/v2\/tags?post=18760"}],"curies":[{"name":"wp","href":"https:\/\/api.w.org\/{rel}","templated":true}]}}