{"id":1874,"date":"2018-09-03T23:46:17","date_gmt":"2018-09-03T21:46:17","guid":{"rendered":"https:\/\/www.apfelpatient.de\/?p=1874"},"modified":"2024-05-22T12:06:28","modified_gmt":"2024-05-22T10:06:28","slug":"facebook-down-worldwide-disruption","status":"publish","type":"post","link":"https:\/\/www.apfelpatient.de\/en\/news\/facebook-down-weltweite-stoerung","title":{"rendered":"Facebook down: Worldwide disruption"},"content":{"rendered":"<p><strong>The social network Facebook was unavailable on Monday evening at around 10:42 p.m. CEST.<span class=\"Apple-converted-space\">\u00a0<\/span><\/strong><\/p>\n\n<p>Users received the message \u201c<em>Facebook is currently down for maintenance, but you should have access again in a few minutes<\/em>\u201d was displayed. In English, the message \u201c<em>Sorry, something went wrong. We`re working on getting this fixed as soon as we can<\/em>\u201c appears.<span class=\"Apple-converted-space\">\u00a0<\/span><\/p>\n<p>What caused the disruption remains unknown for the time being. Facebook&#039;s subsidiary Instagram also seemed to be affected.<span class=\"Apple-converted-space\">\u00a0<\/span>Facebook was founded in 2004 and<span class=\"Apple-converted-space\">\u00a0<\/span>Today, it has over two billion users worldwide.<span class=\"Apple-converted-space\">\u00a0<\/span><\/p>\n<h4><a href=\"https:\/\/t.me\/apfelpatient_official\"><em><strong>Don&#039;t want to miss any more news? Then subscribe to our Telegram channel here<\/strong><\/em><\/a><\/h4>","protected":false},"excerpt":{"rendered":"<p>Das soziale Netzwerk Facebook ist am Montag abend gegen 22.42 Uhr MESZ nicht erreichbar gewesen.\u00a0 Nutzer bekamen die Nachricht \u201eFacebook ist momentan wegen Wartungsarbeiten nicht verf\u00fcgbar, doch in einigen Minuten solltest du wieder Zugriff haben\u201c angezeigt. Auf Englisch wurde der Hinweis \u201eSorry, something went wrong. We`re working on getting this fixed as soon as we [&hellip;]<\/p>\n","protected":false},"author":2,"featured_media":1875,"comment_status":"open","ping_status":"open","sticky":false,"template":"","format":"standard","meta":{"jnews-multi-image_gallery":[],"jnews_single_post":{"subtitle":"","format":"standard","video":"","gallery":"","source_name":"","source_url":"","via_name":"","via_url":"","override_template":"0","override":[{"template":"4","single_blog_custom":"","parallax":"1","fullscreen":"1","layout":"right-sidebar","sidebar":"default-sidebar","second_sidebar":"default-sidebar","sticky_sidebar":"1","share_position":"top","share_float_style":"share-monocrhome","show_share_counter":"0","show_view_counter":"0","show_featured":"1","show_post_meta":"1","show_post_author":"1","show_post_author_image":"1","show_post_date":"1","post_date_format":"default","post_date_format_custom":"Y\/m\/d","show_post_category":"1","show_post_reading_time":"0","post_reading_time_wpm":"300","show_zoom_button":"0","zoom_button_out_step":"2","zoom_button_in_step":"3","show_post_tag":"1","show_prev_next_post":"1","show_popup_post":"1","number_popup_post":"1","show_author_box":"0","show_post_related":"0","show_inline_post_related":"0"}],"override_image_size":"0","image_override":[{"single_post_thumbnail_size":"crop-500","single_post_gallery_size":"crop-500"}],"trending_post":"0","trending_post_position":"meta","trending_post_label":"Trending","sponsored_post":"0","sponsored_post_label":"Sponsored by","sponsored_post_name":"","sponsored_post_url":"","sponsored_post_logo_enable":"0","sponsored_post_logo":"","sponsored_post_desc":"","disable_ad":"0"},"jnews_primary_category":{"id":"","hide":""},"footnotes":""},"categories":[9],"tags":[141,142,143,3,8,144],"class_list":["post-1874","post","type-post","status-publish","format-standard","has-post-thumbnail","hentry","category-news","tag-deutschland","tag-facebook","tag-instagram","tag-ios","tag-iphone","tag-twitter"],"yoast_head":"<!-- This site is optimized with the Yoast SEO Premium plugin v27.5 (Yoast SEO v27.5) - https:\/\/yoast.com\/product\/yoast-seo-premium-wordpress\/ -->\n<title>Facebook down: Weltweite St\u00f6rung - Apfelpatient<\/title>\n<meta name=\"description\" content=\"Das soziale Netzwerk Facebook ist am Montag abend gegen 22.42 Uhr MESZ nicht erreichbar gewesen.\u00a0 Nutzer bekamen die Nachricht \u201eFacebook ist momentan\" \/>\n<meta name=\"robots\" content=\"index, follow, max-snippet:-1, max-image-preview:large, max-video-preview:-1\" \/>\n<link rel=\"canonical\" href=\"https:\/\/www.apfelpatient.de\/en\/news\/facebook-down-worldwide-disruption\" \/>\n<meta property=\"og:locale\" content=\"en_US\" \/>\n<meta property=\"og:type\" content=\"article\" \/>\n<meta property=\"og:title\" content=\"Facebook down: Weltweite St\u00f6rung\" \/>\n<meta property=\"og:description\" content=\"Das soziale Netzwerk Facebook ist am Montag abend gegen 22.42 Uhr MESZ nicht erreichbar gewesen.\u00a0 Nutzer bekamen die Nachricht \u201eFacebook ist momentan\" \/>\n<meta property=\"og:url\" content=\"https:\/\/www.apfelpatient.de\/en\/news\/facebook-down-worldwide-disruption\" \/>\n<meta property=\"og:site_name\" content=\"Apfelpatient\" \/>\n<meta property=\"article:publisher\" content=\"https:\/\/www.facebook.com\/apfelpatientOfficial\" \/>\n<meta property=\"article:author\" content=\"https:\/\/www.facebook.com\/apfelpatientOfficial\" \/>\n<meta property=\"article:published_time\" content=\"2018-09-03T21:46:17+00:00\" \/>\n<meta property=\"article:modified_time\" content=\"2024-05-22T10:06:28+00:00\" \/>\n<meta property=\"og:image\" content=\"https:\/\/www.apfelpatient.de\/wp-content\/uploads\/2018\/09\/tim-bennett-538189-unsplash.jpg\" \/>\n\t<meta property=\"og:image:width\" content=\"1024\" \/>\n\t<meta property=\"og:image:height\" content=\"768\" \/>\n\t<meta property=\"og:image:type\" content=\"image\/jpeg\" \/>\n<meta name=\"author\" content=\"Milan\" \/>\n<meta name=\"twitter:card\" content=\"summary_large_image\" \/>\n<meta name=\"twitter:label1\" content=\"Written by\" \/>\n\t<meta name=\"twitter:data1\" content=\"Milan\" \/>\n\t<meta name=\"twitter:label2\" content=\"Est. reading time\" \/>\n\t<meta name=\"twitter:data2\" content=\"1 minute\" \/>\n<script type=\"application\/ld+json\" class=\"yoast-schema-graph\">{\"@context\":\"https:\\\/\\\/schema.org\",\"@graph\":[{\"@type\":\"NewsArticle\",\"@id\":\"https:\\\/\\\/www.apfelpatient.de\\\/news\\\/facebook-down-weltweite-stoerung#article\",\"isPartOf\":{\"@id\":\"https:\\\/\\\/www.apfelpatient.de\\\/news\\\/facebook-down-weltweite-stoerung\"},\"author\":{\"@type\":\"Organization\",\"@id\":\"https:\\\/\\\/www.apfelpatient.de\\\/en\\\/#organization\",\"name\":\"Apfelpatient\",\"url\":\"https:\\\/\\\/www.apfelpatient.de\\\/en\\\/\"},\"headline\":\"Facebook down: Weltweite St\u00f6rung\",\"datePublished\":\"2018-09-03T21:46:17+00:00\",\"dateModified\":\"2024-05-22T10:06:28+00:00\",\"mainEntityOfPage\":{\"@id\":\"https:\\\/\\\/www.apfelpatient.de\\\/news\\\/facebook-down-weltweite-stoerung\"},\"wordCount\":110,\"commentCount\":0,\"publisher\":{\"@type\":\"Organization\",\"@id\":\"https:\\\/\\\/www.apfelpatient.de\\\/en\\\/#organization\",\"name\":\"Apfelpatient\",\"url\":\"https:\\\/\\\/www.apfelpatient.de\\\/en\\\/\"},\"image\":{\"@id\":\"https:\\\/\\\/www.apfelpatient.de\\\/news\\\/facebook-down-weltweite-stoerung#primaryimage\"},\"thumbnailUrl\":\"https:\\\/\\\/www.apfelpatient.de\\\/wp-content\\\/uploads\\\/2018\\\/09\\\/tim-bennett-538189-unsplash.jpg\",\"keywords\":[\"Deutschland\",\"Facebook\",\"Instagram\",\"iOS\",\"iPhone\",\"Twitter\"],\"articleSection\":\"News\",\"inLanguage\":\"en-US\",\"potentialAction\":[{\"@type\":\"CommentAction\",\"name\":\"Comment\",\"target\":[\"https:\\\/\\\/www.apfelpatient.de\\\/news\\\/facebook-down-weltweite-stoerung#respond\"]}],\"copyrightYear\":\"2018\",\"copyrightHolder\":{\"@id\":\"https:\\\/\\\/www.apfelpatient.de\\\/en\\\/#organization\"}},{\"@type\":\"WebPage\",\"@id\":\"https:\\\/\\\/www.apfelpatient.de\\\/news\\\/facebook-down-weltweite-stoerung\",\"url\":\"https:\\\/\\\/www.apfelpatient.de\\\/news\\\/facebook-down-weltweite-stoerung\",\"name\":\"Facebook down: Weltweite St\u00f6rung - Apfelpatient\",\"isPartOf\":{\"@id\":\"https:\\\/\\\/www.apfelpatient.de\\\/#website\"},\"primaryImageOfPage\":{\"@id\":\"https:\\\/\\\/www.apfelpatient.de\\\/news\\\/facebook-down-weltweite-stoerung#primaryimage\"},\"image\":{\"@id\":\"https:\\\/\\\/www.apfelpatient.de\\\/news\\\/facebook-down-weltweite-stoerung#primaryimage\"},\"thumbnailUrl\":\"https:\\\/\\\/www.apfelpatient.de\\\/wp-content\\\/uploads\\\/2018\\\/09\\\/tim-bennett-538189-unsplash.jpg\",\"datePublished\":\"2018-09-03T21:46:17+00:00\",\"dateModified\":\"2024-05-22T10:06:28+00:00\",\"description\":\"Das soziale Netzwerk Facebook ist am Montag abend gegen 22.42 Uhr MESZ nicht erreichbar gewesen.\u00a0 Nutzer bekamen die Nachricht \u201eFacebook ist momentan\",\"breadcrumb\":{\"@id\":\"https:\\\/\\\/www.apfelpatient.de\\\/news\\\/facebook-down-weltweite-stoerung#breadcrumb\"},\"inLanguage\":\"en-US\",\"potentialAction\":[{\"@type\":\"ReadAction\",\"target\":[\"https:\\\/\\\/www.apfelpatient.de\\\/news\\\/facebook-down-weltweite-stoerung\"]}]},{\"@type\":\"ImageObject\",\"inLanguage\":\"en-US\",\"@id\":\"https:\\\/\\\/www.apfelpatient.de\\\/news\\\/facebook-down-weltweite-stoerung#primaryimage\",\"url\":\"https:\\\/\\\/www.apfelpatient.de\\\/wp-content\\\/uploads\\\/2018\\\/09\\\/tim-bennett-538189-unsplash.jpg\",\"contentUrl\":\"https:\\\/\\\/www.apfelpatient.de\\\/wp-content\\\/uploads\\\/2018\\\/09\\\/tim-bennett-538189-unsplash.jpg\",\"width\":5184,\"height\":3888,\"caption\":\"Photo by Unsplash\"},{\"@type\":\"BreadcrumbList\",\"@id\":\"https:\\\/\\\/www.apfelpatient.de\\\/news\\\/facebook-down-weltweite-stoerung#breadcrumb\",\"itemListElement\":[{\"@type\":\"ListItem\",\"position\":1,\"name\":\"Startseite\",\"item\":\"https:\\\/\\\/www.apfelpatient.de\\\/\"},{\"@type\":\"ListItem\",\"position\":2,\"name\":\"Facebook down: Weltweite St\u00f6rung\"}]},{\"@type\":\"WebSite\",\"@id\":\"https:\\\/\\\/www.apfelpatient.de\\\/#website\",\"url\":\"https:\\\/\\\/www.apfelpatient.de\\\/\",\"name\":\"Apfelpatient\",\"description\":\"Alles rund um Apple!\",\"publisher\":{\"@type\":\"Organization\",\"@id\":\"https:\\\/\\\/www.apfelpatient.de\\\/en\\\/#organization\",\"name\":\"Apfelpatient\",\"url\":\"https:\\\/\\\/www.apfelpatient.de\\\/en\\\/\"},\"alternateName\":\"Apfelpatient\",\"potentialAction\":[{\"@type\":\"SearchAction\",\"target\":{\"@type\":\"EntryPoint\",\"urlTemplate\":\"https:\\\/\\\/www.apfelpatient.de\\\/?s={search_term_string}\"},\"query-input\":{\"@type\":\"PropertyValueSpecification\",\"valueRequired\":true,\"valueName\":\"search_term_string\"}}],\"inLanguage\":\"en-US\"},{\"@type\":[\"Person\",\"Organization\"],\"@id\":\"https:\\\/\\\/www.apfelpatient.de\\\/#\\\/schema\\\/person\\\/7dc56ad6c8e9824b76d2c08d4c140e13\",\"name\":\"Milan\",\"logo\":{\"@id\":\"https:\\\/\\\/www.apfelpatient.de\\\/#\\\/schema\\\/person\\\/image\\\/\"},\"description\":\"Hallo und herzlich willkommen auf meinem Technik-Blog! Als gro\u00dfer Apple-Fan berichte ich hier \u00fcber alles, was mit Apple zu tun hat: von den neuesten News und spannenden Ger\u00fcchten \u00fcber hilfreiche Tipps und Tricks bis hin zu ausf\u00fchrlichen Produkttests. Wenn du genauso technikbegeistert bist wie ich, bist du hier genau richtig!\",\"sameAs\":[\"https:\\\/\\\/www.facebook.com\\\/apfelpatientOfficial\",\"https:\\\/\\\/www.linkedin.com\\\/in\\\/milan-jovicic-42aa0231b\"],\"url\":\"https:\\\/\\\/www.apfelpatient.de\\\/en\\\/author\\\/apfeladmin\"}]}<\/script>\n<!-- \/ Yoast SEO Premium plugin. -->","yoast_head_json":{"title":"Facebook down: Worldwide outage - Apfelpatient","description":"The social network Facebook was unavailable on Monday evening at around 10:42 p.m. CEST. Users received the message \u201cFacebook is currently","robots":{"index":"index","follow":"follow","max-snippet":"max-snippet:-1","max-image-preview":"max-image-preview:large","max-video-preview":"max-video-preview:-1"},"canonical":"https:\/\/www.apfelpatient.de\/en\/news\/facebook-down-worldwide-disruption","og_locale":"en_US","og_type":"article","og_title":"Facebook down: Weltweite St\u00f6rung","og_description":"Das soziale Netzwerk Facebook ist am Montag abend gegen 22.42 Uhr MESZ nicht erreichbar gewesen.\u00a0 Nutzer bekamen die Nachricht \u201eFacebook ist momentan","og_url":"https:\/\/www.apfelpatient.de\/en\/news\/facebook-down-worldwide-disruption","og_site_name":"Apfelpatient","article_publisher":"https:\/\/www.facebook.com\/apfelpatientOfficial","article_author":"https:\/\/www.facebook.com\/apfelpatientOfficial","article_published_time":"2018-09-03T21:46:17+00:00","article_modified_time":"2024-05-22T10:06:28+00:00","og_image":[{"url":"https:\/\/www.apfelpatient.de\/wp-content\/uploads\/2018\/09\/tim-bennett-538189-unsplash.jpg","width":1024,"height":768,"type":"image\/jpeg"}],"author":"Milan","twitter_card":"summary_large_image","twitter_misc":{"Written by":"Milan","Est. reading time":"1 minute"},"schema":{"@context":"https:\/\/schema.org","@graph":[{"@type":"NewsArticle","@id":"https:\/\/www.apfelpatient.de\/news\/facebook-down-weltweite-stoerung#article","isPartOf":{"@id":"https:\/\/www.apfelpatient.de\/news\/facebook-down-weltweite-stoerung"},"author":{"@type":"Organization","@id":"https:\/\/www.apfelpatient.de\/en\/#organization","name":"Apfelpatient","url":"https:\/\/www.apfelpatient.de\/en\/"},"headline":"Facebook down: Weltweite St\u00f6rung","datePublished":"2018-09-03T21:46:17+00:00","dateModified":"2024-05-22T10:06:28+00:00","mainEntityOfPage":{"@id":"https:\/\/www.apfelpatient.de\/news\/facebook-down-weltweite-stoerung"},"wordCount":110,"commentCount":0,"publisher":{"@type":"Organization","@id":"https:\/\/www.apfelpatient.de\/en\/#organization","name":"Apfelpatient","url":"https:\/\/www.apfelpatient.de\/en\/"},"image":{"@id":"https:\/\/www.apfelpatient.de\/news\/facebook-down-weltweite-stoerung#primaryimage"},"thumbnailUrl":"https:\/\/www.apfelpatient.de\/wp-content\/uploads\/2018\/09\/tim-bennett-538189-unsplash.jpg","keywords":["Deutschland","Facebook","Instagram","iOS","iPhone","Twitter"],"articleSection":"News","inLanguage":"en-US","potentialAction":[{"@type":"CommentAction","name":"Comment","target":["https:\/\/www.apfelpatient.de\/news\/facebook-down-weltweite-stoerung#respond"]}],"copyrightYear":"2018","copyrightHolder":{"@id":"https:\/\/www.apfelpatient.de\/en\/#organization"}},{"@type":"WebPage","@id":"https:\/\/www.apfelpatient.de\/news\/facebook-down-weltweite-stoerung","url":"https:\/\/www.apfelpatient.de\/news\/facebook-down-weltweite-stoerung","name":"Facebook down: Worldwide outage - Apfelpatient","isPartOf":{"@id":"https:\/\/www.apfelpatient.de\/#website"},"primaryImageOfPage":{"@id":"https:\/\/www.apfelpatient.de\/news\/facebook-down-weltweite-stoerung#primaryimage"},"image":{"@id":"https:\/\/www.apfelpatient.de\/news\/facebook-down-weltweite-stoerung#primaryimage"},"thumbnailUrl":"https:\/\/www.apfelpatient.de\/wp-content\/uploads\/2018\/09\/tim-bennett-538189-unsplash.jpg","datePublished":"2018-09-03T21:46:17+00:00","dateModified":"2024-05-22T10:06:28+00:00","description":"The social network Facebook was unavailable on Monday evening at around 10:42 p.m. CEST. Users received the message \u201cFacebook is currently","breadcrumb":{"@id":"https:\/\/www.apfelpatient.de\/news\/facebook-down-weltweite-stoerung#breadcrumb"},"inLanguage":"en-US","potentialAction":[{"@type":"ReadAction","target":["https:\/\/www.apfelpatient.de\/news\/facebook-down-weltweite-stoerung"]}]},{"@type":"ImageObject","inLanguage":"en-US","@id":"https:\/\/www.apfelpatient.de\/news\/facebook-down-weltweite-stoerung#primaryimage","url":"https:\/\/www.apfelpatient.de\/wp-content\/uploads\/2018\/09\/tim-bennett-538189-unsplash.jpg","contentUrl":"https:\/\/www.apfelpatient.de\/wp-content\/uploads\/2018\/09\/tim-bennett-538189-unsplash.jpg","width":5184,"height":3888,"caption":"Photo by Unsplash"},{"@type":"BreadcrumbList","@id":"https:\/\/www.apfelpatient.de\/news\/facebook-down-weltweite-stoerung#breadcrumb","itemListElement":[{"@type":"ListItem","position":1,"name":"Startseite","item":"https:\/\/www.apfelpatient.de\/"},{"@type":"ListItem","position":2,"name":"Facebook down: Weltweite St\u00f6rung"}]},{"@type":"WebSite","@id":"https:\/\/www.apfelpatient.de\/#website","url":"https:\/\/www.apfelpatient.de\/","name":"apple patient","description":"Everything about Apple!","publisher":{"@type":"Organization","@id":"https:\/\/www.apfelpatient.de\/en\/#organization","name":"Apfelpatient","url":"https:\/\/www.apfelpatient.de\/en\/"},"alternateName":"Apfelpatient","potentialAction":[{"@type":"SearchAction","target":{"@type":"EntryPoint","urlTemplate":"https:\/\/www.apfelpatient.de\/?s={search_term_string}"},"query-input":{"@type":"PropertyValueSpecification","valueRequired":true,"valueName":"search_term_string"}}],"inLanguage":"en-US"},{"@type":["Person","Organization"],"@id":"https:\/\/www.apfelpatient.de\/#\/schema\/person\/7dc56ad6c8e9824b76d2c08d4c140e13","name":"Milan","logo":{"@id":"https:\/\/www.apfelpatient.de\/#\/schema\/person\/image\/"},"description":"Hello and welcome to my technology blog! As a big Apple fan, I report on everything to do with Apple: from the latest news and exciting rumors to helpful tips and tricks and detailed product tests. If you are as enthusiastic about technology as I am, you have come to the right place!","sameAs":["https:\/\/www.facebook.com\/apfelpatientOfficial","https:\/\/www.linkedin.com\/in\/milan-jovicic-42aa0231b"],"url":"https:\/\/www.apfelpatient.de\/en\/author\/apfeladmin"}]}},"_links":{"self":[{"href":"https:\/\/www.apfelpatient.de\/en\/wp-json\/wp\/v2\/posts\/1874","targetHints":{"allow":["GET"]}}],"collection":[{"href":"https:\/\/www.apfelpatient.de\/en\/wp-json\/wp\/v2\/posts"}],"about":[{"href":"https:\/\/www.apfelpatient.de\/en\/wp-json\/wp\/v2\/types\/post"}],"author":[{"embeddable":true,"href":"https:\/\/www.apfelpatient.de\/en\/wp-json\/wp\/v2\/users\/2"}],"replies":[{"embeddable":true,"href":"https:\/\/www.apfelpatient.de\/en\/wp-json\/wp\/v2\/comments?post=1874"}],"version-history":[{"count":0,"href":"https:\/\/www.apfelpatient.de\/en\/wp-json\/wp\/v2\/posts\/1874\/revisions"}],"wp:featuredmedia":[{"embeddable":true,"href":"https:\/\/www.apfelpatient.de\/en\/wp-json\/wp\/v2\/media\/1875"}],"wp:attachment":[{"href":"https:\/\/www.apfelpatient.de\/en\/wp-json\/wp\/v2\/media?parent=1874"}],"wp:term":[{"taxonomy":"category","embeddable":true,"href":"https:\/\/www.apfelpatient.de\/en\/wp-json\/wp\/v2\/categories?post=1874"},{"taxonomy":"post_tag","embeddable":true,"href":"https:\/\/www.apfelpatient.de\/en\/wp-json\/wp\/v2\/tags?post=1874"}],"curies":[{"name":"wp","href":"https:\/\/api.w.org\/{rel}","templated":true}]}}