{"id":18733,"date":"2021-01-23T18:09:33","date_gmt":"2021-01-23T17:09:33","guid":{"rendered":"https:\/\/www.apfelpatient.de\/?p=18733"},"modified":"2021-01-23T18:09:37","modified_gmt":"2021-01-23T17:09:37","slug":"eu-hearing-tim-cook-to-audition","status":"publish","type":"post","link":"https:\/\/www.apfelpatient.de\/en\/news\/eu-anhoerung-tim-cook-soll-vorsprechen","title":{"rendered":"EU hearing: Tim Cook to speak"},"content":{"rendered":"<p class=\"has-drop-cap\"><strong>Apple boss Tim Cook was invited along with the CEOs of Amazon, Facebook and Alphabet to speak at an EU hearing about the power of large US tech companies.<\/strong><\/p>\n\n\n\n<p>The CEOs of Amazon, Apple, Facebook and Alphabet have been invited to an EU hearing that will take place in Brussels on February 1st. The hearing will address the power of large US tech companies. <a href=\"https:\/\/www.reuters.com\/article\/us-eu-tech-parliament-idUSKBN29R24H\" target=\"_blank\" rel=\"noreferrer noopener\">reported<\/a> Reuters:<\/p>\n\n\n\n<blockquote class=\"wp-block-quote is-layout-flow wp-block-quote-is-layout-flow\"><p>EU lawmakers have invited the chief executives of Amazon, Apple, Facebook and Alphabet to a hearing in Brussels on February 1 as they seek to limit the power of the US tech giants.<\/p><p>The European Parliament will provide input in the coming months into European Commission proposals to force companies to play fair with rivals and do more to combat fake news and harmful content online or face hefty fines.<\/p><\/blockquote>\n\n\n\n<h3 class=\"wp-block-heading\" id=\"h-ob-tim-cook-und-co-erscheinen-werden-bleibt-abzuwarten\">It remains to be seen whether Tim Cook and Co. will appear<\/h3>\n\n\n\n\n\n\n\n<p>An invitation seen by Reuters states that the purpose of the hearing is &quot;to exchange ideas with the CEOs of the world&#039;s four leading platform companies to learn about their current business models and future concepts as they face the challenges of changing market conditions.&quot; It goes on to say that the hearing &quot;is intended to help prepare members of the European Parliament for the upcoming discussions on possible new regulations for the digital sector.&quot; The whole thing is therefore only aimed at CEOs. According to the report, the EU has offered flexible dates in February and March, but &quot;people familiar with the companies&quot; have said that they doubt that any of the &quot;big four&quot; will accept the invitation. Tim Cook, along with Sundar Pichai, Mark Zuckerberg and Jeff Bezos have already had to appear before similar hearings in the US. In July, Cook defended Apple&#039;s App Store policy before Washington, <a href=\"https:\/\/www.apfelpatient.de\/en\/news\/app-store-monopoly-tim-cooks-statement\">more about it here<\/a>. <em>(Image: Apple)<\/em><\/p>\n\n\n\n<h6 class=\"wp-block-heading translation-block\" id=\"h-kennt-ihr-schon-unsere-amazon-storefront-dort-findet-ihr-eine-handverlesene-auswahl-von-diversen-produkten-f-r-euer-iphone-und-co-viel-spa-beim-st-bern\"><em>Have you already visited our Amazon Storefront? There you&#039;ll find a hand-picked selection of various products for your iPhone and other devices \u2013 <span class=\"has-inline-color has-vivid-red-color\"><a href=\"https:\/\/www.amazon.de\/shop\/apfelpatientofficial\" class=\"ek-link\" data-wpel-link=\"exclude\" rel=\"follow noopener\" target=\"_self\"><span style=\"text-decoration: underline\" class=\"ek-underline\">enjoy browsing<\/span><\/a> !<\/span><\/em><\/h6>\n\n\n\n\n\n<h6 class=\"wp-block-heading translation-block\" id=\"h-der-beitrag-enthalt-partnerlinks\">This post contains <a data-type=\"URL\" data-id=\"https:\/\/www.apfelpatient.de\/partnerprogramm\" href=\"https:\/\/www.apfelpatient.de\/en\/partner-program\" data-wpel-link=\"internal\" target=\"_self\">affiliate links<\/a>.<\/h6>","protected":false},"excerpt":{"rendered":"<p>Tim Cook: The CEOs of Amazon, Apple, Facebook and Alphabet have been invited to an EU hearing.<\/p>","protected":false},"author":2,"featured_media":15933,"comment_status":"closed","ping_status":"closed","sticky":false,"template":"","format":"standard","meta":{"jnews-multi-image_gallery":[],"jnews_single_post":{"subtitle":"","format":"standard","video":"","gallery":"","source_name":"","source_url":"","via_name":"","via_url":"","override":[{"single_blog_custom":"","sidebar":"","second_sidebar":"","share_position":"","share_float_style":"","post_date_format":"","post_date_format_custom":"","post_reading_time_wpm":"","zoom_button_out_step":"1","zoom_button_in_step":"1","number_popup_post":"1"}],"image_override":[{"single_post_thumbnail_size":"","single_post_gallery_size":""}],"trending_post_position":"","trending_post_label":"","sponsored_post_label":"","sponsored_post_name":"","sponsored_post_url":"","sponsored_post_logo":"","sponsored_post_desc":""},"jnews_primary_category":{"id":"9"},"footnotes":""},"categories":[9],"tags":[13],"class_list":["post-18733","post","type-post","status-publish","format-standard","has-post-thumbnail","hentry","category-news","tag-techpatient"],"yoast_head":"<!-- This site is optimized with the Yoast SEO Premium plugin v27.5 (Yoast SEO v27.5) - https:\/\/yoast.com\/product\/yoast-seo-premium-wordpress\/ -->\n<title>EU-Anh\u00f6rung: Tim Cook soll vorsprechen Apfelpatient<\/title>\n<meta name=\"description\" content=\"Tim Cook: Die Vorstandsvorsitzenden von Amazon, Apple, Facebook und Alphabet wurden zu einer EU-Anh\u00f6rung eingeladen.\" \/>\n<meta name=\"robots\" content=\"index, follow, max-snippet:-1, max-image-preview:large, max-video-preview:-1\" \/>\n<link rel=\"canonical\" href=\"https:\/\/www.apfelpatient.de\/en\/news\/eu-hearing-tim-cook-to-audition\" \/>\n<meta property=\"og:locale\" content=\"en_US\" \/>\n<meta property=\"og:type\" content=\"article\" \/>\n<meta property=\"og:title\" content=\"EU-Anh\u00f6rung: Tim Cook soll vorsprechen\" \/>\n<meta property=\"og:description\" content=\"Tim Cook: Die Vorstandsvorsitzenden von Amazon, Apple, Facebook und Alphabet wurden zu einer EU-Anh\u00f6rung eingeladen.\" \/>\n<meta property=\"og:url\" content=\"https:\/\/www.apfelpatient.de\/en\/news\/eu-hearing-tim-cook-to-audition\" \/>\n<meta property=\"og:site_name\" content=\"Apfelpatient\" \/>\n<meta property=\"article:publisher\" content=\"https:\/\/www.facebook.com\/apfelpatientOfficial\" \/>\n<meta property=\"article:author\" content=\"https:\/\/www.facebook.com\/apfelpatientOfficial\" \/>\n<meta property=\"article:published_time\" content=\"2021-01-23T17:09:33+00:00\" \/>\n<meta property=\"article:modified_time\" content=\"2021-01-23T17:09:37+00:00\" \/>\n<meta property=\"og:image\" content=\"https:\/\/www.apfelpatient.de\/wp-content\/uploads\/2020\/10\/Apple-keynote-Tim-Cook-September-event-09122018.jpg\" \/>\n\t<meta property=\"og:image:width\" content=\"1632\" \/>\n\t<meta property=\"og:image:height\" content=\"1086\" \/>\n\t<meta property=\"og:image:type\" content=\"image\/jpeg\" \/>\n<meta name=\"author\" content=\"Milan\" \/>\n<meta name=\"twitter:card\" content=\"summary_large_image\" \/>\n<meta name=\"twitter:description\" content=\"Tim Cook: Die Vorstandsvorsitzenden von Amazon, Apple, Facebook und Alphabet wurden zu einer EU-Anh\u00f6rung eingeladen.\" \/>\n<meta name=\"twitter:label1\" content=\"Written by\" \/>\n\t<meta name=\"twitter:data1\" content=\"Milan\" \/>\n\t<meta name=\"twitter:label2\" content=\"Est. reading time\" \/>\n\t<meta name=\"twitter:data2\" content=\"2 minutes\" \/>\n<script type=\"application\/ld+json\" class=\"yoast-schema-graph\">{\"@context\":\"https:\\\/\\\/schema.org\",\"@graph\":[{\"@type\":\"NewsArticle\",\"@id\":\"https:\\\/\\\/www.apfelpatient.de\\\/news\\\/eu-anhoerung-tim-cook-soll-vorsprechen#article\",\"isPartOf\":{\"@id\":\"https:\\\/\\\/www.apfelpatient.de\\\/news\\\/eu-anhoerung-tim-cook-soll-vorsprechen\"},\"author\":{\"@type\":\"Organization\",\"@id\":\"https:\\\/\\\/www.apfelpatient.de\\\/en\\\/#organization\",\"name\":\"Apfelpatient\",\"url\":\"https:\\\/\\\/www.apfelpatient.de\\\/en\\\/\"},\"headline\":\"EU-Anh\u00f6rung: Tim Cook soll vorsprechen\",\"datePublished\":\"2021-01-23T17:09:33+00:00\",\"dateModified\":\"2021-01-23T17:09:37+00:00\",\"mainEntityOfPage\":{\"@id\":\"https:\\\/\\\/www.apfelpatient.de\\\/news\\\/eu-anhoerung-tim-cook-soll-vorsprechen\"},\"wordCount\":316,\"publisher\":{\"@type\":\"Organization\",\"@id\":\"https:\\\/\\\/www.apfelpatient.de\\\/en\\\/#organization\",\"name\":\"Apfelpatient\",\"url\":\"https:\\\/\\\/www.apfelpatient.de\\\/en\\\/\"},\"image\":{\"@id\":\"https:\\\/\\\/www.apfelpatient.de\\\/news\\\/eu-anhoerung-tim-cook-soll-vorsprechen#primaryimage\"},\"thumbnailUrl\":\"https:\\\/\\\/www.apfelpatient.de\\\/wp-content\\\/uploads\\\/2020\\\/10\\\/Apple-keynote-Tim-Cook-September-event-09122018.jpg\",\"keywords\":[\"TechPatient\"],\"articleSection\":\"News\",\"inLanguage\":\"en-US\",\"copyrightYear\":\"2021\",\"copyrightHolder\":{\"@id\":\"https:\\\/\\\/www.apfelpatient.de\\\/en\\\/#organization\"}},{\"@type\":\"WebPage\",\"@id\":\"https:\\\/\\\/www.apfelpatient.de\\\/news\\\/eu-anhoerung-tim-cook-soll-vorsprechen\",\"url\":\"https:\\\/\\\/www.apfelpatient.de\\\/news\\\/eu-anhoerung-tim-cook-soll-vorsprechen\",\"name\":\"EU-Anh\u00f6rung: Tim Cook soll vorsprechen Apfelpatient\",\"isPartOf\":{\"@id\":\"https:\\\/\\\/www.apfelpatient.de\\\/#website\"},\"primaryImageOfPage\":{\"@id\":\"https:\\\/\\\/www.apfelpatient.de\\\/news\\\/eu-anhoerung-tim-cook-soll-vorsprechen#primaryimage\"},\"image\":{\"@id\":\"https:\\\/\\\/www.apfelpatient.de\\\/news\\\/eu-anhoerung-tim-cook-soll-vorsprechen#primaryimage\"},\"thumbnailUrl\":\"https:\\\/\\\/www.apfelpatient.de\\\/wp-content\\\/uploads\\\/2020\\\/10\\\/Apple-keynote-Tim-Cook-September-event-09122018.jpg\",\"datePublished\":\"2021-01-23T17:09:33+00:00\",\"dateModified\":\"2021-01-23T17:09:37+00:00\",\"description\":\"Tim Cook: Die Vorstandsvorsitzenden von Amazon, Apple, Facebook und Alphabet wurden zu einer EU-Anh\u00f6rung eingeladen.\",\"breadcrumb\":{\"@id\":\"https:\\\/\\\/www.apfelpatient.de\\\/news\\\/eu-anhoerung-tim-cook-soll-vorsprechen#breadcrumb\"},\"inLanguage\":\"en-US\",\"potentialAction\":[{\"@type\":\"ReadAction\",\"target\":[\"https:\\\/\\\/www.apfelpatient.de\\\/news\\\/eu-anhoerung-tim-cook-soll-vorsprechen\"]}]},{\"@type\":\"ImageObject\",\"inLanguage\":\"en-US\",\"@id\":\"https:\\\/\\\/www.apfelpatient.de\\\/news\\\/eu-anhoerung-tim-cook-soll-vorsprechen#primaryimage\",\"url\":\"https:\\\/\\\/www.apfelpatient.de\\\/wp-content\\\/uploads\\\/2020\\\/10\\\/Apple-keynote-Tim-Cook-September-event-09122018.jpg\",\"contentUrl\":\"https:\\\/\\\/www.apfelpatient.de\\\/wp-content\\\/uploads\\\/2020\\\/10\\\/Apple-keynote-Tim-Cook-September-event-09122018.jpg\",\"width\":1632,\"height\":1086,\"caption\":\"Bild: Apple\"},{\"@type\":\"BreadcrumbList\",\"@id\":\"https:\\\/\\\/www.apfelpatient.de\\\/news\\\/eu-anhoerung-tim-cook-soll-vorsprechen#breadcrumb\",\"itemListElement\":[{\"@type\":\"ListItem\",\"position\":1,\"name\":\"Startseite\",\"item\":\"https:\\\/\\\/www.apfelpatient.de\\\/\"},{\"@type\":\"ListItem\",\"position\":2,\"name\":\"EU-Anh\u00f6rung: Tim Cook soll vorsprechen\"}]},{\"@type\":\"WebSite\",\"@id\":\"https:\\\/\\\/www.apfelpatient.de\\\/#website\",\"url\":\"https:\\\/\\\/www.apfelpatient.de\\\/\",\"name\":\"Apfelpatient\",\"description\":\"Alles rund um Apple!\",\"publisher\":{\"@type\":\"Organization\",\"@id\":\"https:\\\/\\\/www.apfelpatient.de\\\/en\\\/#organization\",\"name\":\"Apfelpatient\",\"url\":\"https:\\\/\\\/www.apfelpatient.de\\\/en\\\/\"},\"alternateName\":\"Apfelpatient\",\"potentialAction\":[{\"@type\":\"SearchAction\",\"target\":{\"@type\":\"EntryPoint\",\"urlTemplate\":\"https:\\\/\\\/www.apfelpatient.de\\\/?s={search_term_string}\"},\"query-input\":{\"@type\":\"PropertyValueSpecification\",\"valueRequired\":true,\"valueName\":\"search_term_string\"}}],\"inLanguage\":\"en-US\"},{\"@type\":[\"Person\",\"Organization\"],\"@id\":\"https:\\\/\\\/www.apfelpatient.de\\\/#\\\/schema\\\/person\\\/35b3ddba5832f2bfc7fff5206d4f6b7b\",\"name\":\"Milan\",\"logo\":{\"@id\":\"https:\\\/\\\/www.apfelpatient.de\\\/#\\\/schema\\\/person\\\/image\\\/\"},\"description\":\"Hallo und herzlich willkommen auf meinem Technik-Blog! Als gro\u00dfer Apple-Fan berichte ich hier \u00fcber alles, was mit Apple zu tun hat: von den neuesten News und spannenden Ger\u00fcchten \u00fcber hilfreiche Tipps und Tricks bis hin zu ausf\u00fchrlichen Produkttests. Wenn du genauso technikbegeistert bist wie ich, bist du hier genau richtig!\",\"sameAs\":[\"https:\\\/\\\/www.facebook.com\\\/apfelpatientOfficial\",\"https:\\\/\\\/www.linkedin.com\\\/in\\\/milan-jovicic-42aa0231b\"],\"url\":\"https:\\\/\\\/www.apfelpatient.de\\\/en\\\/author\\\/apfeladmin\"}]}<\/script>\n<!-- \/ Yoast SEO Premium plugin. -->","yoast_head_json":{"title":"EU hearing: Tim Cook to audition Apfelpatient","description":"Tim Cook: The CEOs of Amazon, Apple, Facebook and Alphabet have been invited to an EU hearing.","robots":{"index":"index","follow":"follow","max-snippet":"max-snippet:-1","max-image-preview":"max-image-preview:large","max-video-preview":"max-video-preview:-1"},"canonical":"https:\/\/www.apfelpatient.de\/en\/news\/eu-hearing-tim-cook-to-audition","og_locale":"en_US","og_type":"article","og_title":"EU-Anh\u00f6rung: Tim Cook soll vorsprechen","og_description":"Tim Cook: Die Vorstandsvorsitzenden von Amazon, Apple, Facebook und Alphabet wurden zu einer EU-Anh\u00f6rung eingeladen.","og_url":"https:\/\/www.apfelpatient.de\/en\/news\/eu-hearing-tim-cook-to-audition","og_site_name":"Apfelpatient","article_publisher":"https:\/\/www.facebook.com\/apfelpatientOfficial","article_author":"https:\/\/www.facebook.com\/apfelpatientOfficial","article_published_time":"2021-01-23T17:09:33+00:00","article_modified_time":"2021-01-23T17:09:37+00:00","og_image":[{"width":1632,"height":1086,"url":"https:\/\/www.apfelpatient.de\/wp-content\/uploads\/2020\/10\/Apple-keynote-Tim-Cook-September-event-09122018.jpg","type":"image\/jpeg"}],"author":"Milan","twitter_card":"summary_large_image","twitter_description":"Tim Cook: Die Vorstandsvorsitzenden von Amazon, Apple, Facebook und Alphabet wurden zu einer EU-Anh\u00f6rung eingeladen.","twitter_misc":{"Written by":"Milan","Est. reading time":"2 minutes"},"schema":{"@context":"https:\/\/schema.org","@graph":[{"@type":"NewsArticle","@id":"https:\/\/www.apfelpatient.de\/news\/eu-anhoerung-tim-cook-soll-vorsprechen#article","isPartOf":{"@id":"https:\/\/www.apfelpatient.de\/news\/eu-anhoerung-tim-cook-soll-vorsprechen"},"author":{"@type":"Organization","@id":"https:\/\/www.apfelpatient.de\/en\/#organization","name":"Apfelpatient","url":"https:\/\/www.apfelpatient.de\/en\/"},"headline":"EU-Anh\u00f6rung: Tim Cook soll vorsprechen","datePublished":"2021-01-23T17:09:33+00:00","dateModified":"2021-01-23T17:09:37+00:00","mainEntityOfPage":{"@id":"https:\/\/www.apfelpatient.de\/news\/eu-anhoerung-tim-cook-soll-vorsprechen"},"wordCount":316,"publisher":{"@type":"Organization","@id":"https:\/\/www.apfelpatient.de\/en\/#organization","name":"Apfelpatient","url":"https:\/\/www.apfelpatient.de\/en\/"},"image":{"@id":"https:\/\/www.apfelpatient.de\/news\/eu-anhoerung-tim-cook-soll-vorsprechen#primaryimage"},"thumbnailUrl":"https:\/\/www.apfelpatient.de\/wp-content\/uploads\/2020\/10\/Apple-keynote-Tim-Cook-September-event-09122018.jpg","keywords":["TechPatient"],"articleSection":"News","inLanguage":"en-US","copyrightYear":"2021","copyrightHolder":{"@id":"https:\/\/www.apfelpatient.de\/en\/#organization"}},{"@type":"WebPage","@id":"https:\/\/www.apfelpatient.de\/news\/eu-anhoerung-tim-cook-soll-vorsprechen","url":"https:\/\/www.apfelpatient.de\/news\/eu-anhoerung-tim-cook-soll-vorsprechen","name":"EU hearing: Tim Cook to audition Apfelpatient","isPartOf":{"@id":"https:\/\/www.apfelpatient.de\/#website"},"primaryImageOfPage":{"@id":"https:\/\/www.apfelpatient.de\/news\/eu-anhoerung-tim-cook-soll-vorsprechen#primaryimage"},"image":{"@id":"https:\/\/www.apfelpatient.de\/news\/eu-anhoerung-tim-cook-soll-vorsprechen#primaryimage"},"thumbnailUrl":"https:\/\/www.apfelpatient.de\/wp-content\/uploads\/2020\/10\/Apple-keynote-Tim-Cook-September-event-09122018.jpg","datePublished":"2021-01-23T17:09:33+00:00","dateModified":"2021-01-23T17:09:37+00:00","description":"Tim Cook: The CEOs of Amazon, Apple, Facebook and Alphabet have been invited to an EU hearing.","breadcrumb":{"@id":"https:\/\/www.apfelpatient.de\/news\/eu-anhoerung-tim-cook-soll-vorsprechen#breadcrumb"},"inLanguage":"en-US","potentialAction":[{"@type":"ReadAction","target":["https:\/\/www.apfelpatient.de\/news\/eu-anhoerung-tim-cook-soll-vorsprechen"]}]},{"@type":"ImageObject","inLanguage":"en-US","@id":"https:\/\/www.apfelpatient.de\/news\/eu-anhoerung-tim-cook-soll-vorsprechen#primaryimage","url":"https:\/\/www.apfelpatient.de\/wp-content\/uploads\/2020\/10\/Apple-keynote-Tim-Cook-September-event-09122018.jpg","contentUrl":"https:\/\/www.apfelpatient.de\/wp-content\/uploads\/2020\/10\/Apple-keynote-Tim-Cook-September-event-09122018.jpg","width":1632,"height":1086,"caption":"Bild: Apple"},{"@type":"BreadcrumbList","@id":"https:\/\/www.apfelpatient.de\/news\/eu-anhoerung-tim-cook-soll-vorsprechen#breadcrumb","itemListElement":[{"@type":"ListItem","position":1,"name":"Startseite","item":"https:\/\/www.apfelpatient.de\/"},{"@type":"ListItem","position":2,"name":"EU-Anh\u00f6rung: Tim Cook soll vorsprechen"}]},{"@type":"WebSite","@id":"https:\/\/www.apfelpatient.de\/#website","url":"https:\/\/www.apfelpatient.de\/","name":"apple patient","description":"Everything about Apple!","publisher":{"@type":"Organization","@id":"https:\/\/www.apfelpatient.de\/en\/#organization","name":"Apfelpatient","url":"https:\/\/www.apfelpatient.de\/en\/"},"alternateName":"Apfelpatient","potentialAction":[{"@type":"SearchAction","target":{"@type":"EntryPoint","urlTemplate":"https:\/\/www.apfelpatient.de\/?s={search_term_string}"},"query-input":{"@type":"PropertyValueSpecification","valueRequired":true,"valueName":"search_term_string"}}],"inLanguage":"en-US"},{"@type":["Person","Organization"],"@id":"https:\/\/www.apfelpatient.de\/#\/schema\/person\/35b3ddba5832f2bfc7fff5206d4f6b7b","name":"Milan","logo":{"@id":"https:\/\/www.apfelpatient.de\/#\/schema\/person\/image\/"},"description":"Hello and welcome to my technology blog! As a big Apple fan, I report on everything to do with Apple: from the latest news and exciting rumors to helpful tips and tricks and detailed product tests. If you are as enthusiastic about technology as I am, you have come to the right place!","sameAs":["https:\/\/www.facebook.com\/apfelpatientOfficial","https:\/\/www.linkedin.com\/in\/milan-jovicic-42aa0231b"],"url":"https:\/\/www.apfelpatient.de\/en\/author\/apfeladmin"}]}},"_links":{"self":[{"href":"https:\/\/www.apfelpatient.de\/en\/wp-json\/wp\/v2\/posts\/18733","targetHints":{"allow":["GET"]}}],"collection":[{"href":"https:\/\/www.apfelpatient.de\/en\/wp-json\/wp\/v2\/posts"}],"about":[{"href":"https:\/\/www.apfelpatient.de\/en\/wp-json\/wp\/v2\/types\/post"}],"author":[{"embeddable":true,"href":"https:\/\/www.apfelpatient.de\/en\/wp-json\/wp\/v2\/users\/2"}],"replies":[{"embeddable":true,"href":"https:\/\/www.apfelpatient.de\/en\/wp-json\/wp\/v2\/comments?post=18733"}],"version-history":[{"count":0,"href":"https:\/\/www.apfelpatient.de\/en\/wp-json\/wp\/v2\/posts\/18733\/revisions"}],"wp:featuredmedia":[{"embeddable":true,"href":"https:\/\/www.apfelpatient.de\/en\/wp-json\/wp\/v2\/media\/15933"}],"wp:attachment":[{"href":"https:\/\/www.apfelpatient.de\/en\/wp-json\/wp\/v2\/media?parent=18733"}],"wp:term":[{"taxonomy":"category","embeddable":true,"href":"https:\/\/www.apfelpatient.de\/en\/wp-json\/wp\/v2\/categories?post=18733"},{"taxonomy":"post_tag","embeddable":true,"href":"https:\/\/www.apfelpatient.de\/en\/wp-json\/wp\/v2\/tags?post=18733"}],"curies":[{"name":"wp","href":"https:\/\/api.w.org\/{rel}","templated":true}]}}