{"id":18661,"date":"2021-01-20T16:25:13","date_gmt":"2021-01-20T15:25:13","guid":{"rendered":"https:\/\/www.apfelpatient.de\/?p=18661"},"modified":"2021-01-20T16:25:14","modified_gmt":"2021-01-20T15:25:14","slug":"ipad-pro-2021-presentation-soon","status":"publish","type":"post","link":"https:\/\/www.apfelpatient.de\/en\/rumors\/ipad-pro-2021-vorstellung-in-kuerze","title":{"rendered":"iPad Pro 2021: Release date coming soon?"},"content":{"rendered":"<p class=\"has-drop-cap\"><strong>Rumors about a new iPad Pro generation have been circulating for months. Now a new report confirms previous rumors about the launch.<\/strong><\/p>\n\n\n\n<p>The Taiwanese news site DigiTimes has again confirmed earlier reports <a href=\"https:\/\/www.digitimes.com\/news\/a20210120PD200.html\" target=\"_blank\" rel=\"noreferrer noopener\">affirmed<\/a>that Apple plans to introduce at least one new iPad Pro model soon. It will use a MiniLED panel. \u00a0<\/p>\n\n\n\n<blockquote class=\"wp-block-quote is-layout-flow wp-block-quote-is-layout-flow\"><p>Some observers pointed out that since Apple is expected to introduce a mini-LED-backlit iPad Pro in the first quarter of 2021 and many other manufacturers will also launch mini-LED-backlit devices in 2021, Macroblock will begin shipping small quantities of mini-LED driver ICs in the first half of 2021 through cooperation with private label suppliers and panel manufacturers, and shipments are expected to increase significantly in the second half of the year.<\/p><\/blockquote>\n\n\n\n<p>The report notes that supplier Macroblock has entered the manufacturing of RGB fine-pitch mini-LED display modules and that the company is expected to benefit from several mini-LED devices that will be released later in 2021.<\/p>\n\n\n\n<h3 class=\"wp-block-heading\" id=\"h-ipad-pro-virtuelles-apple-event-am-16-m-rz\">iPad Pro: Virtual Apple Event on March 16?<\/h3>\n\n\n\n\n\n\n\n<p>It was also noted that Apple will most likely update the iPad Pro series in the first quarter of 2021. But unlike previous rumors, which only focused on a 12.9-inch model, DigiTimes now explained that an 11-inch model will probably also be included. I already explained some time ago that it would be very unusual if Apple only updated the 12.9-inch model. It can therefore be assumed that Apple will update the entire iPad Pro series, which consists of two sizes. In autumn 2020, <a href=\"https:\/\/www.apfelpatient.de\/en\/rumors\/apple-event-november-and-march-dates-are-set\">rumored<\/a>that Apple might hold a virtual event on March 16. Whether the report at the time will ultimately prove correct remains to be seen. <em>(Photo by Vladimka \/ Bigstockphoto)<\/em><\/p>\n\n\n\n<ul class=\"wp-block-list\"><li><a href=\"https:\/\/www.apfelpatient.de\/en\/rumors\/ipad-mini-6-new-details-surfaced\">iPad mini 6: New details emerge<\/a><\/li><\/ul>\n\n\n\n<h6 class=\"wp-block-heading translation-block\" id=\"h-kennt-ihr-schon-unsere-amazon-storefront-dort-findet-ihr-eine-handverlesene-auswahl-von-diversen-produkten-f-r-euer-iphone-und-co-viel-spa-beim-st-bern\"><em>Have you already visited our Amazon Storefront? There you&#039;ll find a hand-picked selection of various products for your iPhone and other devices \u2013 <span class=\"has-inline-color has-vivid-red-color\"><a href=\"https:\/\/www.amazon.de\/shop\/apfelpatientofficial\" class=\"ek-link\" data-wpel-link=\"exclude\" rel=\"follow noopener\" target=\"_self\"><span style=\"text-decoration: underline\" class=\"ek-underline\">enjoy browsing<\/span><\/a> !<\/span><\/em><\/h6>\n\n\n\n\n\n<h6 class=\"wp-block-heading translation-block\" id=\"h-der-beitrag-enthalt-partnerlinks\">This post contains <a data-type=\"URL\" data-id=\"https:\/\/www.apfelpatient.de\/partnerprogramm\" href=\"https:\/\/www.apfelpatient.de\/en\/partner-program\" data-wpel-link=\"internal\" target=\"_self\">affiliate links<\/a>.<\/h6>","protected":false},"excerpt":{"rendered":"<p>Rumors about a new iPad Pro generation have been circulating for months. Now a new report confirms rumors about the launch.<\/p>","protected":false},"author":2,"featured_media":18418,"comment_status":"closed","ping_status":"closed","sticky":false,"template":"","format":"standard","meta":{"jnews-multi-image_gallery":[],"jnews_single_post":{"subtitle":"","format":"standard","video":"","gallery":"","source_name":"","source_url":"","via_name":"","via_url":"","override":[{"single_blog_custom":"","sidebar":"","second_sidebar":"","share_position":"","share_float_style":"","post_date_format":"","post_date_format_custom":"","post_reading_time_wpm":"","zoom_button_out_step":"1","zoom_button_in_step":"1","number_popup_post":"1"}],"image_override":[{"single_post_thumbnail_size":"","single_post_gallery_size":""}],"trending_post_position":"","trending_post_label":"","sponsored_post_label":"","sponsored_post_name":"","sponsored_post_url":"","sponsored_post_logo":"","sponsored_post_desc":""},"jnews_primary_category":{"id":"25"},"footnotes":""},"categories":[25],"tags":[18,66],"class_list":["post-18661","post","type-post","status-publish","format-standard","has-post-thumbnail","hentry","category-rumors","tag-ipad","tag-ipad-pro"],"yoast_head":"<!-- This site is optimized with the Yoast SEO Premium plugin v27.5 (Yoast SEO v27.5) - https:\/\/yoast.com\/product\/yoast-seo-premium-wordpress\/ -->\n<title>iPad Pro 2021: Vorstellung in K\u00fcrze? Apfelpatient<\/title>\n<meta name=\"description\" content=\"Ger\u00fcchte rund um eine neue iPad Pro Generation begleiten uns seit Monaten. Nun bekr\u00e4ftigt ein neuer Bericht Ger\u00fcchte zum Start.\" \/>\n<meta name=\"robots\" content=\"index, follow, max-snippet:-1, max-image-preview:large, max-video-preview:-1\" \/>\n<link rel=\"canonical\" href=\"https:\/\/www.apfelpatient.de\/en\/rumors\/ipad-pro-2021-presentation-soon\" \/>\n<meta property=\"og:locale\" content=\"en_US\" \/>\n<meta property=\"og:type\" content=\"article\" \/>\n<meta property=\"og:title\" content=\"iPad Pro 2021: Vorstellung in K\u00fcrze?\" \/>\n<meta property=\"og:description\" content=\"Ger\u00fcchte rund um eine neue iPad Pro Generation begleiten uns seit Monaten. Nun bekr\u00e4ftigt ein neuer Bericht Ger\u00fcchte zum Start.\" \/>\n<meta property=\"og:url\" content=\"https:\/\/www.apfelpatient.de\/en\/rumors\/ipad-pro-2021-presentation-soon\" \/>\n<meta property=\"og:site_name\" content=\"Apfelpatient\" \/>\n<meta property=\"article:publisher\" content=\"https:\/\/www.facebook.com\/apfelpatientOfficial\" \/>\n<meta property=\"article:author\" content=\"https:\/\/www.facebook.com\/apfelpatientOfficial\" \/>\n<meta property=\"article:published_time\" content=\"2021-01-20T15:25:13+00:00\" \/>\n<meta property=\"article:modified_time\" content=\"2021-01-20T15:25:14+00:00\" \/>\n<meta property=\"og:image\" content=\"https:\/\/www.apfelpatient.de\/wp-content\/uploads\/2021\/01\/bigstock-Man-And-Woman-Hand-Holding-A-B-402229580.jpg\" \/>\n\t<meta property=\"og:image:width\" content=\"1600\" \/>\n\t<meta property=\"og:image:height\" content=\"1067\" \/>\n\t<meta property=\"og:image:type\" content=\"image\/jpeg\" \/>\n<meta name=\"author\" content=\"Milan\" \/>\n<meta name=\"twitter:card\" content=\"summary_large_image\" \/>\n<meta name=\"twitter:description\" content=\"Ger\u00fcchte rund um eine neue iPad Pro Generation begleiten uns seit Monaten. Nun bekr\u00e4ftigt ein neuer Bericht Ger\u00fcchte zum Start.\" \/>\n<meta name=\"twitter:label1\" content=\"Written by\" \/>\n\t<meta name=\"twitter:data1\" content=\"Milan\" \/>\n\t<meta name=\"twitter:label2\" content=\"Est. reading time\" \/>\n\t<meta name=\"twitter:data2\" content=\"2 minutes\" \/>\n<script type=\"application\/ld+json\" class=\"yoast-schema-graph\">{\"@context\":\"https:\\\/\\\/schema.org\",\"@graph\":[{\"@type\":\"NewsArticle\",\"@id\":\"https:\\\/\\\/www.apfelpatient.de\\\/rumors\\\/ipad-pro-2021-vorstellung-in-kuerze#article\",\"isPartOf\":{\"@id\":\"https:\\\/\\\/www.apfelpatient.de\\\/rumors\\\/ipad-pro-2021-vorstellung-in-kuerze\"},\"author\":{\"@type\":\"Organization\",\"@id\":\"https:\\\/\\\/www.apfelpatient.de\\\/en\\\/#organization\",\"name\":\"Apfelpatient\",\"url\":\"https:\\\/\\\/www.apfelpatient.de\\\/en\\\/\"},\"headline\":\"iPad Pro 2021: Vorstellung in K\u00fcrze?\",\"datePublished\":\"2021-01-20T15:25:13+00:00\",\"dateModified\":\"2021-01-20T15:25:14+00:00\",\"mainEntityOfPage\":{\"@id\":\"https:\\\/\\\/www.apfelpatient.de\\\/rumors\\\/ipad-pro-2021-vorstellung-in-kuerze\"},\"wordCount\":306,\"publisher\":{\"@type\":\"Organization\",\"@id\":\"https:\\\/\\\/www.apfelpatient.de\\\/en\\\/#organization\",\"name\":\"Apfelpatient\",\"url\":\"https:\\\/\\\/www.apfelpatient.de\\\/en\\\/\"},\"image\":{\"@id\":\"https:\\\/\\\/www.apfelpatient.de\\\/rumors\\\/ipad-pro-2021-vorstellung-in-kuerze#primaryimage\"},\"thumbnailUrl\":\"https:\\\/\\\/www.apfelpatient.de\\\/wp-content\\\/uploads\\\/2021\\\/01\\\/bigstock-Man-And-Woman-Hand-Holding-A-B-402229580.jpg\",\"keywords\":[\"iPad\",\"iPad Pro\"],\"articleSection\":\"Rumors\",\"inLanguage\":\"en-US\",\"copyrightYear\":\"2021\",\"copyrightHolder\":{\"@id\":\"https:\\\/\\\/www.apfelpatient.de\\\/en\\\/#organization\"}},{\"@type\":\"WebPage\",\"@id\":\"https:\\\/\\\/www.apfelpatient.de\\\/rumors\\\/ipad-pro-2021-vorstellung-in-kuerze\",\"url\":\"https:\\\/\\\/www.apfelpatient.de\\\/rumors\\\/ipad-pro-2021-vorstellung-in-kuerze\",\"name\":\"iPad Pro 2021: Vorstellung in K\u00fcrze? Apfelpatient\",\"isPartOf\":{\"@id\":\"https:\\\/\\\/www.apfelpatient.de\\\/#website\"},\"primaryImageOfPage\":{\"@id\":\"https:\\\/\\\/www.apfelpatient.de\\\/rumors\\\/ipad-pro-2021-vorstellung-in-kuerze#primaryimage\"},\"image\":{\"@id\":\"https:\\\/\\\/www.apfelpatient.de\\\/rumors\\\/ipad-pro-2021-vorstellung-in-kuerze#primaryimage\"},\"thumbnailUrl\":\"https:\\\/\\\/www.apfelpatient.de\\\/wp-content\\\/uploads\\\/2021\\\/01\\\/bigstock-Man-And-Woman-Hand-Holding-A-B-402229580.jpg\",\"datePublished\":\"2021-01-20T15:25:13+00:00\",\"dateModified\":\"2021-01-20T15:25:14+00:00\",\"description\":\"Ger\u00fcchte rund um eine neue iPad Pro Generation begleiten uns seit Monaten. Nun bekr\u00e4ftigt ein neuer Bericht Ger\u00fcchte zum Start.\",\"breadcrumb\":{\"@id\":\"https:\\\/\\\/www.apfelpatient.de\\\/rumors\\\/ipad-pro-2021-vorstellung-in-kuerze#breadcrumb\"},\"inLanguage\":\"en-US\",\"potentialAction\":[{\"@type\":\"ReadAction\",\"target\":[\"https:\\\/\\\/www.apfelpatient.de\\\/rumors\\\/ipad-pro-2021-vorstellung-in-kuerze\"]}]},{\"@type\":\"ImageObject\",\"inLanguage\":\"en-US\",\"@id\":\"https:\\\/\\\/www.apfelpatient.de\\\/rumors\\\/ipad-pro-2021-vorstellung-in-kuerze#primaryimage\",\"url\":\"https:\\\/\\\/www.apfelpatient.de\\\/wp-content\\\/uploads\\\/2021\\\/01\\\/bigstock-Man-And-Woman-Hand-Holding-A-B-402229580.jpg\",\"contentUrl\":\"https:\\\/\\\/www.apfelpatient.de\\\/wp-content\\\/uploads\\\/2021\\\/01\\\/bigstock-Man-And-Woman-Hand-Holding-A-B-402229580.jpg\",\"width\":1600,\"height\":1067,\"caption\":\"Man and woman hand holding a box with IPad Pro on the grey background, December 2020, San Francisco, USA\"},{\"@type\":\"BreadcrumbList\",\"@id\":\"https:\\\/\\\/www.apfelpatient.de\\\/rumors\\\/ipad-pro-2021-vorstellung-in-kuerze#breadcrumb\",\"itemListElement\":[{\"@type\":\"ListItem\",\"position\":1,\"name\":\"Startseite\",\"item\":\"https:\\\/\\\/www.apfelpatient.de\\\/\"},{\"@type\":\"ListItem\",\"position\":2,\"name\":\"iPad Pro 2021: Vorstellung in K\u00fcrze?\"}]},{\"@type\":\"WebSite\",\"@id\":\"https:\\\/\\\/www.apfelpatient.de\\\/#website\",\"url\":\"https:\\\/\\\/www.apfelpatient.de\\\/\",\"name\":\"Apfelpatient\",\"description\":\"Alles rund um Apple!\",\"publisher\":{\"@type\":\"Organization\",\"@id\":\"https:\\\/\\\/www.apfelpatient.de\\\/en\\\/#organization\",\"name\":\"Apfelpatient\",\"url\":\"https:\\\/\\\/www.apfelpatient.de\\\/en\\\/\"},\"alternateName\":\"Apfelpatient\",\"potentialAction\":[{\"@type\":\"SearchAction\",\"target\":{\"@type\":\"EntryPoint\",\"urlTemplate\":\"https:\\\/\\\/www.apfelpatient.de\\\/?s={search_term_string}\"},\"query-input\":{\"@type\":\"PropertyValueSpecification\",\"valueRequired\":true,\"valueName\":\"search_term_string\"}}],\"inLanguage\":\"en-US\"},{\"@type\":[\"Person\",\"Organization\"],\"@id\":\"https:\\\/\\\/www.apfelpatient.de\\\/#\\\/schema\\\/person\\\/35b3ddba5832f2bfc7fff5206d4f6b7b\",\"name\":\"Milan\",\"logo\":{\"@id\":\"https:\\\/\\\/www.apfelpatient.de\\\/#\\\/schema\\\/person\\\/image\\\/\"},\"description\":\"Hallo und herzlich willkommen auf meinem Technik-Blog! Als gro\u00dfer Apple-Fan berichte ich hier \u00fcber alles, was mit Apple zu tun hat: von den neuesten News und spannenden Ger\u00fcchten \u00fcber hilfreiche Tipps und Tricks bis hin zu ausf\u00fchrlichen Produkttests. Wenn du genauso technikbegeistert bist wie ich, bist du hier genau richtig!\",\"sameAs\":[\"https:\\\/\\\/www.facebook.com\\\/apfelpatientOfficial\",\"https:\\\/\\\/www.linkedin.com\\\/in\\\/milan-jovicic-42aa0231b\"],\"url\":\"https:\\\/\\\/www.apfelpatient.de\\\/en\\\/author\\\/apfeladmin\"}]}<\/script>\n<!-- \/ Yoast SEO Premium plugin. -->","yoast_head_json":{"title":"iPad Pro 2021: Presentation soon? Apfelpatient","description":"Rumors about a new iPad Pro generation have been circulating for months. Now a new report confirms rumors about the launch.","robots":{"index":"index","follow":"follow","max-snippet":"max-snippet:-1","max-image-preview":"max-image-preview:large","max-video-preview":"max-video-preview:-1"},"canonical":"https:\/\/www.apfelpatient.de\/en\/rumors\/ipad-pro-2021-presentation-soon","og_locale":"en_US","og_type":"article","og_title":"iPad Pro 2021: Vorstellung in K\u00fcrze?","og_description":"Ger\u00fcchte rund um eine neue iPad Pro Generation begleiten uns seit Monaten. Nun bekr\u00e4ftigt ein neuer Bericht Ger\u00fcchte zum Start.","og_url":"https:\/\/www.apfelpatient.de\/en\/rumors\/ipad-pro-2021-presentation-soon","og_site_name":"Apfelpatient","article_publisher":"https:\/\/www.facebook.com\/apfelpatientOfficial","article_author":"https:\/\/www.facebook.com\/apfelpatientOfficial","article_published_time":"2021-01-20T15:25:13+00:00","article_modified_time":"2021-01-20T15:25:14+00:00","og_image":[{"width":1600,"height":1067,"url":"https:\/\/www.apfelpatient.de\/wp-content\/uploads\/2021\/01\/bigstock-Man-And-Woman-Hand-Holding-A-B-402229580.jpg","type":"image\/jpeg"}],"author":"Milan","twitter_card":"summary_large_image","twitter_description":"Ger\u00fcchte rund um eine neue iPad Pro Generation begleiten uns seit Monaten. Nun bekr\u00e4ftigt ein neuer Bericht Ger\u00fcchte zum Start.","twitter_misc":{"Written by":"Milan","Est. reading time":"2 minutes"},"schema":{"@context":"https:\/\/schema.org","@graph":[{"@type":"NewsArticle","@id":"https:\/\/www.apfelpatient.de\/rumors\/ipad-pro-2021-vorstellung-in-kuerze#article","isPartOf":{"@id":"https:\/\/www.apfelpatient.de\/rumors\/ipad-pro-2021-vorstellung-in-kuerze"},"author":{"@type":"Organization","@id":"https:\/\/www.apfelpatient.de\/en\/#organization","name":"Apfelpatient","url":"https:\/\/www.apfelpatient.de\/en\/"},"headline":"iPad Pro 2021: Vorstellung in K\u00fcrze?","datePublished":"2021-01-20T15:25:13+00:00","dateModified":"2021-01-20T15:25:14+00:00","mainEntityOfPage":{"@id":"https:\/\/www.apfelpatient.de\/rumors\/ipad-pro-2021-vorstellung-in-kuerze"},"wordCount":306,"publisher":{"@type":"Organization","@id":"https:\/\/www.apfelpatient.de\/en\/#organization","name":"Apfelpatient","url":"https:\/\/www.apfelpatient.de\/en\/"},"image":{"@id":"https:\/\/www.apfelpatient.de\/rumors\/ipad-pro-2021-vorstellung-in-kuerze#primaryimage"},"thumbnailUrl":"https:\/\/www.apfelpatient.de\/wp-content\/uploads\/2021\/01\/bigstock-Man-And-Woman-Hand-Holding-A-B-402229580.jpg","keywords":["iPad","iPad Pro"],"articleSection":"Rumors","inLanguage":"en-US","copyrightYear":"2021","copyrightHolder":{"@id":"https:\/\/www.apfelpatient.de\/en\/#organization"}},{"@type":"WebPage","@id":"https:\/\/www.apfelpatient.de\/rumors\/ipad-pro-2021-vorstellung-in-kuerze","url":"https:\/\/www.apfelpatient.de\/rumors\/ipad-pro-2021-vorstellung-in-kuerze","name":"iPad Pro 2021: Presentation soon? Apfelpatient","isPartOf":{"@id":"https:\/\/www.apfelpatient.de\/#website"},"primaryImageOfPage":{"@id":"https:\/\/www.apfelpatient.de\/rumors\/ipad-pro-2021-vorstellung-in-kuerze#primaryimage"},"image":{"@id":"https:\/\/www.apfelpatient.de\/rumors\/ipad-pro-2021-vorstellung-in-kuerze#primaryimage"},"thumbnailUrl":"https:\/\/www.apfelpatient.de\/wp-content\/uploads\/2021\/01\/bigstock-Man-And-Woman-Hand-Holding-A-B-402229580.jpg","datePublished":"2021-01-20T15:25:13+00:00","dateModified":"2021-01-20T15:25:14+00:00","description":"Rumors about a new iPad Pro generation have been circulating for months. Now a new report confirms rumors about the launch.","breadcrumb":{"@id":"https:\/\/www.apfelpatient.de\/rumors\/ipad-pro-2021-vorstellung-in-kuerze#breadcrumb"},"inLanguage":"en-US","potentialAction":[{"@type":"ReadAction","target":["https:\/\/www.apfelpatient.de\/rumors\/ipad-pro-2021-vorstellung-in-kuerze"]}]},{"@type":"ImageObject","inLanguage":"en-US","@id":"https:\/\/www.apfelpatient.de\/rumors\/ipad-pro-2021-vorstellung-in-kuerze#primaryimage","url":"https:\/\/www.apfelpatient.de\/wp-content\/uploads\/2021\/01\/bigstock-Man-And-Woman-Hand-Holding-A-B-402229580.jpg","contentUrl":"https:\/\/www.apfelpatient.de\/wp-content\/uploads\/2021\/01\/bigstock-Man-And-Woman-Hand-Holding-A-B-402229580.jpg","width":1600,"height":1067,"caption":"Man and woman hand holding a box with IPad Pro on the grey background, December 2020, San Francisco, USA"},{"@type":"BreadcrumbList","@id":"https:\/\/www.apfelpatient.de\/rumors\/ipad-pro-2021-vorstellung-in-kuerze#breadcrumb","itemListElement":[{"@type":"ListItem","position":1,"name":"Startseite","item":"https:\/\/www.apfelpatient.de\/"},{"@type":"ListItem","position":2,"name":"iPad Pro 2021: Vorstellung in K\u00fcrze?"}]},{"@type":"WebSite","@id":"https:\/\/www.apfelpatient.de\/#website","url":"https:\/\/www.apfelpatient.de\/","name":"apple patient","description":"Everything about Apple!","publisher":{"@type":"Organization","@id":"https:\/\/www.apfelpatient.de\/en\/#organization","name":"Apfelpatient","url":"https:\/\/www.apfelpatient.de\/en\/"},"alternateName":"Apfelpatient","potentialAction":[{"@type":"SearchAction","target":{"@type":"EntryPoint","urlTemplate":"https:\/\/www.apfelpatient.de\/?s={search_term_string}"},"query-input":{"@type":"PropertyValueSpecification","valueRequired":true,"valueName":"search_term_string"}}],"inLanguage":"en-US"},{"@type":["Person","Organization"],"@id":"https:\/\/www.apfelpatient.de\/#\/schema\/person\/35b3ddba5832f2bfc7fff5206d4f6b7b","name":"Milan","logo":{"@id":"https:\/\/www.apfelpatient.de\/#\/schema\/person\/image\/"},"description":"Hello and welcome to my technology blog! As a big Apple fan, I report on everything to do with Apple: from the latest news and exciting rumors to helpful tips and tricks and detailed product tests. If you are as enthusiastic about technology as I am, you have come to the right place!","sameAs":["https:\/\/www.facebook.com\/apfelpatientOfficial","https:\/\/www.linkedin.com\/in\/milan-jovicic-42aa0231b"],"url":"https:\/\/www.apfelpatient.de\/en\/author\/apfeladmin"}]}},"_links":{"self":[{"href":"https:\/\/www.apfelpatient.de\/en\/wp-json\/wp\/v2\/posts\/18661","targetHints":{"allow":["GET"]}}],"collection":[{"href":"https:\/\/www.apfelpatient.de\/en\/wp-json\/wp\/v2\/posts"}],"about":[{"href":"https:\/\/www.apfelpatient.de\/en\/wp-json\/wp\/v2\/types\/post"}],"author":[{"embeddable":true,"href":"https:\/\/www.apfelpatient.de\/en\/wp-json\/wp\/v2\/users\/2"}],"replies":[{"embeddable":true,"href":"https:\/\/www.apfelpatient.de\/en\/wp-json\/wp\/v2\/comments?post=18661"}],"version-history":[{"count":0,"href":"https:\/\/www.apfelpatient.de\/en\/wp-json\/wp\/v2\/posts\/18661\/revisions"}],"wp:featuredmedia":[{"embeddable":true,"href":"https:\/\/www.apfelpatient.de\/en\/wp-json\/wp\/v2\/media\/18418"}],"wp:attachment":[{"href":"https:\/\/www.apfelpatient.de\/en\/wp-json\/wp\/v2\/media?parent=18661"}],"wp:term":[{"taxonomy":"category","embeddable":true,"href":"https:\/\/www.apfelpatient.de\/en\/wp-json\/wp\/v2\/categories?post=18661"},{"taxonomy":"post_tag","embeddable":true,"href":"https:\/\/www.apfelpatient.de\/en\/wp-json\/wp\/v2\/tags?post=18661"}],"curies":[{"name":"wp","href":"https:\/\/api.w.org\/{rel}","templated":true}]}}