{"id":18553,"date":"2021-01-16T13:29:45","date_gmt":"2021-01-16T12:29:45","guid":{"rendered":"https:\/\/www.apfelpatient.de\/?p=18553"},"modified":"2021-01-16T13:29:48","modified_gmt":"2021-01-16T12:29:48","slug":"whatsapp-delays-change-of-data-protection-guidelines","status":"publish","type":"post","link":"https:\/\/www.apfelpatient.de\/en\/news\/whatsapp-verzoegert-aenderung-der-datenschutzrichtlinien","title":{"rendered":"WhatsApp delays change to privacy policy"},"content":{"rendered":"<p class=\"has-drop-cap\"><strong>WhatsApp has now officially announced that the controversial and, above all, confusing change to its privacy policy will be postponed.<\/strong><\/p>\n\n\n\n<p>A new WhatsApp data protection policy was supposed to come into force in February. This news has caused a lot of discussion worldwide. Now the Facebook subsidiary wants to postpone the changes by three months. This is what the company&#039;s own blog post says:<\/p>\n\n\n\n<blockquote class=\"wp-block-quote is-layout-flow wp-block-quote-is-layout-flow\"><p>We&#039;ve heard from many people that our recent updates have caused a lot of confusion. There&#039;s a lot of misinformation floating around that&#039;s causing concern. We want to help everyone understand our principles and the facts.<\/p><\/blockquote>\n\n\n\n<h3 class=\"wp-block-heading\" id=\"h-datenschutzrichtlinien-nderungen-sollen-im-mai-in-kraft-treten\">Data protection guidelines: Changes to come into force in May<\/h3>\n\n\n\n\n\n\n\n<p>As a reminder, in 2016 WhatsApp started sharing data with Facebook by default but users still had the option to opt out. Last week, a report referring to <a href=\"https:\/\/www.apfelpatient.de\/en\/news\/data-protection-whatsapp-affirms-the-privacy-of-users\">changes<\/a> of the privacy policy, that WhatsApp would start sharing user data with Facebook on February 8th without giving users a choice - except for EU citizens. WhatsApp has since tried to shed light on the matter and has explained that these changes affect companies and not individual users. But the confusion remained. Now <a href=\"https:\/\/blog.whatsapp.com\/giving-more-time-for-our-recent-update\" target=\"_blank\" rel=\"noreferrer noopener\">writes<\/a> the company:<\/p>\n\n\n\n<blockquote class=\"wp-block-quote is-layout-flow wp-block-quote-is-layout-flow\"><p>We&#039;ve now decided to push back the date when users are asked to read and accept the Terms of Service. No accounts will be suspended or deleted on February 8. We&#039;ll also be doing a lot more to clear up the misinformation around how privacy and security works on WhatsApp. We&#039;ll then gradually ask our users to read the policy on their own time before the new options for communicating with businesses become available on May 15.<\/p><\/blockquote>\n\n\n\n<h3 class=\"wp-block-heading\" id=\"h-whatsapp-hebt-ende-zu-ende-verschl-sselung-hervor\">WhatsApp highlights end-to-end encryption<\/h3>\n\n\n\n<p>The Facebook subsidiary once again emphasized the privacy and security of users. It states:<\/p>\n\n\n\n\n\n\n\n<blockquote class=\"wp-block-quote is-layout-flow wp-block-quote-is-layout-flow\"><p>WhatsApp was born from a simple idea: what you share with your friends and family stays private between you. That means we&#039;ll always protect your personal chats with end-to-end encryption, meaning neither WhatsApp nor Facebook can read those private messages. For the same reason, we don&#039;t keep logs of who everyone messages or calls. We also can&#039;t see your shared location, and we don&#039;t share your contacts with Facebook.<\/p><p>These updates don&#039;t change that. Instead, these updates include new options for how people can use WhatsApp to message businesses. These changes increase transparency about how we collect and use data. While not many people are buying from businesses using WhatsApp today, we believe more will choose to do so in the future, so it&#039;s important to share information about these services. These updates don&#039;t give us any additional permissions to share data with Facebook.<\/p><\/blockquote>\n\n\n\n<p>Because of all this confusion surrounding the issue, competitors like Signal and Telegram have benefited greatly. Now it remains to be seen what efforts WhatsApp will make to provide more clarity. <em>(Photo by Denys Prykhodov \/ Bigstockphoto)<\/em><\/p>\n\n\n\n<h6 class=\"wp-block-heading translation-block\" id=\"h-kennt-ihr-schon-unsere-amazon-storefront-dort-findet-ihr-eine-handverlesene-auswahl-von-diversen-produkten-f-r-euer-iphone-und-co-viel-spa-beim-st-bern\"><em>Have you already visited our Amazon Storefront? There you&#039;ll find a hand-picked selection of various products for your iPhone and other devices \u2013 <span class=\"has-inline-color has-vivid-red-color\"><a href=\"https:\/\/www.amazon.de\/shop\/apfelpatientofficial\" class=\"ek-link\" data-wpel-link=\"exclude\" rel=\"follow noopener\" target=\"_self\"><span style=\"text-decoration: underline\" class=\"ek-underline\">enjoy browsing<\/span><\/a> !<\/span><\/em><\/h6>\n\n\n\n\n\n<h6 class=\"wp-block-heading translation-block\" id=\"h-der-beitrag-enthalt-partnerlinks\">This post contains <a data-type=\"URL\" data-id=\"https:\/\/www.apfelpatient.de\/partnerprogramm\" href=\"https:\/\/www.apfelpatient.de\/en\/partner-program\" data-wpel-link=\"internal\" target=\"_self\">affiliate links<\/a>.<\/h6>\n\n\n\n<p>\u00a0<\/p>","protected":false},"excerpt":{"rendered":"<p>WhatsApp has now officially announced that the controversial and, above all, confusing change to its privacy policy will be postponed.<\/p>","protected":false},"author":2,"featured_media":17465,"comment_status":"closed","ping_status":"closed","sticky":false,"template":"","format":"standard","meta":{"jnews-multi-image_gallery":[],"jnews_single_post":{"subtitle":"","format":"standard","video":"","gallery":"","source_name":"","source_url":"","via_name":"","via_url":"","override":[{"single_blog_custom":"","sidebar":"","second_sidebar":"","share_position":"","share_float_style":"","post_date_format":"","post_date_format_custom":"","post_reading_time_wpm":"","zoom_button_out_step":"1","zoom_button_in_step":"1","number_popup_post":"1"}],"image_override":[{"single_post_thumbnail_size":"","single_post_gallery_size":""}],"trending_post_position":"","trending_post_label":"","sponsored_post_label":"","sponsored_post_name":"","sponsored_post_url":"","sponsored_post_logo":"","sponsored_post_desc":""},"jnews_primary_category":{"id":"9"},"footnotes":""},"categories":[9],"tags":[142,3,13,58],"class_list":["post-18553","post","type-post","status-publish","format-standard","has-post-thumbnail","hentry","category-news","tag-facebook","tag-ios","tag-techpatient","tag-whatsapp"],"yoast_head":"<!-- This site is optimized with the Yoast SEO Premium plugin v27.5 (Yoast SEO v27.5) - https:\/\/yoast.com\/product\/yoast-seo-premium-wordpress\/ -->\n<title>WhatsApp verz\u00f6gert \u00c4nderung der Datenschutzrichtlinien Apfelpatient<\/title>\n<meta name=\"description\" content=\"WhatsApp hat nun offiziell angek\u00fcndigt, dass die umstrittene und vor allem verwirrende \u00c4nderung der Datenschutzrichtlinien verschoben wird.\" \/>\n<meta name=\"robots\" content=\"index, follow, max-snippet:-1, max-image-preview:large, max-video-preview:-1\" \/>\n<link rel=\"canonical\" href=\"https:\/\/www.apfelpatient.de\/en\/news\/whatsapp-delays-change-of-data-protection-guidelines\" \/>\n<meta property=\"og:locale\" content=\"en_US\" \/>\n<meta property=\"og:type\" content=\"article\" \/>\n<meta property=\"og:title\" content=\"WhatsApp verz\u00f6gert \u00c4nderung der Datenschutzrichtlinien\" \/>\n<meta property=\"og:description\" content=\"WhatsApp hat nun offiziell angek\u00fcndigt, dass die umstrittene und vor allem verwirrende \u00c4nderung der Datenschutzrichtlinien verschoben wird.\" \/>\n<meta property=\"og:url\" content=\"https:\/\/www.apfelpatient.de\/en\/news\/whatsapp-delays-change-of-data-protection-guidelines\" \/>\n<meta property=\"og:site_name\" content=\"Apfelpatient\" \/>\n<meta property=\"article:publisher\" content=\"https:\/\/www.facebook.com\/apfelpatientOfficial\" \/>\n<meta property=\"article:author\" content=\"https:\/\/www.facebook.com\/apfelpatientOfficial\" \/>\n<meta property=\"article:published_time\" content=\"2021-01-16T12:29:45+00:00\" \/>\n<meta property=\"article:modified_time\" content=\"2021-01-16T12:29:48+00:00\" \/>\n<meta property=\"og:image\" content=\"https:\/\/www.apfelpatient.de\/wp-content\/uploads\/2020\/12\/bigstock-Alanya-Turkey-May-375974407.jpg\" \/>\n\t<meta property=\"og:image:width\" content=\"1600\" \/>\n\t<meta property=\"og:image:height\" content=\"1067\" \/>\n\t<meta property=\"og:image:type\" content=\"image\/jpeg\" \/>\n<meta name=\"author\" content=\"Milan\" \/>\n<meta name=\"twitter:card\" content=\"summary_large_image\" \/>\n<meta name=\"twitter:description\" content=\"WhatsApp hat nun offiziell angek\u00fcndigt, dass die umstrittene und vor allem verwirrende \u00c4nderung der Datenschutzrichtlinien verschoben wird.\" \/>\n<meta name=\"twitter:label1\" content=\"Written by\" \/>\n\t<meta name=\"twitter:data1\" content=\"Milan\" \/>\n\t<meta name=\"twitter:label2\" content=\"Est. reading time\" \/>\n\t<meta name=\"twitter:data2\" content=\"3 minutes\" \/>\n<script type=\"application\/ld+json\" class=\"yoast-schema-graph\">{\"@context\":\"https:\\\/\\\/schema.org\",\"@graph\":[{\"@type\":\"NewsArticle\",\"@id\":\"https:\\\/\\\/www.apfelpatient.de\\\/news\\\/whatsapp-verzoegert-aenderung-der-datenschutzrichtlinien#article\",\"isPartOf\":{\"@id\":\"https:\\\/\\\/www.apfelpatient.de\\\/news\\\/whatsapp-verzoegert-aenderung-der-datenschutzrichtlinien\"},\"author\":{\"@type\":\"Organization\",\"@id\":\"https:\\\/\\\/www.apfelpatient.de\\\/en\\\/#organization\",\"name\":\"Apfelpatient\",\"url\":\"https:\\\/\\\/www.apfelpatient.de\\\/en\\\/\"},\"headline\":\"WhatsApp verz\u00f6gert \u00c4nderung der Datenschutzrichtlinien\",\"datePublished\":\"2021-01-16T12:29:45+00:00\",\"dateModified\":\"2021-01-16T12:29:48+00:00\",\"mainEntityOfPage\":{\"@id\":\"https:\\\/\\\/www.apfelpatient.de\\\/news\\\/whatsapp-verzoegert-aenderung-der-datenschutzrichtlinien\"},\"wordCount\":528,\"publisher\":{\"@type\":\"Organization\",\"@id\":\"https:\\\/\\\/www.apfelpatient.de\\\/en\\\/#organization\",\"name\":\"Apfelpatient\",\"url\":\"https:\\\/\\\/www.apfelpatient.de\\\/en\\\/\"},\"image\":{\"@id\":\"https:\\\/\\\/www.apfelpatient.de\\\/news\\\/whatsapp-verzoegert-aenderung-der-datenschutzrichtlinien#primaryimage\"},\"thumbnailUrl\":\"https:\\\/\\\/www.apfelpatient.de\\\/wp-content\\\/uploads\\\/2020\\\/12\\\/bigstock-Alanya-Turkey-May-375974407.jpg\",\"keywords\":[\"Facebook\",\"iOS\",\"TechPatient\",\"WhatsApp\"],\"articleSection\":\"News\",\"inLanguage\":\"en-US\",\"copyrightYear\":\"2021\",\"copyrightHolder\":{\"@id\":\"https:\\\/\\\/www.apfelpatient.de\\\/en\\\/#organization\"}},{\"@type\":\"WebPage\",\"@id\":\"https:\\\/\\\/www.apfelpatient.de\\\/news\\\/whatsapp-verzoegert-aenderung-der-datenschutzrichtlinien\",\"url\":\"https:\\\/\\\/www.apfelpatient.de\\\/news\\\/whatsapp-verzoegert-aenderung-der-datenschutzrichtlinien\",\"name\":\"WhatsApp verz\u00f6gert \u00c4nderung der Datenschutzrichtlinien Apfelpatient\",\"isPartOf\":{\"@id\":\"https:\\\/\\\/www.apfelpatient.de\\\/#website\"},\"primaryImageOfPage\":{\"@id\":\"https:\\\/\\\/www.apfelpatient.de\\\/news\\\/whatsapp-verzoegert-aenderung-der-datenschutzrichtlinien#primaryimage\"},\"image\":{\"@id\":\"https:\\\/\\\/www.apfelpatient.de\\\/news\\\/whatsapp-verzoegert-aenderung-der-datenschutzrichtlinien#primaryimage\"},\"thumbnailUrl\":\"https:\\\/\\\/www.apfelpatient.de\\\/wp-content\\\/uploads\\\/2020\\\/12\\\/bigstock-Alanya-Turkey-May-375974407.jpg\",\"datePublished\":\"2021-01-16T12:29:45+00:00\",\"dateModified\":\"2021-01-16T12:29:48+00:00\",\"description\":\"WhatsApp hat nun offiziell angek\u00fcndigt, dass die umstrittene und vor allem verwirrende \u00c4nderung der Datenschutzrichtlinien verschoben wird.\",\"breadcrumb\":{\"@id\":\"https:\\\/\\\/www.apfelpatient.de\\\/news\\\/whatsapp-verzoegert-aenderung-der-datenschutzrichtlinien#breadcrumb\"},\"inLanguage\":\"en-US\",\"potentialAction\":[{\"@type\":\"ReadAction\",\"target\":[\"https:\\\/\\\/www.apfelpatient.de\\\/news\\\/whatsapp-verzoegert-aenderung-der-datenschutzrichtlinien\"]}]},{\"@type\":\"ImageObject\",\"inLanguage\":\"en-US\",\"@id\":\"https:\\\/\\\/www.apfelpatient.de\\\/news\\\/whatsapp-verzoegert-aenderung-der-datenschutzrichtlinien#primaryimage\",\"url\":\"https:\\\/\\\/www.apfelpatient.de\\\/wp-content\\\/uploads\\\/2020\\\/12\\\/bigstock-Alanya-Turkey-May-375974407.jpg\",\"contentUrl\":\"https:\\\/\\\/www.apfelpatient.de\\\/wp-content\\\/uploads\\\/2020\\\/12\\\/bigstock-Alanya-Turkey-May-375974407.jpg\",\"width\":1600,\"height\":1067,\"caption\":\"Alanya, Turkey - May 14, 2020: Man holding iPhone 11 with social networking service WhatsApp on the screen. iPhone and Macbook was created and developed by the Apple inc.\"},{\"@type\":\"BreadcrumbList\",\"@id\":\"https:\\\/\\\/www.apfelpatient.de\\\/news\\\/whatsapp-verzoegert-aenderung-der-datenschutzrichtlinien#breadcrumb\",\"itemListElement\":[{\"@type\":\"ListItem\",\"position\":1,\"name\":\"Startseite\",\"item\":\"https:\\\/\\\/www.apfelpatient.de\\\/\"},{\"@type\":\"ListItem\",\"position\":2,\"name\":\"WhatsApp verz\u00f6gert \u00c4nderung der Datenschutzrichtlinien\"}]},{\"@type\":\"WebSite\",\"@id\":\"https:\\\/\\\/www.apfelpatient.de\\\/#website\",\"url\":\"https:\\\/\\\/www.apfelpatient.de\\\/\",\"name\":\"Apfelpatient\",\"description\":\"Alles rund um Apple!\",\"publisher\":{\"@type\":\"Organization\",\"@id\":\"https:\\\/\\\/www.apfelpatient.de\\\/en\\\/#organization\",\"name\":\"Apfelpatient\",\"url\":\"https:\\\/\\\/www.apfelpatient.de\\\/en\\\/\"},\"alternateName\":\"Apfelpatient\",\"potentialAction\":[{\"@type\":\"SearchAction\",\"target\":{\"@type\":\"EntryPoint\",\"urlTemplate\":\"https:\\\/\\\/www.apfelpatient.de\\\/?s={search_term_string}\"},\"query-input\":{\"@type\":\"PropertyValueSpecification\",\"valueRequired\":true,\"valueName\":\"search_term_string\"}}],\"inLanguage\":\"en-US\"},{\"@type\":[\"Person\",\"Organization\"],\"@id\":\"https:\\\/\\\/www.apfelpatient.de\\\/#\\\/schema\\\/person\\\/35b3ddba5832f2bfc7fff5206d4f6b7b\",\"name\":\"Milan\",\"logo\":{\"@id\":\"https:\\\/\\\/www.apfelpatient.de\\\/#\\\/schema\\\/person\\\/image\\\/\"},\"description\":\"Hallo und herzlich willkommen auf meinem Technik-Blog! Als gro\u00dfer Apple-Fan berichte ich hier \u00fcber alles, was mit Apple zu tun hat: von den neuesten News und spannenden Ger\u00fcchten \u00fcber hilfreiche Tipps und Tricks bis hin zu ausf\u00fchrlichen Produkttests. Wenn du genauso technikbegeistert bist wie ich, bist du hier genau richtig!\",\"sameAs\":[\"https:\\\/\\\/www.facebook.com\\\/apfelpatientOfficial\",\"https:\\\/\\\/www.linkedin.com\\\/in\\\/milan-jovicic-42aa0231b\"],\"url\":\"https:\\\/\\\/www.apfelpatient.de\\\/en\\\/author\\\/apfeladmin\"}]}<\/script>\n<!-- \/ Yoast SEO Premium plugin. -->","yoast_head_json":{"title":"WhatsApp delays change to privacy policy Apfelpatient","description":"WhatsApp has now officially announced that the controversial and, above all, confusing change to its privacy policy will be postponed.","robots":{"index":"index","follow":"follow","max-snippet":"max-snippet:-1","max-image-preview":"max-image-preview:large","max-video-preview":"max-video-preview:-1"},"canonical":"https:\/\/www.apfelpatient.de\/en\/news\/whatsapp-delays-change-of-data-protection-guidelines","og_locale":"en_US","og_type":"article","og_title":"WhatsApp verz\u00f6gert \u00c4nderung der Datenschutzrichtlinien","og_description":"WhatsApp hat nun offiziell angek\u00fcndigt, dass die umstrittene und vor allem verwirrende \u00c4nderung der Datenschutzrichtlinien verschoben wird.","og_url":"https:\/\/www.apfelpatient.de\/en\/news\/whatsapp-delays-change-of-data-protection-guidelines","og_site_name":"Apfelpatient","article_publisher":"https:\/\/www.facebook.com\/apfelpatientOfficial","article_author":"https:\/\/www.facebook.com\/apfelpatientOfficial","article_published_time":"2021-01-16T12:29:45+00:00","article_modified_time":"2021-01-16T12:29:48+00:00","og_image":[{"width":1600,"height":1067,"url":"https:\/\/www.apfelpatient.de\/wp-content\/uploads\/2020\/12\/bigstock-Alanya-Turkey-May-375974407.jpg","type":"image\/jpeg"}],"author":"Milan","twitter_card":"summary_large_image","twitter_description":"WhatsApp hat nun offiziell angek\u00fcndigt, dass die umstrittene und vor allem verwirrende \u00c4nderung der Datenschutzrichtlinien verschoben wird.","twitter_misc":{"Written by":"Milan","Est. reading time":"3 minutes"},"schema":{"@context":"https:\/\/schema.org","@graph":[{"@type":"NewsArticle","@id":"https:\/\/www.apfelpatient.de\/news\/whatsapp-verzoegert-aenderung-der-datenschutzrichtlinien#article","isPartOf":{"@id":"https:\/\/www.apfelpatient.de\/news\/whatsapp-verzoegert-aenderung-der-datenschutzrichtlinien"},"author":{"@type":"Organization","@id":"https:\/\/www.apfelpatient.de\/en\/#organization","name":"Apfelpatient","url":"https:\/\/www.apfelpatient.de\/en\/"},"headline":"WhatsApp verz\u00f6gert \u00c4nderung der Datenschutzrichtlinien","datePublished":"2021-01-16T12:29:45+00:00","dateModified":"2021-01-16T12:29:48+00:00","mainEntityOfPage":{"@id":"https:\/\/www.apfelpatient.de\/news\/whatsapp-verzoegert-aenderung-der-datenschutzrichtlinien"},"wordCount":528,"publisher":{"@type":"Organization","@id":"https:\/\/www.apfelpatient.de\/en\/#organization","name":"Apfelpatient","url":"https:\/\/www.apfelpatient.de\/en\/"},"image":{"@id":"https:\/\/www.apfelpatient.de\/news\/whatsapp-verzoegert-aenderung-der-datenschutzrichtlinien#primaryimage"},"thumbnailUrl":"https:\/\/www.apfelpatient.de\/wp-content\/uploads\/2020\/12\/bigstock-Alanya-Turkey-May-375974407.jpg","keywords":["Facebook","iOS","TechPatient","WhatsApp"],"articleSection":"News","inLanguage":"en-US","copyrightYear":"2021","copyrightHolder":{"@id":"https:\/\/www.apfelpatient.de\/en\/#organization"}},{"@type":"WebPage","@id":"https:\/\/www.apfelpatient.de\/news\/whatsapp-verzoegert-aenderung-der-datenschutzrichtlinien","url":"https:\/\/www.apfelpatient.de\/news\/whatsapp-verzoegert-aenderung-der-datenschutzrichtlinien","name":"WhatsApp delays change to privacy policy Apfelpatient","isPartOf":{"@id":"https:\/\/www.apfelpatient.de\/#website"},"primaryImageOfPage":{"@id":"https:\/\/www.apfelpatient.de\/news\/whatsapp-verzoegert-aenderung-der-datenschutzrichtlinien#primaryimage"},"image":{"@id":"https:\/\/www.apfelpatient.de\/news\/whatsapp-verzoegert-aenderung-der-datenschutzrichtlinien#primaryimage"},"thumbnailUrl":"https:\/\/www.apfelpatient.de\/wp-content\/uploads\/2020\/12\/bigstock-Alanya-Turkey-May-375974407.jpg","datePublished":"2021-01-16T12:29:45+00:00","dateModified":"2021-01-16T12:29:48+00:00","description":"WhatsApp has now officially announced that the controversial and, above all, confusing change to its privacy policy will be postponed.","breadcrumb":{"@id":"https:\/\/www.apfelpatient.de\/news\/whatsapp-verzoegert-aenderung-der-datenschutzrichtlinien#breadcrumb"},"inLanguage":"en-US","potentialAction":[{"@type":"ReadAction","target":["https:\/\/www.apfelpatient.de\/news\/whatsapp-verzoegert-aenderung-der-datenschutzrichtlinien"]}]},{"@type":"ImageObject","inLanguage":"en-US","@id":"https:\/\/www.apfelpatient.de\/news\/whatsapp-verzoegert-aenderung-der-datenschutzrichtlinien#primaryimage","url":"https:\/\/www.apfelpatient.de\/wp-content\/uploads\/2020\/12\/bigstock-Alanya-Turkey-May-375974407.jpg","contentUrl":"https:\/\/www.apfelpatient.de\/wp-content\/uploads\/2020\/12\/bigstock-Alanya-Turkey-May-375974407.jpg","width":1600,"height":1067,"caption":"Alanya, Turkey - May 14, 2020: Man holding iPhone 11 with social networking service WhatsApp on the screen. iPhone and Macbook was created and developed by the Apple inc."},{"@type":"BreadcrumbList","@id":"https:\/\/www.apfelpatient.de\/news\/whatsapp-verzoegert-aenderung-der-datenschutzrichtlinien#breadcrumb","itemListElement":[{"@type":"ListItem","position":1,"name":"Startseite","item":"https:\/\/www.apfelpatient.de\/"},{"@type":"ListItem","position":2,"name":"WhatsApp verz\u00f6gert \u00c4nderung der Datenschutzrichtlinien"}]},{"@type":"WebSite","@id":"https:\/\/www.apfelpatient.de\/#website","url":"https:\/\/www.apfelpatient.de\/","name":"apple patient","description":"Everything about Apple!","publisher":{"@type":"Organization","@id":"https:\/\/www.apfelpatient.de\/en\/#organization","name":"Apfelpatient","url":"https:\/\/www.apfelpatient.de\/en\/"},"alternateName":"Apfelpatient","potentialAction":[{"@type":"SearchAction","target":{"@type":"EntryPoint","urlTemplate":"https:\/\/www.apfelpatient.de\/?s={search_term_string}"},"query-input":{"@type":"PropertyValueSpecification","valueRequired":true,"valueName":"search_term_string"}}],"inLanguage":"en-US"},{"@type":["Person","Organization"],"@id":"https:\/\/www.apfelpatient.de\/#\/schema\/person\/35b3ddba5832f2bfc7fff5206d4f6b7b","name":"Milan","logo":{"@id":"https:\/\/www.apfelpatient.de\/#\/schema\/person\/image\/"},"description":"Hello and welcome to my technology blog! As a big Apple fan, I report on everything to do with Apple: from the latest news and exciting rumors to helpful tips and tricks and detailed product tests. If you are as enthusiastic about technology as I am, you have come to the right place!","sameAs":["https:\/\/www.facebook.com\/apfelpatientOfficial","https:\/\/www.linkedin.com\/in\/milan-jovicic-42aa0231b"],"url":"https:\/\/www.apfelpatient.de\/en\/author\/apfeladmin"}]}},"_links":{"self":[{"href":"https:\/\/www.apfelpatient.de\/en\/wp-json\/wp\/v2\/posts\/18553","targetHints":{"allow":["GET"]}}],"collection":[{"href":"https:\/\/www.apfelpatient.de\/en\/wp-json\/wp\/v2\/posts"}],"about":[{"href":"https:\/\/www.apfelpatient.de\/en\/wp-json\/wp\/v2\/types\/post"}],"author":[{"embeddable":true,"href":"https:\/\/www.apfelpatient.de\/en\/wp-json\/wp\/v2\/users\/2"}],"replies":[{"embeddable":true,"href":"https:\/\/www.apfelpatient.de\/en\/wp-json\/wp\/v2\/comments?post=18553"}],"version-history":[{"count":0,"href":"https:\/\/www.apfelpatient.de\/en\/wp-json\/wp\/v2\/posts\/18553\/revisions"}],"wp:featuredmedia":[{"embeddable":true,"href":"https:\/\/www.apfelpatient.de\/en\/wp-json\/wp\/v2\/media\/17465"}],"wp:attachment":[{"href":"https:\/\/www.apfelpatient.de\/en\/wp-json\/wp\/v2\/media?parent=18553"}],"wp:term":[{"taxonomy":"category","embeddable":true,"href":"https:\/\/www.apfelpatient.de\/en\/wp-json\/wp\/v2\/categories?post=18553"},{"taxonomy":"post_tag","embeddable":true,"href":"https:\/\/www.apfelpatient.de\/en\/wp-json\/wp\/v2\/tags?post=18553"}],"curies":[{"name":"wp","href":"https:\/\/api.w.org\/{rel}","templated":true}]}}