{"id":18548,"date":"2021-01-15T20:27:33","date_gmt":"2021-01-15T19:27:33","guid":{"rendered":"https:\/\/www.apfelpatient.de\/?p=18548"},"modified":"2025-02-06T08:01:49","modified_gmt":"2025-02-06T07:01:49","slug":"imac-2021-new-details-on-upcoming-models-and-more","status":"publish","type":"post","link":"https:\/\/www.apfelpatient.de\/en\/rumors\/imac-2021-neue-details-zu-kommenden-modellen-und-mehr","title":{"rendered":"iMac 2021: New details on upcoming models and more"},"content":{"rendered":"<p class=\"has-drop-cap\"><strong>After some details about the upcoming MacBook Pro have already been released, details about the new iMac are now following. A new external monitor and Mac Pro are also said to be in the works.<\/strong><\/p>\n\n\n\n<p>Bloomberg has already revealed details about the upcoming MacBook Pro <a href=\"https:\/\/www.apfelpatient.de\/en\/rumors\/macbook-pro-2021-these-innovations-are-coming\">provided<\/a>Now the news site has more details about Apple&#039;s Mac plans <a href=\"https:\/\/www.bloomberg.com\/news\/articles\/2021-01-15\/apple-plans-redesigned-imac-new-mac-pro-smaller-mac-pro-cheaper-monitor?sref=9hGJlFio\" target=\"_blank\" rel=\"noreferrer noopener\">disclosed<\/a>According to the report, a brand new iMac will be released this year, which will have a Pro Display XDR-like design. A low-cost external monitor and a new Mac Pro are also planned. Bloomberg claims that the new iMac will have a similar design to the Pro Display XDR. This includes the removal of the &quot;chin area&quot; on the bottom and a flat back instead of the current curved design. It will replace the existing 21.5- and 27-inch models.<\/p>\n\n\n\n<h3 class=\"wp-block-heading\" id=\"h-imac-2021-modelle-bekannt-unter-den-codenamen-j456-und-j457\">iMac 2021 models: Known by the code names J456 and J457<\/h3>\n\n\n\n\n\n\n\n<blockquote class=\"wp-block-quote is-layout-flow wp-block-quote-is-layout-flow\"><p>The new models will slim down the thick black bezels around the screen and do away with the large metal chin area in favor of a design similar to Apple&#039;s Pro Display XDR monitor. These iMacs will have a flat back, moving away from the curved back of the current iMac. Apple plans to introduce two versions - codenamed J456 and J457 - to replace the existing 21.5-inch and 27-inch models later this year.<\/p><\/blockquote>\n\n\n\n<p>The new design is said to be the biggest change. In addition, two new versions of the Mac Pro are also set to be released. In terms of design, one of these devices will be identical to the current model. The second device will be only half the size. The smaller Mac Pro could &quot;evoke nostalgia for the Power Mac G4 Cube&quot; - according to Bloomberg. The news site also claims that the large version of the Mac Pro will be released with an Intel processor, while the smaller model will be equipped with an Apple Silicon chip.<\/p>\n\n\n\n<h3 class=\"wp-block-heading\" id=\"h-neuer-apple-monitor-soll-kommen\">New Apple Monitor to come<\/h3>\n\n\n\n\n\n\n\n<p>In addition to new iMac and Mac Pro models, Apple is also working on a new external monitor. Development is said to have only recently started. This model will be advertised as the successor to the Thunderbolt Display and will be positioned at a lower price than the Pro Display XDR.<\/p>\n\n\n\n<blockquote class=\"wp-block-quote is-layout-flow wp-block-quote-is-layout-flow\" id=\"h-der-billigere-monitor-w-rde-einen-bildschirm-aufweisen-der-eher-f-r-den-consumer-als-f-r-den-professionellen-einsatz-gedacht-ist-und-h-tte-nicht-die-helligkeit-und-das-kontrastverh-ltnis-des-spitzenmodells-apple-hat-zuletzt-2011-einen-consumer-monitor-namens-thunderbolt-display-f-r-999-us-dollar-auf-den-markt-gebracht-diesen-aber-2016-wieder-eingestellt\"><p>The cheaper monitor would have a screen designed for consumer rather than professional use and would not have the brightness and contrast ratio of the top-of-the-line model. Apple last released a consumer monitor called the Thunderbolt Display in 2011 for $999, but discontinued it in 2016.<\/p><\/blockquote>\n\n\n\n<p>Bloomberg did not provide any information regarding the release date. <a href=\"https:\/\/www.apfelpatient.de\/en\">On offer: MagSafe Duo charger 18 percent cheaper<\/a>\u00a0<em>(Photo by Ruslan Ivantsov \/ Bigstockphoto)<\/em><\/p>\n\n\n\n<ul class=\"wp-block-list\"><li><a href=\"https:\/\/www.apfelpatient.de\/en\/rumors\/macbook-pro-2021-these-innovations-are-coming\">MacBook Pro 2021: These innovations are coming<\/a><\/li><\/ul>\n\n\n\n<h6 class=\"wp-block-heading translation-block\" id=\"h-kennt-ihr-schon-unsere-amazon-storefront-dort-findet-ihr-eine-handverlesene-auswahl-von-diversen-produkten-f-r-euer-iphone-und-co-viel-spa-beim-st-bern\"><em>Have you already visited our Amazon Storefront? There you&#039;ll find a hand-picked selection of various products for your iPhone and other devices \u2013 <span class=\"has-inline-color has-vivid-red-color\"><a href=\"https:\/\/www.amazon.de\/shop\/apfelpatientofficial\" class=\"ek-link\" data-wpel-link=\"exclude\" rel=\"follow noopener\" target=\"_self\"><span style=\"text-decoration: underline\" class=\"ek-underline\">enjoy browsing<\/span><\/a> !<\/span><\/em><\/h6>\n\n\n\n\n\n<h6 class=\"wp-block-heading translation-block\" id=\"h-der-beitrag-enthalt-partnerlinks\">This post contains <a data-type=\"URL\" data-id=\"https:\/\/www.apfelpatient.de\/partnerprogramm\" href=\"https:\/\/www.apfelpatient.de\/en\/partner-program\" data-wpel-link=\"internal\" target=\"_self\">affiliate links<\/a>.<\/h6>","protected":false},"excerpt":{"rendered":"<p>After some details about the upcoming MacBook Pro have already been released, details about the new iMac 2021 now follow.<\/p>","protected":false},"author":2,"featured_media":18549,"comment_status":"closed","ping_status":"closed","sticky":false,"template":"","format":"standard","meta":{"jnews-multi-image_gallery":[],"jnews_single_post":{"subtitle":"","format":"standard","video":"","gallery":"","source_name":"","source_url":"","via_name":"","via_url":"","override":[{"single_blog_custom":"","sidebar":"","second_sidebar":"","share_position":"","share_float_style":"","post_date_format":"","post_date_format_custom":"","post_reading_time_wpm":"","zoom_button_out_step":"1","zoom_button_in_step":"1","number_popup_post":"1"}],"image_override":[{"single_post_thumbnail_size":"","single_post_gallery_size":""}],"trending_post_position":"","trending_post_label":"","sponsored_post_label":"","sponsored_post_name":"","sponsored_post_url":"","sponsored_post_logo":"","sponsored_post_desc":""},"jnews_primary_category":{"id":"25"},"footnotes":""},"categories":[25],"tags":[72,40],"class_list":["post-18548","post","type-post","status-publish","format-standard","has-post-thumbnail","hentry","category-rumors","tag-imac","tag-mac"],"yoast_head":"<!-- This site is optimized with the Yoast SEO Premium plugin v27.5 (Yoast SEO v27.5) - https:\/\/yoast.com\/product\/yoast-seo-premium-wordpress\/ -->\n<title>iMac 2021: Neue Details zu kommenden Modellen und mehr Apfelpatient<\/title>\n<meta name=\"description\" content=\"Nachdem bereits einige Details zum kommenden MacBook Pro ver\u00f6ffentlicht wurden, folgen nun Einzelheiten zum neuen iMac 2021.\" \/>\n<meta name=\"robots\" content=\"index, follow, max-snippet:-1, max-image-preview:large, max-video-preview:-1\" \/>\n<link rel=\"canonical\" href=\"https:\/\/www.apfelpatient.de\/en\/rumors\/imac-2021-new-details-on-upcoming-models-and-more\" \/>\n<meta property=\"og:locale\" content=\"en_US\" \/>\n<meta property=\"og:type\" content=\"article\" \/>\n<meta property=\"og:title\" content=\"iMac 2021: Neue Details zu kommenden Modellen und mehr\" \/>\n<meta property=\"og:description\" content=\"Nachdem bereits einige Details zum kommenden MacBook Pro ver\u00f6ffentlicht wurden, folgen nun Einzelheiten zum neuen iMac 2021.\" \/>\n<meta property=\"og:url\" content=\"https:\/\/www.apfelpatient.de\/en\/rumors\/imac-2021-new-details-on-upcoming-models-and-more\" \/>\n<meta property=\"og:site_name\" content=\"Apfelpatient\" \/>\n<meta property=\"article:publisher\" content=\"https:\/\/www.facebook.com\/apfelpatientOfficial\" \/>\n<meta property=\"article:author\" content=\"https:\/\/www.facebook.com\/apfelpatientOfficial\" \/>\n<meta property=\"article:published_time\" content=\"2021-01-15T19:27:33+00:00\" \/>\n<meta property=\"article:modified_time\" content=\"2025-02-06T07:01:49+00:00\" \/>\n<meta property=\"og:image\" content=\"https:\/\/www.apfelpatient.de\/wp-content\/uploads\/2021\/01\/bigstock-UKRAINE-RIVNE-December-160128386.jpg\" \/>\n\t<meta property=\"og:image:width\" content=\"1600\" \/>\n\t<meta property=\"og:image:height\" content=\"1067\" \/>\n\t<meta property=\"og:image:type\" content=\"image\/jpeg\" \/>\n<meta name=\"author\" content=\"Milan\" \/>\n<meta name=\"twitter:card\" content=\"summary_large_image\" \/>\n<meta name=\"twitter:description\" content=\"Nachdem bereits einige Details zum kommenden MacBook Pro ver\u00f6ffentlicht wurden, folgen nun Einzelheiten zum neuen iMac 2021.\" \/>\n<meta name=\"twitter:label1\" content=\"Written by\" \/>\n\t<meta name=\"twitter:data1\" content=\"Milan\" \/>\n\t<meta name=\"twitter:label2\" content=\"Est. reading time\" \/>\n\t<meta name=\"twitter:data2\" content=\"2 minutes\" \/>\n<script type=\"application\/ld+json\" class=\"yoast-schema-graph\">{\"@context\":\"https:\\\/\\\/schema.org\",\"@graph\":[{\"@type\":\"NewsArticle\",\"@id\":\"https:\\\/\\\/www.apfelpatient.de\\\/rumors\\\/imac-2021-neue-details-zu-kommenden-modellen-und-mehr#article\",\"isPartOf\":{\"@id\":\"https:\\\/\\\/www.apfelpatient.de\\\/rumors\\\/imac-2021-neue-details-zu-kommenden-modellen-und-mehr\"},\"author\":{\"@type\":\"Organization\",\"@id\":\"https:\\\/\\\/www.apfelpatient.de\\\/en\\\/#organization\",\"name\":\"Apfelpatient\",\"url\":\"https:\\\/\\\/www.apfelpatient.de\\\/en\\\/\"},\"headline\":\"iMac 2021: Neue Details zu kommenden Modellen und mehr\",\"datePublished\":\"2021-01-15T19:27:33+00:00\",\"dateModified\":\"2025-02-06T07:01:49+00:00\",\"mainEntityOfPage\":{\"@id\":\"https:\\\/\\\/www.apfelpatient.de\\\/rumors\\\/imac-2021-neue-details-zu-kommenden-modellen-und-mehr\"},\"wordCount\":441,\"publisher\":{\"@type\":\"Organization\",\"@id\":\"https:\\\/\\\/www.apfelpatient.de\\\/en\\\/#organization\",\"name\":\"Apfelpatient\",\"url\":\"https:\\\/\\\/www.apfelpatient.de\\\/en\\\/\"},\"image\":{\"@id\":\"https:\\\/\\\/www.apfelpatient.de\\\/rumors\\\/imac-2021-neue-details-zu-kommenden-modellen-und-mehr#primaryimage\"},\"thumbnailUrl\":\"https:\\\/\\\/www.apfelpatient.de\\\/wp-content\\\/uploads\\\/2021\\\/01\\\/bigstock-UKRAINE-RIVNE-December-160128386.jpg\",\"keywords\":[\"iMac\",\"Mac\"],\"articleSection\":\"Rumors\",\"inLanguage\":\"en-US\",\"copyrightYear\":\"2021\",\"copyrightHolder\":{\"@id\":\"https:\\\/\\\/www.apfelpatient.de\\\/en\\\/#organization\"}},{\"@type\":\"WebPage\",\"@id\":\"https:\\\/\\\/www.apfelpatient.de\\\/rumors\\\/imac-2021-neue-details-zu-kommenden-modellen-und-mehr\",\"url\":\"https:\\\/\\\/www.apfelpatient.de\\\/rumors\\\/imac-2021-neue-details-zu-kommenden-modellen-und-mehr\",\"name\":\"iMac 2021: Neue Details zu kommenden Modellen und mehr Apfelpatient\",\"isPartOf\":{\"@id\":\"https:\\\/\\\/www.apfelpatient.de\\\/#website\"},\"primaryImageOfPage\":{\"@id\":\"https:\\\/\\\/www.apfelpatient.de\\\/rumors\\\/imac-2021-neue-details-zu-kommenden-modellen-und-mehr#primaryimage\"},\"image\":{\"@id\":\"https:\\\/\\\/www.apfelpatient.de\\\/rumors\\\/imac-2021-neue-details-zu-kommenden-modellen-und-mehr#primaryimage\"},\"thumbnailUrl\":\"https:\\\/\\\/www.apfelpatient.de\\\/wp-content\\\/uploads\\\/2021\\\/01\\\/bigstock-UKRAINE-RIVNE-December-160128386.jpg\",\"datePublished\":\"2021-01-15T19:27:33+00:00\",\"dateModified\":\"2025-02-06T07:01:49+00:00\",\"description\":\"Nachdem bereits einige Details zum kommenden MacBook Pro ver\u00f6ffentlicht wurden, folgen nun Einzelheiten zum neuen iMac 2021.\",\"breadcrumb\":{\"@id\":\"https:\\\/\\\/www.apfelpatient.de\\\/rumors\\\/imac-2021-neue-details-zu-kommenden-modellen-und-mehr#breadcrumb\"},\"inLanguage\":\"en-US\",\"potentialAction\":[{\"@type\":\"ReadAction\",\"target\":[\"https:\\\/\\\/www.apfelpatient.de\\\/rumors\\\/imac-2021-neue-details-zu-kommenden-modellen-und-mehr\"]}]},{\"@type\":\"ImageObject\",\"inLanguage\":\"en-US\",\"@id\":\"https:\\\/\\\/www.apfelpatient.de\\\/rumors\\\/imac-2021-neue-details-zu-kommenden-modellen-und-mehr#primaryimage\",\"url\":\"https:\\\/\\\/www.apfelpatient.de\\\/wp-content\\\/uploads\\\/2021\\\/01\\\/bigstock-UKRAINE-RIVNE-December-160128386.jpg\",\"contentUrl\":\"https:\\\/\\\/www.apfelpatient.de\\\/wp-content\\\/uploads\\\/2021\\\/01\\\/bigstock-UKRAINE-RIVNE-December-160128386.jpg\",\"width\":1600,\"height\":1067,\"caption\":\"UKRAINE, RIVNE, December 2, 2016. Apple Computer iMac 27 retina display 5K keyboard and magic mouse on black table.\"},{\"@type\":\"BreadcrumbList\",\"@id\":\"https:\\\/\\\/www.apfelpatient.de\\\/rumors\\\/imac-2021-neue-details-zu-kommenden-modellen-und-mehr#breadcrumb\",\"itemListElement\":[{\"@type\":\"ListItem\",\"position\":1,\"name\":\"Startseite\",\"item\":\"https:\\\/\\\/www.apfelpatient.de\\\/\"},{\"@type\":\"ListItem\",\"position\":2,\"name\":\"iMac 2021: Neue Details zu kommenden Modellen und mehr\"}]},{\"@type\":\"WebSite\",\"@id\":\"https:\\\/\\\/www.apfelpatient.de\\\/#website\",\"url\":\"https:\\\/\\\/www.apfelpatient.de\\\/\",\"name\":\"Apfelpatient\",\"description\":\"Alles rund um Apple!\",\"publisher\":{\"@type\":\"Organization\",\"@id\":\"https:\\\/\\\/www.apfelpatient.de\\\/en\\\/#organization\",\"name\":\"Apfelpatient\",\"url\":\"https:\\\/\\\/www.apfelpatient.de\\\/en\\\/\"},\"alternateName\":\"Apfelpatient\",\"potentialAction\":[{\"@type\":\"SearchAction\",\"target\":{\"@type\":\"EntryPoint\",\"urlTemplate\":\"https:\\\/\\\/www.apfelpatient.de\\\/?s={search_term_string}\"},\"query-input\":{\"@type\":\"PropertyValueSpecification\",\"valueRequired\":true,\"valueName\":\"search_term_string\"}}],\"inLanguage\":\"en-US\"},{\"@type\":[\"Person\",\"Organization\"],\"@id\":\"https:\\\/\\\/www.apfelpatient.de\\\/#\\\/schema\\\/person\\\/35b3ddba5832f2bfc7fff5206d4f6b7b\",\"name\":\"Milan\",\"logo\":{\"@id\":\"https:\\\/\\\/www.apfelpatient.de\\\/#\\\/schema\\\/person\\\/image\\\/\"},\"description\":\"Hallo und herzlich willkommen auf meinem Technik-Blog! Als gro\u00dfer Apple-Fan berichte ich hier \u00fcber alles, was mit Apple zu tun hat: von den neuesten News und spannenden Ger\u00fcchten \u00fcber hilfreiche Tipps und Tricks bis hin zu ausf\u00fchrlichen Produkttests. Wenn du genauso technikbegeistert bist wie ich, bist du hier genau richtig!\",\"sameAs\":[\"https:\\\/\\\/www.facebook.com\\\/apfelpatientOfficial\",\"https:\\\/\\\/www.linkedin.com\\\/in\\\/milan-jovicic-42aa0231b\"],\"url\":\"https:\\\/\\\/www.apfelpatient.de\\\/en\\\/author\\\/apfeladmin\"}]}<\/script>\n<!-- \/ Yoast SEO Premium plugin. -->","yoast_head_json":{"title":"iMac 2021: New details on upcoming models and more Apfelpatient","description":"After some details about the upcoming MacBook Pro have already been released, details about the new iMac 2021 now follow.","robots":{"index":"index","follow":"follow","max-snippet":"max-snippet:-1","max-image-preview":"max-image-preview:large","max-video-preview":"max-video-preview:-1"},"canonical":"https:\/\/www.apfelpatient.de\/en\/rumors\/imac-2021-new-details-on-upcoming-models-and-more","og_locale":"en_US","og_type":"article","og_title":"iMac 2021: Neue Details zu kommenden Modellen und mehr","og_description":"Nachdem bereits einige Details zum kommenden MacBook Pro ver\u00f6ffentlicht wurden, folgen nun Einzelheiten zum neuen iMac 2021.","og_url":"https:\/\/www.apfelpatient.de\/en\/rumors\/imac-2021-new-details-on-upcoming-models-and-more","og_site_name":"Apfelpatient","article_publisher":"https:\/\/www.facebook.com\/apfelpatientOfficial","article_author":"https:\/\/www.facebook.com\/apfelpatientOfficial","article_published_time":"2021-01-15T19:27:33+00:00","article_modified_time":"2025-02-06T07:01:49+00:00","og_image":[{"width":1600,"height":1067,"url":"https:\/\/www.apfelpatient.de\/wp-content\/uploads\/2021\/01\/bigstock-UKRAINE-RIVNE-December-160128386.jpg","type":"image\/jpeg"}],"author":"Milan","twitter_card":"summary_large_image","twitter_description":"Nachdem bereits einige Details zum kommenden MacBook Pro ver\u00f6ffentlicht wurden, folgen nun Einzelheiten zum neuen iMac 2021.","twitter_misc":{"Written by":"Milan","Est. reading time":"2 minutes"},"schema":{"@context":"https:\/\/schema.org","@graph":[{"@type":"NewsArticle","@id":"https:\/\/www.apfelpatient.de\/rumors\/imac-2021-neue-details-zu-kommenden-modellen-und-mehr#article","isPartOf":{"@id":"https:\/\/www.apfelpatient.de\/rumors\/imac-2021-neue-details-zu-kommenden-modellen-und-mehr"},"author":{"@type":"Organization","@id":"https:\/\/www.apfelpatient.de\/en\/#organization","name":"Apfelpatient","url":"https:\/\/www.apfelpatient.de\/en\/"},"headline":"iMac 2021: Neue Details zu kommenden Modellen und mehr","datePublished":"2021-01-15T19:27:33+00:00","dateModified":"2025-02-06T07:01:49+00:00","mainEntityOfPage":{"@id":"https:\/\/www.apfelpatient.de\/rumors\/imac-2021-neue-details-zu-kommenden-modellen-und-mehr"},"wordCount":441,"publisher":{"@type":"Organization","@id":"https:\/\/www.apfelpatient.de\/en\/#organization","name":"Apfelpatient","url":"https:\/\/www.apfelpatient.de\/en\/"},"image":{"@id":"https:\/\/www.apfelpatient.de\/rumors\/imac-2021-neue-details-zu-kommenden-modellen-und-mehr#primaryimage"},"thumbnailUrl":"https:\/\/www.apfelpatient.de\/wp-content\/uploads\/2021\/01\/bigstock-UKRAINE-RIVNE-December-160128386.jpg","keywords":["iMac","Mac"],"articleSection":"Rumors","inLanguage":"en-US","copyrightYear":"2021","copyrightHolder":{"@id":"https:\/\/www.apfelpatient.de\/en\/#organization"}},{"@type":"WebPage","@id":"https:\/\/www.apfelpatient.de\/rumors\/imac-2021-neue-details-zu-kommenden-modellen-und-mehr","url":"https:\/\/www.apfelpatient.de\/rumors\/imac-2021-neue-details-zu-kommenden-modellen-und-mehr","name":"iMac 2021: New details on upcoming models and more Apfelpatient","isPartOf":{"@id":"https:\/\/www.apfelpatient.de\/#website"},"primaryImageOfPage":{"@id":"https:\/\/www.apfelpatient.de\/rumors\/imac-2021-neue-details-zu-kommenden-modellen-und-mehr#primaryimage"},"image":{"@id":"https:\/\/www.apfelpatient.de\/rumors\/imac-2021-neue-details-zu-kommenden-modellen-und-mehr#primaryimage"},"thumbnailUrl":"https:\/\/www.apfelpatient.de\/wp-content\/uploads\/2021\/01\/bigstock-UKRAINE-RIVNE-December-160128386.jpg","datePublished":"2021-01-15T19:27:33+00:00","dateModified":"2025-02-06T07:01:49+00:00","description":"After some details about the upcoming MacBook Pro have already been released, details about the new iMac 2021 now follow.","breadcrumb":{"@id":"https:\/\/www.apfelpatient.de\/rumors\/imac-2021-neue-details-zu-kommenden-modellen-und-mehr#breadcrumb"},"inLanguage":"en-US","potentialAction":[{"@type":"ReadAction","target":["https:\/\/www.apfelpatient.de\/rumors\/imac-2021-neue-details-zu-kommenden-modellen-und-mehr"]}]},{"@type":"ImageObject","inLanguage":"en-US","@id":"https:\/\/www.apfelpatient.de\/rumors\/imac-2021-neue-details-zu-kommenden-modellen-und-mehr#primaryimage","url":"https:\/\/www.apfelpatient.de\/wp-content\/uploads\/2021\/01\/bigstock-UKRAINE-RIVNE-December-160128386.jpg","contentUrl":"https:\/\/www.apfelpatient.de\/wp-content\/uploads\/2021\/01\/bigstock-UKRAINE-RIVNE-December-160128386.jpg","width":1600,"height":1067,"caption":"UKRAINE, RIVNE, December 2, 2016. Apple Computer iMac 27 retina display 5K keyboard and magic mouse on black table."},{"@type":"BreadcrumbList","@id":"https:\/\/www.apfelpatient.de\/rumors\/imac-2021-neue-details-zu-kommenden-modellen-und-mehr#breadcrumb","itemListElement":[{"@type":"ListItem","position":1,"name":"Startseite","item":"https:\/\/www.apfelpatient.de\/"},{"@type":"ListItem","position":2,"name":"iMac 2021: Neue Details zu kommenden Modellen und mehr"}]},{"@type":"WebSite","@id":"https:\/\/www.apfelpatient.de\/#website","url":"https:\/\/www.apfelpatient.de\/","name":"apple patient","description":"Everything about Apple!","publisher":{"@type":"Organization","@id":"https:\/\/www.apfelpatient.de\/en\/#organization","name":"Apfelpatient","url":"https:\/\/www.apfelpatient.de\/en\/"},"alternateName":"Apfelpatient","potentialAction":[{"@type":"SearchAction","target":{"@type":"EntryPoint","urlTemplate":"https:\/\/www.apfelpatient.de\/?s={search_term_string}"},"query-input":{"@type":"PropertyValueSpecification","valueRequired":true,"valueName":"search_term_string"}}],"inLanguage":"en-US"},{"@type":["Person","Organization"],"@id":"https:\/\/www.apfelpatient.de\/#\/schema\/person\/35b3ddba5832f2bfc7fff5206d4f6b7b","name":"Milan","logo":{"@id":"https:\/\/www.apfelpatient.de\/#\/schema\/person\/image\/"},"description":"Hello and welcome to my technology blog! As a big Apple fan, I report on everything to do with Apple: from the latest news and exciting rumors to helpful tips and tricks and detailed product tests. If you are as enthusiastic about technology as I am, you have come to the right place!","sameAs":["https:\/\/www.facebook.com\/apfelpatientOfficial","https:\/\/www.linkedin.com\/in\/milan-jovicic-42aa0231b"],"url":"https:\/\/www.apfelpatient.de\/en\/author\/apfeladmin"}]}},"_links":{"self":[{"href":"https:\/\/www.apfelpatient.de\/en\/wp-json\/wp\/v2\/posts\/18548","targetHints":{"allow":["GET"]}}],"collection":[{"href":"https:\/\/www.apfelpatient.de\/en\/wp-json\/wp\/v2\/posts"}],"about":[{"href":"https:\/\/www.apfelpatient.de\/en\/wp-json\/wp\/v2\/types\/post"}],"author":[{"embeddable":true,"href":"https:\/\/www.apfelpatient.de\/en\/wp-json\/wp\/v2\/users\/2"}],"replies":[{"embeddable":true,"href":"https:\/\/www.apfelpatient.de\/en\/wp-json\/wp\/v2\/comments?post=18548"}],"version-history":[{"count":0,"href":"https:\/\/www.apfelpatient.de\/en\/wp-json\/wp\/v2\/posts\/18548\/revisions"}],"wp:featuredmedia":[{"embeddable":true,"href":"https:\/\/www.apfelpatient.de\/en\/wp-json\/wp\/v2\/media\/18549"}],"wp:attachment":[{"href":"https:\/\/www.apfelpatient.de\/en\/wp-json\/wp\/v2\/media?parent=18548"}],"wp:term":[{"taxonomy":"category","embeddable":true,"href":"https:\/\/www.apfelpatient.de\/en\/wp-json\/wp\/v2\/categories?post=18548"},{"taxonomy":"post_tag","embeddable":true,"href":"https:\/\/www.apfelpatient.de\/en\/wp-json\/wp\/v2\/tags?post=18548"}],"curies":[{"name":"wp","href":"https:\/\/api.w.org\/{rel}","templated":true}]}}