{"id":18525,"date":"2021-01-15T16:45:20","date_gmt":"2021-01-15T15:45:20","guid":{"rendered":"https:\/\/www.apfelpatient.de\/?p=18525"},"modified":"2025-02-06T08:01:33","modified_gmt":"2025-02-06T07:01:33","slug":"macbook-pro-2021-these-innovations-are-coming","status":"publish","type":"post","link":"https:\/\/www.apfelpatient.de\/en\/rumors\/macbook-pro-2021-diese-neuerungen-sollen-kommen","title":{"rendered":"MacBook Pro 2021: These innovations are coming"},"content":{"rendered":"<p class=\"has-drop-cap\"><strong>We have often read rumors that Apple plans to introduce the 14- and 16-inch MacBook Pro this year. But now we have concrete details about the specifications for the first time.<\/strong><\/p>\n\n\n\n<p>Rumors about new MacBook Pro models have been with us for some time. It is repeatedly claimed that the new professional notebooks will have a new design. But not much more was known. Now the reliable Apple analyst Ming-Chi Kuo has spoken out and given the first details. According to him, the two MacBook Pro models will have 14- and 16-inch displays and will only be equipped with an Apple Silicon chip. This means that there will not be an Intel version. In addition, the devices will reportedly not have a Touch Bar. Instead, physical function keys will be used again. The decision is said to have been made based on customer feedback. In addition, the MacBook Pro 2021 will have a MagSafe charging port along with built-in IO ports. According to Kuo, most users will not need any additional adapters.<\/p>\n\n\n\n<h3 class=\"wp-block-heading\" id=\"h-macbook-pro-2021-magsafe-sorgt-f-r-schnelles-aufladen\">MacBook Pro 2021: MagSafe ensures fast charging<\/h3>\n\n\n\n\n\n\n\n<p>The new case design is said to have angled sides on both the top and bottom halves of the device, following the flat edge design trend that started with the 2018 iPad Pro and was adopted in the 2020 iPhone 12 series. Kuo does not specify exactly which IO ports will be offered. The current 13-inch and 16-inch high-end models of the MacBook Pro have four Thunderbolt 3 USB-C ports, two on each side. In the meantime, Bloomberg has also published a post confirming Kuo&#039;s statements. Regarding the MagSafe charging port, the <a href=\"https:\/\/www.bloomberg.com\/news\/articles\/2021-01-15\/apple-macbook-pros-with-magsafe-return-in-the-works\" target=\"_blank\" rel=\"noreferrer noopener\">news site<\/a> as follows:<\/p>\n\n\n\n<h3 class=\"wp-block-heading\" id=\"h-apple-wird-auch-das-macbook-air-berarbeiten\">Apple will also redesign the MacBook Air<\/h3>\n\n\n\n<blockquote class=\"wp-block-quote is-layout-flow wp-block-quote-is-layout-flow\" id=\"h-die-r-ckkehr-von-magsafe-mit-den-n-chsten-macbook-pros-wird-es-diesen-laptops-auch-erm-glichen-mit-einer-schnelleren-geschwindigkeit-zu-laden-der-anschluss-wird-dem-l-nglichen-pillenf-rmigen-design-des-lteren-magsafe-anschlusses-hnlich-sein-trotz-der-abkehr-von-usb-c-zum-aufladen-wird-apple-weiterhin-mehrere-usb-c-anschl-sse-in-seinen-zuk-nftigen-macs-einbauen\"><p>The return of MagSafe with the next MacBook Pros will also allow these laptops to charge at a faster speed. The port will be similar to the elongated, pill-shaped design of the older MagSafe connector. Despite the move away from USB-C for charging, Apple will continue to include multiple USB-C ports in its future Macs.<\/p><\/blockquote>\n\n\n\n<p>In addition, Bloomberg emphasized again that the two devices will feature mini-LED technology. Finally, the MacBook Air was also commented on. According to the source, an update is also planned for the small model. This will follow the MacBook Pro 2021 models but will not be presented until 2022 at the earliest. Regarding the release date of the new Pro versions, it was stated that an announcement will be made in the middle or end of this year. <a href=\"https:\/\/www.apfelpatient.de\/en\">On offer: MagSafe Duo charger 18 percent cheaper<\/a>\u00a0<em>(Photo by D_Zheleva \/ Bigstockphoto)<\/em><\/p>\n\n\n\n\n\n<h6 class=\"wp-block-heading translation-block\" id=\"h-kennt-ihr-schon-unsere-amazon-storefront-dort-findet-ihr-eine-handverlesene-auswahl-von-diversen-produkten-f-r-euer-iphone-und-co-viel-spa-beim-st-bern\"><em>Have you already visited our Amazon Storefront? There you&#039;ll find a hand-picked selection of various products for your iPhone and other devices \u2013 <span class=\"has-inline-color has-vivid-red-color\"><a href=\"https:\/\/www.amazon.de\/shop\/apfelpatientofficial\" class=\"ek-link\" data-wpel-link=\"exclude\" rel=\"follow noopener\" target=\"_self\"><span style=\"text-decoration: underline\" class=\"ek-underline\">enjoy browsing<\/span><\/a> !<\/span><\/em><\/h6>\n\n\n\n<h6 class=\"wp-block-heading translation-block\" id=\"h-der-beitrag-enthalt-partnerlinks\">This post contains <a data-type=\"URL\" data-id=\"https:\/\/www.apfelpatient.de\/partnerprogramm\" href=\"https:\/\/www.apfelpatient.de\/en\/partner-program\" data-wpel-link=\"internal\" target=\"_self\">affiliate links<\/a>.<\/h6>","protected":false},"excerpt":{"rendered":"<p>We have often read rumors that Apple wants to update the MacBook Pro in 2021. Now there are details about the specifications.<\/p>","protected":false},"author":2,"featured_media":18526,"comment_status":"closed","ping_status":"closed","sticky":false,"template":"","format":"standard","meta":{"jnews-multi-image_gallery":[],"jnews_single_post":{"subtitle":"","format":"standard","video":"","gallery":"","source_name":"","source_url":"","via_name":"","via_url":"","override":[{"single_blog_custom":"","sidebar":"","second_sidebar":"","share_position":"","share_float_style":"","post_date_format":"","post_date_format_custom":"","post_reading_time_wpm":"","zoom_button_out_step":"1","zoom_button_in_step":"1","number_popup_post":"1"}],"image_override":[{"single_post_thumbnail_size":"","single_post_gallery_size":""}],"trending_post_position":"","trending_post_label":"","sponsored_post_label":"","sponsored_post_name":"","sponsored_post_url":"","sponsored_post_logo":"","sponsored_post_desc":""},"jnews_primary_category":{"id":"25"},"footnotes":""},"categories":[25],"tags":[40,50],"class_list":["post-18525","post","type-post","status-publish","format-standard","has-post-thumbnail","hentry","category-rumors","tag-mac","tag-macbook-pro"],"yoast_head":"<!-- This site is optimized with the Yoast SEO Premium plugin v27.5 (Yoast SEO v27.5) - https:\/\/yoast.com\/product\/yoast-seo-premium-wordpress\/ -->\n<title>MacBook Pro 2021: Diese Neuerungen sollen kommen Apfelpatient<\/title>\n<meta name=\"description\" content=\"Ger\u00fcchte, wonach Apple das MacBook Pro in 2021 aktualisieren m\u00f6chte, haben wir \u00f6fters gelesen. Nun gibt es Details zu den Spezifikationen.\" \/>\n<meta name=\"robots\" content=\"index, follow, max-snippet:-1, max-image-preview:large, max-video-preview:-1\" \/>\n<link rel=\"canonical\" href=\"https:\/\/www.apfelpatient.de\/en\/rumors\/macbook-pro-2021-these-innovations-are-coming\" \/>\n<meta property=\"og:locale\" content=\"en_US\" \/>\n<meta property=\"og:type\" content=\"article\" \/>\n<meta property=\"og:title\" content=\"MacBook Pro 2021: Diese Neuerungen sollen kommen\" \/>\n<meta property=\"og:description\" content=\"Ger\u00fcchte, wonach Apple das MacBook Pro in 2021 aktualisieren m\u00f6chte, haben wir \u00f6fters gelesen. Nun gibt es Details zu den Spezifikationen.\" \/>\n<meta property=\"og:url\" content=\"https:\/\/www.apfelpatient.de\/en\/rumors\/macbook-pro-2021-these-innovations-are-coming\" \/>\n<meta property=\"og:site_name\" content=\"Apfelpatient\" \/>\n<meta property=\"article:publisher\" content=\"https:\/\/www.facebook.com\/apfelpatientOfficial\" \/>\n<meta property=\"article:author\" content=\"https:\/\/www.facebook.com\/apfelpatientOfficial\" \/>\n<meta property=\"article:published_time\" content=\"2021-01-15T15:45:20+00:00\" \/>\n<meta property=\"article:modified_time\" content=\"2025-02-06T07:01:33+00:00\" \/>\n<meta property=\"og:image\" content=\"https:\/\/www.apfelpatient.de\/wp-content\/uploads\/2021\/01\/bigstock-Burgas-Bulgaria-August-280009921.jpg\" \/>\n\t<meta property=\"og:image:width\" content=\"1600\" \/>\n\t<meta property=\"og:image:height\" content=\"1067\" \/>\n\t<meta property=\"og:image:type\" content=\"image\/jpeg\" \/>\n<meta name=\"author\" content=\"Milan\" \/>\n<meta name=\"twitter:card\" content=\"summary_large_image\" \/>\n<meta name=\"twitter:description\" content=\"Ger\u00fcchte, wonach Apple das MacBook Pro in 2021 aktualisieren m\u00f6chte, haben wir \u00f6fters gelesen. Nun gibt es Details zu den Spezifikationen.\" \/>\n<meta name=\"twitter:label1\" content=\"Written by\" \/>\n\t<meta name=\"twitter:data1\" content=\"Milan\" \/>\n\t<meta name=\"twitter:label2\" content=\"Est. reading time\" \/>\n\t<meta name=\"twitter:data2\" content=\"2 minutes\" \/>\n<script type=\"application\/ld+json\" class=\"yoast-schema-graph\">{\"@context\":\"https:\\\/\\\/schema.org\",\"@graph\":[{\"@type\":\"NewsArticle\",\"@id\":\"https:\\\/\\\/www.apfelpatient.de\\\/rumors\\\/macbook-pro-2021-diese-neuerungen-sollen-kommen#article\",\"isPartOf\":{\"@id\":\"https:\\\/\\\/www.apfelpatient.de\\\/rumors\\\/macbook-pro-2021-diese-neuerungen-sollen-kommen\"},\"author\":{\"@type\":\"Organization\",\"@id\":\"https:\\\/\\\/www.apfelpatient.de\\\/en\\\/#organization\",\"name\":\"Apfelpatient\",\"url\":\"https:\\\/\\\/www.apfelpatient.de\\\/en\\\/\"},\"headline\":\"MacBook Pro 2021: Diese Neuerungen sollen kommen\",\"datePublished\":\"2021-01-15T15:45:20+00:00\",\"dateModified\":\"2025-02-06T07:01:33+00:00\",\"mainEntityOfPage\":{\"@id\":\"https:\\\/\\\/www.apfelpatient.de\\\/rumors\\\/macbook-pro-2021-diese-neuerungen-sollen-kommen\"},\"wordCount\":440,\"publisher\":{\"@type\":\"Organization\",\"@id\":\"https:\\\/\\\/www.apfelpatient.de\\\/en\\\/#organization\",\"name\":\"Apfelpatient\",\"url\":\"https:\\\/\\\/www.apfelpatient.de\\\/en\\\/\"},\"image\":{\"@id\":\"https:\\\/\\\/www.apfelpatient.de\\\/rumors\\\/macbook-pro-2021-diese-neuerungen-sollen-kommen#primaryimage\"},\"thumbnailUrl\":\"https:\\\/\\\/www.apfelpatient.de\\\/wp-content\\\/uploads\\\/2021\\\/01\\\/bigstock-Burgas-Bulgaria-August-280009921.jpg\",\"keywords\":[\"Mac\",\"MacBook Pro\"],\"articleSection\":\"Rumors\",\"inLanguage\":\"en-US\",\"copyrightYear\":\"2021\",\"copyrightHolder\":{\"@id\":\"https:\\\/\\\/www.apfelpatient.de\\\/en\\\/#organization\"}},{\"@type\":\"WebPage\",\"@id\":\"https:\\\/\\\/www.apfelpatient.de\\\/rumors\\\/macbook-pro-2021-diese-neuerungen-sollen-kommen\",\"url\":\"https:\\\/\\\/www.apfelpatient.de\\\/rumors\\\/macbook-pro-2021-diese-neuerungen-sollen-kommen\",\"name\":\"MacBook Pro 2021: Diese Neuerungen sollen kommen Apfelpatient\",\"isPartOf\":{\"@id\":\"https:\\\/\\\/www.apfelpatient.de\\\/#website\"},\"primaryImageOfPage\":{\"@id\":\"https:\\\/\\\/www.apfelpatient.de\\\/rumors\\\/macbook-pro-2021-diese-neuerungen-sollen-kommen#primaryimage\"},\"image\":{\"@id\":\"https:\\\/\\\/www.apfelpatient.de\\\/rumors\\\/macbook-pro-2021-diese-neuerungen-sollen-kommen#primaryimage\"},\"thumbnailUrl\":\"https:\\\/\\\/www.apfelpatient.de\\\/wp-content\\\/uploads\\\/2021\\\/01\\\/bigstock-Burgas-Bulgaria-August-280009921.jpg\",\"datePublished\":\"2021-01-15T15:45:20+00:00\",\"dateModified\":\"2025-02-06T07:01:33+00:00\",\"description\":\"Ger\u00fcchte, wonach Apple das MacBook Pro in 2021 aktualisieren m\u00f6chte, haben wir \u00f6fters gelesen. Nun gibt es Details zu den Spezifikationen.\",\"breadcrumb\":{\"@id\":\"https:\\\/\\\/www.apfelpatient.de\\\/rumors\\\/macbook-pro-2021-diese-neuerungen-sollen-kommen#breadcrumb\"},\"inLanguage\":\"en-US\",\"potentialAction\":[{\"@type\":\"ReadAction\",\"target\":[\"https:\\\/\\\/www.apfelpatient.de\\\/rumors\\\/macbook-pro-2021-diese-neuerungen-sollen-kommen\"]}]},{\"@type\":\"ImageObject\",\"inLanguage\":\"en-US\",\"@id\":\"https:\\\/\\\/www.apfelpatient.de\\\/rumors\\\/macbook-pro-2021-diese-neuerungen-sollen-kommen#primaryimage\",\"url\":\"https:\\\/\\\/www.apfelpatient.de\\\/wp-content\\\/uploads\\\/2021\\\/01\\\/bigstock-Burgas-Bulgaria-August-280009921.jpg\",\"contentUrl\":\"https:\\\/\\\/www.apfelpatient.de\\\/wp-content\\\/uploads\\\/2021\\\/01\\\/bigstock-Burgas-Bulgaria-August-280009921.jpg\",\"width\":1600,\"height\":1067,\"caption\":\"BURGAS, BULGARIA - AUGUST 31, 2017: MacBook Pro Retina Display with Touch bar and a Touch ID sensor integrated into the Power button, made by Apple Inc. on white wooden background.\"},{\"@type\":\"BreadcrumbList\",\"@id\":\"https:\\\/\\\/www.apfelpatient.de\\\/rumors\\\/macbook-pro-2021-diese-neuerungen-sollen-kommen#breadcrumb\",\"itemListElement\":[{\"@type\":\"ListItem\",\"position\":1,\"name\":\"Startseite\",\"item\":\"https:\\\/\\\/www.apfelpatient.de\\\/\"},{\"@type\":\"ListItem\",\"position\":2,\"name\":\"MacBook Pro 2021: Diese Neuerungen sollen kommen\"}]},{\"@type\":\"WebSite\",\"@id\":\"https:\\\/\\\/www.apfelpatient.de\\\/#website\",\"url\":\"https:\\\/\\\/www.apfelpatient.de\\\/\",\"name\":\"Apfelpatient\",\"description\":\"Alles rund um Apple!\",\"publisher\":{\"@type\":\"Organization\",\"@id\":\"https:\\\/\\\/www.apfelpatient.de\\\/en\\\/#organization\",\"name\":\"Apfelpatient\",\"url\":\"https:\\\/\\\/www.apfelpatient.de\\\/en\\\/\"},\"alternateName\":\"Apfelpatient\",\"potentialAction\":[{\"@type\":\"SearchAction\",\"target\":{\"@type\":\"EntryPoint\",\"urlTemplate\":\"https:\\\/\\\/www.apfelpatient.de\\\/?s={search_term_string}\"},\"query-input\":{\"@type\":\"PropertyValueSpecification\",\"valueRequired\":true,\"valueName\":\"search_term_string\"}}],\"inLanguage\":\"en-US\"},{\"@type\":[\"Person\",\"Organization\"],\"@id\":\"https:\\\/\\\/www.apfelpatient.de\\\/#\\\/schema\\\/person\\\/35b3ddba5832f2bfc7fff5206d4f6b7b\",\"name\":\"Milan\",\"logo\":{\"@id\":\"https:\\\/\\\/www.apfelpatient.de\\\/#\\\/schema\\\/person\\\/image\\\/\"},\"description\":\"Hallo und herzlich willkommen auf meinem Technik-Blog! Als gro\u00dfer Apple-Fan berichte ich hier \u00fcber alles, was mit Apple zu tun hat: von den neuesten News und spannenden Ger\u00fcchten \u00fcber hilfreiche Tipps und Tricks bis hin zu ausf\u00fchrlichen Produkttests. Wenn du genauso technikbegeistert bist wie ich, bist du hier genau richtig!\",\"sameAs\":[\"https:\\\/\\\/www.facebook.com\\\/apfelpatientOfficial\",\"https:\\\/\\\/www.linkedin.com\\\/in\\\/milan-jovicic-42aa0231b\"],\"url\":\"https:\\\/\\\/www.apfelpatient.de\\\/en\\\/author\\\/apfeladmin\"}]}<\/script>\n<!-- \/ Yoast SEO Premium plugin. -->","yoast_head_json":{"title":"MacBook Pro 2021: These innovations are expected Apfelpatient","description":"We have often read rumors that Apple wants to update the MacBook Pro in 2021. Now there are details about the specifications.","robots":{"index":"index","follow":"follow","max-snippet":"max-snippet:-1","max-image-preview":"max-image-preview:large","max-video-preview":"max-video-preview:-1"},"canonical":"https:\/\/www.apfelpatient.de\/en\/rumors\/macbook-pro-2021-these-innovations-are-coming","og_locale":"en_US","og_type":"article","og_title":"MacBook Pro 2021: Diese Neuerungen sollen kommen","og_description":"Ger\u00fcchte, wonach Apple das MacBook Pro in 2021 aktualisieren m\u00f6chte, haben wir \u00f6fters gelesen. Nun gibt es Details zu den Spezifikationen.","og_url":"https:\/\/www.apfelpatient.de\/en\/rumors\/macbook-pro-2021-these-innovations-are-coming","og_site_name":"Apfelpatient","article_publisher":"https:\/\/www.facebook.com\/apfelpatientOfficial","article_author":"https:\/\/www.facebook.com\/apfelpatientOfficial","article_published_time":"2021-01-15T15:45:20+00:00","article_modified_time":"2025-02-06T07:01:33+00:00","og_image":[{"width":1600,"height":1067,"url":"https:\/\/www.apfelpatient.de\/wp-content\/uploads\/2021\/01\/bigstock-Burgas-Bulgaria-August-280009921.jpg","type":"image\/jpeg"}],"author":"Milan","twitter_card":"summary_large_image","twitter_description":"Ger\u00fcchte, wonach Apple das MacBook Pro in 2021 aktualisieren m\u00f6chte, haben wir \u00f6fters gelesen. Nun gibt es Details zu den Spezifikationen.","twitter_misc":{"Written by":"Milan","Est. reading time":"2 minutes"},"schema":{"@context":"https:\/\/schema.org","@graph":[{"@type":"NewsArticle","@id":"https:\/\/www.apfelpatient.de\/rumors\/macbook-pro-2021-diese-neuerungen-sollen-kommen#article","isPartOf":{"@id":"https:\/\/www.apfelpatient.de\/rumors\/macbook-pro-2021-diese-neuerungen-sollen-kommen"},"author":{"@type":"Organization","@id":"https:\/\/www.apfelpatient.de\/en\/#organization","name":"Apfelpatient","url":"https:\/\/www.apfelpatient.de\/en\/"},"headline":"MacBook Pro 2021: Diese Neuerungen sollen kommen","datePublished":"2021-01-15T15:45:20+00:00","dateModified":"2025-02-06T07:01:33+00:00","mainEntityOfPage":{"@id":"https:\/\/www.apfelpatient.de\/rumors\/macbook-pro-2021-diese-neuerungen-sollen-kommen"},"wordCount":440,"publisher":{"@type":"Organization","@id":"https:\/\/www.apfelpatient.de\/en\/#organization","name":"Apfelpatient","url":"https:\/\/www.apfelpatient.de\/en\/"},"image":{"@id":"https:\/\/www.apfelpatient.de\/rumors\/macbook-pro-2021-diese-neuerungen-sollen-kommen#primaryimage"},"thumbnailUrl":"https:\/\/www.apfelpatient.de\/wp-content\/uploads\/2021\/01\/bigstock-Burgas-Bulgaria-August-280009921.jpg","keywords":["Mac","MacBook Pro"],"articleSection":"Rumors","inLanguage":"en-US","copyrightYear":"2021","copyrightHolder":{"@id":"https:\/\/www.apfelpatient.de\/en\/#organization"}},{"@type":"WebPage","@id":"https:\/\/www.apfelpatient.de\/rumors\/macbook-pro-2021-diese-neuerungen-sollen-kommen","url":"https:\/\/www.apfelpatient.de\/rumors\/macbook-pro-2021-diese-neuerungen-sollen-kommen","name":"MacBook Pro 2021: These innovations are expected Apfelpatient","isPartOf":{"@id":"https:\/\/www.apfelpatient.de\/#website"},"primaryImageOfPage":{"@id":"https:\/\/www.apfelpatient.de\/rumors\/macbook-pro-2021-diese-neuerungen-sollen-kommen#primaryimage"},"image":{"@id":"https:\/\/www.apfelpatient.de\/rumors\/macbook-pro-2021-diese-neuerungen-sollen-kommen#primaryimage"},"thumbnailUrl":"https:\/\/www.apfelpatient.de\/wp-content\/uploads\/2021\/01\/bigstock-Burgas-Bulgaria-August-280009921.jpg","datePublished":"2021-01-15T15:45:20+00:00","dateModified":"2025-02-06T07:01:33+00:00","description":"We have often read rumors that Apple wants to update the MacBook Pro in 2021. Now there are details about the specifications.","breadcrumb":{"@id":"https:\/\/www.apfelpatient.de\/rumors\/macbook-pro-2021-diese-neuerungen-sollen-kommen#breadcrumb"},"inLanguage":"en-US","potentialAction":[{"@type":"ReadAction","target":["https:\/\/www.apfelpatient.de\/rumors\/macbook-pro-2021-diese-neuerungen-sollen-kommen"]}]},{"@type":"ImageObject","inLanguage":"en-US","@id":"https:\/\/www.apfelpatient.de\/rumors\/macbook-pro-2021-diese-neuerungen-sollen-kommen#primaryimage","url":"https:\/\/www.apfelpatient.de\/wp-content\/uploads\/2021\/01\/bigstock-Burgas-Bulgaria-August-280009921.jpg","contentUrl":"https:\/\/www.apfelpatient.de\/wp-content\/uploads\/2021\/01\/bigstock-Burgas-Bulgaria-August-280009921.jpg","width":1600,"height":1067,"caption":"BURGAS, BULGARIA - AUGUST 31, 2017: MacBook Pro Retina Display with Touch bar and a Touch ID sensor integrated into the Power button, made by Apple Inc. on white wooden background."},{"@type":"BreadcrumbList","@id":"https:\/\/www.apfelpatient.de\/rumors\/macbook-pro-2021-diese-neuerungen-sollen-kommen#breadcrumb","itemListElement":[{"@type":"ListItem","position":1,"name":"Startseite","item":"https:\/\/www.apfelpatient.de\/"},{"@type":"ListItem","position":2,"name":"MacBook Pro 2021: Diese Neuerungen sollen kommen"}]},{"@type":"WebSite","@id":"https:\/\/www.apfelpatient.de\/#website","url":"https:\/\/www.apfelpatient.de\/","name":"apple patient","description":"Everything about Apple!","publisher":{"@type":"Organization","@id":"https:\/\/www.apfelpatient.de\/en\/#organization","name":"Apfelpatient","url":"https:\/\/www.apfelpatient.de\/en\/"},"alternateName":"Apfelpatient","potentialAction":[{"@type":"SearchAction","target":{"@type":"EntryPoint","urlTemplate":"https:\/\/www.apfelpatient.de\/?s={search_term_string}"},"query-input":{"@type":"PropertyValueSpecification","valueRequired":true,"valueName":"search_term_string"}}],"inLanguage":"en-US"},{"@type":["Person","Organization"],"@id":"https:\/\/www.apfelpatient.de\/#\/schema\/person\/35b3ddba5832f2bfc7fff5206d4f6b7b","name":"Milan","logo":{"@id":"https:\/\/www.apfelpatient.de\/#\/schema\/person\/image\/"},"description":"Hello and welcome to my technology blog! As a big Apple fan, I report on everything to do with Apple: from the latest news and exciting rumors to helpful tips and tricks and detailed product tests. If you are as enthusiastic about technology as I am, you have come to the right place!","sameAs":["https:\/\/www.facebook.com\/apfelpatientOfficial","https:\/\/www.linkedin.com\/in\/milan-jovicic-42aa0231b"],"url":"https:\/\/www.apfelpatient.de\/en\/author\/apfeladmin"}]}},"_links":{"self":[{"href":"https:\/\/www.apfelpatient.de\/en\/wp-json\/wp\/v2\/posts\/18525","targetHints":{"allow":["GET"]}}],"collection":[{"href":"https:\/\/www.apfelpatient.de\/en\/wp-json\/wp\/v2\/posts"}],"about":[{"href":"https:\/\/www.apfelpatient.de\/en\/wp-json\/wp\/v2\/types\/post"}],"author":[{"embeddable":true,"href":"https:\/\/www.apfelpatient.de\/en\/wp-json\/wp\/v2\/users\/2"}],"replies":[{"embeddable":true,"href":"https:\/\/www.apfelpatient.de\/en\/wp-json\/wp\/v2\/comments?post=18525"}],"version-history":[{"count":0,"href":"https:\/\/www.apfelpatient.de\/en\/wp-json\/wp\/v2\/posts\/18525\/revisions"}],"wp:featuredmedia":[{"embeddable":true,"href":"https:\/\/www.apfelpatient.de\/en\/wp-json\/wp\/v2\/media\/18526"}],"wp:attachment":[{"href":"https:\/\/www.apfelpatient.de\/en\/wp-json\/wp\/v2\/media?parent=18525"}],"wp:term":[{"taxonomy":"category","embeddable":true,"href":"https:\/\/www.apfelpatient.de\/en\/wp-json\/wp\/v2\/categories?post=18525"},{"taxonomy":"post_tag","embeddable":true,"href":"https:\/\/www.apfelpatient.de\/en\/wp-json\/wp\/v2\/tags?post=18525"}],"curies":[{"name":"wp","href":"https:\/\/api.w.org\/{rel}","templated":true}]}}