{"id":18499,"date":"2021-01-14T18:05:27","date_gmt":"2021-01-14T17:05:27","guid":{"rendered":"https:\/\/www.apfelpatient.de\/?p=18499"},"modified":"2025-02-06T08:01:16","modified_gmt":"2025-02-06T07:01:16","slug":"before-airtags-announcement-samsung-introduces-galaxy-smarttag","status":"publish","type":"post","link":"https:\/\/www.apfelpatient.de\/en\/news\/vor-airtags-ankuendigung-samsung-stellt-galaxy-smarttag-vor","title":{"rendered":"Before AirTags announcement: Samsung introduces Galaxy SmartTag"},"content":{"rendered":"<p class=\"has-drop-cap\"><strong>In addition to the Galaxy S21 series, Samsung has now also launched the so-called SmartTags <a href=\"https:\/\/www.apfelpatient.de\/en\/news\/samsung-follows-apples-example-hello-galaxy-s21-series\">presented<\/a>The trackers are intended to compete with Tile and Apple&#039;s unreleased AirTags.<\/strong><\/p>\n\n\n\n<p>In addition to the new Galaxy S21 lineup and the Galaxy Buds, Samsung has also launched a Bluetooth tracking tag <a href=\"https:\/\/news.samsung.com\/global\/category\/products\" target=\"_blank\" rel=\"noreferrer noopener\">presented<\/a> - the Galaxy SmartTag. The Galaxy SmartTag is a $29.99 tracking accessory that uses Bluetooth Low Energy (BLE) to help users find lost or misplaced items. It pairs with Samsung&#039;s SmartThings app and displays the last known location of an item along with its current distance via BLE signal strength. Unlike the Tile trackers currently on the market, the SmartTag only works with Samsung Galaxy devices. It will not be compatible with other Androids or even an iPhone. Although some of Samsung&#039;s latest devices come with ultra-wideband technology, the $29.99 SmartTag does not support UWB tracking.<\/p>\n\n\n\n<h3 class=\"wp-block-heading\" id=\"h-airtags-smarttag-tile-wird-es-nicht-leicht-haben\">AirTags &amp; SmartTag: Tile will not have it easy<\/h3>\n\n\n\n\n\n\n\n<p>UWB is a new technology that enables pinpoint location tracking and is expected to be one of the main features of Apple&#039;s &quot;AirTags.&quot; In addition to Apple, Tile is also expected to unveil a UWB-equipped tracker in 2021. Samsung stated that a UWB version of the SmartTag, called SmartTag+, will debut later in 2021. Although an exact release timeline is not clear, the SmartTag+ will cost $39.99. The Samsung accessories, as well as Apple&#039;s expected &quot;AirTags,&quot; are likely to put increasing pressure on Tile. In fact, Tile has already accused Apple of anti-competitive behavior in this area. Accordingly, future developments in this area remain exciting.\u00a0<a href=\"https:\/\/www.apfelpatient.de\/en\">On offer: MagSafe Duo charger 18 percent cheaper<\/a> <em>(Image: Samsung)<\/em><\/p>\n\n\n\n<h6 class=\"wp-block-heading translation-block\" id=\"h-kennt-ihr-schon-unsere-amazon-storefront-dort-findet-ihr-eine-handverlesene-auswahl-von-diversen-produkten-f-r-euer-iphone-und-co-viel-spa-beim-st-bern\"><em>Have you already visited our Amazon Storefront? There you&#039;ll find a hand-picked selection of various products for your iPhone and other devices \u2013 <span class=\"has-inline-color has-vivid-red-color\"><a href=\"https:\/\/www.amazon.de\/shop\/apfelpatientofficial\" class=\"ek-link\" data-wpel-link=\"exclude\" rel=\"follow noopener\" target=\"_self\"><span style=\"text-decoration: underline\" class=\"ek-underline\">enjoy browsing<\/span><\/a> !<\/span><\/em><\/h6>\n\n\n\n<h6 class=\"wp-block-heading translation-block\" id=\"h-der-beitrag-enthalt-partnerlinks\">This post contains <a data-type=\"URL\" data-id=\"https:\/\/www.apfelpatient.de\/partnerprogramm\" href=\"https:\/\/www.apfelpatient.de\/en\/partner-program\" data-wpel-link=\"internal\" target=\"_self\">affiliate links<\/a>.<\/h6>","protected":false},"excerpt":{"rendered":"<p>Tracking accessories: Samsung today introduced the so-called SmartTags alongside the Galaxy S21 series.<\/p>","protected":false},"author":2,"featured_media":18497,"comment_status":"closed","ping_status":"closed","sticky":false,"template":"","format":"standard","meta":{"jnews-multi-image_gallery":[],"jnews_single_post":{"subtitle":"","format":"standard","video":"","gallery":"","source_name":"","source_url":"","via_name":"","via_url":"","override":[{"single_blog_custom":"","sidebar":"","second_sidebar":"","share_position":"","share_float_style":"","post_date_format":"","post_date_format_custom":"","post_reading_time_wpm":"","zoom_button_out_step":"1","zoom_button_in_step":"1","number_popup_post":"1"}],"image_override":[{"single_post_thumbnail_size":"","single_post_gallery_size":""}],"trending_post_position":"","trending_post_label":"","sponsored_post_label":"","sponsored_post_name":"","sponsored_post_url":"","sponsored_post_logo":"","sponsored_post_desc":""},"jnews_primary_category":{"id":"9"},"footnotes":""},"categories":[9],"tags":[42,13],"class_list":["post-18499","post","type-post","status-publish","format-standard","has-post-thumbnail","hentry","category-news","tag-samsung","tag-techpatient"],"yoast_head":"<!-- This site is optimized with the Yoast SEO Premium plugin v27.5 (Yoast SEO v27.5) - https:\/\/yoast.com\/product\/yoast-seo-premium-wordpress\/ -->\n<title>Vor AirTags Ank\u00fcndigung: Samsung stellt Galaxy SmartTag vor<\/title>\n<meta name=\"description\" content=\"Tracking-Zubeh\u00f6r: Samsung hat heute neben der Galaxy S21 Reihe auch die sogenannten SmartTags vorgestellt.\" \/>\n<meta name=\"robots\" content=\"index, follow, max-snippet:-1, max-image-preview:large, max-video-preview:-1\" \/>\n<link rel=\"canonical\" href=\"https:\/\/www.apfelpatient.de\/en\/news\/before-airtags-announcement-samsung-introduces-galaxy-smarttag\" \/>\n<meta property=\"og:locale\" content=\"en_US\" \/>\n<meta property=\"og:type\" content=\"article\" \/>\n<meta property=\"og:title\" content=\"Vor AirTags Ank\u00fcndigung: Samsung stellt Galaxy SmartTag vor\" \/>\n<meta property=\"og:description\" content=\"Tracking-Zubeh\u00f6r: Samsung hat heute neben der Galaxy S21 Reihe auch die sogenannten SmartTags vorgestellt.\" \/>\n<meta property=\"og:url\" content=\"https:\/\/www.apfelpatient.de\/en\/news\/before-airtags-announcement-samsung-introduces-galaxy-smarttag\" \/>\n<meta property=\"og:site_name\" content=\"Apfelpatient\" \/>\n<meta property=\"article:publisher\" content=\"https:\/\/www.facebook.com\/apfelpatientOfficial\" \/>\n<meta property=\"article:author\" content=\"https:\/\/www.facebook.com\/apfelpatientOfficial\" \/>\n<meta property=\"article:published_time\" content=\"2021-01-14T17:05:27+00:00\" \/>\n<meta property=\"article:modified_time\" content=\"2025-02-06T07:01:16+00:00\" \/>\n<meta property=\"og:image\" content=\"https:\/\/www.apfelpatient.de\/wp-content\/uploads\/2021\/01\/Galaxy-S21_ultra_lifestyle_black_spen.jpg\" \/>\n\t<meta property=\"og:image:width\" content=\"1600\" \/>\n\t<meta property=\"og:image:height\" content=\"974\" \/>\n\t<meta property=\"og:image:type\" content=\"image\/jpeg\" \/>\n<meta name=\"author\" content=\"Milan\" \/>\n<meta name=\"twitter:card\" content=\"summary_large_image\" \/>\n<meta name=\"twitter:description\" content=\"Tracking-Zubeh\u00f6r: Samsung hat heute neben der Galaxy S21 Reihe auch die sogenannten SmartTags vorgestellt.\" \/>\n<meta name=\"twitter:label1\" content=\"Written by\" \/>\n\t<meta name=\"twitter:data1\" content=\"Milan\" \/>\n\t<meta name=\"twitter:label2\" content=\"Est. reading time\" \/>\n\t<meta name=\"twitter:data2\" content=\"1 minute\" \/>\n<script type=\"application\/ld+json\" class=\"yoast-schema-graph\">{\"@context\":\"https:\\\/\\\/schema.org\",\"@graph\":[{\"@type\":\"NewsArticle\",\"@id\":\"https:\\\/\\\/www.apfelpatient.de\\\/news\\\/vor-airtags-ankuendigung-samsung-stellt-galaxy-smarttag-vor#article\",\"isPartOf\":{\"@id\":\"https:\\\/\\\/www.apfelpatient.de\\\/news\\\/vor-airtags-ankuendigung-samsung-stellt-galaxy-smarttag-vor\"},\"author\":{\"@type\":\"Organization\",\"@id\":\"https:\\\/\\\/www.apfelpatient.de\\\/en\\\/#organization\",\"name\":\"Apfelpatient\",\"url\":\"https:\\\/\\\/www.apfelpatient.de\\\/en\\\/\"},\"headline\":\"Vor AirTags Ank\u00fcndigung: Samsung stellt Galaxy SmartTag vor\",\"datePublished\":\"2021-01-14T17:05:27+00:00\",\"dateModified\":\"2025-02-06T07:01:16+00:00\",\"mainEntityOfPage\":{\"@id\":\"https:\\\/\\\/www.apfelpatient.de\\\/news\\\/vor-airtags-ankuendigung-samsung-stellt-galaxy-smarttag-vor\"},\"wordCount\":293,\"publisher\":{\"@type\":\"Organization\",\"@id\":\"https:\\\/\\\/www.apfelpatient.de\\\/en\\\/#organization\",\"name\":\"Apfelpatient\",\"url\":\"https:\\\/\\\/www.apfelpatient.de\\\/en\\\/\"},\"image\":{\"@id\":\"https:\\\/\\\/www.apfelpatient.de\\\/news\\\/vor-airtags-ankuendigung-samsung-stellt-galaxy-smarttag-vor#primaryimage\"},\"thumbnailUrl\":\"https:\\\/\\\/www.apfelpatient.de\\\/wp-content\\\/uploads\\\/2021\\\/01\\\/Galaxy-S21_ultra_lifestyle_black_spen.jpg\",\"keywords\":[\"Samsung\",\"TechPatient\"],\"articleSection\":\"News\",\"inLanguage\":\"en-US\",\"copyrightYear\":\"2021\",\"copyrightHolder\":{\"@id\":\"https:\\\/\\\/www.apfelpatient.de\\\/en\\\/#organization\"}},{\"@type\":\"WebPage\",\"@id\":\"https:\\\/\\\/www.apfelpatient.de\\\/news\\\/vor-airtags-ankuendigung-samsung-stellt-galaxy-smarttag-vor\",\"url\":\"https:\\\/\\\/www.apfelpatient.de\\\/news\\\/vor-airtags-ankuendigung-samsung-stellt-galaxy-smarttag-vor\",\"name\":\"Vor AirTags Ank\u00fcndigung: Samsung stellt Galaxy SmartTag vor\",\"isPartOf\":{\"@id\":\"https:\\\/\\\/www.apfelpatient.de\\\/#website\"},\"primaryImageOfPage\":{\"@id\":\"https:\\\/\\\/www.apfelpatient.de\\\/news\\\/vor-airtags-ankuendigung-samsung-stellt-galaxy-smarttag-vor#primaryimage\"},\"image\":{\"@id\":\"https:\\\/\\\/www.apfelpatient.de\\\/news\\\/vor-airtags-ankuendigung-samsung-stellt-galaxy-smarttag-vor#primaryimage\"},\"thumbnailUrl\":\"https:\\\/\\\/www.apfelpatient.de\\\/wp-content\\\/uploads\\\/2021\\\/01\\\/Galaxy-S21_ultra_lifestyle_black_spen.jpg\",\"datePublished\":\"2021-01-14T17:05:27+00:00\",\"dateModified\":\"2025-02-06T07:01:16+00:00\",\"description\":\"Tracking-Zubeh\u00f6r: Samsung hat heute neben der Galaxy S21 Reihe auch die sogenannten SmartTags vorgestellt.\",\"breadcrumb\":{\"@id\":\"https:\\\/\\\/www.apfelpatient.de\\\/news\\\/vor-airtags-ankuendigung-samsung-stellt-galaxy-smarttag-vor#breadcrumb\"},\"inLanguage\":\"en-US\",\"potentialAction\":[{\"@type\":\"ReadAction\",\"target\":[\"https:\\\/\\\/www.apfelpatient.de\\\/news\\\/vor-airtags-ankuendigung-samsung-stellt-galaxy-smarttag-vor\"]}]},{\"@type\":\"ImageObject\",\"inLanguage\":\"en-US\",\"@id\":\"https:\\\/\\\/www.apfelpatient.de\\\/news\\\/vor-airtags-ankuendigung-samsung-stellt-galaxy-smarttag-vor#primaryimage\",\"url\":\"https:\\\/\\\/www.apfelpatient.de\\\/wp-content\\\/uploads\\\/2021\\\/01\\\/Galaxy-S21_ultra_lifestyle_black_spen.jpg\",\"contentUrl\":\"https:\\\/\\\/www.apfelpatient.de\\\/wp-content\\\/uploads\\\/2021\\\/01\\\/Galaxy-S21_ultra_lifestyle_black_spen.jpg\",\"width\":1600,\"height\":974,\"caption\":\"Bild: Samsung\"},{\"@type\":\"BreadcrumbList\",\"@id\":\"https:\\\/\\\/www.apfelpatient.de\\\/news\\\/vor-airtags-ankuendigung-samsung-stellt-galaxy-smarttag-vor#breadcrumb\",\"itemListElement\":[{\"@type\":\"ListItem\",\"position\":1,\"name\":\"Startseite\",\"item\":\"https:\\\/\\\/www.apfelpatient.de\\\/\"},{\"@type\":\"ListItem\",\"position\":2,\"name\":\"Vor AirTags Ank\u00fcndigung: Samsung stellt Galaxy SmartTag vor\"}]},{\"@type\":\"WebSite\",\"@id\":\"https:\\\/\\\/www.apfelpatient.de\\\/#website\",\"url\":\"https:\\\/\\\/www.apfelpatient.de\\\/\",\"name\":\"Apfelpatient\",\"description\":\"Alles rund um Apple!\",\"publisher\":{\"@type\":\"Organization\",\"@id\":\"https:\\\/\\\/www.apfelpatient.de\\\/en\\\/#organization\",\"name\":\"Apfelpatient\",\"url\":\"https:\\\/\\\/www.apfelpatient.de\\\/en\\\/\"},\"alternateName\":\"Apfelpatient\",\"potentialAction\":[{\"@type\":\"SearchAction\",\"target\":{\"@type\":\"EntryPoint\",\"urlTemplate\":\"https:\\\/\\\/www.apfelpatient.de\\\/?s={search_term_string}\"},\"query-input\":{\"@type\":\"PropertyValueSpecification\",\"valueRequired\":true,\"valueName\":\"search_term_string\"}}],\"inLanguage\":\"en-US\"},{\"@type\":[\"Person\",\"Organization\"],\"@id\":\"https:\\\/\\\/www.apfelpatient.de\\\/#\\\/schema\\\/person\\\/35b3ddba5832f2bfc7fff5206d4f6b7b\",\"name\":\"Milan\",\"logo\":{\"@id\":\"https:\\\/\\\/www.apfelpatient.de\\\/#\\\/schema\\\/person\\\/image\\\/\"},\"description\":\"Hallo und herzlich willkommen auf meinem Technik-Blog! Als gro\u00dfer Apple-Fan berichte ich hier \u00fcber alles, was mit Apple zu tun hat: von den neuesten News und spannenden Ger\u00fcchten \u00fcber hilfreiche Tipps und Tricks bis hin zu ausf\u00fchrlichen Produkttests. Wenn du genauso technikbegeistert bist wie ich, bist du hier genau richtig!\",\"sameAs\":[\"https:\\\/\\\/www.facebook.com\\\/apfelpatientOfficial\",\"https:\\\/\\\/www.linkedin.com\\\/in\\\/milan-jovicic-42aa0231b\"],\"url\":\"https:\\\/\\\/www.apfelpatient.de\\\/en\\\/author\\\/apfeladmin\"}]}<\/script>\n<!-- \/ Yoast SEO Premium plugin. -->","yoast_head_json":{"title":"Before AirTags announcement: Samsung introduces Galaxy SmartTag","description":"Tracking accessories: Samsung today introduced the so-called SmartTags alongside the Galaxy S21 series.","robots":{"index":"index","follow":"follow","max-snippet":"max-snippet:-1","max-image-preview":"max-image-preview:large","max-video-preview":"max-video-preview:-1"},"canonical":"https:\/\/www.apfelpatient.de\/en\/news\/before-airtags-announcement-samsung-introduces-galaxy-smarttag","og_locale":"en_US","og_type":"article","og_title":"Vor AirTags Ank\u00fcndigung: Samsung stellt Galaxy SmartTag vor","og_description":"Tracking-Zubeh\u00f6r: Samsung hat heute neben der Galaxy S21 Reihe auch die sogenannten SmartTags vorgestellt.","og_url":"https:\/\/www.apfelpatient.de\/en\/news\/before-airtags-announcement-samsung-introduces-galaxy-smarttag","og_site_name":"Apfelpatient","article_publisher":"https:\/\/www.facebook.com\/apfelpatientOfficial","article_author":"https:\/\/www.facebook.com\/apfelpatientOfficial","article_published_time":"2021-01-14T17:05:27+00:00","article_modified_time":"2025-02-06T07:01:16+00:00","og_image":[{"width":1600,"height":974,"url":"https:\/\/www.apfelpatient.de\/wp-content\/uploads\/2021\/01\/Galaxy-S21_ultra_lifestyle_black_spen.jpg","type":"image\/jpeg"}],"author":"Milan","twitter_card":"summary_large_image","twitter_description":"Tracking-Zubeh\u00f6r: Samsung hat heute neben der Galaxy S21 Reihe auch die sogenannten SmartTags vorgestellt.","twitter_misc":{"Written by":"Milan","Est. reading time":"1 minute"},"schema":{"@context":"https:\/\/schema.org","@graph":[{"@type":"NewsArticle","@id":"https:\/\/www.apfelpatient.de\/news\/vor-airtags-ankuendigung-samsung-stellt-galaxy-smarttag-vor#article","isPartOf":{"@id":"https:\/\/www.apfelpatient.de\/news\/vor-airtags-ankuendigung-samsung-stellt-galaxy-smarttag-vor"},"author":{"@type":"Organization","@id":"https:\/\/www.apfelpatient.de\/en\/#organization","name":"Apfelpatient","url":"https:\/\/www.apfelpatient.de\/en\/"},"headline":"Vor AirTags Ank\u00fcndigung: Samsung stellt Galaxy SmartTag vor","datePublished":"2021-01-14T17:05:27+00:00","dateModified":"2025-02-06T07:01:16+00:00","mainEntityOfPage":{"@id":"https:\/\/www.apfelpatient.de\/news\/vor-airtags-ankuendigung-samsung-stellt-galaxy-smarttag-vor"},"wordCount":293,"publisher":{"@type":"Organization","@id":"https:\/\/www.apfelpatient.de\/en\/#organization","name":"Apfelpatient","url":"https:\/\/www.apfelpatient.de\/en\/"},"image":{"@id":"https:\/\/www.apfelpatient.de\/news\/vor-airtags-ankuendigung-samsung-stellt-galaxy-smarttag-vor#primaryimage"},"thumbnailUrl":"https:\/\/www.apfelpatient.de\/wp-content\/uploads\/2021\/01\/Galaxy-S21_ultra_lifestyle_black_spen.jpg","keywords":["Samsung","TechPatient"],"articleSection":"News","inLanguage":"en-US","copyrightYear":"2021","copyrightHolder":{"@id":"https:\/\/www.apfelpatient.de\/en\/#organization"}},{"@type":"WebPage","@id":"https:\/\/www.apfelpatient.de\/news\/vor-airtags-ankuendigung-samsung-stellt-galaxy-smarttag-vor","url":"https:\/\/www.apfelpatient.de\/news\/vor-airtags-ankuendigung-samsung-stellt-galaxy-smarttag-vor","name":"Before AirTags announcement: Samsung introduces Galaxy SmartTag","isPartOf":{"@id":"https:\/\/www.apfelpatient.de\/#website"},"primaryImageOfPage":{"@id":"https:\/\/www.apfelpatient.de\/news\/vor-airtags-ankuendigung-samsung-stellt-galaxy-smarttag-vor#primaryimage"},"image":{"@id":"https:\/\/www.apfelpatient.de\/news\/vor-airtags-ankuendigung-samsung-stellt-galaxy-smarttag-vor#primaryimage"},"thumbnailUrl":"https:\/\/www.apfelpatient.de\/wp-content\/uploads\/2021\/01\/Galaxy-S21_ultra_lifestyle_black_spen.jpg","datePublished":"2021-01-14T17:05:27+00:00","dateModified":"2025-02-06T07:01:16+00:00","description":"Tracking accessories: Samsung today introduced the so-called SmartTags alongside the Galaxy S21 series.","breadcrumb":{"@id":"https:\/\/www.apfelpatient.de\/news\/vor-airtags-ankuendigung-samsung-stellt-galaxy-smarttag-vor#breadcrumb"},"inLanguage":"en-US","potentialAction":[{"@type":"ReadAction","target":["https:\/\/www.apfelpatient.de\/news\/vor-airtags-ankuendigung-samsung-stellt-galaxy-smarttag-vor"]}]},{"@type":"ImageObject","inLanguage":"en-US","@id":"https:\/\/www.apfelpatient.de\/news\/vor-airtags-ankuendigung-samsung-stellt-galaxy-smarttag-vor#primaryimage","url":"https:\/\/www.apfelpatient.de\/wp-content\/uploads\/2021\/01\/Galaxy-S21_ultra_lifestyle_black_spen.jpg","contentUrl":"https:\/\/www.apfelpatient.de\/wp-content\/uploads\/2021\/01\/Galaxy-S21_ultra_lifestyle_black_spen.jpg","width":1600,"height":974,"caption":"Bild: Samsung"},{"@type":"BreadcrumbList","@id":"https:\/\/www.apfelpatient.de\/news\/vor-airtags-ankuendigung-samsung-stellt-galaxy-smarttag-vor#breadcrumb","itemListElement":[{"@type":"ListItem","position":1,"name":"Startseite","item":"https:\/\/www.apfelpatient.de\/"},{"@type":"ListItem","position":2,"name":"Vor AirTags Ank\u00fcndigung: Samsung stellt Galaxy SmartTag vor"}]},{"@type":"WebSite","@id":"https:\/\/www.apfelpatient.de\/#website","url":"https:\/\/www.apfelpatient.de\/","name":"apple patient","description":"Everything about Apple!","publisher":{"@type":"Organization","@id":"https:\/\/www.apfelpatient.de\/en\/#organization","name":"Apfelpatient","url":"https:\/\/www.apfelpatient.de\/en\/"},"alternateName":"Apfelpatient","potentialAction":[{"@type":"SearchAction","target":{"@type":"EntryPoint","urlTemplate":"https:\/\/www.apfelpatient.de\/?s={search_term_string}"},"query-input":{"@type":"PropertyValueSpecification","valueRequired":true,"valueName":"search_term_string"}}],"inLanguage":"en-US"},{"@type":["Person","Organization"],"@id":"https:\/\/www.apfelpatient.de\/#\/schema\/person\/35b3ddba5832f2bfc7fff5206d4f6b7b","name":"Milan","logo":{"@id":"https:\/\/www.apfelpatient.de\/#\/schema\/person\/image\/"},"description":"Hello and welcome to my technology blog! As a big Apple fan, I report on everything to do with Apple: from the latest news and exciting rumors to helpful tips and tricks and detailed product tests. If you are as enthusiastic about technology as I am, you have come to the right place!","sameAs":["https:\/\/www.facebook.com\/apfelpatientOfficial","https:\/\/www.linkedin.com\/in\/milan-jovicic-42aa0231b"],"url":"https:\/\/www.apfelpatient.de\/en\/author\/apfeladmin"}]}},"_links":{"self":[{"href":"https:\/\/www.apfelpatient.de\/en\/wp-json\/wp\/v2\/posts\/18499","targetHints":{"allow":["GET"]}}],"collection":[{"href":"https:\/\/www.apfelpatient.de\/en\/wp-json\/wp\/v2\/posts"}],"about":[{"href":"https:\/\/www.apfelpatient.de\/en\/wp-json\/wp\/v2\/types\/post"}],"author":[{"embeddable":true,"href":"https:\/\/www.apfelpatient.de\/en\/wp-json\/wp\/v2\/users\/2"}],"replies":[{"embeddable":true,"href":"https:\/\/www.apfelpatient.de\/en\/wp-json\/wp\/v2\/comments?post=18499"}],"version-history":[{"count":0,"href":"https:\/\/www.apfelpatient.de\/en\/wp-json\/wp\/v2\/posts\/18499\/revisions"}],"wp:featuredmedia":[{"embeddable":true,"href":"https:\/\/www.apfelpatient.de\/en\/wp-json\/wp\/v2\/media\/18497"}],"wp:attachment":[{"href":"https:\/\/www.apfelpatient.de\/en\/wp-json\/wp\/v2\/media?parent=18499"}],"wp:term":[{"taxonomy":"category","embeddable":true,"href":"https:\/\/www.apfelpatient.de\/en\/wp-json\/wp\/v2\/categories?post=18499"},{"taxonomy":"post_tag","embeddable":true,"href":"https:\/\/www.apfelpatient.de\/en\/wp-json\/wp\/v2\/tags?post=18499"}],"curies":[{"name":"wp","href":"https:\/\/api.w.org\/{rel}","templated":true}]}}