{"id":18450,"date":"2021-01-13T14:37:09","date_gmt":"2021-01-13T13:37:09","guid":{"rendered":"https:\/\/www.apfelpatient.de\/?p=18450"},"modified":"2025-02-06T08:01:04","modified_gmt":"2025-02-06T07:01:04","slug":"data-protection-whatsapp-affirms-the-privacy-of-users","status":"publish","type":"post","link":"https:\/\/www.apfelpatient.de\/en\/news\/datenschutz-whatsapp-bekraeftigt-die-privatsphaere-der-nutzer","title":{"rendered":"Data protection: WhatsApp reaffirms user privacy"},"content":{"rendered":"<p class=\"has-drop-cap\"><strong>After WhatsApp changed its terms of service and privacy policy to consolidate a significant portion of its data sharing with Facebook, the service is now assuring its users that privacy will continue to be protected.<\/strong><\/p>\n\n\n\n<p>Last week, WhatsApp began informing users about updates to the app&#039;s terms of service and privacy policy. The updated agreements, which users must agree to in order to continue using WhatsApp, explicitly give parent company Facebook access to a large amount of user data. While WhatsApp has shared some user data with Facebook for years, this update consolidates the data sharing for all users, including those who have opted out of sharing data with Facebook in the past.<\/p>\n\n\n\n<h3 class=\"wp-block-heading\" id=\"h-whatsapp-datenschutz-nderung-messaging-app-signal-profitiert\">WhatsApp privacy change: Messaging app Signal benefits<\/h3>\n\n\n\n<p>The updated terms will help WhatsApp integrate more closely with Facebook&#039;s family of products to give users a more coherent experience across all services, and allow the company to use aggregate information about all users to display targeted advertising. The widespread change was met with an outcry of displeasure on social media, leading to a run on rival messaging app Signal and even sparking an antitrust investigation in Turkey. WhatsApp is now assuring users via social media posts: &quot;The update to our privacy policy will not affect the privacy of your messages with friends or family.&quot; The company has also added to its FAQ to address users&#039; privacy concerns about data sharing with Facebook.<\/p>\n\n\n\n<h3 class=\"wp-block-heading\" id=\"h-whatsapp-ver-ffentlicht-faq\">WhatsApp publishes FAQ<\/h3>\n\n\n\n<p>The FAQ <a href=\"https:\/\/faq.whatsapp.com\/general\/security-and-privacy\/answering-your-questions-about-whatsapps-privacy-policy\" target=\"_blank\" rel=\"noreferrer noopener\">explained<\/a>that WhatsApp and Facebook cannot see a user&#039;s private messages or hear their calls. Logs of who users message and call are not kept, and shared location, contact information and group membership are kept private. WhatsApp says that the majority of data shared with Facebook comes from communications with businesses that use Facebook-branded hosting services or after using Facebook-branded commerce services, such as shops. Both of these can result in users being shown targeted ads.<\/p>\n\n\n\n<figure class=\"wp-block-image size-large\"><img decoding=\"async\" width=\"1024\" height=\"1024\" src=\"https:\/\/www.apfelpatient.de\/wp-content\/uploads\/2021\/01\/137900481_1719084321604769_2382235945544647673_n.png-Kopie-1024x1024.jpg\" alt=\"WhatsApp privacy policy\" class=\"wp-image-18452\" srcset=\"https:\/\/www.apfelpatient.de\/wp-content\/uploads\/2021\/01\/137900481_1719084321604769_2382235945544647673_n.png-Kopie-1024x1024.jpg 1024w, https:\/\/www.apfelpatient.de\/wp-content\/uploads\/2021\/01\/137900481_1719084321604769_2382235945544647673_n.png-Kopie-300x300.jpg 300w, https:\/\/www.apfelpatient.de\/wp-content\/uploads\/2021\/01\/137900481_1719084321604769_2382235945544647673_n.png-Kopie-150x150.jpg 150w, https:\/\/www.apfelpatient.de\/wp-content\/uploads\/2021\/01\/137900481_1719084321604769_2382235945544647673_n.png-Kopie-768x768.jpg 768w, https:\/\/www.apfelpatient.de\/wp-content\/uploads\/2021\/01\/137900481_1719084321604769_2382235945544647673_n.png-Kopie-75x75.jpg 75w, https:\/\/www.apfelpatient.de\/wp-content\/uploads\/2021\/01\/137900481_1719084321604769_2382235945544647673_n.png-Kopie-750x750.jpg 750w, https:\/\/www.apfelpatient.de\/wp-content\/uploads\/2021\/01\/137900481_1719084321604769_2382235945544647673_n.png-Kopie-1140x1140.jpg 1140w, https:\/\/www.apfelpatient.de\/wp-content\/uploads\/2021\/01\/137900481_1719084321604769_2382235945544647673_n.png-Kopie.jpg 1200w\" sizes=\"(max-width: 1024px) 100vw, 1024px\" \/><figcaption>Image: WhatsApp<\/figcaption><\/figure>\n\n\n\n<h3 class=\"wp-block-heading\" id=\"h-whatsapp-datenschutz-nderung-eu-b-rger-nicht-betroffen\">WhatsApp privacy change: EU citizens not affected<\/h3>\n\n\n\n\n\n\n\n<p>However, it is noticeable that WhatsApp has mainly focused on what data is not shared with Facebook rather than what is shared. The FAQ update does not confirm the fact, as stated in the updated privacy policy, that WhatsApp shares device and interaction information, IP addresses and unspecified \u201cother information\u201d with Facebook. Finally, it should be mentioned again that this change does not affect EU citizens. Based on current EU laws, the data of users in the European Union may not be forwarded to Facebook \u2013 not even for advertising purposes. Why WhatsApp does not explicitly mention this in the FAQ remains unclear for now and only adds to the confusion. <em>(Photo by tashatuvango \/ Bigstockphoto)<\/em><\/p>\n\n\n\n<ul class=\"wp-block-list\"><li><a href=\"https:\/\/www.apfelpatient.de\/en\">On offer: MagSafe Duo charger 18 percent cheaper<\/a><\/li><\/ul>\n\n\n\n<h6 class=\"wp-block-heading translation-block\" id=\"h-kennt-ihr-schon-unsere-amazon-storefront-dort-findet-ihr-eine-handverlesene-auswahl-von-diversen-produkten-f-r-euer-iphone-und-co-viel-spa-beim-st-bern\"><em>Have you already visited our Amazon Storefront? There you&#039;ll find a hand-picked selection of various products for your iPhone and other devices \u2013 <span class=\"has-inline-color has-vivid-red-color\"><a href=\"https:\/\/www.amazon.de\/shop\/apfelpatientofficial\" class=\"ek-link\" data-wpel-link=\"exclude\" rel=\"follow noopener\" target=\"_self\"><span style=\"text-decoration: underline\" class=\"ek-underline\">enjoy browsing<\/span><\/a> !<\/span><\/em><\/h6>\n\n\n\n\n\n<h6 class=\"wp-block-heading translation-block\" id=\"h-der-beitrag-enthalt-partnerlinks\">This post contains <a data-type=\"URL\" data-id=\"https:\/\/www.apfelpatient.de\/partnerprogramm\" href=\"https:\/\/www.apfelpatient.de\/en\/partner-program\" data-wpel-link=\"internal\" target=\"_self\">affiliate links<\/a>.<\/h6>","protected":false},"excerpt":{"rendered":"<p>Last week, WhatsApp started informing users about updated terms of service and privacy policies.<\/p>","protected":false},"author":2,"featured_media":18451,"comment_status":"closed","ping_status":"closed","sticky":false,"template":"","format":"standard","meta":{"jnews-multi-image_gallery":[],"jnews_single_post":{"subtitle":"","format":"standard","video":"","gallery":"","source_name":"","source_url":"","via_name":"","via_url":"","override":[{"single_blog_custom":"","sidebar":"","second_sidebar":"","share_position":"","share_float_style":"","post_date_format":"","post_date_format_custom":"","post_reading_time_wpm":"","zoom_button_out_step":"1","zoom_button_in_step":"1","number_popup_post":"1"}],"image_override":[{"single_post_thumbnail_size":"","single_post_gallery_size":""}],"trending_post_position":"","trending_post_label":"","sponsored_post_label":"","sponsored_post_name":"","sponsored_post_url":"","sponsored_post_logo":"","sponsored_post_desc":""},"jnews_primary_category":{"id":"9"},"footnotes":""},"categories":[9],"tags":[142,3,13,58],"class_list":["post-18450","post","type-post","status-publish","format-standard","has-post-thumbnail","hentry","category-news","tag-facebook","tag-ios","tag-techpatient","tag-whatsapp"],"yoast_head":"<!-- This site is optimized with the Yoast SEO Premium plugin v27.5 (Yoast SEO v27.5) - https:\/\/yoast.com\/product\/yoast-seo-premium-wordpress\/ -->\n<title>Datenschutz: WhatsApp bekr\u00e4ftigt die Privatsph\u00e4re der Nutzer<\/title>\n<meta name=\"description\" content=\"Letzte Woche hat WhatsApp angefangen, die Nutzer \u00fcber die Aktualisierung der Nutzungsbedingungen und Datenschutzrichtlinien zu informieren.\" \/>\n<meta name=\"robots\" content=\"index, follow, max-snippet:-1, max-image-preview:large, max-video-preview:-1\" \/>\n<link rel=\"canonical\" href=\"https:\/\/www.apfelpatient.de\/en\/news\/data-protection-whatsapp-affirms-the-privacy-of-users\" \/>\n<meta property=\"og:locale\" content=\"en_US\" \/>\n<meta property=\"og:type\" content=\"article\" \/>\n<meta property=\"og:title\" content=\"Datenschutz: WhatsApp bekr\u00e4ftigt die Privatsph\u00e4re der Nutzer\" \/>\n<meta property=\"og:description\" content=\"Letzte Woche hat WhatsApp angefangen, die Nutzer \u00fcber die Aktualisierung der Nutzungsbedingungen und Datenschutzrichtlinien zu informieren.\" \/>\n<meta property=\"og:url\" content=\"https:\/\/www.apfelpatient.de\/en\/news\/data-protection-whatsapp-affirms-the-privacy-of-users\" \/>\n<meta property=\"og:site_name\" content=\"Apfelpatient\" \/>\n<meta property=\"article:publisher\" content=\"https:\/\/www.facebook.com\/apfelpatientOfficial\" \/>\n<meta property=\"article:author\" content=\"https:\/\/www.facebook.com\/apfelpatientOfficial\" \/>\n<meta property=\"article:published_time\" content=\"2021-01-13T13:37:09+00:00\" \/>\n<meta property=\"article:modified_time\" content=\"2025-02-06T07:01:04+00:00\" \/>\n<meta property=\"og:image\" content=\"https:\/\/www.apfelpatient.de\/wp-content\/uploads\/2021\/01\/bigstock-Kyiv-Ukraine-january-W-367872163.jpg\" \/>\n\t<meta property=\"og:image:width\" content=\"1600\" \/>\n\t<meta property=\"og:image:height\" content=\"1121\" \/>\n\t<meta property=\"og:image:type\" content=\"image\/jpeg\" \/>\n<meta name=\"author\" content=\"Milan\" \/>\n<meta name=\"twitter:card\" content=\"summary_large_image\" \/>\n<meta name=\"twitter:description\" content=\"Letzte Woche hat WhatsApp angefangen, die Nutzer \u00fcber die Aktualisierung der Nutzungsbedingungen und Datenschutzrichtlinien zu informieren.\" \/>\n<meta name=\"twitter:label1\" content=\"Written by\" \/>\n\t<meta name=\"twitter:data1\" content=\"Milan\" \/>\n\t<meta name=\"twitter:label2\" content=\"Est. reading time\" \/>\n\t<meta name=\"twitter:data2\" content=\"2 minutes\" \/>\n<script type=\"application\/ld+json\" class=\"yoast-schema-graph\">{\"@context\":\"https:\\\/\\\/schema.org\",\"@graph\":[{\"@type\":\"NewsArticle\",\"@id\":\"https:\\\/\\\/www.apfelpatient.de\\\/news\\\/datenschutz-whatsapp-bekraeftigt-die-privatsphaere-der-nutzer#article\",\"isPartOf\":{\"@id\":\"https:\\\/\\\/www.apfelpatient.de\\\/news\\\/datenschutz-whatsapp-bekraeftigt-die-privatsphaere-der-nutzer\"},\"author\":{\"@type\":\"Organization\",\"@id\":\"https:\\\/\\\/www.apfelpatient.de\\\/en\\\/#organization\",\"name\":\"Apfelpatient\",\"url\":\"https:\\\/\\\/www.apfelpatient.de\\\/en\\\/\"},\"headline\":\"Datenschutz: WhatsApp bekr\u00e4ftigt die Privatsph\u00e4re der Nutzer\",\"datePublished\":\"2021-01-13T13:37:09+00:00\",\"dateModified\":\"2025-02-06T07:01:04+00:00\",\"mainEntityOfPage\":{\"@id\":\"https:\\\/\\\/www.apfelpatient.de\\\/news\\\/datenschutz-whatsapp-bekraeftigt-die-privatsphaere-der-nutzer\"},\"wordCount\":504,\"publisher\":{\"@type\":\"Organization\",\"@id\":\"https:\\\/\\\/www.apfelpatient.de\\\/en\\\/#organization\",\"name\":\"Apfelpatient\",\"url\":\"https:\\\/\\\/www.apfelpatient.de\\\/en\\\/\"},\"image\":{\"@id\":\"https:\\\/\\\/www.apfelpatient.de\\\/news\\\/datenschutz-whatsapp-bekraeftigt-die-privatsphaere-der-nutzer#primaryimage\"},\"thumbnailUrl\":\"https:\\\/\\\/www.apfelpatient.de\\\/wp-content\\\/uploads\\\/2021\\\/01\\\/bigstock-Kyiv-Ukraine-january-W-367872163.jpg\",\"keywords\":[\"Facebook\",\"iOS\",\"TechPatient\",\"WhatsApp\"],\"articleSection\":\"News\",\"inLanguage\":\"en-US\",\"copyrightYear\":\"2021\",\"copyrightHolder\":{\"@id\":\"https:\\\/\\\/www.apfelpatient.de\\\/en\\\/#organization\"}},{\"@type\":\"WebPage\",\"@id\":\"https:\\\/\\\/www.apfelpatient.de\\\/news\\\/datenschutz-whatsapp-bekraeftigt-die-privatsphaere-der-nutzer\",\"url\":\"https:\\\/\\\/www.apfelpatient.de\\\/news\\\/datenschutz-whatsapp-bekraeftigt-die-privatsphaere-der-nutzer\",\"name\":\"Datenschutz: WhatsApp bekr\u00e4ftigt die Privatsph\u00e4re der Nutzer\",\"isPartOf\":{\"@id\":\"https:\\\/\\\/www.apfelpatient.de\\\/#website\"},\"primaryImageOfPage\":{\"@id\":\"https:\\\/\\\/www.apfelpatient.de\\\/news\\\/datenschutz-whatsapp-bekraeftigt-die-privatsphaere-der-nutzer#primaryimage\"},\"image\":{\"@id\":\"https:\\\/\\\/www.apfelpatient.de\\\/news\\\/datenschutz-whatsapp-bekraeftigt-die-privatsphaere-der-nutzer#primaryimage\"},\"thumbnailUrl\":\"https:\\\/\\\/www.apfelpatient.de\\\/wp-content\\\/uploads\\\/2021\\\/01\\\/bigstock-Kyiv-Ukraine-january-W-367872163.jpg\",\"datePublished\":\"2021-01-13T13:37:09+00:00\",\"dateModified\":\"2025-02-06T07:01:04+00:00\",\"description\":\"Letzte Woche hat WhatsApp angefangen, die Nutzer \u00fcber die Aktualisierung der Nutzungsbedingungen und Datenschutzrichtlinien zu informieren.\",\"breadcrumb\":{\"@id\":\"https:\\\/\\\/www.apfelpatient.de\\\/news\\\/datenschutz-whatsapp-bekraeftigt-die-privatsphaere-der-nutzer#breadcrumb\"},\"inLanguage\":\"en-US\",\"potentialAction\":[{\"@type\":\"ReadAction\",\"target\":[\"https:\\\/\\\/www.apfelpatient.de\\\/news\\\/datenschutz-whatsapp-bekraeftigt-die-privatsphaere-der-nutzer\"]}]},{\"@type\":\"ImageObject\",\"inLanguage\":\"en-US\",\"@id\":\"https:\\\/\\\/www.apfelpatient.de\\\/news\\\/datenschutz-whatsapp-bekraeftigt-die-privatsphaere-der-nutzer#primaryimage\",\"url\":\"https:\\\/\\\/www.apfelpatient.de\\\/wp-content\\\/uploads\\\/2021\\\/01\\\/bigstock-Kyiv-Ukraine-january-W-367872163.jpg\",\"contentUrl\":\"https:\\\/\\\/www.apfelpatient.de\\\/wp-content\\\/uploads\\\/2021\\\/01\\\/bigstock-Kyiv-Ukraine-january-W-367872163.jpg\",\"width\":1600,\"height\":1121,\"caption\":\"KYIV, UKRAINE-JANUARY, 2020: Whatsapp on Cellphone Screen. Young Girl Pointing or Texting Whatsapp on Smart Phone.\"},{\"@type\":\"BreadcrumbList\",\"@id\":\"https:\\\/\\\/www.apfelpatient.de\\\/news\\\/datenschutz-whatsapp-bekraeftigt-die-privatsphaere-der-nutzer#breadcrumb\",\"itemListElement\":[{\"@type\":\"ListItem\",\"position\":1,\"name\":\"Startseite\",\"item\":\"https:\\\/\\\/www.apfelpatient.de\\\/\"},{\"@type\":\"ListItem\",\"position\":2,\"name\":\"Datenschutz: WhatsApp bekr\u00e4ftigt die Privatsph\u00e4re der Nutzer\"}]},{\"@type\":\"WebSite\",\"@id\":\"https:\\\/\\\/www.apfelpatient.de\\\/#website\",\"url\":\"https:\\\/\\\/www.apfelpatient.de\\\/\",\"name\":\"Apfelpatient\",\"description\":\"Alles rund um Apple!\",\"publisher\":{\"@type\":\"Organization\",\"@id\":\"https:\\\/\\\/www.apfelpatient.de\\\/en\\\/#organization\",\"name\":\"Apfelpatient\",\"url\":\"https:\\\/\\\/www.apfelpatient.de\\\/en\\\/\"},\"alternateName\":\"Apfelpatient\",\"potentialAction\":[{\"@type\":\"SearchAction\",\"target\":{\"@type\":\"EntryPoint\",\"urlTemplate\":\"https:\\\/\\\/www.apfelpatient.de\\\/?s={search_term_string}\"},\"query-input\":{\"@type\":\"PropertyValueSpecification\",\"valueRequired\":true,\"valueName\":\"search_term_string\"}}],\"inLanguage\":\"en-US\"},{\"@type\":[\"Person\",\"Organization\"],\"@id\":\"https:\\\/\\\/www.apfelpatient.de\\\/#\\\/schema\\\/person\\\/35b3ddba5832f2bfc7fff5206d4f6b7b\",\"name\":\"Milan\",\"logo\":{\"@id\":\"https:\\\/\\\/www.apfelpatient.de\\\/#\\\/schema\\\/person\\\/image\\\/\"},\"description\":\"Hallo und herzlich willkommen auf meinem Technik-Blog! Als gro\u00dfer Apple-Fan berichte ich hier \u00fcber alles, was mit Apple zu tun hat: von den neuesten News und spannenden Ger\u00fcchten \u00fcber hilfreiche Tipps und Tricks bis hin zu ausf\u00fchrlichen Produkttests. Wenn du genauso technikbegeistert bist wie ich, bist du hier genau richtig!\",\"sameAs\":[\"https:\\\/\\\/www.facebook.com\\\/apfelpatientOfficial\",\"https:\\\/\\\/www.linkedin.com\\\/in\\\/milan-jovicic-42aa0231b\"],\"url\":\"https:\\\/\\\/www.apfelpatient.de\\\/en\\\/author\\\/apfeladmin\"}]}<\/script>\n<!-- \/ Yoast SEO Premium plugin. -->","yoast_head_json":{"title":"Data protection: WhatsApp reaffirms user privacy","description":"Last week, WhatsApp started informing users about updated terms of service and privacy policies.","robots":{"index":"index","follow":"follow","max-snippet":"max-snippet:-1","max-image-preview":"max-image-preview:large","max-video-preview":"max-video-preview:-1"},"canonical":"https:\/\/www.apfelpatient.de\/en\/news\/data-protection-whatsapp-affirms-the-privacy-of-users","og_locale":"en_US","og_type":"article","og_title":"Datenschutz: WhatsApp bekr\u00e4ftigt die Privatsph\u00e4re der Nutzer","og_description":"Letzte Woche hat WhatsApp angefangen, die Nutzer \u00fcber die Aktualisierung der Nutzungsbedingungen und Datenschutzrichtlinien zu informieren.","og_url":"https:\/\/www.apfelpatient.de\/en\/news\/data-protection-whatsapp-affirms-the-privacy-of-users","og_site_name":"Apfelpatient","article_publisher":"https:\/\/www.facebook.com\/apfelpatientOfficial","article_author":"https:\/\/www.facebook.com\/apfelpatientOfficial","article_published_time":"2021-01-13T13:37:09+00:00","article_modified_time":"2025-02-06T07:01:04+00:00","og_image":[{"width":1600,"height":1121,"url":"https:\/\/www.apfelpatient.de\/wp-content\/uploads\/2021\/01\/bigstock-Kyiv-Ukraine-january-W-367872163.jpg","type":"image\/jpeg"}],"author":"Milan","twitter_card":"summary_large_image","twitter_description":"Letzte Woche hat WhatsApp angefangen, die Nutzer \u00fcber die Aktualisierung der Nutzungsbedingungen und Datenschutzrichtlinien zu informieren.","twitter_misc":{"Written by":"Milan","Est. reading time":"2 minutes"},"schema":{"@context":"https:\/\/schema.org","@graph":[{"@type":"NewsArticle","@id":"https:\/\/www.apfelpatient.de\/news\/datenschutz-whatsapp-bekraeftigt-die-privatsphaere-der-nutzer#article","isPartOf":{"@id":"https:\/\/www.apfelpatient.de\/news\/datenschutz-whatsapp-bekraeftigt-die-privatsphaere-der-nutzer"},"author":{"@type":"Organization","@id":"https:\/\/www.apfelpatient.de\/en\/#organization","name":"Apfelpatient","url":"https:\/\/www.apfelpatient.de\/en\/"},"headline":"Datenschutz: WhatsApp bekr\u00e4ftigt die Privatsph\u00e4re der Nutzer","datePublished":"2021-01-13T13:37:09+00:00","dateModified":"2025-02-06T07:01:04+00:00","mainEntityOfPage":{"@id":"https:\/\/www.apfelpatient.de\/news\/datenschutz-whatsapp-bekraeftigt-die-privatsphaere-der-nutzer"},"wordCount":504,"publisher":{"@type":"Organization","@id":"https:\/\/www.apfelpatient.de\/en\/#organization","name":"Apfelpatient","url":"https:\/\/www.apfelpatient.de\/en\/"},"image":{"@id":"https:\/\/www.apfelpatient.de\/news\/datenschutz-whatsapp-bekraeftigt-die-privatsphaere-der-nutzer#primaryimage"},"thumbnailUrl":"https:\/\/www.apfelpatient.de\/wp-content\/uploads\/2021\/01\/bigstock-Kyiv-Ukraine-january-W-367872163.jpg","keywords":["Facebook","iOS","TechPatient","WhatsApp"],"articleSection":"News","inLanguage":"en-US","copyrightYear":"2021","copyrightHolder":{"@id":"https:\/\/www.apfelpatient.de\/en\/#organization"}},{"@type":"WebPage","@id":"https:\/\/www.apfelpatient.de\/news\/datenschutz-whatsapp-bekraeftigt-die-privatsphaere-der-nutzer","url":"https:\/\/www.apfelpatient.de\/news\/datenschutz-whatsapp-bekraeftigt-die-privatsphaere-der-nutzer","name":"Data protection: WhatsApp reaffirms user privacy","isPartOf":{"@id":"https:\/\/www.apfelpatient.de\/#website"},"primaryImageOfPage":{"@id":"https:\/\/www.apfelpatient.de\/news\/datenschutz-whatsapp-bekraeftigt-die-privatsphaere-der-nutzer#primaryimage"},"image":{"@id":"https:\/\/www.apfelpatient.de\/news\/datenschutz-whatsapp-bekraeftigt-die-privatsphaere-der-nutzer#primaryimage"},"thumbnailUrl":"https:\/\/www.apfelpatient.de\/wp-content\/uploads\/2021\/01\/bigstock-Kyiv-Ukraine-january-W-367872163.jpg","datePublished":"2021-01-13T13:37:09+00:00","dateModified":"2025-02-06T07:01:04+00:00","description":"Last week, WhatsApp started informing users about updated terms of service and privacy policies.","breadcrumb":{"@id":"https:\/\/www.apfelpatient.de\/news\/datenschutz-whatsapp-bekraeftigt-die-privatsphaere-der-nutzer#breadcrumb"},"inLanguage":"en-US","potentialAction":[{"@type":"ReadAction","target":["https:\/\/www.apfelpatient.de\/news\/datenschutz-whatsapp-bekraeftigt-die-privatsphaere-der-nutzer"]}]},{"@type":"ImageObject","inLanguage":"en-US","@id":"https:\/\/www.apfelpatient.de\/news\/datenschutz-whatsapp-bekraeftigt-die-privatsphaere-der-nutzer#primaryimage","url":"https:\/\/www.apfelpatient.de\/wp-content\/uploads\/2021\/01\/bigstock-Kyiv-Ukraine-january-W-367872163.jpg","contentUrl":"https:\/\/www.apfelpatient.de\/wp-content\/uploads\/2021\/01\/bigstock-Kyiv-Ukraine-january-W-367872163.jpg","width":1600,"height":1121,"caption":"KYIV, UKRAINE-JANUARY, 2020: Whatsapp on Cellphone Screen. Young Girl Pointing or Texting Whatsapp on Smart Phone."},{"@type":"BreadcrumbList","@id":"https:\/\/www.apfelpatient.de\/news\/datenschutz-whatsapp-bekraeftigt-die-privatsphaere-der-nutzer#breadcrumb","itemListElement":[{"@type":"ListItem","position":1,"name":"Startseite","item":"https:\/\/www.apfelpatient.de\/"},{"@type":"ListItem","position":2,"name":"Datenschutz: WhatsApp bekr\u00e4ftigt die Privatsph\u00e4re der Nutzer"}]},{"@type":"WebSite","@id":"https:\/\/www.apfelpatient.de\/#website","url":"https:\/\/www.apfelpatient.de\/","name":"apple patient","description":"Everything about Apple!","publisher":{"@type":"Organization","@id":"https:\/\/www.apfelpatient.de\/en\/#organization","name":"Apfelpatient","url":"https:\/\/www.apfelpatient.de\/en\/"},"alternateName":"Apfelpatient","potentialAction":[{"@type":"SearchAction","target":{"@type":"EntryPoint","urlTemplate":"https:\/\/www.apfelpatient.de\/?s={search_term_string}"},"query-input":{"@type":"PropertyValueSpecification","valueRequired":true,"valueName":"search_term_string"}}],"inLanguage":"en-US"},{"@type":["Person","Organization"],"@id":"https:\/\/www.apfelpatient.de\/#\/schema\/person\/35b3ddba5832f2bfc7fff5206d4f6b7b","name":"Milan","logo":{"@id":"https:\/\/www.apfelpatient.de\/#\/schema\/person\/image\/"},"description":"Hello and welcome to my technology blog! As a big Apple fan, I report on everything to do with Apple: from the latest news and exciting rumors to helpful tips and tricks and detailed product tests. If you are as enthusiastic about technology as I am, you have come to the right place!","sameAs":["https:\/\/www.facebook.com\/apfelpatientOfficial","https:\/\/www.linkedin.com\/in\/milan-jovicic-42aa0231b"],"url":"https:\/\/www.apfelpatient.de\/en\/author\/apfeladmin"}]}},"_links":{"self":[{"href":"https:\/\/www.apfelpatient.de\/en\/wp-json\/wp\/v2\/posts\/18450","targetHints":{"allow":["GET"]}}],"collection":[{"href":"https:\/\/www.apfelpatient.de\/en\/wp-json\/wp\/v2\/posts"}],"about":[{"href":"https:\/\/www.apfelpatient.de\/en\/wp-json\/wp\/v2\/types\/post"}],"author":[{"embeddable":true,"href":"https:\/\/www.apfelpatient.de\/en\/wp-json\/wp\/v2\/users\/2"}],"replies":[{"embeddable":true,"href":"https:\/\/www.apfelpatient.de\/en\/wp-json\/wp\/v2\/comments?post=18450"}],"version-history":[{"count":0,"href":"https:\/\/www.apfelpatient.de\/en\/wp-json\/wp\/v2\/posts\/18450\/revisions"}],"wp:featuredmedia":[{"embeddable":true,"href":"https:\/\/www.apfelpatient.de\/en\/wp-json\/wp\/v2\/media\/18451"}],"wp:attachment":[{"href":"https:\/\/www.apfelpatient.de\/en\/wp-json\/wp\/v2\/media?parent=18450"}],"wp:term":[{"taxonomy":"category","embeddable":true,"href":"https:\/\/www.apfelpatient.de\/en\/wp-json\/wp\/v2\/categories?post=18450"},{"taxonomy":"post_tag","embeddable":true,"href":"https:\/\/www.apfelpatient.de\/en\/wp-json\/wp\/v2\/tags?post=18450"}],"curies":[{"name":"wp","href":"https:\/\/api.w.org\/{rel}","templated":true}]}}