{"id":18445,"date":"2021-01-13T13:48:50","date_gmt":"2021-01-13T12:48:50","guid":{"rendered":"https:\/\/www.apfelpatient.de\/?p=18445"},"modified":"2025-02-06T08:01:01","modified_gmt":"2025-02-06T07:01:01","slug":"apple-announces-new-initiative-for-racial-equality-and-justice","status":"publish","type":"post","link":"https:\/\/www.apfelpatient.de\/en\/news\/apple-kuendigt-neue-initiative-fuer-rassengleichheit-und-gerechtigkeit-an","title":{"rendered":"Apple announces new initiative for racial equality and justice"},"content":{"rendered":"<p class=\"has-drop-cap\"><strong>Yesterday, CBS announced a &quot;big and important&quot; announcement from Apple. Now a new program has been presented.<\/strong><\/p>\n\n\n\n<p>Apple today announced a new initiative for racial equity and justice. In a press release, the company stated:<\/p>\n\n\n\n<blockquote class=\"wp-block-quote is-layout-flow wp-block-quote-is-layout-flow\"><p>Cupertino, California\u2014Apple today announced a series of major new projects as part of its $100 million Racial Equity and Justice Initiative (REJI) to help break down systemic barriers and combat injustices faced by communities of color. These forward-looking and comprehensive efforts include the Propel Center, a first-of-its-kind innovation and learning center for Historically Black Colleges and Universities (HBCUs); an Apple Developer Academy to support Detroit students in coding and engineering; and venture capital funding for Black and brown entrepreneurs. Together, Apple\u2019s REJI commitments aim to expand opportunities for communities of color across the country and nurture the next generation of leaders.<\/p><\/blockquote>\n\n\n\n<h3 class=\"wp-block-heading\" id=\"h-verpflichtungen-bauen-auf-apples-100-millionen-dollar-zusage-auf\">Commitments build on Apple&#039;s $100 million commitment<\/h3>\n\n\n\n\n\n\n\n<p>The initiative includes a new global innovation and learning center for Historically Black Colleges and Universities (HBCUs), as well as an Apple Developer Academy and venture capital for black and brown entrepreneurs. Apple CEO Tim Cook commented:<\/p>\n\n\n\n<blockquote class=\"wp-block-quote is-layout-flow wp-block-quote-is-layout-flow\"><p>We all share responsibility for the urgent task of creating a more just world\u2014and these new projects are a clear signal of Apple&#039;s ongoing commitment. We&#039;re launching the latest REJI initiatives with partners from a wide range of industries and backgrounds\u2014from students to teachers, developers to entrepreneurs, community organizers to justice advocates\u2014working together to empower communities that have borne the brunt of racism and discrimination for far too long. We&#039;re honored to help realize this vision and align our words and actions with the values of equity and inclusion we&#039;ve always valued at Apple.<\/p><\/blockquote>\n\n\n\n<figure class=\"wp-block-image size-large\"><img decoding=\"async\" width=\"1024\" height=\"625\" src=\"https:\/\/www.apfelpatient.de\/wp-content\/uploads\/2021\/01\/Apple_racial-equity-justice-initiative_propel-center-render2_01132021-1024x625.jpg\" alt=\"Apple\" class=\"wp-image-18444\" srcset=\"https:\/\/www.apfelpatient.de\/wp-content\/uploads\/2021\/01\/Apple_racial-equity-justice-initiative_propel-center-render2_01132021-1024x625.jpg 1024w, https:\/\/www.apfelpatient.de\/wp-content\/uploads\/2021\/01\/Apple_racial-equity-justice-initiative_propel-center-render2_01132021-300x183.jpg 300w, https:\/\/www.apfelpatient.de\/wp-content\/uploads\/2021\/01\/Apple_racial-equity-justice-initiative_propel-center-render2_01132021-768x468.jpg 768w, https:\/\/www.apfelpatient.de\/wp-content\/uploads\/2021\/01\/Apple_racial-equity-justice-initiative_propel-center-render2_01132021-1536x937.jpg 1536w, https:\/\/www.apfelpatient.de\/wp-content\/uploads\/2021\/01\/Apple_racial-equity-justice-initiative_propel-center-render2_01132021-2048x1249.jpg 2048w, https:\/\/www.apfelpatient.de\/wp-content\/uploads\/2021\/01\/Apple_racial-equity-justice-initiative_propel-center-render2_01132021-750x457.jpg 750w, https:\/\/www.apfelpatient.de\/wp-content\/uploads\/2021\/01\/Apple_racial-equity-justice-initiative_propel-center-render2_01132021-1140x695.jpg 1140w\" sizes=\"(max-width: 1024px) 100vw, 1024px\" \/><figcaption>Image: Apple<\/figcaption><\/figure>\n\n\n\n<p>The new commitments build on Apple&#039;s $100 million pledge announced last June following the murders of Breonna Taylor and George Floyd and &quot;countless others.&quot; Apple said it will build on work to advance racial equity in education, business, and the criminal justice system. One such project is the construction of a new Propel Center, the aforementioned hub for HBCUs:<\/p>\n\n\n\n<h3 class=\"wp-block-heading\" id=\"h-apple-developer-academy-er-ffnung-in-2021-geplant\">Apple Developer Academy: Opening planned in 2021<\/h3>\n\n\n\n<blockquote class=\"wp-block-quote is-layout-flow wp-block-quote-is-layout-flow\"><p>Apple is partnering with Southern Company and a number of community stakeholders to support the launch of the Propel Center, a first-of-its-kind innovation and learning hub for the HBCU community. Apple&#039;s $25 million contribution will enable the Propel Center to support students and faculty at HBCUs through a robust virtual platform, a physical campus at the historic Atlanta University Center, and activations on partner institutions&#039; campuses.<\/p><\/blockquote>\n\n\n\n<p>The center will help support the next generation of leaders through innovative curriculum, technology support, career opportunities and scholarship programs. Apple also plans to open a new Apple Developer Academy in Detroit later this year:<\/p>\n\n\n\n<blockquote class=\"wp-block-quote is-layout-flow wp-block-quote-is-layout-flow\"><p>Later this year, Apple will open an Apple Developer Academy in Detroit \u2014 the first of its kind in the U.S. Detroit has a vibrant Black entrepreneur and developer community, with over 50,000 Black-owned businesses, according to U.S. Census data. The academy is designed to nurture young Black entrepreneurs, creatives and programmers, helping them develop the skills necessary for jobs in the fast-growing iOS app economy. Apple Developer Academy courses, launched in partnership with Michigan State University, are open to all learners in Detroit, regardless of their academic background or whether they have prior coding knowledge.<\/p><\/blockquote>\n\n\n\n<figure class=\"wp-block-image size-large\"><img decoding=\"async\" width=\"1024\" height=\"683\" src=\"https:\/\/www.apfelpatient.de\/wp-content\/uploads\/2021\/01\/apple_racial-equity-justice-initiative_bailey_01132021-1024x683.jpg\" alt=\"Apple\" class=\"wp-image-18439\" srcset=\"https:\/\/www.apfelpatient.de\/wp-content\/uploads\/2021\/01\/apple_racial-equity-justice-initiative_bailey_01132021-1024x683.jpg 1024w, https:\/\/www.apfelpatient.de\/wp-content\/uploads\/2021\/01\/apple_racial-equity-justice-initiative_bailey_01132021-300x200.jpg 300w, https:\/\/www.apfelpatient.de\/wp-content\/uploads\/2021\/01\/apple_racial-equity-justice-initiative_bailey_01132021-768x512.jpg 768w, https:\/\/www.apfelpatient.de\/wp-content\/uploads\/2021\/01\/apple_racial-equity-justice-initiative_bailey_01132021-1536x1024.jpg 1536w, https:\/\/www.apfelpatient.de\/wp-content\/uploads\/2021\/01\/apple_racial-equity-justice-initiative_bailey_01132021-2048x1365.jpg 2048w, https:\/\/www.apfelpatient.de\/wp-content\/uploads\/2021\/01\/apple_racial-equity-justice-initiative_bailey_01132021-750x500.jpg 750w, https:\/\/www.apfelpatient.de\/wp-content\/uploads\/2021\/01\/apple_racial-equity-justice-initiative_bailey_01132021-1140x760.jpg 1140w\" sizes=\"(max-width: 1024px) 100vw, 1024px\" \/><figcaption>Image: Apple<\/figcaption><\/figure>\n\n\n\n<h3 class=\"wp-block-heading\" id=\"h-auch-das-king-center-wird-ber-cksichtigt\">The King Center is also taken into account<\/h3>\n\n\n\n\n\n\n\n<p>The programs offered include a 30-day introductory program for those considering a career in the app economy, as well as a 10- to 12-month program that helps developers build their skills. Apple also stated that it will make new investments in venture capital and banking projects that provide capital to minority-owned businesses, as well as $25 million in Siebert Williams Shank&#039;s Clear Vision Impact Fund. Apple is also contributing to the King Center, a living memorial to the legacy of Dr. Martin Luther King Junior:<\/p>\n\n\n\n<blockquote class=\"wp-block-quote is-layout-flow wp-block-quote-is-layout-flow\"><p>Next week, Dr. King&#039;s daughter and CEO of the King Center, Dr. Bernice A. King, will issue a call to action encouraging young people to get involved in their communities as part of Apple&#039;s Challenge for Change series - a series of conversation guides and learning-based challenges on issues related to race and inequality.<\/p><\/blockquote>\n\n\n\n<p>If you would like to read the full press release, you can find it <a href=\"https:\/\/www.apple.com\/newsroom\/2021\/01\/apple-launches-major-new-racial-equity-and-justice-initiative-projects-to-challenge-systemic-racism-advance-racial-equity-nationwide\/\" target=\"_blank\" rel=\"noreferrer noopener\">here<\/a>. <em>(Image: Apple)<\/em><\/p>\n\n\n\n<ul class=\"wp-block-list\"><li><a href=\"https:\/\/www.apfelpatient.de\/en\">On offer: MagSafe Duo charger 18 percent cheaper<\/a><\/li><\/ul>\n\n\n\n<h6 class=\"wp-block-heading translation-block\" id=\"h-kennt-ihr-schon-unsere-amazon-storefront-dort-findet-ihr-eine-handverlesene-auswahl-von-diversen-produkten-f-r-euer-iphone-und-co-viel-spa-beim-st-bern\"><em>Have you already visited our Amazon Storefront? There you&#039;ll find a hand-picked selection of various products for your iPhone and other devices \u2013 <span class=\"has-inline-color has-vivid-red-color\"><a href=\"https:\/\/www.amazon.de\/shop\/apfelpatientofficial\" class=\"ek-link\" data-wpel-link=\"exclude\" rel=\"follow noopener\" target=\"_self\"><span style=\"text-decoration: underline\" class=\"ek-underline\">enjoy browsing<\/span><\/a> !<\/span><\/em><\/h6>\n\n\n\n\n\n<h6 class=\"wp-block-heading translation-block\" id=\"h-der-beitrag-enthalt-partnerlinks\">This post contains <a data-type=\"URL\" data-id=\"https:\/\/www.apfelpatient.de\/partnerprogramm\" href=\"https:\/\/www.apfelpatient.de\/en\/partner-program\" data-wpel-link=\"internal\" target=\"_self\">affiliate links<\/a>.<\/h6>","protected":false},"excerpt":{"rendered":"<p>Yesterday, Apple announced a &quot;big and important&quot; announcement. Now, a new program has been unveiled.<\/p>","protected":false},"author":2,"featured_media":18443,"comment_status":"closed","ping_status":"closed","sticky":false,"template":"","format":"standard","meta":{"jnews-multi-image_gallery":[],"jnews_single_post":{"subtitle":"","format":"standard","video":"","gallery":"","source_name":"","source_url":"","via_name":"","via_url":"","override":[{"single_blog_custom":"","sidebar":"","second_sidebar":"","share_position":"","share_float_style":"","post_date_format":"","post_date_format_custom":"","post_reading_time_wpm":"","zoom_button_out_step":"1","zoom_button_in_step":"1","number_popup_post":"1"}],"image_override":[{"single_post_thumbnail_size":"","single_post_gallery_size":""}],"trending_post_position":"","trending_post_label":"","sponsored_post_label":"","sponsored_post_name":"","sponsored_post_url":"","sponsored_post_logo":"","sponsored_post_desc":""},"jnews_primary_category":{"id":"9"},"footnotes":""},"categories":[9],"tags":[13],"class_list":["post-18445","post","type-post","status-publish","format-standard","has-post-thumbnail","hentry","category-news","tag-techpatient"],"yoast_head":"<!-- This site is optimized with the Yoast SEO Premium plugin v27.5 (Yoast SEO v27.5) - https:\/\/yoast.com\/product\/yoast-seo-premium-wordpress\/ -->\n<title>Apple k\u00fcndigt neue Initiative f\u00fcr Rassengleichheit und Gerechtigkeit an<\/title>\n<meta name=\"description\" content=\"Gestern wurde bereits eine &quot;gro\u00dfe und wichtige&quot; Ank\u00fcndigung seitens Apple in Aussicht gestellt. Nun wurde ein neues Programm vorgestellt.\" \/>\n<meta name=\"robots\" content=\"index, follow, max-snippet:-1, max-image-preview:large, max-video-preview:-1\" \/>\n<link rel=\"canonical\" href=\"https:\/\/www.apfelpatient.de\/en\/news\/apple-announces-new-initiative-for-racial-equality-and-justice\" \/>\n<meta property=\"og:locale\" content=\"en_US\" \/>\n<meta property=\"og:type\" content=\"article\" \/>\n<meta property=\"og:title\" content=\"Apple k\u00fcndigt neue Initiative f\u00fcr Rassengleichheit und Gerechtigkeit an\" \/>\n<meta property=\"og:description\" content=\"Gestern wurde bereits eine &quot;gro\u00dfe und wichtige&quot; Ank\u00fcndigung seitens Apple in Aussicht gestellt. Nun wurde ein neues Programm vorgestellt.\" \/>\n<meta property=\"og:url\" content=\"https:\/\/www.apfelpatient.de\/en\/news\/apple-announces-new-initiative-for-racial-equality-and-justice\" \/>\n<meta property=\"og:site_name\" content=\"Apfelpatient\" \/>\n<meta property=\"article:publisher\" content=\"https:\/\/www.facebook.com\/apfelpatientOfficial\" \/>\n<meta property=\"article:author\" content=\"https:\/\/www.facebook.com\/apfelpatientOfficial\" \/>\n<meta property=\"article:published_time\" content=\"2021-01-13T12:48:50+00:00\" \/>\n<meta property=\"article:modified_time\" content=\"2025-02-06T07:01:01+00:00\" \/>\n<meta property=\"og:image\" content=\"https:\/\/www.apfelpatient.de\/wp-content\/uploads\/2021\/01\/apple_racial-equity-justice-initiative_propel-center-render_01132021-scaled.jpg\" \/>\n\t<meta property=\"og:image:width\" content=\"2560\" \/>\n\t<meta property=\"og:image:height\" content=\"1440\" \/>\n\t<meta property=\"og:image:type\" content=\"image\/jpeg\" \/>\n<meta name=\"author\" content=\"Milan\" \/>\n<meta name=\"twitter:card\" content=\"summary_large_image\" \/>\n<meta name=\"twitter:description\" content=\"Gestern wurde bereits eine &quot;gro\u00dfe und wichtige&quot; Ank\u00fcndigung seitens Apple in Aussicht gestellt. Nun wurde ein neues Programm vorgestellt.\" \/>\n<meta name=\"twitter:label1\" content=\"Written by\" \/>\n\t<meta name=\"twitter:data1\" content=\"Milan\" \/>\n\t<meta name=\"twitter:label2\" content=\"Est. reading time\" \/>\n\t<meta name=\"twitter:data2\" content=\"4 minutes\" \/>\n<script type=\"application\/ld+json\" class=\"yoast-schema-graph\">{\"@context\":\"https:\\\/\\\/schema.org\",\"@graph\":[{\"@type\":\"NewsArticle\",\"@id\":\"https:\\\/\\\/www.apfelpatient.de\\\/news\\\/apple-kuendigt-neue-initiative-fuer-rassengleichheit-und-gerechtigkeit-an#article\",\"isPartOf\":{\"@id\":\"https:\\\/\\\/www.apfelpatient.de\\\/news\\\/apple-kuendigt-neue-initiative-fuer-rassengleichheit-und-gerechtigkeit-an\"},\"author\":{\"@type\":\"Organization\",\"@id\":\"https:\\\/\\\/www.apfelpatient.de\\\/en\\\/#organization\",\"name\":\"Apfelpatient\",\"url\":\"https:\\\/\\\/www.apfelpatient.de\\\/en\\\/\"},\"headline\":\"Apple k\u00fcndigt neue Initiative f\u00fcr Rassengleichheit und Gerechtigkeit an\",\"datePublished\":\"2021-01-13T12:48:50+00:00\",\"dateModified\":\"2025-02-06T07:01:01+00:00\",\"mainEntityOfPage\":{\"@id\":\"https:\\\/\\\/www.apfelpatient.de\\\/news\\\/apple-kuendigt-neue-initiative-fuer-rassengleichheit-und-gerechtigkeit-an\"},\"wordCount\":862,\"publisher\":{\"@type\":\"Organization\",\"@id\":\"https:\\\/\\\/www.apfelpatient.de\\\/en\\\/#organization\",\"name\":\"Apfelpatient\",\"url\":\"https:\\\/\\\/www.apfelpatient.de\\\/en\\\/\"},\"image\":{\"@id\":\"https:\\\/\\\/www.apfelpatient.de\\\/news\\\/apple-kuendigt-neue-initiative-fuer-rassengleichheit-und-gerechtigkeit-an#primaryimage\"},\"thumbnailUrl\":\"https:\\\/\\\/www.apfelpatient.de\\\/wp-content\\\/uploads\\\/2021\\\/01\\\/apple_racial-equity-justice-initiative_propel-center-render_01132021-scaled.jpg\",\"keywords\":[\"TechPatient\"],\"articleSection\":\"News\",\"inLanguage\":\"en-US\",\"copyrightYear\":\"2021\",\"copyrightHolder\":{\"@id\":\"https:\\\/\\\/www.apfelpatient.de\\\/en\\\/#organization\"}},{\"@type\":\"WebPage\",\"@id\":\"https:\\\/\\\/www.apfelpatient.de\\\/news\\\/apple-kuendigt-neue-initiative-fuer-rassengleichheit-und-gerechtigkeit-an\",\"url\":\"https:\\\/\\\/www.apfelpatient.de\\\/news\\\/apple-kuendigt-neue-initiative-fuer-rassengleichheit-und-gerechtigkeit-an\",\"name\":\"Apple k\u00fcndigt neue Initiative f\u00fcr Rassengleichheit und Gerechtigkeit an\",\"isPartOf\":{\"@id\":\"https:\\\/\\\/www.apfelpatient.de\\\/#website\"},\"primaryImageOfPage\":{\"@id\":\"https:\\\/\\\/www.apfelpatient.de\\\/news\\\/apple-kuendigt-neue-initiative-fuer-rassengleichheit-und-gerechtigkeit-an#primaryimage\"},\"image\":{\"@id\":\"https:\\\/\\\/www.apfelpatient.de\\\/news\\\/apple-kuendigt-neue-initiative-fuer-rassengleichheit-und-gerechtigkeit-an#primaryimage\"},\"thumbnailUrl\":\"https:\\\/\\\/www.apfelpatient.de\\\/wp-content\\\/uploads\\\/2021\\\/01\\\/apple_racial-equity-justice-initiative_propel-center-render_01132021-scaled.jpg\",\"datePublished\":\"2021-01-13T12:48:50+00:00\",\"dateModified\":\"2025-02-06T07:01:01+00:00\",\"description\":\"Gestern wurde bereits eine \\\"gro\u00dfe und wichtige\\\" Ank\u00fcndigung seitens Apple in Aussicht gestellt. Nun wurde ein neues Programm vorgestellt.\",\"breadcrumb\":{\"@id\":\"https:\\\/\\\/www.apfelpatient.de\\\/news\\\/apple-kuendigt-neue-initiative-fuer-rassengleichheit-und-gerechtigkeit-an#breadcrumb\"},\"inLanguage\":\"en-US\",\"potentialAction\":[{\"@type\":\"ReadAction\",\"target\":[\"https:\\\/\\\/www.apfelpatient.de\\\/news\\\/apple-kuendigt-neue-initiative-fuer-rassengleichheit-und-gerechtigkeit-an\"]}]},{\"@type\":\"ImageObject\",\"inLanguage\":\"en-US\",\"@id\":\"https:\\\/\\\/www.apfelpatient.de\\\/news\\\/apple-kuendigt-neue-initiative-fuer-rassengleichheit-und-gerechtigkeit-an#primaryimage\",\"url\":\"https:\\\/\\\/www.apfelpatient.de\\\/wp-content\\\/uploads\\\/2021\\\/01\\\/apple_racial-equity-justice-initiative_propel-center-render_01132021-scaled.jpg\",\"contentUrl\":\"https:\\\/\\\/www.apfelpatient.de\\\/wp-content\\\/uploads\\\/2021\\\/01\\\/apple_racial-equity-justice-initiative_propel-center-render_01132021-scaled.jpg\",\"width\":2560,\"height\":1440,\"caption\":\"Bild: Apple\"},{\"@type\":\"BreadcrumbList\",\"@id\":\"https:\\\/\\\/www.apfelpatient.de\\\/news\\\/apple-kuendigt-neue-initiative-fuer-rassengleichheit-und-gerechtigkeit-an#breadcrumb\",\"itemListElement\":[{\"@type\":\"ListItem\",\"position\":1,\"name\":\"Startseite\",\"item\":\"https:\\\/\\\/www.apfelpatient.de\\\/\"},{\"@type\":\"ListItem\",\"position\":2,\"name\":\"Apple k\u00fcndigt neue Initiative f\u00fcr Rassengleichheit und Gerechtigkeit an\"}]},{\"@type\":\"WebSite\",\"@id\":\"https:\\\/\\\/www.apfelpatient.de\\\/#website\",\"url\":\"https:\\\/\\\/www.apfelpatient.de\\\/\",\"name\":\"Apfelpatient\",\"description\":\"Alles rund um Apple!\",\"publisher\":{\"@type\":\"Organization\",\"@id\":\"https:\\\/\\\/www.apfelpatient.de\\\/en\\\/#organization\",\"name\":\"Apfelpatient\",\"url\":\"https:\\\/\\\/www.apfelpatient.de\\\/en\\\/\"},\"alternateName\":\"Apfelpatient\",\"potentialAction\":[{\"@type\":\"SearchAction\",\"target\":{\"@type\":\"EntryPoint\",\"urlTemplate\":\"https:\\\/\\\/www.apfelpatient.de\\\/?s={search_term_string}\"},\"query-input\":{\"@type\":\"PropertyValueSpecification\",\"valueRequired\":true,\"valueName\":\"search_term_string\"}}],\"inLanguage\":\"en-US\"},{\"@type\":[\"Person\",\"Organization\"],\"@id\":\"https:\\\/\\\/www.apfelpatient.de\\\/#\\\/schema\\\/person\\\/35b3ddba5832f2bfc7fff5206d4f6b7b\",\"name\":\"Milan\",\"logo\":{\"@id\":\"https:\\\/\\\/www.apfelpatient.de\\\/#\\\/schema\\\/person\\\/image\\\/\"},\"description\":\"Hallo und herzlich willkommen auf meinem Technik-Blog! Als gro\u00dfer Apple-Fan berichte ich hier \u00fcber alles, was mit Apple zu tun hat: von den neuesten News und spannenden Ger\u00fcchten \u00fcber hilfreiche Tipps und Tricks bis hin zu ausf\u00fchrlichen Produkttests. Wenn du genauso technikbegeistert bist wie ich, bist du hier genau richtig!\",\"sameAs\":[\"https:\\\/\\\/www.facebook.com\\\/apfelpatientOfficial\",\"https:\\\/\\\/www.linkedin.com\\\/in\\\/milan-jovicic-42aa0231b\"],\"url\":\"https:\\\/\\\/www.apfelpatient.de\\\/en\\\/author\\\/apfeladmin\"}]}<\/script>\n<!-- \/ Yoast SEO Premium plugin. -->","yoast_head_json":{"title":"Apple announces new initiative for racial equality and justice","description":"Yesterday, Apple announced a &quot;big and important&quot; announcement. Now a new program has been introduced.","robots":{"index":"index","follow":"follow","max-snippet":"max-snippet:-1","max-image-preview":"max-image-preview:large","max-video-preview":"max-video-preview:-1"},"canonical":"https:\/\/www.apfelpatient.de\/en\/news\/apple-announces-new-initiative-for-racial-equality-and-justice","og_locale":"en_US","og_type":"article","og_title":"Apple k\u00fcndigt neue Initiative f\u00fcr Rassengleichheit und Gerechtigkeit an","og_description":"Gestern wurde bereits eine \"gro\u00dfe und wichtige\" Ank\u00fcndigung seitens Apple in Aussicht gestellt. Nun wurde ein neues Programm vorgestellt.","og_url":"https:\/\/www.apfelpatient.de\/en\/news\/apple-announces-new-initiative-for-racial-equality-and-justice","og_site_name":"Apfelpatient","article_publisher":"https:\/\/www.facebook.com\/apfelpatientOfficial","article_author":"https:\/\/www.facebook.com\/apfelpatientOfficial","article_published_time":"2021-01-13T12:48:50+00:00","article_modified_time":"2025-02-06T07:01:01+00:00","og_image":[{"width":2560,"height":1440,"url":"https:\/\/www.apfelpatient.de\/wp-content\/uploads\/2021\/01\/apple_racial-equity-justice-initiative_propel-center-render_01132021-scaled.jpg","type":"image\/jpeg"}],"author":"Milan","twitter_card":"summary_large_image","twitter_description":"Gestern wurde bereits eine \"gro\u00dfe und wichtige\" Ank\u00fcndigung seitens Apple in Aussicht gestellt. Nun wurde ein neues Programm vorgestellt.","twitter_misc":{"Written by":"Milan","Est. reading time":"4 minutes"},"schema":{"@context":"https:\/\/schema.org","@graph":[{"@type":"NewsArticle","@id":"https:\/\/www.apfelpatient.de\/news\/apple-kuendigt-neue-initiative-fuer-rassengleichheit-und-gerechtigkeit-an#article","isPartOf":{"@id":"https:\/\/www.apfelpatient.de\/news\/apple-kuendigt-neue-initiative-fuer-rassengleichheit-und-gerechtigkeit-an"},"author":{"@type":"Organization","@id":"https:\/\/www.apfelpatient.de\/en\/#organization","name":"Apfelpatient","url":"https:\/\/www.apfelpatient.de\/en\/"},"headline":"Apple k\u00fcndigt neue Initiative f\u00fcr Rassengleichheit und Gerechtigkeit an","datePublished":"2021-01-13T12:48:50+00:00","dateModified":"2025-02-06T07:01:01+00:00","mainEntityOfPage":{"@id":"https:\/\/www.apfelpatient.de\/news\/apple-kuendigt-neue-initiative-fuer-rassengleichheit-und-gerechtigkeit-an"},"wordCount":862,"publisher":{"@type":"Organization","@id":"https:\/\/www.apfelpatient.de\/en\/#organization","name":"Apfelpatient","url":"https:\/\/www.apfelpatient.de\/en\/"},"image":{"@id":"https:\/\/www.apfelpatient.de\/news\/apple-kuendigt-neue-initiative-fuer-rassengleichheit-und-gerechtigkeit-an#primaryimage"},"thumbnailUrl":"https:\/\/www.apfelpatient.de\/wp-content\/uploads\/2021\/01\/apple_racial-equity-justice-initiative_propel-center-render_01132021-scaled.jpg","keywords":["TechPatient"],"articleSection":"News","inLanguage":"en-US","copyrightYear":"2021","copyrightHolder":{"@id":"https:\/\/www.apfelpatient.de\/en\/#organization"}},{"@type":"WebPage","@id":"https:\/\/www.apfelpatient.de\/news\/apple-kuendigt-neue-initiative-fuer-rassengleichheit-und-gerechtigkeit-an","url":"https:\/\/www.apfelpatient.de\/news\/apple-kuendigt-neue-initiative-fuer-rassengleichheit-und-gerechtigkeit-an","name":"Apple announces new initiative for racial equality and justice","isPartOf":{"@id":"https:\/\/www.apfelpatient.de\/#website"},"primaryImageOfPage":{"@id":"https:\/\/www.apfelpatient.de\/news\/apple-kuendigt-neue-initiative-fuer-rassengleichheit-und-gerechtigkeit-an#primaryimage"},"image":{"@id":"https:\/\/www.apfelpatient.de\/news\/apple-kuendigt-neue-initiative-fuer-rassengleichheit-und-gerechtigkeit-an#primaryimage"},"thumbnailUrl":"https:\/\/www.apfelpatient.de\/wp-content\/uploads\/2021\/01\/apple_racial-equity-justice-initiative_propel-center-render_01132021-scaled.jpg","datePublished":"2021-01-13T12:48:50+00:00","dateModified":"2025-02-06T07:01:01+00:00","description":"Yesterday, Apple announced a &quot;big and important&quot; announcement. Now a new program has been introduced.","breadcrumb":{"@id":"https:\/\/www.apfelpatient.de\/news\/apple-kuendigt-neue-initiative-fuer-rassengleichheit-und-gerechtigkeit-an#breadcrumb"},"inLanguage":"en-US","potentialAction":[{"@type":"ReadAction","target":["https:\/\/www.apfelpatient.de\/news\/apple-kuendigt-neue-initiative-fuer-rassengleichheit-und-gerechtigkeit-an"]}]},{"@type":"ImageObject","inLanguage":"en-US","@id":"https:\/\/www.apfelpatient.de\/news\/apple-kuendigt-neue-initiative-fuer-rassengleichheit-und-gerechtigkeit-an#primaryimage","url":"https:\/\/www.apfelpatient.de\/wp-content\/uploads\/2021\/01\/apple_racial-equity-justice-initiative_propel-center-render_01132021-scaled.jpg","contentUrl":"https:\/\/www.apfelpatient.de\/wp-content\/uploads\/2021\/01\/apple_racial-equity-justice-initiative_propel-center-render_01132021-scaled.jpg","width":2560,"height":1440,"caption":"Bild: Apple"},{"@type":"BreadcrumbList","@id":"https:\/\/www.apfelpatient.de\/news\/apple-kuendigt-neue-initiative-fuer-rassengleichheit-und-gerechtigkeit-an#breadcrumb","itemListElement":[{"@type":"ListItem","position":1,"name":"Startseite","item":"https:\/\/www.apfelpatient.de\/"},{"@type":"ListItem","position":2,"name":"Apple k\u00fcndigt neue Initiative f\u00fcr Rassengleichheit und Gerechtigkeit an"}]},{"@type":"WebSite","@id":"https:\/\/www.apfelpatient.de\/#website","url":"https:\/\/www.apfelpatient.de\/","name":"apple patient","description":"Everything about Apple!","publisher":{"@type":"Organization","@id":"https:\/\/www.apfelpatient.de\/en\/#organization","name":"Apfelpatient","url":"https:\/\/www.apfelpatient.de\/en\/"},"alternateName":"Apfelpatient","potentialAction":[{"@type":"SearchAction","target":{"@type":"EntryPoint","urlTemplate":"https:\/\/www.apfelpatient.de\/?s={search_term_string}"},"query-input":{"@type":"PropertyValueSpecification","valueRequired":true,"valueName":"search_term_string"}}],"inLanguage":"en-US"},{"@type":["Person","Organization"],"@id":"https:\/\/www.apfelpatient.de\/#\/schema\/person\/35b3ddba5832f2bfc7fff5206d4f6b7b","name":"Milan","logo":{"@id":"https:\/\/www.apfelpatient.de\/#\/schema\/person\/image\/"},"description":"Hello and welcome to my technology blog! As a big Apple fan, I report on everything to do with Apple: from the latest news and exciting rumors to helpful tips and tricks and detailed product tests. If you are as enthusiastic about technology as I am, you have come to the right place!","sameAs":["https:\/\/www.facebook.com\/apfelpatientOfficial","https:\/\/www.linkedin.com\/in\/milan-jovicic-42aa0231b"],"url":"https:\/\/www.apfelpatient.de\/en\/author\/apfeladmin"}]}},"_links":{"self":[{"href":"https:\/\/www.apfelpatient.de\/en\/wp-json\/wp\/v2\/posts\/18445","targetHints":{"allow":["GET"]}}],"collection":[{"href":"https:\/\/www.apfelpatient.de\/en\/wp-json\/wp\/v2\/posts"}],"about":[{"href":"https:\/\/www.apfelpatient.de\/en\/wp-json\/wp\/v2\/types\/post"}],"author":[{"embeddable":true,"href":"https:\/\/www.apfelpatient.de\/en\/wp-json\/wp\/v2\/users\/2"}],"replies":[{"embeddable":true,"href":"https:\/\/www.apfelpatient.de\/en\/wp-json\/wp\/v2\/comments?post=18445"}],"version-history":[{"count":0,"href":"https:\/\/www.apfelpatient.de\/en\/wp-json\/wp\/v2\/posts\/18445\/revisions"}],"wp:featuredmedia":[{"embeddable":true,"href":"https:\/\/www.apfelpatient.de\/en\/wp-json\/wp\/v2\/media\/18443"}],"wp:attachment":[{"href":"https:\/\/www.apfelpatient.de\/en\/wp-json\/wp\/v2\/media?parent=18445"}],"wp:term":[{"taxonomy":"category","embeddable":true,"href":"https:\/\/www.apfelpatient.de\/en\/wp-json\/wp\/v2\/categories?post=18445"},{"taxonomy":"post_tag","embeddable":true,"href":"https:\/\/www.apfelpatient.de\/en\/wp-json\/wp\/v2\/tags?post=18445"}],"curies":[{"name":"wp","href":"https:\/\/api.w.org\/{rel}","templated":true}]}}