{"id":18436,"date":"2021-01-13T12:07:31","date_gmt":"2021-01-13T11:07:31","guid":{"rendered":"https:\/\/www.apfelpatient.de\/?p=18436"},"modified":"2021-03-09T12:00:57","modified_gmt":"2021-03-09T11:00:57","slug":"apple-car-and-canoo-was-also-under-discussion","status":"publish","type":"post","link":"https:\/\/www.apfelpatient.de\/en\/rumors\/apple-car-auch-canoo-war-im-gespraech","title":{"rendered":"Apple Car: Canoo was also in the running"},"content":{"rendered":"<p class=\"has-drop-cap\"><strong>Rumors about the alleged Apple Car have been piling up in recent weeks. Now there is more to come.<\/strong><\/p>\n\n\n\n<p>Rumors surrounding the Apple Car have increased somewhat surprisingly in recent weeks. Now The Verge has published a report <a href=\"https:\/\/www.theverge.com\/2021\/1\/12\/22225026\/apple-canoo-acquisition-investment-electric-car-goev\" target=\"_blank\" rel=\"noreferrer noopener\">published<\/a>, according to which Apple is said to have held talks with Canoo last year. The company is a startup that focuses on electric vehicles and related technologies. According to the report, both companies discussed possible investments - a takeover by Apple was also said to have been discussed. The Verge claims to have learned that Apple is very interested in Canoo&#039;s scalable electric vehicle platform, which it calls the &quot;skateboard&quot;. It consists of integrating more electronics into the car using steer-by-wire technology, which allows greater flexibility in the design of the interior. Apple wanted to take over Canoo - but the startup was only interested in collaborating with the Cupertino-based company.<\/p>\n\n\n\n<h3 class=\"wp-block-heading\" id=\"h-apple-car-fr-hestens-in-f-nf-bis-sieben-jahren-marktreif\">Apple Car: Ready for market in five to seven years at the earliest<\/h3>\n\n\n\n\n\n\n\n<p>Both companies stopped negotiations after Canoo went public on the NASDAQ stock exchange in December. Tony Aquila, Executive Chairman of Canoo, declined to discuss the startup&#039;s strategies and negotiations in a statement to The Verge, as did Apple. Interestingly, Hyundai has previously worked with Canoo. The company <a href=\"https:\/\/www.apfelpatient.de\/en\/news\/apple-car-hyundai-motor-confirms-talks-with-apple\">confirmed<\/a> even talks with Apple. While the acquisition of Canoo did not happen, Apple bought Drive.ai in 2019 - a startup that develops autonomous cars. Cupertino did not discuss the reasons for the acquisition but the company confirmed that Drive.ai engineers would work on the development and product design. If Ming-Chi Kuo and Bloomberg are to be believed, the Apple Car will not appear before 2027 \/ 2028. So the whole thing should remain exciting in the next few years. <em>(Image: Canoo)<\/em><\/p>\n\n\n\n<ul class=\"wp-block-list\"><li><a href=\"https:\/\/www.apfelpatient.de\/en\/rumors\/apple-car-hyundai-and-apple-hope-for-an-agreement-soon\">Apple Car: Hyundai and Apple hope for an agreement soon<\/a><\/li><\/ul>\n\n\n\n<h6 class=\"wp-block-heading translation-block\" id=\"h-kennt-ihr-schon-unsere-amazon-storefront-dort-findet-ihr-eine-handverlesene-auswahl-von-diversen-produkten-f-r-euer-iphone-und-co-viel-spa-beim-st-bern\"><em>Have you already visited our Amazon Storefront? There you&#039;ll find a hand-picked selection of various products for your iPhone and other devices \u2013 <span class=\"has-inline-color has-vivid-red-color\"><a href=\"https:\/\/www.amazon.de\/shop\/apfelpatientofficial\" class=\"ek-link\" data-wpel-link=\"exclude\" rel=\"follow noopener\" target=\"_self\"><span style=\"text-decoration: underline\" class=\"ek-underline\">enjoy browsing<\/span><\/a> !<\/span><\/em><\/h6>\n\n\n\n\n\n<h6 class=\"wp-block-heading translation-block\" id=\"h-der-beitrag-enthalt-partnerlinks\">This post contains <a data-type=\"URL\" data-id=\"https:\/\/www.apfelpatient.de\/partnerprogramm\" href=\"https:\/\/www.apfelpatient.de\/en\/partner-program\" data-wpel-link=\"internal\" target=\"_self\">affiliate links<\/a>.<\/h6>","protected":false},"excerpt":{"rendered":"<p>Rumors about the alleged Apple Car have been piling up in recent weeks. Now there is more to come.<\/p>","protected":false},"author":2,"featured_media":18435,"comment_status":"closed","ping_status":"closed","sticky":false,"template":"","format":"standard","meta":{"jnews-multi-image_gallery":[],"jnews_single_post":{"subtitle":"","format":"standard","video":"","gallery":"","source_name":"","source_url":"","via_name":"","via_url":"","override":[{"single_blog_custom":"","sidebar":"","second_sidebar":"","share_position":"","share_float_style":"","post_date_format":"","post_date_format_custom":"","post_reading_time_wpm":"","zoom_button_out_step":"1","zoom_button_in_step":"1","number_popup_post":"1"}],"image_override":[{"single_post_thumbnail_size":"","single_post_gallery_size":""}],"trending_post_position":"","trending_post_label":"","sponsored_post_label":"","sponsored_post_name":"","sponsored_post_url":"","sponsored_post_logo":"","sponsored_post_desc":""},"jnews_primary_category":{"id":"25"},"footnotes":""},"categories":[25],"tags":[115,13],"class_list":["post-18436","post","type-post","status-publish","format-standard","has-post-thumbnail","hentry","category-rumors","tag-apple-car","tag-techpatient"],"yoast_head":"<!-- This site is optimized with the Yoast SEO Premium plugin v27.5 (Yoast SEO v27.5) - https:\/\/yoast.com\/product\/yoast-seo-premium-wordpress\/ -->\n<title>Apple Car: Auch Canoo war im Gespr\u00e4ch Apfelpatient<\/title>\n<meta name=\"description\" content=\"Ger\u00fcchte rund um das vermeintliche Apple Car haben sich in den letzten Wochen geh\u00e4uft. Nun gibt es Nachschub.\" \/>\n<meta name=\"robots\" content=\"index, follow, max-snippet:-1, max-image-preview:large, max-video-preview:-1\" \/>\n<link rel=\"canonical\" href=\"https:\/\/www.apfelpatient.de\/en\/rumors\/apple-car-and-canoo-was-also-under-discussion\" \/>\n<meta property=\"og:locale\" content=\"en_US\" \/>\n<meta property=\"og:type\" content=\"article\" \/>\n<meta property=\"og:title\" content=\"Apple Car: Auch Canoo war im Gespr\u00e4ch\" \/>\n<meta property=\"og:description\" content=\"Ger\u00fcchte rund um das vermeintliche Apple Car haben sich in den letzten Wochen geh\u00e4uft. Nun gibt es Nachschub.\" \/>\n<meta property=\"og:url\" content=\"https:\/\/www.apfelpatient.de\/en\/rumors\/apple-car-and-canoo-was-also-under-discussion\" \/>\n<meta property=\"og:site_name\" content=\"Apfelpatient\" \/>\n<meta property=\"article:publisher\" content=\"https:\/\/www.facebook.com\/apfelpatientOfficial\" \/>\n<meta property=\"article:author\" content=\"https:\/\/www.facebook.com\/apfelpatientOfficial\" \/>\n<meta property=\"article:published_time\" content=\"2021-01-13T11:07:31+00:00\" \/>\n<meta property=\"article:modified_time\" content=\"2021-03-09T11:00:57+00:00\" \/>\n<meta property=\"og:image\" content=\"https:\/\/www.apfelpatient.de\/wp-content\/uploads\/2021\/01\/Canoo_MPDV_Exterior_23.jpg\" \/>\n\t<meta property=\"og:image:width\" content=\"2000\" \/>\n\t<meta property=\"og:image:height\" content=\"1125\" \/>\n\t<meta property=\"og:image:type\" content=\"image\/jpeg\" \/>\n<meta name=\"author\" content=\"Milan\" \/>\n<meta name=\"twitter:card\" content=\"summary_large_image\" \/>\n<meta name=\"twitter:description\" content=\"Ger\u00fcchte rund um das vermeintliche Apple Car haben sich in den letzten Wochen geh\u00e4uft. Nun gibt es Nachschub.\" \/>\n<meta name=\"twitter:label1\" content=\"Written by\" \/>\n\t<meta name=\"twitter:data1\" content=\"Milan\" \/>\n\t<meta name=\"twitter:label2\" content=\"Est. reading time\" \/>\n\t<meta name=\"twitter:data2\" content=\"2 minutes\" \/>\n<script type=\"application\/ld+json\" class=\"yoast-schema-graph\">{\"@context\":\"https:\\\/\\\/schema.org\",\"@graph\":[{\"@type\":\"NewsArticle\",\"@id\":\"https:\\\/\\\/www.apfelpatient.de\\\/rumors\\\/apple-car-auch-canoo-war-im-gespraech#article\",\"isPartOf\":{\"@id\":\"https:\\\/\\\/www.apfelpatient.de\\\/rumors\\\/apple-car-auch-canoo-war-im-gespraech\"},\"author\":{\"@type\":\"Organization\",\"@id\":\"https:\\\/\\\/www.apfelpatient.de\\\/en\\\/#organization\",\"name\":\"Apfelpatient\",\"url\":\"https:\\\/\\\/www.apfelpatient.de\\\/en\\\/\"},\"headline\":\"Apple Car: Auch Canoo war im Gespr\u00e4ch\",\"datePublished\":\"2021-01-13T11:07:31+00:00\",\"dateModified\":\"2021-03-09T11:00:57+00:00\",\"mainEntityOfPage\":{\"@id\":\"https:\\\/\\\/www.apfelpatient.de\\\/rumors\\\/apple-car-auch-canoo-war-im-gespraech\"},\"wordCount\":329,\"publisher\":{\"@type\":\"Organization\",\"@id\":\"https:\\\/\\\/www.apfelpatient.de\\\/en\\\/#organization\",\"name\":\"Apfelpatient\",\"url\":\"https:\\\/\\\/www.apfelpatient.de\\\/en\\\/\"},\"image\":{\"@id\":\"https:\\\/\\\/www.apfelpatient.de\\\/rumors\\\/apple-car-auch-canoo-war-im-gespraech#primaryimage\"},\"thumbnailUrl\":\"https:\\\/\\\/www.apfelpatient.de\\\/wp-content\\\/uploads\\\/2021\\\/01\\\/Canoo_MPDV_Exterior_23.jpg\",\"keywords\":[\"Apple Car\",\"TechPatient\"],\"articleSection\":\"Rumors\",\"inLanguage\":\"en-US\",\"copyrightYear\":\"2021\",\"copyrightHolder\":{\"@id\":\"https:\\\/\\\/www.apfelpatient.de\\\/en\\\/#organization\"}},{\"@type\":\"WebPage\",\"@id\":\"https:\\\/\\\/www.apfelpatient.de\\\/rumors\\\/apple-car-auch-canoo-war-im-gespraech\",\"url\":\"https:\\\/\\\/www.apfelpatient.de\\\/rumors\\\/apple-car-auch-canoo-war-im-gespraech\",\"name\":\"Apple Car: Auch Canoo war im Gespr\u00e4ch Apfelpatient\",\"isPartOf\":{\"@id\":\"https:\\\/\\\/www.apfelpatient.de\\\/#website\"},\"primaryImageOfPage\":{\"@id\":\"https:\\\/\\\/www.apfelpatient.de\\\/rumors\\\/apple-car-auch-canoo-war-im-gespraech#primaryimage\"},\"image\":{\"@id\":\"https:\\\/\\\/www.apfelpatient.de\\\/rumors\\\/apple-car-auch-canoo-war-im-gespraech#primaryimage\"},\"thumbnailUrl\":\"https:\\\/\\\/www.apfelpatient.de\\\/wp-content\\\/uploads\\\/2021\\\/01\\\/Canoo_MPDV_Exterior_23.jpg\",\"datePublished\":\"2021-01-13T11:07:31+00:00\",\"dateModified\":\"2021-03-09T11:00:57+00:00\",\"description\":\"Ger\u00fcchte rund um das vermeintliche Apple Car haben sich in den letzten Wochen geh\u00e4uft. Nun gibt es Nachschub.\",\"breadcrumb\":{\"@id\":\"https:\\\/\\\/www.apfelpatient.de\\\/rumors\\\/apple-car-auch-canoo-war-im-gespraech#breadcrumb\"},\"inLanguage\":\"en-US\",\"potentialAction\":[{\"@type\":\"ReadAction\",\"target\":[\"https:\\\/\\\/www.apfelpatient.de\\\/rumors\\\/apple-car-auch-canoo-war-im-gespraech\"]}]},{\"@type\":\"ImageObject\",\"inLanguage\":\"en-US\",\"@id\":\"https:\\\/\\\/www.apfelpatient.de\\\/rumors\\\/apple-car-auch-canoo-war-im-gespraech#primaryimage\",\"url\":\"https:\\\/\\\/www.apfelpatient.de\\\/wp-content\\\/uploads\\\/2021\\\/01\\\/Canoo_MPDV_Exterior_23.jpg\",\"contentUrl\":\"https:\\\/\\\/www.apfelpatient.de\\\/wp-content\\\/uploads\\\/2021\\\/01\\\/Canoo_MPDV_Exterior_23.jpg\",\"width\":2000,\"height\":1125,\"caption\":\"Bild: Canoo\"},{\"@type\":\"BreadcrumbList\",\"@id\":\"https:\\\/\\\/www.apfelpatient.de\\\/rumors\\\/apple-car-auch-canoo-war-im-gespraech#breadcrumb\",\"itemListElement\":[{\"@type\":\"ListItem\",\"position\":1,\"name\":\"Startseite\",\"item\":\"https:\\\/\\\/www.apfelpatient.de\\\/\"},{\"@type\":\"ListItem\",\"position\":2,\"name\":\"Apple Car: Auch Canoo war im Gespr\u00e4ch\"}]},{\"@type\":\"WebSite\",\"@id\":\"https:\\\/\\\/www.apfelpatient.de\\\/#website\",\"url\":\"https:\\\/\\\/www.apfelpatient.de\\\/\",\"name\":\"Apfelpatient\",\"description\":\"Alles rund um Apple!\",\"publisher\":{\"@type\":\"Organization\",\"@id\":\"https:\\\/\\\/www.apfelpatient.de\\\/en\\\/#organization\",\"name\":\"Apfelpatient\",\"url\":\"https:\\\/\\\/www.apfelpatient.de\\\/en\\\/\"},\"alternateName\":\"Apfelpatient\",\"potentialAction\":[{\"@type\":\"SearchAction\",\"target\":{\"@type\":\"EntryPoint\",\"urlTemplate\":\"https:\\\/\\\/www.apfelpatient.de\\\/?s={search_term_string}\"},\"query-input\":{\"@type\":\"PropertyValueSpecification\",\"valueRequired\":true,\"valueName\":\"search_term_string\"}}],\"inLanguage\":\"en-US\"},{\"@type\":[\"Person\",\"Organization\"],\"@id\":\"https:\\\/\\\/www.apfelpatient.de\\\/#\\\/schema\\\/person\\\/35b3ddba5832f2bfc7fff5206d4f6b7b\",\"name\":\"Milan\",\"logo\":{\"@id\":\"https:\\\/\\\/www.apfelpatient.de\\\/#\\\/schema\\\/person\\\/image\\\/\"},\"description\":\"Hallo und herzlich willkommen auf meinem Technik-Blog! Als gro\u00dfer Apple-Fan berichte ich hier \u00fcber alles, was mit Apple zu tun hat: von den neuesten News und spannenden Ger\u00fcchten \u00fcber hilfreiche Tipps und Tricks bis hin zu ausf\u00fchrlichen Produkttests. Wenn du genauso technikbegeistert bist wie ich, bist du hier genau richtig!\",\"sameAs\":[\"https:\\\/\\\/www.facebook.com\\\/apfelpatientOfficial\",\"https:\\\/\\\/www.linkedin.com\\\/in\\\/milan-jovicic-42aa0231b\"],\"url\":\"https:\\\/\\\/www.apfelpatient.de\\\/en\\\/author\\\/apfeladmin\"}]}<\/script>\n<!-- \/ Yoast SEO Premium plugin. -->","yoast_head_json":{"title":"Apple Car: Canoo was also in the running Apfelpatient","description":"Rumors about the alleged Apple Car have been piling up in recent weeks. Now there is more to come.","robots":{"index":"index","follow":"follow","max-snippet":"max-snippet:-1","max-image-preview":"max-image-preview:large","max-video-preview":"max-video-preview:-1"},"canonical":"https:\/\/www.apfelpatient.de\/en\/rumors\/apple-car-and-canoo-was-also-under-discussion","og_locale":"en_US","og_type":"article","og_title":"Apple Car: Auch Canoo war im Gespr\u00e4ch","og_description":"Ger\u00fcchte rund um das vermeintliche Apple Car haben sich in den letzten Wochen geh\u00e4uft. Nun gibt es Nachschub.","og_url":"https:\/\/www.apfelpatient.de\/en\/rumors\/apple-car-and-canoo-was-also-under-discussion","og_site_name":"Apfelpatient","article_publisher":"https:\/\/www.facebook.com\/apfelpatientOfficial","article_author":"https:\/\/www.facebook.com\/apfelpatientOfficial","article_published_time":"2021-01-13T11:07:31+00:00","article_modified_time":"2021-03-09T11:00:57+00:00","og_image":[{"width":2000,"height":1125,"url":"https:\/\/www.apfelpatient.de\/wp-content\/uploads\/2021\/01\/Canoo_MPDV_Exterior_23.jpg","type":"image\/jpeg"}],"author":"Milan","twitter_card":"summary_large_image","twitter_description":"Ger\u00fcchte rund um das vermeintliche Apple Car haben sich in den letzten Wochen geh\u00e4uft. Nun gibt es Nachschub.","twitter_misc":{"Written by":"Milan","Est. reading time":"2 minutes"},"schema":{"@context":"https:\/\/schema.org","@graph":[{"@type":"NewsArticle","@id":"https:\/\/www.apfelpatient.de\/rumors\/apple-car-auch-canoo-war-im-gespraech#article","isPartOf":{"@id":"https:\/\/www.apfelpatient.de\/rumors\/apple-car-auch-canoo-war-im-gespraech"},"author":{"@type":"Organization","@id":"https:\/\/www.apfelpatient.de\/en\/#organization","name":"Apfelpatient","url":"https:\/\/www.apfelpatient.de\/en\/"},"headline":"Apple Car: Auch Canoo war im Gespr\u00e4ch","datePublished":"2021-01-13T11:07:31+00:00","dateModified":"2021-03-09T11:00:57+00:00","mainEntityOfPage":{"@id":"https:\/\/www.apfelpatient.de\/rumors\/apple-car-auch-canoo-war-im-gespraech"},"wordCount":329,"publisher":{"@type":"Organization","@id":"https:\/\/www.apfelpatient.de\/en\/#organization","name":"Apfelpatient","url":"https:\/\/www.apfelpatient.de\/en\/"},"image":{"@id":"https:\/\/www.apfelpatient.de\/rumors\/apple-car-auch-canoo-war-im-gespraech#primaryimage"},"thumbnailUrl":"https:\/\/www.apfelpatient.de\/wp-content\/uploads\/2021\/01\/Canoo_MPDV_Exterior_23.jpg","keywords":["Apple Car","TechPatient"],"articleSection":"Rumors","inLanguage":"en-US","copyrightYear":"2021","copyrightHolder":{"@id":"https:\/\/www.apfelpatient.de\/en\/#organization"}},{"@type":"WebPage","@id":"https:\/\/www.apfelpatient.de\/rumors\/apple-car-auch-canoo-war-im-gespraech","url":"https:\/\/www.apfelpatient.de\/rumors\/apple-car-auch-canoo-war-im-gespraech","name":"Apple Car: Canoo was also in the running Apfelpatient","isPartOf":{"@id":"https:\/\/www.apfelpatient.de\/#website"},"primaryImageOfPage":{"@id":"https:\/\/www.apfelpatient.de\/rumors\/apple-car-auch-canoo-war-im-gespraech#primaryimage"},"image":{"@id":"https:\/\/www.apfelpatient.de\/rumors\/apple-car-auch-canoo-war-im-gespraech#primaryimage"},"thumbnailUrl":"https:\/\/www.apfelpatient.de\/wp-content\/uploads\/2021\/01\/Canoo_MPDV_Exterior_23.jpg","datePublished":"2021-01-13T11:07:31+00:00","dateModified":"2021-03-09T11:00:57+00:00","description":"Rumors about the alleged Apple Car have been piling up in recent weeks. Now there is more to come.","breadcrumb":{"@id":"https:\/\/www.apfelpatient.de\/rumors\/apple-car-auch-canoo-war-im-gespraech#breadcrumb"},"inLanguage":"en-US","potentialAction":[{"@type":"ReadAction","target":["https:\/\/www.apfelpatient.de\/rumors\/apple-car-auch-canoo-war-im-gespraech"]}]},{"@type":"ImageObject","inLanguage":"en-US","@id":"https:\/\/www.apfelpatient.de\/rumors\/apple-car-auch-canoo-war-im-gespraech#primaryimage","url":"https:\/\/www.apfelpatient.de\/wp-content\/uploads\/2021\/01\/Canoo_MPDV_Exterior_23.jpg","contentUrl":"https:\/\/www.apfelpatient.de\/wp-content\/uploads\/2021\/01\/Canoo_MPDV_Exterior_23.jpg","width":2000,"height":1125,"caption":"Bild: Canoo"},{"@type":"BreadcrumbList","@id":"https:\/\/www.apfelpatient.de\/rumors\/apple-car-auch-canoo-war-im-gespraech#breadcrumb","itemListElement":[{"@type":"ListItem","position":1,"name":"Startseite","item":"https:\/\/www.apfelpatient.de\/"},{"@type":"ListItem","position":2,"name":"Apple Car: Auch Canoo war im Gespr\u00e4ch"}]},{"@type":"WebSite","@id":"https:\/\/www.apfelpatient.de\/#website","url":"https:\/\/www.apfelpatient.de\/","name":"apple patient","description":"Everything about Apple!","publisher":{"@type":"Organization","@id":"https:\/\/www.apfelpatient.de\/en\/#organization","name":"Apfelpatient","url":"https:\/\/www.apfelpatient.de\/en\/"},"alternateName":"Apfelpatient","potentialAction":[{"@type":"SearchAction","target":{"@type":"EntryPoint","urlTemplate":"https:\/\/www.apfelpatient.de\/?s={search_term_string}"},"query-input":{"@type":"PropertyValueSpecification","valueRequired":true,"valueName":"search_term_string"}}],"inLanguage":"en-US"},{"@type":["Person","Organization"],"@id":"https:\/\/www.apfelpatient.de\/#\/schema\/person\/35b3ddba5832f2bfc7fff5206d4f6b7b","name":"Milan","logo":{"@id":"https:\/\/www.apfelpatient.de\/#\/schema\/person\/image\/"},"description":"Hello and welcome to my technology blog! As a big Apple fan, I report on everything to do with Apple: from the latest news and exciting rumors to helpful tips and tricks and detailed product tests. If you are as enthusiastic about technology as I am, you have come to the right place!","sameAs":["https:\/\/www.facebook.com\/apfelpatientOfficial","https:\/\/www.linkedin.com\/in\/milan-jovicic-42aa0231b"],"url":"https:\/\/www.apfelpatient.de\/en\/author\/apfeladmin"}]}},"_links":{"self":[{"href":"https:\/\/www.apfelpatient.de\/en\/wp-json\/wp\/v2\/posts\/18436","targetHints":{"allow":["GET"]}}],"collection":[{"href":"https:\/\/www.apfelpatient.de\/en\/wp-json\/wp\/v2\/posts"}],"about":[{"href":"https:\/\/www.apfelpatient.de\/en\/wp-json\/wp\/v2\/types\/post"}],"author":[{"embeddable":true,"href":"https:\/\/www.apfelpatient.de\/en\/wp-json\/wp\/v2\/users\/2"}],"replies":[{"embeddable":true,"href":"https:\/\/www.apfelpatient.de\/en\/wp-json\/wp\/v2\/comments?post=18436"}],"version-history":[{"count":0,"href":"https:\/\/www.apfelpatient.de\/en\/wp-json\/wp\/v2\/posts\/18436\/revisions"}],"wp:featuredmedia":[{"embeddable":true,"href":"https:\/\/www.apfelpatient.de\/en\/wp-json\/wp\/v2\/media\/18435"}],"wp:attachment":[{"href":"https:\/\/www.apfelpatient.de\/en\/wp-json\/wp\/v2\/media?parent=18436"}],"wp:term":[{"taxonomy":"category","embeddable":true,"href":"https:\/\/www.apfelpatient.de\/en\/wp-json\/wp\/v2\/categories?post=18436"},{"taxonomy":"post_tag","embeddable":true,"href":"https:\/\/www.apfelpatient.de\/en\/wp-json\/wp\/v2\/tags?post=18436"}],"curies":[{"name":"wp","href":"https:\/\/api.w.org\/{rel}","templated":true}]}}