{"id":18423,"date":"2021-01-12T17:58:46","date_gmt":"2021-01-12T16:58:46","guid":{"rendered":"https:\/\/www.apfelpatient.de\/?p=18423"},"modified":"2021-01-12T17:58:47","modified_gmt":"2021-01-12T16:58:47","slug":"tim-cook-big-announcement-planned-for-wednesday","status":"publish","type":"post","link":"https:\/\/www.apfelpatient.de\/en\/news\/tim-cook-grosse-ankuendigung-am-mittwoch-geplant","title":{"rendered":"Tim Cook: Big announcement planned for Wednesday"},"content":{"rendered":"<p class=\"has-drop-cap\"><strong>Apple CEO Tim Cook appeared on CBS today for an interview and discussed the events at the U.S. Capitol last Wednesday, noting that Apple will make a &quot;big announcement&quot; on Wednesday.<\/strong><\/p>\n\n\n\n<p>Tomorrow, an interview with Tim Cook, recorded on the CBS show &quot;This Morning,&quot; is set to air. A major announcement is planned - but it will not be a new product, according to presenter Gayle King. During the interview, Cook made the following statement about the events in the US Capitol:<\/p>\n\n\n\n<blockquote class=\"wp-block-quote is-layout-flow wp-block-quote-is-layout-flow\"><p>I think it&#039;s important that people are held accountable for this. This is not something that should be overlooked. This is something that we need to take very seriously and understand and then we need to move forward.<\/p><\/blockquote>\n\n\n\n<h3 class=\"wp-block-heading\" id=\"h-tim-cook-niemand-steht-ber-dem-gesetz\">Tim Cook: &quot;Nobody is above the law&quot;<\/h3>\n\n\n\n<p>When asked if Trump should be held accountable for the violence, the Apple CEO stated that he believes no one is above the law:<\/p>\n\n\n\n<blockquote class=\"wp-block-quote is-layout-flow wp-block-quote-is-layout-flow\"><p>I think no one is above the law. That&#039;s the great thing about our country, we are a country of the rule of law. I think everyone who was involved in this needs to be held accountable. I don&#039;t think we should let this go. I think holding people accountable is important.<\/p><\/blockquote>\n\n\n\n<p>The full interview is scheduled to air tomorrow from seven to nine a.m. Eastern Time (for <a href=\"https:\/\/www.cbsnews.com\/live\/\" target=\"_blank\" rel=\"noreferrer noopener\">live stream<\/a>). The event will take place here between 1 and 3 p.m. There will also be a major announcement from Apple. King did not give any further details, but made it clear that this is not a &quot;new product.&quot; The interview was originally supposed to focus on Apple&#039;s upcoming announcement.\u00a0<\/p>\n\n\n\n<h3 class=\"wp-block-heading\" id=\"h-gr-er-und-besser-was-k-nnte-apple-ank-ndigen\">\u201cBigger and better\u201d: What could Apple announce?<\/h3>\n\n\n\n<p>But the events in the US Capitol could not be ignored. Now, however, speculation is rampant online. What could Apple announce tomorrow that is more important and better than a new product? Most observers suspect that it is the planned privacy changes in iOS 14. As a reminder: In the future, iOS 14 will require apps to obtain user consent to record their random advertising identifier, which is used by advertisers to deliver and track personalized advertising. There are other theories, however. One of them relates to the current COVID-19 pandemic. There is actually a small part of the population that believes that Apple wants to offer vaccination stations in its own stores. Whatever it will be - as soon as we know more, we will of course report on it as usual. <em>(Image: Apple)<\/em><\/p>\n\n\n\n<ul class=\"wp-block-list\"><li><a href=\"https:\/\/www.apfelpatient.de\/en\/rumors\/apple-car-hyundai-and-apple-hope-for-an-agreement-soon\">Apple Car: Hyundai and Apple hope for an agreement soon<\/a><\/li><\/ul>\n\n\n\n<h6 class=\"wp-block-heading translation-block\" id=\"h-kennt-ihr-schon-unsere-amazon-storefront-dort-findet-ihr-eine-handverlesene-auswahl-von-diversen-produkten-f-r-euer-iphone-und-co-viel-spa-beim-st-bern\"><em>Have you already visited our Amazon Storefront? There you&#039;ll find a hand-picked selection of various products for your iPhone and other devices \u2013 <span class=\"has-inline-color has-vivid-red-color\"><a href=\"https:\/\/www.amazon.de\/shop\/apfelpatientofficial\" class=\"ek-link\" data-wpel-link=\"exclude\" rel=\"follow noopener\" target=\"_self\"><span style=\"text-decoration: underline\" class=\"ek-underline\">enjoy browsing<\/span><\/a> !<\/span><\/em><\/h6>\n\n\n\n\n\n<h6 class=\"wp-block-heading translation-block\" id=\"h-der-beitrag-enthalt-partnerlinks\">This post contains <a data-type=\"URL\" data-id=\"https:\/\/www.apfelpatient.de\/partnerprogramm\" href=\"https:\/\/www.apfelpatient.de\/en\/partner-program\" data-wpel-link=\"internal\" target=\"_self\">affiliate links<\/a>.<\/h6>","protected":false},"excerpt":{"rendered":"<p>Apple CEO Tim Cook in an interview with CBS: It was noted that Apple will make a \u201cbig announcement\u201d on Wednesday.<\/p>","protected":false},"author":2,"featured_media":18209,"comment_status":"closed","ping_status":"closed","sticky":false,"template":"","format":"standard","meta":{"jnews-multi-image_gallery":[],"jnews_single_post":{"subtitle":"","format":"standard","video":"","gallery":"","source_name":"","source_url":"","via_name":"","via_url":"","override":[{"single_blog_custom":"","sidebar":"","second_sidebar":"","share_position":"","share_float_style":"","post_date_format":"","post_date_format_custom":"","post_reading_time_wpm":"","zoom_button_out_step":"1","zoom_button_in_step":"1","number_popup_post":"1"}],"image_override":[{"single_post_thumbnail_size":"","single_post_gallery_size":""}],"trending_post_position":"","trending_post_label":"","sponsored_post_label":"","sponsored_post_name":"","sponsored_post_url":"","sponsored_post_logo":"","sponsored_post_desc":""},"jnews_primary_category":{"id":"9"},"footnotes":""},"categories":[9],"tags":[13],"class_list":["post-18423","post","type-post","status-publish","format-standard","has-post-thumbnail","hentry","category-news","tag-techpatient"],"yoast_head":"<!-- This site is optimized with the Yoast SEO Premium plugin v27.5 (Yoast SEO v27.5) - https:\/\/yoast.com\/product\/yoast-seo-premium-wordpress\/ -->\n<title>Tim Cook: Gro\u00dfe Ank\u00fcndigung am Mittwoch geplant Apfelpatient<\/title>\n<meta name=\"description\" content=\"Apple CEO Tim Cook im Intervie bei CBS: Dabei wurde angemerkt, dass Apple am Mittwoch eine &quot;gro\u00dfe Ank\u00fcndigung&quot; machen wird.\" \/>\n<meta name=\"robots\" content=\"index, follow, max-snippet:-1, max-image-preview:large, max-video-preview:-1\" \/>\n<link rel=\"canonical\" href=\"https:\/\/www.apfelpatient.de\/en\/news\/tim-cook-big-announcement-planned-for-wednesday\" \/>\n<meta property=\"og:locale\" content=\"en_US\" \/>\n<meta property=\"og:type\" content=\"article\" \/>\n<meta property=\"og:title\" content=\"Tim Cook: Gro\u00dfe Ank\u00fcndigung am Mittwoch geplant\" \/>\n<meta property=\"og:description\" content=\"Apple CEO Tim Cook im Intervie bei CBS: Dabei wurde angemerkt, dass Apple am Mittwoch eine &quot;gro\u00dfe Ank\u00fcndigung&quot; machen wird.\" \/>\n<meta property=\"og:url\" content=\"https:\/\/www.apfelpatient.de\/en\/news\/tim-cook-big-announcement-planned-for-wednesday\" \/>\n<meta property=\"og:site_name\" content=\"Apfelpatient\" \/>\n<meta property=\"article:publisher\" content=\"https:\/\/www.facebook.com\/apfelpatientOfficial\" \/>\n<meta property=\"article:author\" content=\"https:\/\/www.facebook.com\/apfelpatientOfficial\" \/>\n<meta property=\"article:published_time\" content=\"2021-01-12T16:58:46+00:00\" \/>\n<meta property=\"article:modified_time\" content=\"2021-01-12T16:58:47+00:00\" \/>\n<meta property=\"og:image\" content=\"https:\/\/www.apfelpatient.de\/wp-content\/uploads\/2021\/01\/Apple-highlights-from-wwdc2019-Tim-Cook-welcomes-developers-060319-scaled.jpg\" \/>\n\t<meta property=\"og:image:width\" content=\"2560\" \/>\n\t<meta property=\"og:image:height\" content=\"1706\" \/>\n\t<meta property=\"og:image:type\" content=\"image\/jpeg\" \/>\n<meta name=\"author\" content=\"Milan\" \/>\n<meta name=\"twitter:card\" content=\"summary_large_image\" \/>\n<meta name=\"twitter:description\" content=\"Apple CEO Tim Cook im Intervie bei CBS: Dabei wurde angemerkt, dass Apple am Mittwoch eine &quot;gro\u00dfe Ank\u00fcndigung&quot; machen wird.\" \/>\n<meta name=\"twitter:label1\" content=\"Written by\" \/>\n\t<meta name=\"twitter:data1\" content=\"Milan\" \/>\n\t<meta name=\"twitter:label2\" content=\"Est. reading time\" \/>\n\t<meta name=\"twitter:data2\" content=\"2 minutes\" \/>\n<script type=\"application\/ld+json\" class=\"yoast-schema-graph\">{\"@context\":\"https:\\\/\\\/schema.org\",\"@graph\":[{\"@type\":\"NewsArticle\",\"@id\":\"https:\\\/\\\/www.apfelpatient.de\\\/news\\\/tim-cook-grosse-ankuendigung-am-mittwoch-geplant#article\",\"isPartOf\":{\"@id\":\"https:\\\/\\\/www.apfelpatient.de\\\/news\\\/tim-cook-grosse-ankuendigung-am-mittwoch-geplant\"},\"author\":{\"@type\":\"Organization\",\"@id\":\"https:\\\/\\\/www.apfelpatient.de\\\/en\\\/#organization\",\"name\":\"Apfelpatient\",\"url\":\"https:\\\/\\\/www.apfelpatient.de\\\/en\\\/\"},\"headline\":\"Tim Cook: Gro\u00dfe Ank\u00fcndigung am Mittwoch geplant\",\"datePublished\":\"2021-01-12T16:58:46+00:00\",\"dateModified\":\"2021-01-12T16:58:47+00:00\",\"mainEntityOfPage\":{\"@id\":\"https:\\\/\\\/www.apfelpatient.de\\\/news\\\/tim-cook-grosse-ankuendigung-am-mittwoch-geplant\"},\"wordCount\":471,\"publisher\":{\"@type\":\"Organization\",\"@id\":\"https:\\\/\\\/www.apfelpatient.de\\\/en\\\/#organization\",\"name\":\"Apfelpatient\",\"url\":\"https:\\\/\\\/www.apfelpatient.de\\\/en\\\/\"},\"image\":{\"@id\":\"https:\\\/\\\/www.apfelpatient.de\\\/news\\\/tim-cook-grosse-ankuendigung-am-mittwoch-geplant#primaryimage\"},\"thumbnailUrl\":\"https:\\\/\\\/www.apfelpatient.de\\\/wp-content\\\/uploads\\\/2021\\\/01\\\/Apple-highlights-from-wwdc2019-Tim-Cook-welcomes-developers-060319-scaled.jpg\",\"keywords\":[\"TechPatient\"],\"articleSection\":\"News\",\"inLanguage\":\"en-US\",\"copyrightYear\":\"2021\",\"copyrightHolder\":{\"@id\":\"https:\\\/\\\/www.apfelpatient.de\\\/en\\\/#organization\"}},{\"@type\":\"WebPage\",\"@id\":\"https:\\\/\\\/www.apfelpatient.de\\\/news\\\/tim-cook-grosse-ankuendigung-am-mittwoch-geplant\",\"url\":\"https:\\\/\\\/www.apfelpatient.de\\\/news\\\/tim-cook-grosse-ankuendigung-am-mittwoch-geplant\",\"name\":\"Tim Cook: Gro\u00dfe Ank\u00fcndigung am Mittwoch geplant Apfelpatient\",\"isPartOf\":{\"@id\":\"https:\\\/\\\/www.apfelpatient.de\\\/#website\"},\"primaryImageOfPage\":{\"@id\":\"https:\\\/\\\/www.apfelpatient.de\\\/news\\\/tim-cook-grosse-ankuendigung-am-mittwoch-geplant#primaryimage\"},\"image\":{\"@id\":\"https:\\\/\\\/www.apfelpatient.de\\\/news\\\/tim-cook-grosse-ankuendigung-am-mittwoch-geplant#primaryimage\"},\"thumbnailUrl\":\"https:\\\/\\\/www.apfelpatient.de\\\/wp-content\\\/uploads\\\/2021\\\/01\\\/Apple-highlights-from-wwdc2019-Tim-Cook-welcomes-developers-060319-scaled.jpg\",\"datePublished\":\"2021-01-12T16:58:46+00:00\",\"dateModified\":\"2021-01-12T16:58:47+00:00\",\"description\":\"Apple CEO Tim Cook im Intervie bei CBS: Dabei wurde angemerkt, dass Apple am Mittwoch eine \\\"gro\u00dfe Ank\u00fcndigung\\\" machen wird.\",\"breadcrumb\":{\"@id\":\"https:\\\/\\\/www.apfelpatient.de\\\/news\\\/tim-cook-grosse-ankuendigung-am-mittwoch-geplant#breadcrumb\"},\"inLanguage\":\"en-US\",\"potentialAction\":[{\"@type\":\"ReadAction\",\"target\":[\"https:\\\/\\\/www.apfelpatient.de\\\/news\\\/tim-cook-grosse-ankuendigung-am-mittwoch-geplant\"]}]},{\"@type\":\"ImageObject\",\"inLanguage\":\"en-US\",\"@id\":\"https:\\\/\\\/www.apfelpatient.de\\\/news\\\/tim-cook-grosse-ankuendigung-am-mittwoch-geplant#primaryimage\",\"url\":\"https:\\\/\\\/www.apfelpatient.de\\\/wp-content\\\/uploads\\\/2021\\\/01\\\/Apple-highlights-from-wwdc2019-Tim-Cook-welcomes-developers-060319-scaled.jpg\",\"contentUrl\":\"https:\\\/\\\/www.apfelpatient.de\\\/wp-content\\\/uploads\\\/2021\\\/01\\\/Apple-highlights-from-wwdc2019-Tim-Cook-welcomes-developers-060319-scaled.jpg\",\"width\":2560,\"height\":1706,\"caption\":\"Bild: Apple\"},{\"@type\":\"BreadcrumbList\",\"@id\":\"https:\\\/\\\/www.apfelpatient.de\\\/news\\\/tim-cook-grosse-ankuendigung-am-mittwoch-geplant#breadcrumb\",\"itemListElement\":[{\"@type\":\"ListItem\",\"position\":1,\"name\":\"Startseite\",\"item\":\"https:\\\/\\\/www.apfelpatient.de\\\/\"},{\"@type\":\"ListItem\",\"position\":2,\"name\":\"Tim Cook: Gro\u00dfe Ank\u00fcndigung am Mittwoch geplant\"}]},{\"@type\":\"WebSite\",\"@id\":\"https:\\\/\\\/www.apfelpatient.de\\\/#website\",\"url\":\"https:\\\/\\\/www.apfelpatient.de\\\/\",\"name\":\"Apfelpatient\",\"description\":\"Alles rund um Apple!\",\"publisher\":{\"@type\":\"Organization\",\"@id\":\"https:\\\/\\\/www.apfelpatient.de\\\/en\\\/#organization\",\"name\":\"Apfelpatient\",\"url\":\"https:\\\/\\\/www.apfelpatient.de\\\/en\\\/\"},\"alternateName\":\"Apfelpatient\",\"potentialAction\":[{\"@type\":\"SearchAction\",\"target\":{\"@type\":\"EntryPoint\",\"urlTemplate\":\"https:\\\/\\\/www.apfelpatient.de\\\/?s={search_term_string}\"},\"query-input\":{\"@type\":\"PropertyValueSpecification\",\"valueRequired\":true,\"valueName\":\"search_term_string\"}}],\"inLanguage\":\"en-US\"},{\"@type\":[\"Person\",\"Organization\"],\"@id\":\"https:\\\/\\\/www.apfelpatient.de\\\/#\\\/schema\\\/person\\\/7dc56ad6c8e9824b76d2c08d4c140e13\",\"name\":\"Milan\",\"logo\":{\"@id\":\"https:\\\/\\\/www.apfelpatient.de\\\/#\\\/schema\\\/person\\\/image\\\/\"},\"description\":\"Hallo und herzlich willkommen auf meinem Technik-Blog! Als gro\u00dfer Apple-Fan berichte ich hier \u00fcber alles, was mit Apple zu tun hat: von den neuesten News und spannenden Ger\u00fcchten \u00fcber hilfreiche Tipps und Tricks bis hin zu ausf\u00fchrlichen Produkttests. Wenn du genauso technikbegeistert bist wie ich, bist du hier genau richtig!\",\"sameAs\":[\"https:\\\/\\\/www.facebook.com\\\/apfelpatientOfficial\",\"https:\\\/\\\/www.linkedin.com\\\/in\\\/milan-jovicic-42aa0231b\"],\"url\":\"https:\\\/\\\/www.apfelpatient.de\\\/en\\\/author\\\/apfeladmin\"}]}<\/script>\n<!-- \/ Yoast SEO Premium plugin. -->","yoast_head_json":{"title":"Tim Cook: Big announcement planned for Wednesday Apfelpatient","description":"Apple CEO Tim Cook in an interview with CBS: It was noted that Apple will make a &quot;big announcement&quot; on Wednesday.","robots":{"index":"index","follow":"follow","max-snippet":"max-snippet:-1","max-image-preview":"max-image-preview:large","max-video-preview":"max-video-preview:-1"},"canonical":"https:\/\/www.apfelpatient.de\/en\/news\/tim-cook-big-announcement-planned-for-wednesday","og_locale":"en_US","og_type":"article","og_title":"Tim Cook: Gro\u00dfe Ank\u00fcndigung am Mittwoch geplant","og_description":"Apple CEO Tim Cook im Intervie bei CBS: Dabei wurde angemerkt, dass Apple am Mittwoch eine \"gro\u00dfe Ank\u00fcndigung\" machen wird.","og_url":"https:\/\/www.apfelpatient.de\/en\/news\/tim-cook-big-announcement-planned-for-wednesday","og_site_name":"Apfelpatient","article_publisher":"https:\/\/www.facebook.com\/apfelpatientOfficial","article_author":"https:\/\/www.facebook.com\/apfelpatientOfficial","article_published_time":"2021-01-12T16:58:46+00:00","article_modified_time":"2021-01-12T16:58:47+00:00","og_image":[{"width":2560,"height":1706,"url":"https:\/\/www.apfelpatient.de\/wp-content\/uploads\/2021\/01\/Apple-highlights-from-wwdc2019-Tim-Cook-welcomes-developers-060319-scaled.jpg","type":"image\/jpeg"}],"author":"Milan","twitter_card":"summary_large_image","twitter_description":"Apple CEO Tim Cook im Intervie bei CBS: Dabei wurde angemerkt, dass Apple am Mittwoch eine \"gro\u00dfe Ank\u00fcndigung\" machen wird.","twitter_misc":{"Written by":"Milan","Est. reading time":"2 minutes"},"schema":{"@context":"https:\/\/schema.org","@graph":[{"@type":"NewsArticle","@id":"https:\/\/www.apfelpatient.de\/news\/tim-cook-grosse-ankuendigung-am-mittwoch-geplant#article","isPartOf":{"@id":"https:\/\/www.apfelpatient.de\/news\/tim-cook-grosse-ankuendigung-am-mittwoch-geplant"},"author":{"@type":"Organization","@id":"https:\/\/www.apfelpatient.de\/en\/#organization","name":"Apfelpatient","url":"https:\/\/www.apfelpatient.de\/en\/"},"headline":"Tim Cook: Gro\u00dfe Ank\u00fcndigung am Mittwoch geplant","datePublished":"2021-01-12T16:58:46+00:00","dateModified":"2021-01-12T16:58:47+00:00","mainEntityOfPage":{"@id":"https:\/\/www.apfelpatient.de\/news\/tim-cook-grosse-ankuendigung-am-mittwoch-geplant"},"wordCount":471,"publisher":{"@type":"Organization","@id":"https:\/\/www.apfelpatient.de\/en\/#organization","name":"Apfelpatient","url":"https:\/\/www.apfelpatient.de\/en\/"},"image":{"@id":"https:\/\/www.apfelpatient.de\/news\/tim-cook-grosse-ankuendigung-am-mittwoch-geplant#primaryimage"},"thumbnailUrl":"https:\/\/www.apfelpatient.de\/wp-content\/uploads\/2021\/01\/Apple-highlights-from-wwdc2019-Tim-Cook-welcomes-developers-060319-scaled.jpg","keywords":["TechPatient"],"articleSection":"News","inLanguage":"en-US","copyrightYear":"2021","copyrightHolder":{"@id":"https:\/\/www.apfelpatient.de\/en\/#organization"}},{"@type":"WebPage","@id":"https:\/\/www.apfelpatient.de\/news\/tim-cook-grosse-ankuendigung-am-mittwoch-geplant","url":"https:\/\/www.apfelpatient.de\/news\/tim-cook-grosse-ankuendigung-am-mittwoch-geplant","name":"Tim Cook: Big announcement planned for Wednesday Apfelpatient","isPartOf":{"@id":"https:\/\/www.apfelpatient.de\/#website"},"primaryImageOfPage":{"@id":"https:\/\/www.apfelpatient.de\/news\/tim-cook-grosse-ankuendigung-am-mittwoch-geplant#primaryimage"},"image":{"@id":"https:\/\/www.apfelpatient.de\/news\/tim-cook-grosse-ankuendigung-am-mittwoch-geplant#primaryimage"},"thumbnailUrl":"https:\/\/www.apfelpatient.de\/wp-content\/uploads\/2021\/01\/Apple-highlights-from-wwdc2019-Tim-Cook-welcomes-developers-060319-scaled.jpg","datePublished":"2021-01-12T16:58:46+00:00","dateModified":"2021-01-12T16:58:47+00:00","description":"Apple CEO Tim Cook in an interview with CBS: It was noted that Apple will make a &quot;big announcement&quot; on Wednesday.","breadcrumb":{"@id":"https:\/\/www.apfelpatient.de\/news\/tim-cook-grosse-ankuendigung-am-mittwoch-geplant#breadcrumb"},"inLanguage":"en-US","potentialAction":[{"@type":"ReadAction","target":["https:\/\/www.apfelpatient.de\/news\/tim-cook-grosse-ankuendigung-am-mittwoch-geplant"]}]},{"@type":"ImageObject","inLanguage":"en-US","@id":"https:\/\/www.apfelpatient.de\/news\/tim-cook-grosse-ankuendigung-am-mittwoch-geplant#primaryimage","url":"https:\/\/www.apfelpatient.de\/wp-content\/uploads\/2021\/01\/Apple-highlights-from-wwdc2019-Tim-Cook-welcomes-developers-060319-scaled.jpg","contentUrl":"https:\/\/www.apfelpatient.de\/wp-content\/uploads\/2021\/01\/Apple-highlights-from-wwdc2019-Tim-Cook-welcomes-developers-060319-scaled.jpg","width":2560,"height":1706,"caption":"Bild: Apple"},{"@type":"BreadcrumbList","@id":"https:\/\/www.apfelpatient.de\/news\/tim-cook-grosse-ankuendigung-am-mittwoch-geplant#breadcrumb","itemListElement":[{"@type":"ListItem","position":1,"name":"Startseite","item":"https:\/\/www.apfelpatient.de\/"},{"@type":"ListItem","position":2,"name":"Tim Cook: Gro\u00dfe Ank\u00fcndigung am Mittwoch geplant"}]},{"@type":"WebSite","@id":"https:\/\/www.apfelpatient.de\/#website","url":"https:\/\/www.apfelpatient.de\/","name":"apple patient","description":"Everything about Apple!","publisher":{"@type":"Organization","@id":"https:\/\/www.apfelpatient.de\/en\/#organization","name":"Apfelpatient","url":"https:\/\/www.apfelpatient.de\/en\/"},"alternateName":"Apfelpatient","potentialAction":[{"@type":"SearchAction","target":{"@type":"EntryPoint","urlTemplate":"https:\/\/www.apfelpatient.de\/?s={search_term_string}"},"query-input":{"@type":"PropertyValueSpecification","valueRequired":true,"valueName":"search_term_string"}}],"inLanguage":"en-US"},{"@type":["Person","Organization"],"@id":"https:\/\/www.apfelpatient.de\/#\/schema\/person\/7dc56ad6c8e9824b76d2c08d4c140e13","name":"Milan","logo":{"@id":"https:\/\/www.apfelpatient.de\/#\/schema\/person\/image\/"},"description":"Hello and welcome to my technology blog! As a big Apple fan, I report on everything to do with Apple: from the latest news and exciting rumors to helpful tips and tricks and detailed product tests. If you are as enthusiastic about technology as I am, you have come to the right place!","sameAs":["https:\/\/www.facebook.com\/apfelpatientOfficial","https:\/\/www.linkedin.com\/in\/milan-jovicic-42aa0231b"],"url":"https:\/\/www.apfelpatient.de\/en\/author\/apfeladmin"}]}},"_links":{"self":[{"href":"https:\/\/www.apfelpatient.de\/en\/wp-json\/wp\/v2\/posts\/18423","targetHints":{"allow":["GET"]}}],"collection":[{"href":"https:\/\/www.apfelpatient.de\/en\/wp-json\/wp\/v2\/posts"}],"about":[{"href":"https:\/\/www.apfelpatient.de\/en\/wp-json\/wp\/v2\/types\/post"}],"author":[{"embeddable":true,"href":"https:\/\/www.apfelpatient.de\/en\/wp-json\/wp\/v2\/users\/2"}],"replies":[{"embeddable":true,"href":"https:\/\/www.apfelpatient.de\/en\/wp-json\/wp\/v2\/comments?post=18423"}],"version-history":[{"count":0,"href":"https:\/\/www.apfelpatient.de\/en\/wp-json\/wp\/v2\/posts\/18423\/revisions"}],"wp:featuredmedia":[{"embeddable":true,"href":"https:\/\/www.apfelpatient.de\/en\/wp-json\/wp\/v2\/media\/18209"}],"wp:attachment":[{"href":"https:\/\/www.apfelpatient.de\/en\/wp-json\/wp\/v2\/media?parent=18423"}],"wp:term":[{"taxonomy":"category","embeddable":true,"href":"https:\/\/www.apfelpatient.de\/en\/wp-json\/wp\/v2\/categories?post=18423"},{"taxonomy":"post_tag","embeddable":true,"href":"https:\/\/www.apfelpatient.de\/en\/wp-json\/wp\/v2\/tags?post=18423"}],"curies":[{"name":"wp","href":"https:\/\/api.w.org\/{rel}","templated":true}]}}