{"id":18416,"date":"2021-01-12T15:02:31","date_gmt":"2021-01-12T14:02:31","guid":{"rendered":"https:\/\/www.apfelpatient.de\/?p=18416"},"modified":"2021-01-12T15:05:39","modified_gmt":"2021-01-12T14:05:39","slug":"cad-leak-this-is-what-the-ipad-pro-2021-looks-like","status":"publish","type":"post","link":"https:\/\/www.apfelpatient.de\/en\/rumors\/cad-leak-sieht-so-das-ipad-pro-2021-aus","title":{"rendered":"CAD Leak: Is this what the iPad Pro 2021 looks like?"},"content":{"rendered":"<p class=\"has-drop-cap\"><strong>Rumor has it that Apple is planning to update the iPad Pro series in the spring. There will be a lot of changes inside the devices. CAD drafts have now surfaced that reveal the design.<\/strong><\/p>\n\n\n\n<p>If rumors are to be believed, the new professional tablets will have a much better chip and 5G connectivity (Cellular+Wifi version only). MiniLED technology could even be used in the display area. But will Apple also change the casing? If the CAD designs that surfaced today are real, the answer is no. According to MySmartPrice, the iPad Pro with 11\u2033 is shown. In the article <a href=\"https:\/\/www.mysmartprice.com\/gear\/exclusive-apple-ipad-pro-11-2021-raw-cad-renders-reveal-design-looks-similar-4th-gen-ipad-pro\/\" target=\"_blank\" rel=\"noreferrer noopener\">is called<\/a> it:<\/p>\n\n\n\n<h3 class=\"wp-block-heading\" id=\"h-ipad-pro-2021-kleine-ver-nderung-beim-lautsprecher\">iPad Pro 2021: Small change to the speaker<\/h3>\n\n\n\n\n\n\n\n<blockquote class=\"wp-block-quote is-layout-flow wp-block-quote-is-layout-flow\"><p>Just a few months after the iPhone 12 lineup was unveiled, we&#039;ve now gotten an exclusive first look at the 11-inch iPad Pro (2021), showing the general design of the powerful tablet. The leaked RAW CAD render, obtained by our trusted source who wishes to remain anonymous, shows that there won&#039;t be any major design changes to the 11-inch iPad Pro.<\/p><\/blockquote>\n\n\n\n<figure class=\"wp-block-image size-large\"><img decoding=\"async\" width=\"1024\" height=\"733\" src=\"https:\/\/www.apfelpatient.de\/wp-content\/uploads\/2021\/01\/iPad-Pro-11-2021-full-1068x764.png-Kopie-1024x733.jpg\" alt=\"iPad Pro 2021\" class=\"wp-image-18417\" srcset=\"https:\/\/www.apfelpatient.de\/wp-content\/uploads\/2021\/01\/iPad-Pro-11-2021-full-1068x764.png-Kopie-1024x733.jpg 1024w, https:\/\/www.apfelpatient.de\/wp-content\/uploads\/2021\/01\/iPad-Pro-11-2021-full-1068x764.png-Kopie-300x215.jpg 300w, https:\/\/www.apfelpatient.de\/wp-content\/uploads\/2021\/01\/iPad-Pro-11-2021-full-1068x764.png-Kopie-768x549.jpg 768w, https:\/\/www.apfelpatient.de\/wp-content\/uploads\/2021\/01\/iPad-Pro-11-2021-full-1068x764.png-Kopie-120x86.jpg 120w, https:\/\/www.apfelpatient.de\/wp-content\/uploads\/2021\/01\/iPad-Pro-11-2021-full-1068x764.png-Kopie-350x250.jpg 350w, https:\/\/www.apfelpatient.de\/wp-content\/uploads\/2021\/01\/iPad-Pro-11-2021-full-1068x764.png-Kopie-750x537.jpg 750w, https:\/\/www.apfelpatient.de\/wp-content\/uploads\/2021\/01\/iPad-Pro-11-2021-full-1068x764.png-Kopie.jpg 1068w\" sizes=\"(max-width: 1024px) 100vw, 1024px\" \/><figcaption>via MySmartPrice<\/figcaption><\/figure>\n\n\n\n<p>If the renderings are real, it can be assumed that the next iPad Pro generation will be almost identical in appearance to the 2020 series. The only difference so far seems to be in the speaker area. Macotakara has already announced this change <a href=\"https:\/\/www.apfelpatient.de\/en\/rumors\/ipad-pro-2021-new-details-on-innovations\">placed<\/a>If the rumor mill is correct, Apple will announce the new devices in March or April. <em>(Photo by Vladimka \/ Bigstockphoto)<\/em><\/p>\n\n\n\n<ul class=\"wp-block-list\"><li><a href=\"https:\/\/www.apfelpatient.de\/en\/rumors\/ipad-mini-6-new-details-surfaced\">iPad mini 6: New details emerge<\/a><\/li><\/ul>\n\n\n\n<h6 class=\"wp-block-heading translation-block\" id=\"h-kennt-ihr-schon-unsere-amazon-storefront-dort-findet-ihr-eine-handverlesene-auswahl-von-diversen-produkten-f-r-euer-iphone-und-co-viel-spa-beim-st-bern\"><em>Have you already visited our Amazon Storefront? There you&#039;ll find a hand-picked selection of various products for your iPhone and other devices \u2013 <span class=\"has-inline-color has-vivid-red-color\"><a href=\"https:\/\/www.amazon.de\/shop\/apfelpatientofficial\" class=\"ek-link\" data-wpel-link=\"exclude\" rel=\"follow noopener\" target=\"_self\"><span style=\"text-decoration: underline\" class=\"ek-underline\">enjoy browsing<\/span><\/a> !<\/span><\/em><\/h6>\n\n\n\n\n\n<h6 class=\"wp-block-heading translation-block\" id=\"h-der-beitrag-enthalt-partnerlinks\">This post contains <a data-type=\"URL\" data-id=\"https:\/\/www.apfelpatient.de\/partnerprogramm\" href=\"https:\/\/www.apfelpatient.de\/en\/partner-program\" data-wpel-link=\"internal\" target=\"_self\">affiliate links<\/a>.<\/h6>","protected":false},"excerpt":{"rendered":"<p>Rumor has it that Apple is planning to update the iPad Pro series in the spring. There will be a lot of changes inside the devices.<\/p>","protected":false},"author":2,"featured_media":18418,"comment_status":"closed","ping_status":"closed","sticky":false,"template":"","format":"standard","meta":{"jnews-multi-image_gallery":[],"jnews_single_post":{"subtitle":"","format":"standard","video":"","gallery":"","source_name":"","source_url":"","via_name":"","via_url":"","override":[{"single_blog_custom":"","sidebar":"","second_sidebar":"","share_position":"","share_float_style":"","post_date_format":"","post_date_format_custom":"","post_reading_time_wpm":"","zoom_button_out_step":"1","zoom_button_in_step":"1","number_popup_post":"1"}],"image_override":[{"single_post_thumbnail_size":"","single_post_gallery_size":""}],"trending_post_position":"","trending_post_label":"","sponsored_post_label":"","sponsored_post_name":"","sponsored_post_url":"","sponsored_post_logo":"","sponsored_post_desc":""},"jnews_primary_category":{"id":"25"},"footnotes":""},"categories":[25],"tags":[18,66],"class_list":["post-18416","post","type-post","status-publish","format-standard","has-post-thumbnail","hentry","category-rumors","tag-ipad","tag-ipad-pro"],"yoast_head":"<!-- This site is optimized with the Yoast SEO Premium plugin v27.5 (Yoast SEO v27.5) - https:\/\/yoast.com\/product\/yoast-seo-premium-wordpress\/ -->\n<title>CAD Leak: Sieht so das iPad Pro 2021 aus? Apfelpatient<\/title>\n<meta name=\"description\" content=\"Ger\u00fcchten zufolge plant Apple im Fr\u00fchjahr die iPad Pro Reihe zu aktualisieren. Dabei soll sich im Inneren der Ger\u00e4te einiges tun.\" \/>\n<meta name=\"robots\" content=\"index, follow, max-snippet:-1, max-image-preview:large, max-video-preview:-1\" \/>\n<link rel=\"canonical\" href=\"https:\/\/www.apfelpatient.de\/en\/rumors\/cad-leak-this-is-what-the-ipad-pro-2021-looks-like\" \/>\n<meta property=\"og:locale\" content=\"en_US\" \/>\n<meta property=\"og:type\" content=\"article\" \/>\n<meta property=\"og:title\" content=\"CAD Leak: Sieht so das iPad Pro 2021 aus?\" \/>\n<meta property=\"og:description\" content=\"Ger\u00fcchten zufolge plant Apple im Fr\u00fchjahr die iPad Pro Reihe zu aktualisieren. Dabei soll sich im Inneren der Ger\u00e4te einiges tun.\" \/>\n<meta property=\"og:url\" content=\"https:\/\/www.apfelpatient.de\/en\/rumors\/cad-leak-this-is-what-the-ipad-pro-2021-looks-like\" \/>\n<meta property=\"og:site_name\" content=\"Apfelpatient\" \/>\n<meta property=\"article:publisher\" content=\"https:\/\/www.facebook.com\/apfelpatientOfficial\" \/>\n<meta property=\"article:author\" content=\"https:\/\/www.facebook.com\/apfelpatientOfficial\" \/>\n<meta property=\"article:published_time\" content=\"2021-01-12T14:02:31+00:00\" \/>\n<meta property=\"article:modified_time\" content=\"2021-01-12T14:05:39+00:00\" \/>\n<meta property=\"og:image\" content=\"https:\/\/www.apfelpatient.de\/wp-content\/uploads\/2021\/01\/bigstock-Man-And-Woman-Hand-Holding-A-B-402229580.jpg\" \/>\n\t<meta property=\"og:image:width\" content=\"1600\" \/>\n\t<meta property=\"og:image:height\" content=\"1067\" \/>\n\t<meta property=\"og:image:type\" content=\"image\/jpeg\" \/>\n<meta name=\"author\" content=\"Milan\" \/>\n<meta name=\"twitter:card\" content=\"summary_large_image\" \/>\n<meta name=\"twitter:description\" content=\"Ger\u00fcchten zufolge plant Apple im Fr\u00fchjahr die iPad Pro Reihe zu aktualisieren. Dabei soll sich im Inneren der Ger\u00e4te einiges tun.\" \/>\n<meta name=\"twitter:label1\" content=\"Written by\" \/>\n\t<meta name=\"twitter:data1\" content=\"Milan\" \/>\n\t<meta name=\"twitter:label2\" content=\"Est. reading time\" \/>\n\t<meta name=\"twitter:data2\" content=\"1 minute\" \/>\n<script type=\"application\/ld+json\" class=\"yoast-schema-graph\">{\"@context\":\"https:\\\/\\\/schema.org\",\"@graph\":[{\"@type\":\"NewsArticle\",\"@id\":\"https:\\\/\\\/www.apfelpatient.de\\\/rumors\\\/cad-leak-sieht-so-das-ipad-pro-2021-aus#article\",\"isPartOf\":{\"@id\":\"https:\\\/\\\/www.apfelpatient.de\\\/rumors\\\/cad-leak-sieht-so-das-ipad-pro-2021-aus\"},\"author\":{\"@type\":\"Organization\",\"@id\":\"https:\\\/\\\/www.apfelpatient.de\\\/en\\\/#organization\",\"name\":\"Apfelpatient\",\"url\":\"https:\\\/\\\/www.apfelpatient.de\\\/en\\\/\"},\"headline\":\"CAD Leak: Sieht so das iPad Pro 2021 aus?\",\"datePublished\":\"2021-01-12T14:02:31+00:00\",\"dateModified\":\"2021-01-12T14:05:39+00:00\",\"mainEntityOfPage\":{\"@id\":\"https:\\\/\\\/www.apfelpatient.de\\\/rumors\\\/cad-leak-sieht-so-das-ipad-pro-2021-aus\"},\"wordCount\":256,\"publisher\":{\"@type\":\"Organization\",\"@id\":\"https:\\\/\\\/www.apfelpatient.de\\\/en\\\/#organization\",\"name\":\"Apfelpatient\",\"url\":\"https:\\\/\\\/www.apfelpatient.de\\\/en\\\/\"},\"image\":{\"@id\":\"https:\\\/\\\/www.apfelpatient.de\\\/rumors\\\/cad-leak-sieht-so-das-ipad-pro-2021-aus#primaryimage\"},\"thumbnailUrl\":\"https:\\\/\\\/www.apfelpatient.de\\\/wp-content\\\/uploads\\\/2021\\\/01\\\/bigstock-Man-And-Woman-Hand-Holding-A-B-402229580.jpg\",\"keywords\":[\"iPad\",\"iPad Pro\"],\"articleSection\":\"Rumors\",\"inLanguage\":\"en-US\",\"copyrightYear\":\"2021\",\"copyrightHolder\":{\"@id\":\"https:\\\/\\\/www.apfelpatient.de\\\/en\\\/#organization\"}},{\"@type\":\"WebPage\",\"@id\":\"https:\\\/\\\/www.apfelpatient.de\\\/rumors\\\/cad-leak-sieht-so-das-ipad-pro-2021-aus\",\"url\":\"https:\\\/\\\/www.apfelpatient.de\\\/rumors\\\/cad-leak-sieht-so-das-ipad-pro-2021-aus\",\"name\":\"CAD Leak: Sieht so das iPad Pro 2021 aus? Apfelpatient\",\"isPartOf\":{\"@id\":\"https:\\\/\\\/www.apfelpatient.de\\\/#website\"},\"primaryImageOfPage\":{\"@id\":\"https:\\\/\\\/www.apfelpatient.de\\\/rumors\\\/cad-leak-sieht-so-das-ipad-pro-2021-aus#primaryimage\"},\"image\":{\"@id\":\"https:\\\/\\\/www.apfelpatient.de\\\/rumors\\\/cad-leak-sieht-so-das-ipad-pro-2021-aus#primaryimage\"},\"thumbnailUrl\":\"https:\\\/\\\/www.apfelpatient.de\\\/wp-content\\\/uploads\\\/2021\\\/01\\\/bigstock-Man-And-Woman-Hand-Holding-A-B-402229580.jpg\",\"datePublished\":\"2021-01-12T14:02:31+00:00\",\"dateModified\":\"2021-01-12T14:05:39+00:00\",\"description\":\"Ger\u00fcchten zufolge plant Apple im Fr\u00fchjahr die iPad Pro Reihe zu aktualisieren. Dabei soll sich im Inneren der Ger\u00e4te einiges tun.\",\"breadcrumb\":{\"@id\":\"https:\\\/\\\/www.apfelpatient.de\\\/rumors\\\/cad-leak-sieht-so-das-ipad-pro-2021-aus#breadcrumb\"},\"inLanguage\":\"en-US\",\"potentialAction\":[{\"@type\":\"ReadAction\",\"target\":[\"https:\\\/\\\/www.apfelpatient.de\\\/rumors\\\/cad-leak-sieht-so-das-ipad-pro-2021-aus\"]}]},{\"@type\":\"ImageObject\",\"inLanguage\":\"en-US\",\"@id\":\"https:\\\/\\\/www.apfelpatient.de\\\/rumors\\\/cad-leak-sieht-so-das-ipad-pro-2021-aus#primaryimage\",\"url\":\"https:\\\/\\\/www.apfelpatient.de\\\/wp-content\\\/uploads\\\/2021\\\/01\\\/bigstock-Man-And-Woman-Hand-Holding-A-B-402229580.jpg\",\"contentUrl\":\"https:\\\/\\\/www.apfelpatient.de\\\/wp-content\\\/uploads\\\/2021\\\/01\\\/bigstock-Man-And-Woman-Hand-Holding-A-B-402229580.jpg\",\"width\":1600,\"height\":1067,\"caption\":\"Man and woman hand holding a box with IPad Pro on the grey background, December 2020, San Francisco, USA\"},{\"@type\":\"BreadcrumbList\",\"@id\":\"https:\\\/\\\/www.apfelpatient.de\\\/rumors\\\/cad-leak-sieht-so-das-ipad-pro-2021-aus#breadcrumb\",\"itemListElement\":[{\"@type\":\"ListItem\",\"position\":1,\"name\":\"Startseite\",\"item\":\"https:\\\/\\\/www.apfelpatient.de\\\/\"},{\"@type\":\"ListItem\",\"position\":2,\"name\":\"CAD Leak: Sieht so das iPad Pro 2021 aus?\"}]},{\"@type\":\"WebSite\",\"@id\":\"https:\\\/\\\/www.apfelpatient.de\\\/#website\",\"url\":\"https:\\\/\\\/www.apfelpatient.de\\\/\",\"name\":\"Apfelpatient\",\"description\":\"Alles rund um Apple!\",\"publisher\":{\"@type\":\"Organization\",\"@id\":\"https:\\\/\\\/www.apfelpatient.de\\\/en\\\/#organization\",\"name\":\"Apfelpatient\",\"url\":\"https:\\\/\\\/www.apfelpatient.de\\\/en\\\/\"},\"alternateName\":\"Apfelpatient\",\"potentialAction\":[{\"@type\":\"SearchAction\",\"target\":{\"@type\":\"EntryPoint\",\"urlTemplate\":\"https:\\\/\\\/www.apfelpatient.de\\\/?s={search_term_string}\"},\"query-input\":{\"@type\":\"PropertyValueSpecification\",\"valueRequired\":true,\"valueName\":\"search_term_string\"}}],\"inLanguage\":\"en-US\"},{\"@type\":[\"Person\",\"Organization\"],\"@id\":\"https:\\\/\\\/www.apfelpatient.de\\\/#\\\/schema\\\/person\\\/35b3ddba5832f2bfc7fff5206d4f6b7b\",\"name\":\"Milan\",\"logo\":{\"@id\":\"https:\\\/\\\/www.apfelpatient.de\\\/#\\\/schema\\\/person\\\/image\\\/\"},\"description\":\"Hallo und herzlich willkommen auf meinem Technik-Blog! Als gro\u00dfer Apple-Fan berichte ich hier \u00fcber alles, was mit Apple zu tun hat: von den neuesten News und spannenden Ger\u00fcchten \u00fcber hilfreiche Tipps und Tricks bis hin zu ausf\u00fchrlichen Produkttests. Wenn du genauso technikbegeistert bist wie ich, bist du hier genau richtig!\",\"sameAs\":[\"https:\\\/\\\/www.facebook.com\\\/apfelpatientOfficial\",\"https:\\\/\\\/www.linkedin.com\\\/in\\\/milan-jovicic-42aa0231b\"],\"url\":\"https:\\\/\\\/www.apfelpatient.de\\\/en\\\/author\\\/apfeladmin\"}]}<\/script>\n<!-- \/ Yoast SEO Premium plugin. -->","yoast_head_json":{"title":"CAD Leak: Is this what the iPad Pro 2021 will look like? Apfelpatient","description":"Rumor has it that Apple is planning to update the iPad Pro series in the spring. There will be a lot of changes inside the devices.","robots":{"index":"index","follow":"follow","max-snippet":"max-snippet:-1","max-image-preview":"max-image-preview:large","max-video-preview":"max-video-preview:-1"},"canonical":"https:\/\/www.apfelpatient.de\/en\/rumors\/cad-leak-this-is-what-the-ipad-pro-2021-looks-like","og_locale":"en_US","og_type":"article","og_title":"CAD Leak: Sieht so das iPad Pro 2021 aus?","og_description":"Ger\u00fcchten zufolge plant Apple im Fr\u00fchjahr die iPad Pro Reihe zu aktualisieren. Dabei soll sich im Inneren der Ger\u00e4te einiges tun.","og_url":"https:\/\/www.apfelpatient.de\/en\/rumors\/cad-leak-this-is-what-the-ipad-pro-2021-looks-like","og_site_name":"Apfelpatient","article_publisher":"https:\/\/www.facebook.com\/apfelpatientOfficial","article_author":"https:\/\/www.facebook.com\/apfelpatientOfficial","article_published_time":"2021-01-12T14:02:31+00:00","article_modified_time":"2021-01-12T14:05:39+00:00","og_image":[{"width":1600,"height":1067,"url":"https:\/\/www.apfelpatient.de\/wp-content\/uploads\/2021\/01\/bigstock-Man-And-Woman-Hand-Holding-A-B-402229580.jpg","type":"image\/jpeg"}],"author":"Milan","twitter_card":"summary_large_image","twitter_description":"Ger\u00fcchten zufolge plant Apple im Fr\u00fchjahr die iPad Pro Reihe zu aktualisieren. Dabei soll sich im Inneren der Ger\u00e4te einiges tun.","twitter_misc":{"Written by":"Milan","Est. reading time":"1 minute"},"schema":{"@context":"https:\/\/schema.org","@graph":[{"@type":"NewsArticle","@id":"https:\/\/www.apfelpatient.de\/rumors\/cad-leak-sieht-so-das-ipad-pro-2021-aus#article","isPartOf":{"@id":"https:\/\/www.apfelpatient.de\/rumors\/cad-leak-sieht-so-das-ipad-pro-2021-aus"},"author":{"@type":"Organization","@id":"https:\/\/www.apfelpatient.de\/en\/#organization","name":"Apfelpatient","url":"https:\/\/www.apfelpatient.de\/en\/"},"headline":"CAD Leak: Sieht so das iPad Pro 2021 aus?","datePublished":"2021-01-12T14:02:31+00:00","dateModified":"2021-01-12T14:05:39+00:00","mainEntityOfPage":{"@id":"https:\/\/www.apfelpatient.de\/rumors\/cad-leak-sieht-so-das-ipad-pro-2021-aus"},"wordCount":256,"publisher":{"@type":"Organization","@id":"https:\/\/www.apfelpatient.de\/en\/#organization","name":"Apfelpatient","url":"https:\/\/www.apfelpatient.de\/en\/"},"image":{"@id":"https:\/\/www.apfelpatient.de\/rumors\/cad-leak-sieht-so-das-ipad-pro-2021-aus#primaryimage"},"thumbnailUrl":"https:\/\/www.apfelpatient.de\/wp-content\/uploads\/2021\/01\/bigstock-Man-And-Woman-Hand-Holding-A-B-402229580.jpg","keywords":["iPad","iPad Pro"],"articleSection":"Rumors","inLanguage":"en-US","copyrightYear":"2021","copyrightHolder":{"@id":"https:\/\/www.apfelpatient.de\/en\/#organization"}},{"@type":"WebPage","@id":"https:\/\/www.apfelpatient.de\/rumors\/cad-leak-sieht-so-das-ipad-pro-2021-aus","url":"https:\/\/www.apfelpatient.de\/rumors\/cad-leak-sieht-so-das-ipad-pro-2021-aus","name":"CAD Leak: Is this what the iPad Pro 2021 will look like? Apfelpatient","isPartOf":{"@id":"https:\/\/www.apfelpatient.de\/#website"},"primaryImageOfPage":{"@id":"https:\/\/www.apfelpatient.de\/rumors\/cad-leak-sieht-so-das-ipad-pro-2021-aus#primaryimage"},"image":{"@id":"https:\/\/www.apfelpatient.de\/rumors\/cad-leak-sieht-so-das-ipad-pro-2021-aus#primaryimage"},"thumbnailUrl":"https:\/\/www.apfelpatient.de\/wp-content\/uploads\/2021\/01\/bigstock-Man-And-Woman-Hand-Holding-A-B-402229580.jpg","datePublished":"2021-01-12T14:02:31+00:00","dateModified":"2021-01-12T14:05:39+00:00","description":"Rumor has it that Apple is planning to update the iPad Pro series in the spring. There will be a lot of changes inside the devices.","breadcrumb":{"@id":"https:\/\/www.apfelpatient.de\/rumors\/cad-leak-sieht-so-das-ipad-pro-2021-aus#breadcrumb"},"inLanguage":"en-US","potentialAction":[{"@type":"ReadAction","target":["https:\/\/www.apfelpatient.de\/rumors\/cad-leak-sieht-so-das-ipad-pro-2021-aus"]}]},{"@type":"ImageObject","inLanguage":"en-US","@id":"https:\/\/www.apfelpatient.de\/rumors\/cad-leak-sieht-so-das-ipad-pro-2021-aus#primaryimage","url":"https:\/\/www.apfelpatient.de\/wp-content\/uploads\/2021\/01\/bigstock-Man-And-Woman-Hand-Holding-A-B-402229580.jpg","contentUrl":"https:\/\/www.apfelpatient.de\/wp-content\/uploads\/2021\/01\/bigstock-Man-And-Woman-Hand-Holding-A-B-402229580.jpg","width":1600,"height":1067,"caption":"Man and woman hand holding a box with IPad Pro on the grey background, December 2020, San Francisco, USA"},{"@type":"BreadcrumbList","@id":"https:\/\/www.apfelpatient.de\/rumors\/cad-leak-sieht-so-das-ipad-pro-2021-aus#breadcrumb","itemListElement":[{"@type":"ListItem","position":1,"name":"Startseite","item":"https:\/\/www.apfelpatient.de\/"},{"@type":"ListItem","position":2,"name":"CAD Leak: Sieht so das iPad Pro 2021 aus?"}]},{"@type":"WebSite","@id":"https:\/\/www.apfelpatient.de\/#website","url":"https:\/\/www.apfelpatient.de\/","name":"apple patient","description":"Everything about Apple!","publisher":{"@type":"Organization","@id":"https:\/\/www.apfelpatient.de\/en\/#organization","name":"Apfelpatient","url":"https:\/\/www.apfelpatient.de\/en\/"},"alternateName":"Apfelpatient","potentialAction":[{"@type":"SearchAction","target":{"@type":"EntryPoint","urlTemplate":"https:\/\/www.apfelpatient.de\/?s={search_term_string}"},"query-input":{"@type":"PropertyValueSpecification","valueRequired":true,"valueName":"search_term_string"}}],"inLanguage":"en-US"},{"@type":["Person","Organization"],"@id":"https:\/\/www.apfelpatient.de\/#\/schema\/person\/35b3ddba5832f2bfc7fff5206d4f6b7b","name":"Milan","logo":{"@id":"https:\/\/www.apfelpatient.de\/#\/schema\/person\/image\/"},"description":"Hello and welcome to my technology blog! As a big Apple fan, I report on everything to do with Apple: from the latest news and exciting rumors to helpful tips and tricks and detailed product tests. If you are as enthusiastic about technology as I am, you have come to the right place!","sameAs":["https:\/\/www.facebook.com\/apfelpatientOfficial","https:\/\/www.linkedin.com\/in\/milan-jovicic-42aa0231b"],"url":"https:\/\/www.apfelpatient.de\/en\/author\/apfeladmin"}]}},"_links":{"self":[{"href":"https:\/\/www.apfelpatient.de\/en\/wp-json\/wp\/v2\/posts\/18416","targetHints":{"allow":["GET"]}}],"collection":[{"href":"https:\/\/www.apfelpatient.de\/en\/wp-json\/wp\/v2\/posts"}],"about":[{"href":"https:\/\/www.apfelpatient.de\/en\/wp-json\/wp\/v2\/types\/post"}],"author":[{"embeddable":true,"href":"https:\/\/www.apfelpatient.de\/en\/wp-json\/wp\/v2\/users\/2"}],"replies":[{"embeddable":true,"href":"https:\/\/www.apfelpatient.de\/en\/wp-json\/wp\/v2\/comments?post=18416"}],"version-history":[{"count":0,"href":"https:\/\/www.apfelpatient.de\/en\/wp-json\/wp\/v2\/posts\/18416\/revisions"}],"wp:featuredmedia":[{"embeddable":true,"href":"https:\/\/www.apfelpatient.de\/en\/wp-json\/wp\/v2\/media\/18418"}],"wp:attachment":[{"href":"https:\/\/www.apfelpatient.de\/en\/wp-json\/wp\/v2\/media?parent=18416"}],"wp:term":[{"taxonomy":"category","embeddable":true,"href":"https:\/\/www.apfelpatient.de\/en\/wp-json\/wp\/v2\/categories?post=18416"},{"taxonomy":"post_tag","embeddable":true,"href":"https:\/\/www.apfelpatient.de\/en\/wp-json\/wp\/v2\/tags?post=18416"}],"curies":[{"name":"wp","href":"https:\/\/api.w.org\/{rel}","templated":true}]}}