{"id":1826,"date":"2018-09-01T15:36:42","date_gmt":"2018-09-01T13:36:42","guid":{"rendered":"https:\/\/www.apfelpatient.de\/?p=1826"},"modified":"2025-02-06T07:06:41","modified_gmt":"2025-02-06T06:06:41","slug":"iphone-8-apple-starts-repair-program","status":"publish","type":"post","link":"https:\/\/www.apfelpatient.de\/en\/news\/iphone-8-apple-startet-reparaturprogramm","title":{"rendered":"iPhone 8: Apple starts repair program"},"content":{"rendered":"<p><strong>Apple has now acknowledged a problem with the iPhone 8 and is promising a free repair. This means that affected users will have the repair or replacement carried out free of charge by Apple or an authorized Apple dealer.<\/strong><\/p>\n<p>A small number of iPhone 8 models appear to have a problem with the motherboard. Affected devices suffer from unexpected reboots or the display suddenly freezes.<\/p>\n\n<p>If the latter happens, users have difficulty restarting the iPhone. An Apple support page allows you to use the serial number to determine which iPhone 8 models suffer from this defect. According to Apple, these devices were sold between September 2017 and March 2018 in the following countries: Australia, China, Hong Kong, India, Japan, Macau, New Zealand and the USA.<span class=\"Apple-converted-space\">\u00a0<\/span><\/p>\n<p>Devices sold in Europe are therefore not affected by this defect - at least that is what we currently know. It should also be emphasized that the iPhone 8 Plus does not suffer from the problem with the motherboard.<span class=\"Apple-converted-space\">\u00a0<\/span><\/p>\n<p>If you still want to check your device, you can do so here: <a href=\"https:\/\/www.apple.com\/support\/iphone-8-logic-board-replacement-program\/\" target=\"_blank\" rel=\"noopener noreferrer\"><strong>iPhone 8 Logic Board Replacement Program<\/strong><\/a><\/p>\n<p><em><strong>Also interesting:<\/strong><\/em><\/p>\n\n<h5><a href=\"https:\/\/www.apfelpatient.de\/en\" target=\"_blank\" rel=\"noopener noreferrer\">Apple Keynote: Now it&#039;s official<\/a><\/h5>\n<h5><a href=\"https:\/\/www.apfelpatient.de\/en\" target=\"_blank\" rel=\"noopener noreferrer\">Apple Watch Series 4 Leak: This is what the 4th generation looks like<\/a><\/h5>\n<h5><a href=\"https:\/\/www.apfelpatient.de\/en\" target=\"_blank\" rel=\"noopener noreferrer\">2018 iPhone Xs Leak: These are the new premium models<\/a><\/h5>","protected":false},"excerpt":{"rendered":"<p>Apple hat nun ein Problem bei dem iPhone 8 anerkannt und verspricht eine kostenlose Reparatur. Das hei\u00dft, betroffene Nutzer bekommen die Reparatur bzw. den Austausch von Apple oder einem autorisierten Apple-H\u00e4ndler kostenlos durchgef\u00fchrt. Eine geringe Anzahl von iPhone 8 Modellen scheint ein Problem an der Hauptplatine zu haben. Betroffene Ger\u00e4te leiden unter unerwarteten Neustarts oder [&hellip;]<\/p>\n","protected":false},"author":2,"featured_media":1757,"comment_status":"open","ping_status":"open","sticky":false,"template":"","format":"standard","meta":{"jnews-multi-image_gallery":[],"jnews_single_post":[],"jnews_primary_category":[],"footnotes":""},"categories":[9],"tags":[18,8,63,139],"class_list":["post-1826","post","type-post","status-publish","format-standard","has-post-thumbnail","hentry","category-news","tag-ipad","tag-iphone","tag-iphone-8","tag-reparaturprogramm"],"yoast_head":"<!-- This site is optimized with the Yoast SEO Premium plugin v27.5 (Yoast SEO v27.5) - https:\/\/yoast.com\/product\/yoast-seo-premium-wordpress\/ -->\n<title>iPhone 8: Apple startet Reparaturprogramm Apfelpatient<\/title>\n<meta name=\"description\" content=\"Apple hat nun ein Problem bei dem iPhone 8 anerkannt und verspricht eine kostenlose Reparatur. Das hei\u00dft, betroffene Nutzer bekommen die Reparatur bzw.\" \/>\n<meta name=\"robots\" content=\"index, follow, max-snippet:-1, max-image-preview:large, max-video-preview:-1\" \/>\n<link rel=\"canonical\" href=\"https:\/\/www.apfelpatient.de\/en\/news\/iphone-8-apple-starts-repair-program\" \/>\n<meta property=\"og:locale\" content=\"en_US\" \/>\n<meta property=\"og:type\" content=\"article\" \/>\n<meta property=\"og:title\" content=\"iPhone 8: Apple startet Reparaturprogramm\" \/>\n<meta property=\"og:description\" content=\"Apple hat nun ein Problem bei dem iPhone 8 anerkannt und verspricht eine kostenlose Reparatur. Das hei\u00dft, betroffene Nutzer bekommen die Reparatur bzw.\" \/>\n<meta property=\"og:url\" content=\"https:\/\/www.apfelpatient.de\/en\/news\/iphone-8-apple-starts-repair-program\" \/>\n<meta property=\"og:site_name\" content=\"Apfelpatient\" \/>\n<meta property=\"article:publisher\" content=\"https:\/\/www.facebook.com\/apfelpatientOfficial\" \/>\n<meta property=\"article:author\" content=\"https:\/\/www.facebook.com\/apfelpatientOfficial\" \/>\n<meta property=\"article:published_time\" content=\"2018-09-01T13:36:42+00:00\" \/>\n<meta property=\"article:modified_time\" content=\"2025-02-06T06:06:41+00:00\" \/>\n<meta property=\"og:image\" content=\"https:\/\/www.apfelpatient.de\/wp-content\/uploads\/2018\/08\/iPhone8-iPhone8PLUS-PRODUCT-RED_angled-back_041018.jpg\" \/>\n\t<meta property=\"og:image:width\" content=\"1142\" \/>\n\t<meta property=\"og:image:height\" content=\"900\" \/>\n\t<meta property=\"og:image:type\" content=\"image\/jpeg\" \/>\n<meta name=\"author\" content=\"Milan\" \/>\n<meta name=\"twitter:card\" content=\"summary_large_image\" \/>\n<meta name=\"twitter:label1\" content=\"Written by\" \/>\n\t<meta name=\"twitter:data1\" content=\"Milan\" \/>\n\t<meta name=\"twitter:label2\" content=\"Est. reading time\" \/>\n\t<meta name=\"twitter:data2\" content=\"1 minute\" \/>\n<script type=\"application\/ld+json\" class=\"yoast-schema-graph\">{\"@context\":\"https:\\\/\\\/schema.org\",\"@graph\":[{\"@type\":\"NewsArticle\",\"@id\":\"https:\\\/\\\/www.apfelpatient.de\\\/news\\\/iphone-8-apple-startet-reparaturprogramm#article\",\"isPartOf\":{\"@id\":\"https:\\\/\\\/www.apfelpatient.de\\\/news\\\/iphone-8-apple-startet-reparaturprogramm\"},\"author\":{\"@type\":\"Organization\",\"@id\":\"https:\\\/\\\/www.apfelpatient.de\\\/en\\\/#organization\",\"name\":\"Apfelpatient\",\"url\":\"https:\\\/\\\/www.apfelpatient.de\\\/en\\\/\"},\"headline\":\"iPhone 8: Apple startet Reparaturprogramm\",\"datePublished\":\"2018-09-01T13:36:42+00:00\",\"dateModified\":\"2025-02-06T06:06:41+00:00\",\"mainEntityOfPage\":{\"@id\":\"https:\\\/\\\/www.apfelpatient.de\\\/news\\\/iphone-8-apple-startet-reparaturprogramm\"},\"wordCount\":210,\"commentCount\":0,\"publisher\":{\"@type\":\"Organization\",\"@id\":\"https:\\\/\\\/www.apfelpatient.de\\\/en\\\/#organization\",\"name\":\"Apfelpatient\",\"url\":\"https:\\\/\\\/www.apfelpatient.de\\\/en\\\/\"},\"image\":{\"@id\":\"https:\\\/\\\/www.apfelpatient.de\\\/news\\\/iphone-8-apple-startet-reparaturprogramm#primaryimage\"},\"thumbnailUrl\":\"https:\\\/\\\/www.apfelpatient.de\\\/wp-content\\\/uploads\\\/2018\\\/08\\\/iPhone8-iPhone8PLUS-PRODUCT-RED_angled-back_041018.jpg\",\"keywords\":[\"iPad\",\"iPhone\",\"iPhone 8\",\"Reparaturprogramm\"],\"articleSection\":\"News\",\"inLanguage\":\"en-US\",\"potentialAction\":[{\"@type\":\"CommentAction\",\"name\":\"Comment\",\"target\":[\"https:\\\/\\\/www.apfelpatient.de\\\/news\\\/iphone-8-apple-startet-reparaturprogramm#respond\"]}],\"copyrightYear\":\"2018\",\"copyrightHolder\":{\"@id\":\"https:\\\/\\\/www.apfelpatient.de\\\/en\\\/#organization\"}},{\"@type\":\"WebPage\",\"@id\":\"https:\\\/\\\/www.apfelpatient.de\\\/news\\\/iphone-8-apple-startet-reparaturprogramm\",\"url\":\"https:\\\/\\\/www.apfelpatient.de\\\/news\\\/iphone-8-apple-startet-reparaturprogramm\",\"name\":\"iPhone 8: Apple startet Reparaturprogramm Apfelpatient\",\"isPartOf\":{\"@id\":\"https:\\\/\\\/www.apfelpatient.de\\\/#website\"},\"primaryImageOfPage\":{\"@id\":\"https:\\\/\\\/www.apfelpatient.de\\\/news\\\/iphone-8-apple-startet-reparaturprogramm#primaryimage\"},\"image\":{\"@id\":\"https:\\\/\\\/www.apfelpatient.de\\\/news\\\/iphone-8-apple-startet-reparaturprogramm#primaryimage\"},\"thumbnailUrl\":\"https:\\\/\\\/www.apfelpatient.de\\\/wp-content\\\/uploads\\\/2018\\\/08\\\/iPhone8-iPhone8PLUS-PRODUCT-RED_angled-back_041018.jpg\",\"datePublished\":\"2018-09-01T13:36:42+00:00\",\"dateModified\":\"2025-02-06T06:06:41+00:00\",\"description\":\"Apple hat nun ein Problem bei dem iPhone 8 anerkannt und verspricht eine kostenlose Reparatur. Das hei\u00dft, betroffene Nutzer bekommen die Reparatur bzw.\",\"breadcrumb\":{\"@id\":\"https:\\\/\\\/www.apfelpatient.de\\\/news\\\/iphone-8-apple-startet-reparaturprogramm#breadcrumb\"},\"inLanguage\":\"en-US\",\"potentialAction\":[{\"@type\":\"ReadAction\",\"target\":[\"https:\\\/\\\/www.apfelpatient.de\\\/news\\\/iphone-8-apple-startet-reparaturprogramm\"]}]},{\"@type\":\"ImageObject\",\"inLanguage\":\"en-US\",\"@id\":\"https:\\\/\\\/www.apfelpatient.de\\\/news\\\/iphone-8-apple-startet-reparaturprogramm#primaryimage\",\"url\":\"https:\\\/\\\/www.apfelpatient.de\\\/wp-content\\\/uploads\\\/2018\\\/08\\\/iPhone8-iPhone8PLUS-PRODUCT-RED_angled-back_041018.jpg\",\"contentUrl\":\"https:\\\/\\\/www.apfelpatient.de\\\/wp-content\\\/uploads\\\/2018\\\/08\\\/iPhone8-iPhone8PLUS-PRODUCT-RED_angled-back_041018.jpg\",\"width\":1142,\"height\":900,\"caption\":\"Bild: Apple\"},{\"@type\":\"BreadcrumbList\",\"@id\":\"https:\\\/\\\/www.apfelpatient.de\\\/news\\\/iphone-8-apple-startet-reparaturprogramm#breadcrumb\",\"itemListElement\":[{\"@type\":\"ListItem\",\"position\":1,\"name\":\"Startseite\",\"item\":\"https:\\\/\\\/www.apfelpatient.de\\\/\"},{\"@type\":\"ListItem\",\"position\":2,\"name\":\"iPhone 8: Apple startet Reparaturprogramm\"}]},{\"@type\":\"WebSite\",\"@id\":\"https:\\\/\\\/www.apfelpatient.de\\\/#website\",\"url\":\"https:\\\/\\\/www.apfelpatient.de\\\/\",\"name\":\"Apfelpatient\",\"description\":\"Alles rund um Apple!\",\"publisher\":{\"@type\":\"Organization\",\"@id\":\"https:\\\/\\\/www.apfelpatient.de\\\/en\\\/#organization\",\"name\":\"Apfelpatient\",\"url\":\"https:\\\/\\\/www.apfelpatient.de\\\/en\\\/\"},\"alternateName\":\"Apfelpatient\",\"potentialAction\":[{\"@type\":\"SearchAction\",\"target\":{\"@type\":\"EntryPoint\",\"urlTemplate\":\"https:\\\/\\\/www.apfelpatient.de\\\/?s={search_term_string}\"},\"query-input\":{\"@type\":\"PropertyValueSpecification\",\"valueRequired\":true,\"valueName\":\"search_term_string\"}}],\"inLanguage\":\"en-US\"},{\"@type\":[\"Person\",\"Organization\"],\"@id\":\"https:\\\/\\\/www.apfelpatient.de\\\/#\\\/schema\\\/person\\\/35b3ddba5832f2bfc7fff5206d4f6b7b\",\"name\":\"Milan\",\"logo\":{\"@id\":\"https:\\\/\\\/www.apfelpatient.de\\\/#\\\/schema\\\/person\\\/image\\\/\"},\"description\":\"Hallo und herzlich willkommen auf meinem Technik-Blog! Als gro\u00dfer Apple-Fan berichte ich hier \u00fcber alles, was mit Apple zu tun hat: von den neuesten News und spannenden Ger\u00fcchten \u00fcber hilfreiche Tipps und Tricks bis hin zu ausf\u00fchrlichen Produkttests. Wenn du genauso technikbegeistert bist wie ich, bist du hier genau richtig!\",\"sameAs\":[\"https:\\\/\\\/www.facebook.com\\\/apfelpatientOfficial\",\"https:\\\/\\\/www.linkedin.com\\\/in\\\/milan-jovicic-42aa0231b\"],\"url\":\"https:\\\/\\\/www.apfelpatient.de\\\/en\\\/author\\\/apfeladmin\"}]}<\/script>\n<!-- \/ Yoast SEO Premium plugin. -->","yoast_head_json":{"title":"iPhone 8: Apple launches repair program Apfelpatient","description":"Apple has now acknowledged a problem with the iPhone 8 and is promising a free repair. This means that affected users will receive the repair or","robots":{"index":"index","follow":"follow","max-snippet":"max-snippet:-1","max-image-preview":"max-image-preview:large","max-video-preview":"max-video-preview:-1"},"canonical":"https:\/\/www.apfelpatient.de\/en\/news\/iphone-8-apple-starts-repair-program","og_locale":"en_US","og_type":"article","og_title":"iPhone 8: Apple startet Reparaturprogramm","og_description":"Apple hat nun ein Problem bei dem iPhone 8 anerkannt und verspricht eine kostenlose Reparatur. Das hei\u00dft, betroffene Nutzer bekommen die Reparatur bzw.","og_url":"https:\/\/www.apfelpatient.de\/en\/news\/iphone-8-apple-starts-repair-program","og_site_name":"Apfelpatient","article_publisher":"https:\/\/www.facebook.com\/apfelpatientOfficial","article_author":"https:\/\/www.facebook.com\/apfelpatientOfficial","article_published_time":"2018-09-01T13:36:42+00:00","article_modified_time":"2025-02-06T06:06:41+00:00","og_image":[{"width":1142,"height":900,"url":"https:\/\/www.apfelpatient.de\/wp-content\/uploads\/2018\/08\/iPhone8-iPhone8PLUS-PRODUCT-RED_angled-back_041018.jpg","type":"image\/jpeg"}],"author":"Milan","twitter_card":"summary_large_image","twitter_misc":{"Written by":"Milan","Est. reading time":"1 minute"},"schema":{"@context":"https:\/\/schema.org","@graph":[{"@type":"NewsArticle","@id":"https:\/\/www.apfelpatient.de\/news\/iphone-8-apple-startet-reparaturprogramm#article","isPartOf":{"@id":"https:\/\/www.apfelpatient.de\/news\/iphone-8-apple-startet-reparaturprogramm"},"author":{"@type":"Organization","@id":"https:\/\/www.apfelpatient.de\/en\/#organization","name":"Apfelpatient","url":"https:\/\/www.apfelpatient.de\/en\/"},"headline":"iPhone 8: Apple startet Reparaturprogramm","datePublished":"2018-09-01T13:36:42+00:00","dateModified":"2025-02-06T06:06:41+00:00","mainEntityOfPage":{"@id":"https:\/\/www.apfelpatient.de\/news\/iphone-8-apple-startet-reparaturprogramm"},"wordCount":210,"commentCount":0,"publisher":{"@type":"Organization","@id":"https:\/\/www.apfelpatient.de\/en\/#organization","name":"Apfelpatient","url":"https:\/\/www.apfelpatient.de\/en\/"},"image":{"@id":"https:\/\/www.apfelpatient.de\/news\/iphone-8-apple-startet-reparaturprogramm#primaryimage"},"thumbnailUrl":"https:\/\/www.apfelpatient.de\/wp-content\/uploads\/2018\/08\/iPhone8-iPhone8PLUS-PRODUCT-RED_angled-back_041018.jpg","keywords":["iPad","iPhone","iPhone 8","Reparaturprogramm"],"articleSection":"News","inLanguage":"en-US","potentialAction":[{"@type":"CommentAction","name":"Comment","target":["https:\/\/www.apfelpatient.de\/news\/iphone-8-apple-startet-reparaturprogramm#respond"]}],"copyrightYear":"2018","copyrightHolder":{"@id":"https:\/\/www.apfelpatient.de\/en\/#organization"}},{"@type":"WebPage","@id":"https:\/\/www.apfelpatient.de\/news\/iphone-8-apple-startet-reparaturprogramm","url":"https:\/\/www.apfelpatient.de\/news\/iphone-8-apple-startet-reparaturprogramm","name":"iPhone 8: Apple launches repair program Apfelpatient","isPartOf":{"@id":"https:\/\/www.apfelpatient.de\/#website"},"primaryImageOfPage":{"@id":"https:\/\/www.apfelpatient.de\/news\/iphone-8-apple-startet-reparaturprogramm#primaryimage"},"image":{"@id":"https:\/\/www.apfelpatient.de\/news\/iphone-8-apple-startet-reparaturprogramm#primaryimage"},"thumbnailUrl":"https:\/\/www.apfelpatient.de\/wp-content\/uploads\/2018\/08\/iPhone8-iPhone8PLUS-PRODUCT-RED_angled-back_041018.jpg","datePublished":"2018-09-01T13:36:42+00:00","dateModified":"2025-02-06T06:06:41+00:00","description":"Apple has now acknowledged a problem with the iPhone 8 and is promising a free repair. This means that affected users will receive the repair or","breadcrumb":{"@id":"https:\/\/www.apfelpatient.de\/news\/iphone-8-apple-startet-reparaturprogramm#breadcrumb"},"inLanguage":"en-US","potentialAction":[{"@type":"ReadAction","target":["https:\/\/www.apfelpatient.de\/news\/iphone-8-apple-startet-reparaturprogramm"]}]},{"@type":"ImageObject","inLanguage":"en-US","@id":"https:\/\/www.apfelpatient.de\/news\/iphone-8-apple-startet-reparaturprogramm#primaryimage","url":"https:\/\/www.apfelpatient.de\/wp-content\/uploads\/2018\/08\/iPhone8-iPhone8PLUS-PRODUCT-RED_angled-back_041018.jpg","contentUrl":"https:\/\/www.apfelpatient.de\/wp-content\/uploads\/2018\/08\/iPhone8-iPhone8PLUS-PRODUCT-RED_angled-back_041018.jpg","width":1142,"height":900,"caption":"Bild: Apple"},{"@type":"BreadcrumbList","@id":"https:\/\/www.apfelpatient.de\/news\/iphone-8-apple-startet-reparaturprogramm#breadcrumb","itemListElement":[{"@type":"ListItem","position":1,"name":"Startseite","item":"https:\/\/www.apfelpatient.de\/"},{"@type":"ListItem","position":2,"name":"iPhone 8: Apple startet Reparaturprogramm"}]},{"@type":"WebSite","@id":"https:\/\/www.apfelpatient.de\/#website","url":"https:\/\/www.apfelpatient.de\/","name":"apple patient","description":"Everything about Apple!","publisher":{"@type":"Organization","@id":"https:\/\/www.apfelpatient.de\/en\/#organization","name":"Apfelpatient","url":"https:\/\/www.apfelpatient.de\/en\/"},"alternateName":"Apfelpatient","potentialAction":[{"@type":"SearchAction","target":{"@type":"EntryPoint","urlTemplate":"https:\/\/www.apfelpatient.de\/?s={search_term_string}"},"query-input":{"@type":"PropertyValueSpecification","valueRequired":true,"valueName":"search_term_string"}}],"inLanguage":"en-US"},{"@type":["Person","Organization"],"@id":"https:\/\/www.apfelpatient.de\/#\/schema\/person\/35b3ddba5832f2bfc7fff5206d4f6b7b","name":"Milan","logo":{"@id":"https:\/\/www.apfelpatient.de\/#\/schema\/person\/image\/"},"description":"Hello and welcome to my technology blog! As a big Apple fan, I report on everything to do with Apple: from the latest news and exciting rumors to helpful tips and tricks and detailed product tests. If you are as enthusiastic about technology as I am, you have come to the right place!","sameAs":["https:\/\/www.facebook.com\/apfelpatientOfficial","https:\/\/www.linkedin.com\/in\/milan-jovicic-42aa0231b"],"url":"https:\/\/www.apfelpatient.de\/en\/author\/apfeladmin"}]}},"_links":{"self":[{"href":"https:\/\/www.apfelpatient.de\/en\/wp-json\/wp\/v2\/posts\/1826","targetHints":{"allow":["GET"]}}],"collection":[{"href":"https:\/\/www.apfelpatient.de\/en\/wp-json\/wp\/v2\/posts"}],"about":[{"href":"https:\/\/www.apfelpatient.de\/en\/wp-json\/wp\/v2\/types\/post"}],"author":[{"embeddable":true,"href":"https:\/\/www.apfelpatient.de\/en\/wp-json\/wp\/v2\/users\/2"}],"replies":[{"embeddable":true,"href":"https:\/\/www.apfelpatient.de\/en\/wp-json\/wp\/v2\/comments?post=1826"}],"version-history":[{"count":0,"href":"https:\/\/www.apfelpatient.de\/en\/wp-json\/wp\/v2\/posts\/1826\/revisions"}],"wp:featuredmedia":[{"embeddable":true,"href":"https:\/\/www.apfelpatient.de\/en\/wp-json\/wp\/v2\/media\/1757"}],"wp:attachment":[{"href":"https:\/\/www.apfelpatient.de\/en\/wp-json\/wp\/v2\/media?parent=1826"}],"wp:term":[{"taxonomy":"category","embeddable":true,"href":"https:\/\/www.apfelpatient.de\/en\/wp-json\/wp\/v2\/categories?post=1826"},{"taxonomy":"post_tag","embeddable":true,"href":"https:\/\/www.apfelpatient.de\/en\/wp-json\/wp\/v2\/tags?post=1826"}],"curies":[{"name":"wp","href":"https:\/\/api.w.org\/{rel}","templated":true}]}}