{"id":18202,"date":"2021-01-06T00:10:41","date_gmt":"2021-01-05T23:10:41","guid":{"rendered":"https:\/\/www.apfelpatient.de\/?p=18202"},"modified":"2021-01-06T00:10:42","modified_gmt":"2021-01-05T23:10:42","slug":"apple-virtual-annual-general-meeting-in-february","status":"publish","type":"post","link":"https:\/\/www.apfelpatient.de\/en\/news\/apple-virtuelle-jahreshauptversammlung-im-februar","title":{"rendered":"Apple: Virtual Annual General Meeting in February"},"content":{"rendered":"<p class=\"has-drop-cap\"><strong>Apple&#039;s annual general meeting will be held virtually on February 23, 2021, according to the company&#039;s SEC filing.<\/strong><\/p>\n\n\n\n<p>Annual general meetings are usually held in person at Apple Park. However, the COVID-19 pandemic has forced the company to use a virtual solution. However, this allows a larger number of shareholders to participate, as there are no spatial restrictions. So the whole thing has its advantages. <a href=\"https:\/\/www.sec.gov\/Archives\/edgar\/data\/320193\/000119312521001987\/d767770ddef14a.htm\" target=\"_blank\" rel=\"noreferrer noopener\">SEC filing<\/a> shows:<\/p>\n\n\n\n<blockquote class=\"wp-block-quote is-layout-flow wp-block-quote-is-layout-flow\"><p>We are pleased to welcome our shareholders to the 2021 Annual General Meeting. Due to the COVID-19 pandemic, the Annual General Meeting will only be held in a virtual format to provide a safe experience for our shareholders and employees.<\/p><\/blockquote>\n\n\n\n<p>Those who wish to attend the Annual General Meeting, vote and ask questions can <a href=\"https:\/\/central.virtualshareholdermeeting.com\/vsm\/web?pvskey=AAPL2021\" target=\"_blank\" rel=\"noreferrer noopener\">website<\/a> for shareholders and enter a 16-digit code contained in the Notice of Internet Availability of Proxy Materials that will be provided to shareholders.<\/p>\n\n\n\n<h3 class=\"wp-block-heading\" id=\"h-jahreshauptversammlung-f-r-die-ffentlichkeit-uninteressant\">Annual General Meeting: Not of Interest to the Public<\/h3>\n\n\n\n\n\n\n\n<p>Apple explains that online access will be activated or opened approximately 15 minutes before the start of the meeting. According to Apple, those who wish to attend the meeting should submit their vote in advance online, by mail or by phone. Agenda items include the re-election of the Board of Directors, the confirmation of Ernst &amp; Young LLP as Apple&#039;s auditing firm and voting on shareholder proposals. Annual general meetings are usually of no interest to the public, as Apple executives do not usually reveal details about products. But there have been isolated exceptions in the past. If there is something this time that might be of interest to you, we will of course report on it. <em>(Photo by Gesrey178 \/ Bigstockphoto)<\/em><\/p>\n\n\n\n<ul class=\"wp-block-list\"><li><a href=\"https:\/\/www.apfelpatient.de\/en\/generally\/apple-2021-these-products-could-appear\">Apple 2021: These products could be released<\/a><\/li><\/ul>\n\n\n\n<h6 class=\"wp-block-heading translation-block\" id=\"h-kennt-ihr-schon-unsere-amazon-storefront-dort-findet-ihr-eine-handverlesene-auswahl-von-diversen-produkten-f-r-euer-iphone-und-co-viel-spa-beim-st-bern\"><em>Have you already visited our Amazon Storefront? There you&#039;ll find a hand-picked selection of various products for your iPhone and other devices \u2013 <span class=\"has-inline-color has-vivid-red-color\"><a href=\"https:\/\/www.amazon.de\/shop\/apfelpatientofficial\" class=\"ek-link\" data-wpel-link=\"exclude\" rel=\"follow noopener\" target=\"_self\"><span style=\"text-decoration: underline\" class=\"ek-underline\">enjoy browsing<\/span><\/a> !<\/span><\/em><\/h6>\n\n\n\n<h6 class=\"wp-block-heading translation-block\" id=\"h-der-beitrag-enthalt-partnerlinks\">This post contains <a data-type=\"URL\" data-id=\"https:\/\/www.apfelpatient.de\/partnerprogramm\" href=\"https:\/\/www.apfelpatient.de\/en\/partner-program\" data-wpel-link=\"internal\" target=\"_self\">affiliate links<\/a>.<\/h6>","protected":false},"excerpt":{"rendered":"<p>Apple&#039;s annual general meeting will be held virtually on February 23, 2021, according to the SEC filing.<\/p>","protected":false},"author":2,"featured_media":18203,"comment_status":"closed","ping_status":"closed","sticky":false,"template":"","format":"standard","meta":{"jnews-multi-image_gallery":[],"jnews_single_post":{"subtitle":"","format":"standard","video":"","gallery":"","source_name":"","source_url":"","via_name":"","via_url":"","override":[{"single_blog_custom":"","sidebar":"","second_sidebar":"","share_position":"","share_float_style":"","post_date_format":"","post_date_format_custom":"","post_reading_time_wpm":"","zoom_button_out_step":"1","zoom_button_in_step":"1","number_popup_post":"1"}],"image_override":[{"single_post_thumbnail_size":"","single_post_gallery_size":""}],"trending_post_position":"","trending_post_label":"","sponsored_post_label":"","sponsored_post_name":"","sponsored_post_url":"","sponsored_post_logo":"","sponsored_post_desc":""},"jnews_primary_category":{"id":"9"},"footnotes":""},"categories":[9],"tags":[13],"class_list":["post-18202","post","type-post","status-publish","format-standard","has-post-thumbnail","hentry","category-news","tag-techpatient"],"yoast_head":"<!-- This site is optimized with the Yoast SEO Premium plugin v27.5 (Yoast SEO v27.5) - https:\/\/yoast.com\/product\/yoast-seo-premium-wordpress\/ -->\n<title>Apple: Virtuelle Jahreshauptversammlung im Februar Apfelpatient<\/title>\n<meta name=\"description\" content=\"Apples Jahreshauptversammlung wird am 23. Februar 2021 virtuell stattfinden. Das geht aus der entsprechenden SEC-Anmeldung hervor.\" \/>\n<meta name=\"robots\" content=\"index, follow, max-snippet:-1, max-image-preview:large, max-video-preview:-1\" \/>\n<link rel=\"canonical\" href=\"https:\/\/www.apfelpatient.de\/en\/news\/apple-virtual-annual-general-meeting-in-february\" \/>\n<meta property=\"og:locale\" content=\"en_US\" \/>\n<meta property=\"og:type\" content=\"article\" \/>\n<meta property=\"og:title\" content=\"Apple: Virtuelle Jahreshauptversammlung im Februar\" \/>\n<meta property=\"og:description\" content=\"Apples Jahreshauptversammlung wird am 23. Februar 2021 virtuell stattfinden. Das geht aus der entsprechenden SEC-Anmeldung hervor.\" \/>\n<meta property=\"og:url\" content=\"https:\/\/www.apfelpatient.de\/en\/news\/apple-virtual-annual-general-meeting-in-february\" \/>\n<meta property=\"og:site_name\" content=\"Apfelpatient\" \/>\n<meta property=\"article:publisher\" content=\"https:\/\/www.facebook.com\/apfelpatientOfficial\" \/>\n<meta property=\"article:author\" content=\"https:\/\/www.facebook.com\/apfelpatientOfficial\" \/>\n<meta property=\"article:published_time\" content=\"2021-01-05T23:10:41+00:00\" \/>\n<meta property=\"article:modified_time\" content=\"2021-01-05T23:10:42+00:00\" \/>\n<meta property=\"og:image\" content=\"https:\/\/www.apfelpatient.de\/wp-content\/uploads\/2021\/01\/bigstock-Legal-Document-Shareholder-Agr-397329662.jpg\" \/>\n\t<meta property=\"og:image:width\" content=\"1600\" \/>\n\t<meta property=\"og:image:height\" content=\"1067\" \/>\n\t<meta property=\"og:image:type\" content=\"image\/jpeg\" \/>\n<meta name=\"author\" content=\"Milan\" \/>\n<meta name=\"twitter:card\" content=\"summary_large_image\" \/>\n<meta name=\"twitter:description\" content=\"Apples Jahreshauptversammlung wird am 23. Februar 2021 virtuell stattfinden. Das geht aus der entsprechenden SEC-Anmeldung hervor.\" \/>\n<meta name=\"twitter:label1\" content=\"Written by\" \/>\n\t<meta name=\"twitter:data1\" content=\"Milan\" \/>\n\t<meta name=\"twitter:label2\" content=\"Est. reading time\" \/>\n\t<meta name=\"twitter:data2\" content=\"1 minute\" \/>\n<script type=\"application\/ld+json\" class=\"yoast-schema-graph\">{\"@context\":\"https:\\\/\\\/schema.org\",\"@graph\":[{\"@type\":\"NewsArticle\",\"@id\":\"https:\\\/\\\/www.apfelpatient.de\\\/news\\\/apple-virtuelle-jahreshauptversammlung-im-februar#article\",\"isPartOf\":{\"@id\":\"https:\\\/\\\/www.apfelpatient.de\\\/news\\\/apple-virtuelle-jahreshauptversammlung-im-februar\"},\"author\":{\"@type\":\"Organization\",\"@id\":\"https:\\\/\\\/www.apfelpatient.de\\\/en\\\/#organization\",\"name\":\"Apfelpatient\",\"url\":\"https:\\\/\\\/www.apfelpatient.de\\\/en\\\/\"},\"headline\":\"Apple: Virtuelle Jahreshauptversammlung im Februar\",\"datePublished\":\"2021-01-05T23:10:41+00:00\",\"dateModified\":\"2021-01-05T23:10:42+00:00\",\"mainEntityOfPage\":{\"@id\":\"https:\\\/\\\/www.apfelpatient.de\\\/news\\\/apple-virtuelle-jahreshauptversammlung-im-februar\"},\"wordCount\":300,\"publisher\":{\"@type\":\"Organization\",\"@id\":\"https:\\\/\\\/www.apfelpatient.de\\\/en\\\/#organization\",\"name\":\"Apfelpatient\",\"url\":\"https:\\\/\\\/www.apfelpatient.de\\\/en\\\/\"},\"image\":{\"@id\":\"https:\\\/\\\/www.apfelpatient.de\\\/news\\\/apple-virtuelle-jahreshauptversammlung-im-februar#primaryimage\"},\"thumbnailUrl\":\"https:\\\/\\\/www.apfelpatient.de\\\/wp-content\\\/uploads\\\/2021\\\/01\\\/bigstock-Legal-Document-Shareholder-Agr-397329662.jpg\",\"keywords\":[\"TechPatient\"],\"articleSection\":\"News\",\"inLanguage\":\"en-US\",\"copyrightYear\":\"2021\",\"copyrightHolder\":{\"@id\":\"https:\\\/\\\/www.apfelpatient.de\\\/en\\\/#organization\"}},{\"@type\":\"WebPage\",\"@id\":\"https:\\\/\\\/www.apfelpatient.de\\\/news\\\/apple-virtuelle-jahreshauptversammlung-im-februar\",\"url\":\"https:\\\/\\\/www.apfelpatient.de\\\/news\\\/apple-virtuelle-jahreshauptversammlung-im-februar\",\"name\":\"Apple: Virtuelle Jahreshauptversammlung im Februar Apfelpatient\",\"isPartOf\":{\"@id\":\"https:\\\/\\\/www.apfelpatient.de\\\/#website\"},\"primaryImageOfPage\":{\"@id\":\"https:\\\/\\\/www.apfelpatient.de\\\/news\\\/apple-virtuelle-jahreshauptversammlung-im-februar#primaryimage\"},\"image\":{\"@id\":\"https:\\\/\\\/www.apfelpatient.de\\\/news\\\/apple-virtuelle-jahreshauptversammlung-im-februar#primaryimage\"},\"thumbnailUrl\":\"https:\\\/\\\/www.apfelpatient.de\\\/wp-content\\\/uploads\\\/2021\\\/01\\\/bigstock-Legal-Document-Shareholder-Agr-397329662.jpg\",\"datePublished\":\"2021-01-05T23:10:41+00:00\",\"dateModified\":\"2021-01-05T23:10:42+00:00\",\"description\":\"Apples Jahreshauptversammlung wird am 23. Februar 2021 virtuell stattfinden. Das geht aus der entsprechenden SEC-Anmeldung hervor.\",\"breadcrumb\":{\"@id\":\"https:\\\/\\\/www.apfelpatient.de\\\/news\\\/apple-virtuelle-jahreshauptversammlung-im-februar#breadcrumb\"},\"inLanguage\":\"en-US\",\"potentialAction\":[{\"@type\":\"ReadAction\",\"target\":[\"https:\\\/\\\/www.apfelpatient.de\\\/news\\\/apple-virtuelle-jahreshauptversammlung-im-februar\"]}]},{\"@type\":\"ImageObject\",\"inLanguage\":\"en-US\",\"@id\":\"https:\\\/\\\/www.apfelpatient.de\\\/news\\\/apple-virtuelle-jahreshauptversammlung-im-februar#primaryimage\",\"url\":\"https:\\\/\\\/www.apfelpatient.de\\\/wp-content\\\/uploads\\\/2021\\\/01\\\/bigstock-Legal-Document-Shareholder-Agr-397329662.jpg\",\"contentUrl\":\"https:\\\/\\\/www.apfelpatient.de\\\/wp-content\\\/uploads\\\/2021\\\/01\\\/bigstock-Legal-Document-Shareholder-Agr-397329662.jpg\",\"width\":1600,\"height\":1067,\"caption\":\"Legal document Shareholder Agreement on paper with pen.\"},{\"@type\":\"BreadcrumbList\",\"@id\":\"https:\\\/\\\/www.apfelpatient.de\\\/news\\\/apple-virtuelle-jahreshauptversammlung-im-februar#breadcrumb\",\"itemListElement\":[{\"@type\":\"ListItem\",\"position\":1,\"name\":\"Startseite\",\"item\":\"https:\\\/\\\/www.apfelpatient.de\\\/\"},{\"@type\":\"ListItem\",\"position\":2,\"name\":\"Apple: Virtuelle Jahreshauptversammlung im Februar\"}]},{\"@type\":\"WebSite\",\"@id\":\"https:\\\/\\\/www.apfelpatient.de\\\/#website\",\"url\":\"https:\\\/\\\/www.apfelpatient.de\\\/\",\"name\":\"Apfelpatient\",\"description\":\"Alles rund um Apple!\",\"publisher\":{\"@type\":\"Organization\",\"@id\":\"https:\\\/\\\/www.apfelpatient.de\\\/en\\\/#organization\",\"name\":\"Apfelpatient\",\"url\":\"https:\\\/\\\/www.apfelpatient.de\\\/en\\\/\"},\"alternateName\":\"Apfelpatient\",\"potentialAction\":[{\"@type\":\"SearchAction\",\"target\":{\"@type\":\"EntryPoint\",\"urlTemplate\":\"https:\\\/\\\/www.apfelpatient.de\\\/?s={search_term_string}\"},\"query-input\":{\"@type\":\"PropertyValueSpecification\",\"valueRequired\":true,\"valueName\":\"search_term_string\"}}],\"inLanguage\":\"en-US\"},{\"@type\":[\"Person\",\"Organization\"],\"@id\":\"https:\\\/\\\/www.apfelpatient.de\\\/#\\\/schema\\\/person\\\/35b3ddba5832f2bfc7fff5206d4f6b7b\",\"name\":\"Milan\",\"logo\":{\"@id\":\"https:\\\/\\\/www.apfelpatient.de\\\/#\\\/schema\\\/person\\\/image\\\/\"},\"description\":\"Hallo und herzlich willkommen auf meinem Technik-Blog! Als gro\u00dfer Apple-Fan berichte ich hier \u00fcber alles, was mit Apple zu tun hat: von den neuesten News und spannenden Ger\u00fcchten \u00fcber hilfreiche Tipps und Tricks bis hin zu ausf\u00fchrlichen Produkttests. Wenn du genauso technikbegeistert bist wie ich, bist du hier genau richtig!\",\"sameAs\":[\"https:\\\/\\\/www.facebook.com\\\/apfelpatientOfficial\",\"https:\\\/\\\/www.linkedin.com\\\/in\\\/milan-jovicic-42aa0231b\"],\"url\":\"https:\\\/\\\/www.apfelpatient.de\\\/en\\\/author\\\/apfeladmin\"}]}<\/script>\n<!-- \/ Yoast SEO Premium plugin. -->","yoast_head_json":{"title":"Apple: Virtual Annual General Meeting in February Apfelpatient","description":"Apple&#039;s annual general meeting will be held virtually on February 23, 2021, according to the SEC filing.","robots":{"index":"index","follow":"follow","max-snippet":"max-snippet:-1","max-image-preview":"max-image-preview:large","max-video-preview":"max-video-preview:-1"},"canonical":"https:\/\/www.apfelpatient.de\/en\/news\/apple-virtual-annual-general-meeting-in-february","og_locale":"en_US","og_type":"article","og_title":"Apple: Virtuelle Jahreshauptversammlung im Februar","og_description":"Apples Jahreshauptversammlung wird am 23. Februar 2021 virtuell stattfinden. Das geht aus der entsprechenden SEC-Anmeldung hervor.","og_url":"https:\/\/www.apfelpatient.de\/en\/news\/apple-virtual-annual-general-meeting-in-february","og_site_name":"Apfelpatient","article_publisher":"https:\/\/www.facebook.com\/apfelpatientOfficial","article_author":"https:\/\/www.facebook.com\/apfelpatientOfficial","article_published_time":"2021-01-05T23:10:41+00:00","article_modified_time":"2021-01-05T23:10:42+00:00","og_image":[{"width":1600,"height":1067,"url":"https:\/\/www.apfelpatient.de\/wp-content\/uploads\/2021\/01\/bigstock-Legal-Document-Shareholder-Agr-397329662.jpg","type":"image\/jpeg"}],"author":"Milan","twitter_card":"summary_large_image","twitter_description":"Apples Jahreshauptversammlung wird am 23. Februar 2021 virtuell stattfinden. Das geht aus der entsprechenden SEC-Anmeldung hervor.","twitter_misc":{"Written by":"Milan","Est. reading time":"1 minute"},"schema":{"@context":"https:\/\/schema.org","@graph":[{"@type":"NewsArticle","@id":"https:\/\/www.apfelpatient.de\/news\/apple-virtuelle-jahreshauptversammlung-im-februar#article","isPartOf":{"@id":"https:\/\/www.apfelpatient.de\/news\/apple-virtuelle-jahreshauptversammlung-im-februar"},"author":{"@type":"Organization","@id":"https:\/\/www.apfelpatient.de\/en\/#organization","name":"Apfelpatient","url":"https:\/\/www.apfelpatient.de\/en\/"},"headline":"Apple: Virtuelle Jahreshauptversammlung im Februar","datePublished":"2021-01-05T23:10:41+00:00","dateModified":"2021-01-05T23:10:42+00:00","mainEntityOfPage":{"@id":"https:\/\/www.apfelpatient.de\/news\/apple-virtuelle-jahreshauptversammlung-im-februar"},"wordCount":300,"publisher":{"@type":"Organization","@id":"https:\/\/www.apfelpatient.de\/en\/#organization","name":"Apfelpatient","url":"https:\/\/www.apfelpatient.de\/en\/"},"image":{"@id":"https:\/\/www.apfelpatient.de\/news\/apple-virtuelle-jahreshauptversammlung-im-februar#primaryimage"},"thumbnailUrl":"https:\/\/www.apfelpatient.de\/wp-content\/uploads\/2021\/01\/bigstock-Legal-Document-Shareholder-Agr-397329662.jpg","keywords":["TechPatient"],"articleSection":"News","inLanguage":"en-US","copyrightYear":"2021","copyrightHolder":{"@id":"https:\/\/www.apfelpatient.de\/en\/#organization"}},{"@type":"WebPage","@id":"https:\/\/www.apfelpatient.de\/news\/apple-virtuelle-jahreshauptversammlung-im-februar","url":"https:\/\/www.apfelpatient.de\/news\/apple-virtuelle-jahreshauptversammlung-im-februar","name":"Apple: Virtual Annual General Meeting in February Apfelpatient","isPartOf":{"@id":"https:\/\/www.apfelpatient.de\/#website"},"primaryImageOfPage":{"@id":"https:\/\/www.apfelpatient.de\/news\/apple-virtuelle-jahreshauptversammlung-im-februar#primaryimage"},"image":{"@id":"https:\/\/www.apfelpatient.de\/news\/apple-virtuelle-jahreshauptversammlung-im-februar#primaryimage"},"thumbnailUrl":"https:\/\/www.apfelpatient.de\/wp-content\/uploads\/2021\/01\/bigstock-Legal-Document-Shareholder-Agr-397329662.jpg","datePublished":"2021-01-05T23:10:41+00:00","dateModified":"2021-01-05T23:10:42+00:00","description":"Apple&#039;s annual general meeting will be held virtually on February 23, 2021, according to the SEC filing.","breadcrumb":{"@id":"https:\/\/www.apfelpatient.de\/news\/apple-virtuelle-jahreshauptversammlung-im-februar#breadcrumb"},"inLanguage":"en-US","potentialAction":[{"@type":"ReadAction","target":["https:\/\/www.apfelpatient.de\/news\/apple-virtuelle-jahreshauptversammlung-im-februar"]}]},{"@type":"ImageObject","inLanguage":"en-US","@id":"https:\/\/www.apfelpatient.de\/news\/apple-virtuelle-jahreshauptversammlung-im-februar#primaryimage","url":"https:\/\/www.apfelpatient.de\/wp-content\/uploads\/2021\/01\/bigstock-Legal-Document-Shareholder-Agr-397329662.jpg","contentUrl":"https:\/\/www.apfelpatient.de\/wp-content\/uploads\/2021\/01\/bigstock-Legal-Document-Shareholder-Agr-397329662.jpg","width":1600,"height":1067,"caption":"Legal document Shareholder Agreement on paper with pen."},{"@type":"BreadcrumbList","@id":"https:\/\/www.apfelpatient.de\/news\/apple-virtuelle-jahreshauptversammlung-im-februar#breadcrumb","itemListElement":[{"@type":"ListItem","position":1,"name":"Startseite","item":"https:\/\/www.apfelpatient.de\/"},{"@type":"ListItem","position":2,"name":"Apple: Virtuelle Jahreshauptversammlung im Februar"}]},{"@type":"WebSite","@id":"https:\/\/www.apfelpatient.de\/#website","url":"https:\/\/www.apfelpatient.de\/","name":"apple patient","description":"Everything about Apple!","publisher":{"@type":"Organization","@id":"https:\/\/www.apfelpatient.de\/en\/#organization","name":"Apfelpatient","url":"https:\/\/www.apfelpatient.de\/en\/"},"alternateName":"Apfelpatient","potentialAction":[{"@type":"SearchAction","target":{"@type":"EntryPoint","urlTemplate":"https:\/\/www.apfelpatient.de\/?s={search_term_string}"},"query-input":{"@type":"PropertyValueSpecification","valueRequired":true,"valueName":"search_term_string"}}],"inLanguage":"en-US"},{"@type":["Person","Organization"],"@id":"https:\/\/www.apfelpatient.de\/#\/schema\/person\/35b3ddba5832f2bfc7fff5206d4f6b7b","name":"Milan","logo":{"@id":"https:\/\/www.apfelpatient.de\/#\/schema\/person\/image\/"},"description":"Hello and welcome to my technology blog! As a big Apple fan, I report on everything to do with Apple: from the latest news and exciting rumors to helpful tips and tricks and detailed product tests. If you are as enthusiastic about technology as I am, you have come to the right place!","sameAs":["https:\/\/www.facebook.com\/apfelpatientOfficial","https:\/\/www.linkedin.com\/in\/milan-jovicic-42aa0231b"],"url":"https:\/\/www.apfelpatient.de\/en\/author\/apfeladmin"}]}},"_links":{"self":[{"href":"https:\/\/www.apfelpatient.de\/en\/wp-json\/wp\/v2\/posts\/18202","targetHints":{"allow":["GET"]}}],"collection":[{"href":"https:\/\/www.apfelpatient.de\/en\/wp-json\/wp\/v2\/posts"}],"about":[{"href":"https:\/\/www.apfelpatient.de\/en\/wp-json\/wp\/v2\/types\/post"}],"author":[{"embeddable":true,"href":"https:\/\/www.apfelpatient.de\/en\/wp-json\/wp\/v2\/users\/2"}],"replies":[{"embeddable":true,"href":"https:\/\/www.apfelpatient.de\/en\/wp-json\/wp\/v2\/comments?post=18202"}],"version-history":[{"count":0,"href":"https:\/\/www.apfelpatient.de\/en\/wp-json\/wp\/v2\/posts\/18202\/revisions"}],"wp:featuredmedia":[{"embeddable":true,"href":"https:\/\/www.apfelpatient.de\/en\/wp-json\/wp\/v2\/media\/18203"}],"wp:attachment":[{"href":"https:\/\/www.apfelpatient.de\/en\/wp-json\/wp\/v2\/media?parent=18202"}],"wp:term":[{"taxonomy":"category","embeddable":true,"href":"https:\/\/www.apfelpatient.de\/en\/wp-json\/wp\/v2\/categories?post=18202"},{"taxonomy":"post_tag","embeddable":true,"href":"https:\/\/www.apfelpatient.de\/en\/wp-json\/wp\/v2\/tags?post=18202"}],"curies":[{"name":"wp","href":"https:\/\/api.w.org\/{rel}","templated":true}]}}