{"id":18188,"date":"2021-01-05T17:28:32","date_gmt":"2021-01-05T16:28:32","guid":{"rendered":"https:\/\/www.apfelpatient.de\/?p=18188"},"modified":"2021-02-27T21:07:07","modified_gmt":"2021-02-27T20:07:07","slug":"ar-glasses-apple-reportedly-goes-into-second-phase","status":"publish","type":"post","link":"https:\/\/www.apfelpatient.de\/en\/rumors\/ar-brille-apple-geht-angeblich-in-zweite-phase-ueber","title":{"rendered":"AR glasses: Apple reportedly moves into second phase"},"content":{"rendered":"<p class=\"has-drop-cap\"><strong>In recent days, rumors have been increasing about Apple Glass \u2013 the upcoming AR headset. Now there is news from the development.<\/strong><\/p>\n\n\n\n<p>Taiwanese news site DigiTimes has provided a preview of a new report on Apple&#039;s AR glasses. The paid report will be available from tomorrow <a href=\"https:\/\/www.digitimes.com\/backgrounders\/features\/snapshots.asp#s6\" target=\"_blank\" rel=\"noreferrer noopener\">available<\/a> But the preview already reveals something interesting. According to DigiTimes, Apple has moved into the second phase of developing the new augmented reality product. However, no concrete details are available. Just yesterday, Apple analyst Ming-Chi Kuo spoke out and <a href=\"https:\/\/www.apfelpatient.de\/en\/rumors\/airtags-first-ar-product-and-more-to-come-in-2021\">explained<\/a>that Apple will announce the product this year. Bloomberg journalist Mark Gurman has also revealed some details in the past. He claims to have learned from internal sources that Apple is developing both an AR and VR headset.\u00a0<\/p>\n\n\n\n<h3 class=\"wp-block-heading\" id=\"h-apple-ar-brille-mit-eigenem-app-store\">Apple AR glasses with their own app store<\/h3>\n\n\n\n\n\n\n\n<p>Gurman explained that prototypes of Apple&#039;s headset resemble a smaller version of Facebook&#039;s Oculus Quest. But these are lighter and slimmer. In an internal meeting, Apple is said to have said that the headset could be announced in 2021 and released in 2022, while the glasses will not be released until 2023 at the earliest. Gurman claimed that Apple&#039;s glasses can display information such as text messages and maps in front of the wearer&#039;s eyes. Users will also be able to control the product with Siri. In addition, the headset and glasses will have their own app store. However, it is currently not known when exactly the announcement might be made. If the DigiTimes report contains further interesting details, we will update and mark this article accordingly. <em>(Photo by Marvelous Studio \/ Bigstockphoto)<\/em><\/p>\n\n\n\n<ul class=\"wp-block-list\"><li><a href=\"https:\/\/www.apfelpatient.de\/en\/generally\/apple-2021-these-products-could-appear\">Apple 2021: These products could be released<\/a><\/li><\/ul>\n\n\n\n<h6 class=\"wp-block-heading translation-block\" id=\"h-kennt-ihr-schon-unsere-amazon-storefront-dort-findet-ihr-eine-handverlesene-auswahl-von-diversen-produkten-f-r-euer-iphone-und-co-viel-spa-beim-st-bern\"><em>Have you already visited our Amazon Storefront? There you&#039;ll find a hand-picked selection of various products for your iPhone and other devices \u2013 <span class=\"has-inline-color has-vivid-red-color\"><a href=\"https:\/\/www.amazon.de\/shop\/apfelpatientofficial\" class=\"ek-link\" data-wpel-link=\"exclude\" rel=\"follow noopener\" target=\"_self\"><span style=\"text-decoration: underline\" class=\"ek-underline\">enjoy browsing<\/span><\/a> !<\/span><\/em><\/h6>\n\n\n\n<h6 class=\"wp-block-heading translation-block\" id=\"h-der-beitrag-enthalt-partnerlinks\">This post contains <a data-type=\"URL\" data-id=\"https:\/\/www.apfelpatient.de\/partnerprogramm\" href=\"https:\/\/www.apfelpatient.de\/en\/partner-program\" data-wpel-link=\"internal\" target=\"_self\">affiliate links<\/a>.<\/h6>","protected":false},"excerpt":{"rendered":"<p>In recent days, rumors have been increasing about Apple Glass \u2013 the upcoming AR headset. Now there is news from the development.<\/p>","protected":false},"author":2,"featured_media":18189,"comment_status":"closed","ping_status":"closed","sticky":false,"template":"","format":"standard","meta":{"jnews-multi-image_gallery":[],"jnews_single_post":{"subtitle":"","format":"standard","video":"","gallery":"","source_name":"","source_url":"","via_name":"","via_url":"","override":[{"single_blog_custom":"","sidebar":"","second_sidebar":"","share_position":"","share_float_style":"","post_date_format":"","post_date_format_custom":"","post_reading_time_wpm":"","zoom_button_out_step":"1","zoom_button_in_step":"1","number_popup_post":"1"}],"image_override":[{"single_post_thumbnail_size":"","single_post_gallery_size":""}],"trending_post_position":"","trending_post_label":"","sponsored_post_label":"","sponsored_post_name":"","sponsored_post_url":"","sponsored_post_logo":"","sponsored_post_desc":""},"jnews_primary_category":{"id":"25"},"footnotes":""},"categories":[25],"tags":[609],"class_list":["post-18188","post","type-post","status-publish","format-standard","has-post-thumbnail","hentry","category-rumors","tag-apple-vr-ar"],"yoast_head":"<!-- This site is optimized with the Yoast SEO Premium plugin v27.5 (Yoast SEO v27.5) - https:\/\/yoast.com\/product\/yoast-seo-premium-wordpress\/ -->\n<title>AR-Brille: Apple geht angeblich in zweite Phase \u00fcber Apfelpatient<\/title>\n<meta name=\"description\" content=\"In den letzten Tagen haben Ger\u00fcchte rund um Apple Glass - das kommende AR-Headset - zugenommen. Nun gibt es Neuigkeiten aus der Entwicklung.\" \/>\n<meta name=\"robots\" content=\"index, follow, max-snippet:-1, max-image-preview:large, max-video-preview:-1\" \/>\n<link rel=\"canonical\" href=\"https:\/\/www.apfelpatient.de\/en\/rumors\/ar-glasses-apple-reportedly-goes-into-second-phase\" \/>\n<meta property=\"og:locale\" content=\"en_US\" \/>\n<meta property=\"og:type\" content=\"article\" \/>\n<meta property=\"og:title\" content=\"AR-Brille: Apple geht angeblich in zweite Phase \u00fcber\" \/>\n<meta property=\"og:description\" content=\"In den letzten Tagen haben Ger\u00fcchte rund um Apple Glass - das kommende AR-Headset - zugenommen. Nun gibt es Neuigkeiten aus der Entwicklung.\" \/>\n<meta property=\"og:url\" content=\"https:\/\/www.apfelpatient.de\/en\/rumors\/ar-glasses-apple-reportedly-goes-into-second-phase\" \/>\n<meta property=\"og:site_name\" content=\"Apfelpatient\" \/>\n<meta property=\"article:publisher\" content=\"https:\/\/www.facebook.com\/apfelpatientOfficial\" \/>\n<meta property=\"article:author\" content=\"https:\/\/www.facebook.com\/apfelpatientOfficial\" \/>\n<meta property=\"article:published_time\" content=\"2021-01-05T16:28:32+00:00\" \/>\n<meta property=\"article:modified_time\" content=\"2021-02-27T20:07:07+00:00\" \/>\n<meta property=\"og:image\" content=\"https:\/\/www.apfelpatient.de\/wp-content\/uploads\/2021\/01\/bigstock-Technology-Background-Modern-388206652.jpg\" \/>\n\t<meta property=\"og:image:width\" content=\"2048\" \/>\n\t<meta property=\"og:image:height\" content=\"1152\" \/>\n\t<meta property=\"og:image:type\" content=\"image\/jpeg\" \/>\n<meta name=\"author\" content=\"Milan\" \/>\n<meta name=\"twitter:card\" content=\"summary_large_image\" \/>\n<meta name=\"twitter:description\" content=\"In den letzten Tagen haben Ger\u00fcchte rund um Apple Glass - das kommende AR-Headset - zugenommen. Nun gibt es Neuigkeiten aus der Entwicklung.\" \/>\n<meta name=\"twitter:label1\" content=\"Written by\" \/>\n\t<meta name=\"twitter:data1\" content=\"Milan\" \/>\n\t<meta name=\"twitter:label2\" content=\"Est. reading time\" \/>\n\t<meta name=\"twitter:data2\" content=\"1 minute\" \/>\n<script type=\"application\/ld+json\" class=\"yoast-schema-graph\">{\"@context\":\"https:\\\/\\\/schema.org\",\"@graph\":[{\"@type\":\"NewsArticle\",\"@id\":\"https:\\\/\\\/www.apfelpatient.de\\\/rumors\\\/ar-brille-apple-geht-angeblich-in-zweite-phase-ueber#article\",\"isPartOf\":{\"@id\":\"https:\\\/\\\/www.apfelpatient.de\\\/rumors\\\/ar-brille-apple-geht-angeblich-in-zweite-phase-ueber\"},\"author\":{\"@type\":\"Organization\",\"@id\":\"https:\\\/\\\/www.apfelpatient.de\\\/en\\\/#organization\",\"name\":\"Apfelpatient\",\"url\":\"https:\\\/\\\/www.apfelpatient.de\\\/en\\\/\"},\"headline\":\"AR-Brille: Apple geht angeblich in zweite Phase \u00fcber\",\"datePublished\":\"2021-01-05T16:28:32+00:00\",\"dateModified\":\"2021-02-27T20:07:07+00:00\",\"mainEntityOfPage\":{\"@id\":\"https:\\\/\\\/www.apfelpatient.de\\\/rumors\\\/ar-brille-apple-geht-angeblich-in-zweite-phase-ueber\"},\"wordCount\":293,\"publisher\":{\"@type\":\"Organization\",\"@id\":\"https:\\\/\\\/www.apfelpatient.de\\\/en\\\/#organization\",\"name\":\"Apfelpatient\",\"url\":\"https:\\\/\\\/www.apfelpatient.de\\\/en\\\/\"},\"image\":{\"@id\":\"https:\\\/\\\/www.apfelpatient.de\\\/rumors\\\/ar-brille-apple-geht-angeblich-in-zweite-phase-ueber#primaryimage\"},\"thumbnailUrl\":\"https:\\\/\\\/www.apfelpatient.de\\\/wp-content\\\/uploads\\\/2021\\\/01\\\/bigstock-Technology-Background-Modern-388206652.jpg\",\"keywords\":[\"Apple VR\\\/AR\"],\"articleSection\":\"Rumors\",\"inLanguage\":\"en-US\",\"copyrightYear\":\"2021\",\"copyrightHolder\":{\"@id\":\"https:\\\/\\\/www.apfelpatient.de\\\/en\\\/#organization\"}},{\"@type\":\"WebPage\",\"@id\":\"https:\\\/\\\/www.apfelpatient.de\\\/rumors\\\/ar-brille-apple-geht-angeblich-in-zweite-phase-ueber\",\"url\":\"https:\\\/\\\/www.apfelpatient.de\\\/rumors\\\/ar-brille-apple-geht-angeblich-in-zweite-phase-ueber\",\"name\":\"AR-Brille: Apple geht angeblich in zweite Phase \u00fcber Apfelpatient\",\"isPartOf\":{\"@id\":\"https:\\\/\\\/www.apfelpatient.de\\\/#website\"},\"primaryImageOfPage\":{\"@id\":\"https:\\\/\\\/www.apfelpatient.de\\\/rumors\\\/ar-brille-apple-geht-angeblich-in-zweite-phase-ueber#primaryimage\"},\"image\":{\"@id\":\"https:\\\/\\\/www.apfelpatient.de\\\/rumors\\\/ar-brille-apple-geht-angeblich-in-zweite-phase-ueber#primaryimage\"},\"thumbnailUrl\":\"https:\\\/\\\/www.apfelpatient.de\\\/wp-content\\\/uploads\\\/2021\\\/01\\\/bigstock-Technology-Background-Modern-388206652.jpg\",\"datePublished\":\"2021-01-05T16:28:32+00:00\",\"dateModified\":\"2021-02-27T20:07:07+00:00\",\"description\":\"In den letzten Tagen haben Ger\u00fcchte rund um Apple Glass - das kommende AR-Headset - zugenommen. Nun gibt es Neuigkeiten aus der Entwicklung.\",\"breadcrumb\":{\"@id\":\"https:\\\/\\\/www.apfelpatient.de\\\/rumors\\\/ar-brille-apple-geht-angeblich-in-zweite-phase-ueber#breadcrumb\"},\"inLanguage\":\"en-US\",\"potentialAction\":[{\"@type\":\"ReadAction\",\"target\":[\"https:\\\/\\\/www.apfelpatient.de\\\/rumors\\\/ar-brille-apple-geht-angeblich-in-zweite-phase-ueber\"]}]},{\"@type\":\"ImageObject\",\"inLanguage\":\"en-US\",\"@id\":\"https:\\\/\\\/www.apfelpatient.de\\\/rumors\\\/ar-brille-apple-geht-angeblich-in-zweite-phase-ueber#primaryimage\",\"url\":\"https:\\\/\\\/www.apfelpatient.de\\\/wp-content\\\/uploads\\\/2021\\\/01\\\/bigstock-Technology-Background-Modern-388206652.jpg\",\"contentUrl\":\"https:\\\/\\\/www.apfelpatient.de\\\/wp-content\\\/uploads\\\/2021\\\/01\\\/bigstock-Technology-Background-Modern-388206652.jpg\",\"width\":2048,\"height\":1152,\"caption\":\"Technology background. modern technology background design concept. modern futuristic technology background. blue hi tech background. technology background with blue color. technology background images. technology background. abstract technology. illustra\"},{\"@type\":\"BreadcrumbList\",\"@id\":\"https:\\\/\\\/www.apfelpatient.de\\\/rumors\\\/ar-brille-apple-geht-angeblich-in-zweite-phase-ueber#breadcrumb\",\"itemListElement\":[{\"@type\":\"ListItem\",\"position\":1,\"name\":\"Startseite\",\"item\":\"https:\\\/\\\/www.apfelpatient.de\\\/\"},{\"@type\":\"ListItem\",\"position\":2,\"name\":\"AR-Brille: Apple geht angeblich in zweite Phase \u00fcber\"}]},{\"@type\":\"WebSite\",\"@id\":\"https:\\\/\\\/www.apfelpatient.de\\\/#website\",\"url\":\"https:\\\/\\\/www.apfelpatient.de\\\/\",\"name\":\"Apfelpatient\",\"description\":\"Alles rund um Apple!\",\"publisher\":{\"@type\":\"Organization\",\"@id\":\"https:\\\/\\\/www.apfelpatient.de\\\/en\\\/#organization\",\"name\":\"Apfelpatient\",\"url\":\"https:\\\/\\\/www.apfelpatient.de\\\/en\\\/\"},\"alternateName\":\"Apfelpatient\",\"potentialAction\":[{\"@type\":\"SearchAction\",\"target\":{\"@type\":\"EntryPoint\",\"urlTemplate\":\"https:\\\/\\\/www.apfelpatient.de\\\/?s={search_term_string}\"},\"query-input\":{\"@type\":\"PropertyValueSpecification\",\"valueRequired\":true,\"valueName\":\"search_term_string\"}}],\"inLanguage\":\"en-US\"},{\"@type\":[\"Person\",\"Organization\"],\"@id\":\"https:\\\/\\\/www.apfelpatient.de\\\/#\\\/schema\\\/person\\\/35b3ddba5832f2bfc7fff5206d4f6b7b\",\"name\":\"Milan\",\"logo\":{\"@id\":\"https:\\\/\\\/www.apfelpatient.de\\\/#\\\/schema\\\/person\\\/image\\\/\"},\"description\":\"Hallo und herzlich willkommen auf meinem Technik-Blog! Als gro\u00dfer Apple-Fan berichte ich hier \u00fcber alles, was mit Apple zu tun hat: von den neuesten News und spannenden Ger\u00fcchten \u00fcber hilfreiche Tipps und Tricks bis hin zu ausf\u00fchrlichen Produkttests. Wenn du genauso technikbegeistert bist wie ich, bist du hier genau richtig!\",\"sameAs\":[\"https:\\\/\\\/www.facebook.com\\\/apfelpatientOfficial\",\"https:\\\/\\\/www.linkedin.com\\\/in\\\/milan-jovicic-42aa0231b\"],\"url\":\"https:\\\/\\\/www.apfelpatient.de\\\/en\\\/author\\\/apfeladmin\"}]}<\/script>\n<!-- \/ Yoast SEO Premium plugin. -->","yoast_head_json":{"title":"AR glasses: Apple reportedly moves into second phase Apfelpatient","description":"In recent days, rumors have been increasing about Apple Glass - the upcoming AR headset. Now there is news from the development.","robots":{"index":"index","follow":"follow","max-snippet":"max-snippet:-1","max-image-preview":"max-image-preview:large","max-video-preview":"max-video-preview:-1"},"canonical":"https:\/\/www.apfelpatient.de\/en\/rumors\/ar-glasses-apple-reportedly-goes-into-second-phase","og_locale":"en_US","og_type":"article","og_title":"AR-Brille: Apple geht angeblich in zweite Phase \u00fcber","og_description":"In den letzten Tagen haben Ger\u00fcchte rund um Apple Glass - das kommende AR-Headset - zugenommen. Nun gibt es Neuigkeiten aus der Entwicklung.","og_url":"https:\/\/www.apfelpatient.de\/en\/rumors\/ar-glasses-apple-reportedly-goes-into-second-phase","og_site_name":"Apfelpatient","article_publisher":"https:\/\/www.facebook.com\/apfelpatientOfficial","article_author":"https:\/\/www.facebook.com\/apfelpatientOfficial","article_published_time":"2021-01-05T16:28:32+00:00","article_modified_time":"2021-02-27T20:07:07+00:00","og_image":[{"width":2048,"height":1152,"url":"https:\/\/www.apfelpatient.de\/wp-content\/uploads\/2021\/01\/bigstock-Technology-Background-Modern-388206652.jpg","type":"image\/jpeg"}],"author":"Milan","twitter_card":"summary_large_image","twitter_description":"In den letzten Tagen haben Ger\u00fcchte rund um Apple Glass - das kommende AR-Headset - zugenommen. Nun gibt es Neuigkeiten aus der Entwicklung.","twitter_misc":{"Written by":"Milan","Est. reading time":"1 minute"},"schema":{"@context":"https:\/\/schema.org","@graph":[{"@type":"NewsArticle","@id":"https:\/\/www.apfelpatient.de\/rumors\/ar-brille-apple-geht-angeblich-in-zweite-phase-ueber#article","isPartOf":{"@id":"https:\/\/www.apfelpatient.de\/rumors\/ar-brille-apple-geht-angeblich-in-zweite-phase-ueber"},"author":{"@type":"Organization","@id":"https:\/\/www.apfelpatient.de\/en\/#organization","name":"Apfelpatient","url":"https:\/\/www.apfelpatient.de\/en\/"},"headline":"AR-Brille: Apple geht angeblich in zweite Phase \u00fcber","datePublished":"2021-01-05T16:28:32+00:00","dateModified":"2021-02-27T20:07:07+00:00","mainEntityOfPage":{"@id":"https:\/\/www.apfelpatient.de\/rumors\/ar-brille-apple-geht-angeblich-in-zweite-phase-ueber"},"wordCount":293,"publisher":{"@type":"Organization","@id":"https:\/\/www.apfelpatient.de\/en\/#organization","name":"Apfelpatient","url":"https:\/\/www.apfelpatient.de\/en\/"},"image":{"@id":"https:\/\/www.apfelpatient.de\/rumors\/ar-brille-apple-geht-angeblich-in-zweite-phase-ueber#primaryimage"},"thumbnailUrl":"https:\/\/www.apfelpatient.de\/wp-content\/uploads\/2021\/01\/bigstock-Technology-Background-Modern-388206652.jpg","keywords":["Apple VR\/AR"],"articleSection":"Rumors","inLanguage":"en-US","copyrightYear":"2021","copyrightHolder":{"@id":"https:\/\/www.apfelpatient.de\/en\/#organization"}},{"@type":"WebPage","@id":"https:\/\/www.apfelpatient.de\/rumors\/ar-brille-apple-geht-angeblich-in-zweite-phase-ueber","url":"https:\/\/www.apfelpatient.de\/rumors\/ar-brille-apple-geht-angeblich-in-zweite-phase-ueber","name":"AR glasses: Apple reportedly moves into second phase Apfelpatient","isPartOf":{"@id":"https:\/\/www.apfelpatient.de\/#website"},"primaryImageOfPage":{"@id":"https:\/\/www.apfelpatient.de\/rumors\/ar-brille-apple-geht-angeblich-in-zweite-phase-ueber#primaryimage"},"image":{"@id":"https:\/\/www.apfelpatient.de\/rumors\/ar-brille-apple-geht-angeblich-in-zweite-phase-ueber#primaryimage"},"thumbnailUrl":"https:\/\/www.apfelpatient.de\/wp-content\/uploads\/2021\/01\/bigstock-Technology-Background-Modern-388206652.jpg","datePublished":"2021-01-05T16:28:32+00:00","dateModified":"2021-02-27T20:07:07+00:00","description":"In recent days, rumors have been increasing about Apple Glass - the upcoming AR headset. Now there is news from the development.","breadcrumb":{"@id":"https:\/\/www.apfelpatient.de\/rumors\/ar-brille-apple-geht-angeblich-in-zweite-phase-ueber#breadcrumb"},"inLanguage":"en-US","potentialAction":[{"@type":"ReadAction","target":["https:\/\/www.apfelpatient.de\/rumors\/ar-brille-apple-geht-angeblich-in-zweite-phase-ueber"]}]},{"@type":"ImageObject","inLanguage":"en-US","@id":"https:\/\/www.apfelpatient.de\/rumors\/ar-brille-apple-geht-angeblich-in-zweite-phase-ueber#primaryimage","url":"https:\/\/www.apfelpatient.de\/wp-content\/uploads\/2021\/01\/bigstock-Technology-Background-Modern-388206652.jpg","contentUrl":"https:\/\/www.apfelpatient.de\/wp-content\/uploads\/2021\/01\/bigstock-Technology-Background-Modern-388206652.jpg","width":2048,"height":1152,"caption":"Technology background. modern technology background design concept. modern futuristic technology background. blue hi tech background. technology background with blue color. technology background images. technology background. abstract technology. illustra"},{"@type":"BreadcrumbList","@id":"https:\/\/www.apfelpatient.de\/rumors\/ar-brille-apple-geht-angeblich-in-zweite-phase-ueber#breadcrumb","itemListElement":[{"@type":"ListItem","position":1,"name":"Startseite","item":"https:\/\/www.apfelpatient.de\/"},{"@type":"ListItem","position":2,"name":"AR-Brille: Apple geht angeblich in zweite Phase \u00fcber"}]},{"@type":"WebSite","@id":"https:\/\/www.apfelpatient.de\/#website","url":"https:\/\/www.apfelpatient.de\/","name":"apple patient","description":"Everything about Apple!","publisher":{"@type":"Organization","@id":"https:\/\/www.apfelpatient.de\/en\/#organization","name":"Apfelpatient","url":"https:\/\/www.apfelpatient.de\/en\/"},"alternateName":"Apfelpatient","potentialAction":[{"@type":"SearchAction","target":{"@type":"EntryPoint","urlTemplate":"https:\/\/www.apfelpatient.de\/?s={search_term_string}"},"query-input":{"@type":"PropertyValueSpecification","valueRequired":true,"valueName":"search_term_string"}}],"inLanguage":"en-US"},{"@type":["Person","Organization"],"@id":"https:\/\/www.apfelpatient.de\/#\/schema\/person\/35b3ddba5832f2bfc7fff5206d4f6b7b","name":"Milan","logo":{"@id":"https:\/\/www.apfelpatient.de\/#\/schema\/person\/image\/"},"description":"Hello and welcome to my technology blog! As a big Apple fan, I report on everything to do with Apple: from the latest news and exciting rumors to helpful tips and tricks and detailed product tests. If you are as enthusiastic about technology as I am, you have come to the right place!","sameAs":["https:\/\/www.facebook.com\/apfelpatientOfficial","https:\/\/www.linkedin.com\/in\/milan-jovicic-42aa0231b"],"url":"https:\/\/www.apfelpatient.de\/en\/author\/apfeladmin"}]}},"_links":{"self":[{"href":"https:\/\/www.apfelpatient.de\/en\/wp-json\/wp\/v2\/posts\/18188","targetHints":{"allow":["GET"]}}],"collection":[{"href":"https:\/\/www.apfelpatient.de\/en\/wp-json\/wp\/v2\/posts"}],"about":[{"href":"https:\/\/www.apfelpatient.de\/en\/wp-json\/wp\/v2\/types\/post"}],"author":[{"embeddable":true,"href":"https:\/\/www.apfelpatient.de\/en\/wp-json\/wp\/v2\/users\/2"}],"replies":[{"embeddable":true,"href":"https:\/\/www.apfelpatient.de\/en\/wp-json\/wp\/v2\/comments?post=18188"}],"version-history":[{"count":0,"href":"https:\/\/www.apfelpatient.de\/en\/wp-json\/wp\/v2\/posts\/18188\/revisions"}],"wp:featuredmedia":[{"embeddable":true,"href":"https:\/\/www.apfelpatient.de\/en\/wp-json\/wp\/v2\/media\/18189"}],"wp:attachment":[{"href":"https:\/\/www.apfelpatient.de\/en\/wp-json\/wp\/v2\/media?parent=18188"}],"wp:term":[{"taxonomy":"category","embeddable":true,"href":"https:\/\/www.apfelpatient.de\/en\/wp-json\/wp\/v2\/categories?post=18188"},{"taxonomy":"post_tag","embeddable":true,"href":"https:\/\/www.apfelpatient.de\/en\/wp-json\/wp\/v2\/tags?post=18188"}],"curies":[{"name":"wp","href":"https:\/\/api.w.org\/{rel}","templated":true}]}}