{"id":18152,"date":"2021-01-05T15:52:00","date_gmt":"2021-01-05T14:52:00","guid":{"rendered":"https:\/\/www.apfelpatient.de\/?p=18152"},"modified":"2021-01-05T15:52:01","modified_gmt":"2021-01-05T14:52:01","slug":"the-ipad-pro-with-miniled-display-will-be-released-in-spring","status":"publish","type":"post","link":"https:\/\/www.apfelpatient.de\/en\/rumors\/erscheint-das-ipad-pro-mit-miniled-display-im-fruehjahr","title":{"rendered":"Will the iPad Pro with MiniLED display be released in spring?"},"content":{"rendered":"<p class=\"has-drop-cap\"><strong>Rumors about a brand new iPad Pro with a mini-LED display have been with us for several months. There is repeated talk of a launch in the first quarter of 2021. Now there is a new report.<\/strong><\/p>\n\n\n\n<p>Apple is expected to introduce a 12.9-inch iPad Pro with mini-LED backlighting in the first quarter of 2021. This is also what the Taiwanese news site DigiTimes is now claiming. According to the report, the platform is sticking to its previous statement and thus supporting forecasts from other sources. <a href=\"https:\/\/www.digitimes.com\/news\/a20210105PD211.html\" target=\"_blank\" rel=\"noreferrer noopener\">is called<\/a> it in the report:<\/p>\n\n\n\n<blockquote class=\"wp-block-quote is-layout-flow wp-block-quote-is-layout-flow\"><p>Epistar has received orders for miniLED backlight chips from several suppliers, said Fan, who added that if the market response is good, demand for miniLED backlights will explode.<\/p><p>Apple is expected to launch the 12.9-inch iPad Pro with miniLED backlight possibly in the first quarter of 2021 and Samsung Electronics is expected to launch its LCD TVs with miniLED backlight also in the first quarter, which will boost demand for miniLED backlights, industry sources said.<\/p><\/blockquote>\n\n\n\n<h3 class=\"wp-block-heading\" id=\"h-ipad-pro-miniled-display-hartn-ckige-ger-chte-lassen-hoffen\">iPad Pro MiniLED display: Persistent rumors give hope<\/h3>\n\n\n\n\n\n\n\n<p>The report notes that manufacturer Epistar has expressed &quot;optimism&quot; about shipping MiniLED products later this year, in Q2 and Q3 2021. According to company president Fan Chin-Yung, &quot;large-volume shipments&quot; were postponed from late 2020 to the new year due to delays in product certification. It is unclear whether any Apple products were affected by this reported delay. In early 2020, it was claimed several times that Apple would introduce at least one new MiniLED product in late 2020 or early 2021. Both DigiTimes and other sources have previously indicated that Apple is working on several new products with MiniLED displays, including The Elec and Apple analyst Ming-Chi Kuo. Accordingly, it cannot be ruled out that Apple will deliver the first hardware update in 2021 in just a few weeks. <em>(Photo by Denis Rozhnovsky \/ Bigstockphoto)<\/em><\/p>\n\n\n\n<ul class=\"wp-block-list\"><li><a href=\"https:\/\/www.apfelpatient.de\/en\/rumors\/airtags-first-ar-product-and-more-to-come-in-2021\">AirTags, first AR product and more to come in 2021<\/a><\/li><\/ul>\n\n\n\n<h6 class=\"wp-block-heading translation-block\" id=\"h-kennt-ihr-schon-unsere-amazon-storefront-dort-findet-ihr-eine-handverlesene-auswahl-von-diversen-produkten-f-r-euer-iphone-und-co-viel-spa-beim-st-bern\"><em>Have you already visited our Amazon Storefront? There you&#039;ll find a hand-picked selection of various products for your iPhone and other devices \u2013 <span class=\"has-inline-color has-vivid-red-color\"><a href=\"https:\/\/www.amazon.de\/shop\/apfelpatientofficial\" class=\"ek-link\" data-wpel-link=\"exclude\" rel=\"follow noopener\" target=\"_self\"><span style=\"text-decoration: underline\" class=\"ek-underline\">enjoy browsing<\/span><\/a> !<\/span><\/em><\/h6>\n\n\n\n\n\n<h6 class=\"wp-block-heading translation-block\" id=\"h-der-beitrag-enthalt-partnerlinks\">This post contains <a data-type=\"URL\" data-id=\"https:\/\/www.apfelpatient.de\/partnerprogramm\" href=\"https:\/\/www.apfelpatient.de\/en\/partner-program\" data-wpel-link=\"internal\" target=\"_self\">affiliate links<\/a>.<\/h6>","protected":false},"excerpt":{"rendered":"<p>Rumors about a brand new iPad Pro with a mini-LED display have been circulating for several months. Now there is a new report.<\/p>","protected":false},"author":2,"featured_media":18151,"comment_status":"closed","ping_status":"closed","sticky":false,"template":"","format":"standard","meta":{"jnews-multi-image_gallery":[],"jnews_single_post":{"subtitle":"","format":"standard","video":"","gallery":"","source_name":"","source_url":"","via_name":"","via_url":"","override":[{"single_blog_custom":"","sidebar":"","second_sidebar":"","share_position":"","share_float_style":"","post_date_format":"","post_date_format_custom":"","post_reading_time_wpm":"","zoom_button_out_step":"1","zoom_button_in_step":"1","number_popup_post":"1"}],"image_override":[{"single_post_thumbnail_size":"","single_post_gallery_size":""}],"trending_post_position":"","trending_post_label":"","sponsored_post_label":"","sponsored_post_name":"","sponsored_post_url":"","sponsored_post_logo":"","sponsored_post_desc":""},"jnews_primary_category":{"id":"25"},"footnotes":""},"categories":[25],"tags":[18,66],"class_list":["post-18152","post","type-post","status-publish","format-standard","has-post-thumbnail","hentry","category-rumors","tag-ipad","tag-ipad-pro"],"yoast_head":"<!-- This site is optimized with the Yoast SEO Premium plugin v27.5 (Yoast SEO v27.5) - https:\/\/yoast.com\/product\/yoast-seo-premium-wordpress\/ -->\n<title>Erscheint das iPad Pro mit MiniLED-Display im Fr\u00fchjahr? Apfelpatient<\/title>\n<meta name=\"description\" content=\"Ger\u00fcchte rund um ein brandneues iPad Pro mit MiniLED-Display begleiten uns seit einigen Monaten. Nun gibt es einen neuen Bericht.\" \/>\n<meta name=\"robots\" content=\"index, follow, max-snippet:-1, max-image-preview:large, max-video-preview:-1\" \/>\n<link rel=\"canonical\" href=\"https:\/\/www.apfelpatient.de\/en\/rumors\/the-ipad-pro-with-miniled-display-will-be-released-in-spring\" \/>\n<meta property=\"og:locale\" content=\"en_US\" \/>\n<meta property=\"og:type\" content=\"article\" \/>\n<meta property=\"og:title\" content=\"Erscheint das iPad Pro mit MiniLED-Display im Fr\u00fchjahr?\" \/>\n<meta property=\"og:description\" content=\"Ger\u00fcchte rund um ein brandneues iPad Pro mit MiniLED-Display begleiten uns seit einigen Monaten. Nun gibt es einen neuen Bericht.\" \/>\n<meta property=\"og:url\" content=\"https:\/\/www.apfelpatient.de\/en\/rumors\/the-ipad-pro-with-miniled-display-will-be-released-in-spring\" \/>\n<meta property=\"og:site_name\" content=\"Apfelpatient\" \/>\n<meta property=\"article:publisher\" content=\"https:\/\/www.facebook.com\/apfelpatientOfficial\" \/>\n<meta property=\"article:author\" content=\"https:\/\/www.facebook.com\/apfelpatientOfficial\" \/>\n<meta property=\"article:published_time\" content=\"2021-01-05T14:52:00+00:00\" \/>\n<meta property=\"article:modified_time\" content=\"2021-01-05T14:52:01+00:00\" \/>\n<meta property=\"og:image\" content=\"https:\/\/www.apfelpatient.de\/wp-content\/uploads\/2021\/01\/bigstock-Uzhgorod-Ukraine-June-399882950-1024x761.jpg\" \/>\n\t<meta property=\"og:image:width\" content=\"1024\" \/>\n\t<meta property=\"og:image:height\" content=\"761\" \/>\n\t<meta property=\"og:image:type\" content=\"image\/jpeg\" \/>\n<meta name=\"author\" content=\"Milan\" \/>\n<meta name=\"twitter:card\" content=\"summary_large_image\" \/>\n<meta name=\"twitter:description\" content=\"Ger\u00fcchte rund um ein brandneues iPad Pro mit MiniLED-Display begleiten uns seit einigen Monaten. Nun gibt es einen neuen Bericht.\" \/>\n<meta name=\"twitter:label1\" content=\"Written by\" \/>\n\t<meta name=\"twitter:data1\" content=\"Milan\" \/>\n\t<meta name=\"twitter:label2\" content=\"Est. reading time\" \/>\n\t<meta name=\"twitter:data2\" content=\"2 minutes\" \/>\n<script type=\"application\/ld+json\" class=\"yoast-schema-graph\">{\"@context\":\"https:\\\/\\\/schema.org\",\"@graph\":[{\"@type\":\"NewsArticle\",\"@id\":\"https:\\\/\\\/www.apfelpatient.de\\\/en\\\/rumors\\\/erscheint-das-ipad-pro-mit-miniled-display-im-fruehjahr#article\",\"isPartOf\":{\"@id\":\"https:\\\/\\\/www.apfelpatient.de\\\/en\\\/rumors\\\/erscheint-das-ipad-pro-mit-miniled-display-im-fruehjahr\"},\"author\":{\"@type\":\"Organization\",\"@id\":\"https:\\\/\\\/www.apfelpatient.de\\\/en\\\/#organization\",\"name\":\"Apfelpatient\",\"url\":\"https:\\\/\\\/www.apfelpatient.de\\\/en\\\/\"},\"headline\":\"Erscheint das iPad Pro mit MiniLED-Display im Fr\u00fchjahr?\",\"datePublished\":\"2021-01-05T14:52:00+00:00\",\"dateModified\":\"2021-01-05T14:52:01+00:00\",\"mainEntityOfPage\":{\"@id\":\"https:\\\/\\\/www.apfelpatient.de\\\/en\\\/rumors\\\/erscheint-das-ipad-pro-mit-miniled-display-im-fruehjahr\"},\"wordCount\":310,\"publisher\":{\"@type\":\"Organization\",\"@id\":\"https:\\\/\\\/www.apfelpatient.de\\\/en\\\/#organization\",\"name\":\"Apfelpatient\",\"url\":\"https:\\\/\\\/www.apfelpatient.de\\\/en\\\/\"},\"image\":{\"@id\":\"https:\\\/\\\/www.apfelpatient.de\\\/en\\\/rumors\\\/erscheint-das-ipad-pro-mit-miniled-display-im-fruehjahr#primaryimage\"},\"thumbnailUrl\":\"https:\\\/\\\/www.apfelpatient.de\\\/wp-content\\\/uploads\\\/2021\\\/01\\\/bigstock-Uzhgorod-Ukraine-June-399882950.jpg\",\"keywords\":[\"iPad\",\"iPad Pro\"],\"articleSection\":\"Rumors\",\"inLanguage\":\"en-US\",\"copyrightYear\":\"2021\",\"copyrightHolder\":{\"@id\":\"https:\\\/\\\/www.apfelpatient.de\\\/en\\\/#organization\"}},{\"@type\":\"WebPage\",\"@id\":\"https:\\\/\\\/www.apfelpatient.de\\\/en\\\/rumors\\\/erscheint-das-ipad-pro-mit-miniled-display-im-fruehjahr\",\"url\":\"https:\\\/\\\/www.apfelpatient.de\\\/en\\\/rumors\\\/erscheint-das-ipad-pro-mit-miniled-display-im-fruehjahr\",\"name\":\"Erscheint das iPad Pro mit MiniLED-Display im Fr\u00fchjahr? Apfelpatient\",\"isPartOf\":{\"@id\":\"https:\\\/\\\/www.apfelpatient.de\\\/#website\"},\"primaryImageOfPage\":{\"@id\":\"https:\\\/\\\/www.apfelpatient.de\\\/en\\\/rumors\\\/erscheint-das-ipad-pro-mit-miniled-display-im-fruehjahr#primaryimage\"},\"image\":{\"@id\":\"https:\\\/\\\/www.apfelpatient.de\\\/en\\\/rumors\\\/erscheint-das-ipad-pro-mit-miniled-display-im-fruehjahr#primaryimage\"},\"thumbnailUrl\":\"https:\\\/\\\/www.apfelpatient.de\\\/wp-content\\\/uploads\\\/2021\\\/01\\\/bigstock-Uzhgorod-Ukraine-June-399882950.jpg\",\"datePublished\":\"2021-01-05T14:52:00+00:00\",\"dateModified\":\"2021-01-05T14:52:01+00:00\",\"description\":\"Ger\u00fcchte rund um ein brandneues iPad Pro mit MiniLED-Display begleiten uns seit einigen Monaten. Nun gibt es einen neuen Bericht.\",\"breadcrumb\":{\"@id\":\"https:\\\/\\\/www.apfelpatient.de\\\/en\\\/rumors\\\/erscheint-das-ipad-pro-mit-miniled-display-im-fruehjahr#breadcrumb\"},\"inLanguage\":\"en-US\",\"potentialAction\":[{\"@type\":\"ReadAction\",\"target\":[\"https:\\\/\\\/www.apfelpatient.de\\\/en\\\/rumors\\\/erscheint-das-ipad-pro-mit-miniled-display-im-fruehjahr\"]}]},{\"@type\":\"ImageObject\",\"inLanguage\":\"en-US\",\"@id\":\"https:\\\/\\\/www.apfelpatient.de\\\/en\\\/rumors\\\/erscheint-das-ipad-pro-mit-miniled-display-im-fruehjahr#primaryimage\",\"url\":\"https:\\\/\\\/www.apfelpatient.de\\\/wp-content\\\/uploads\\\/2021\\\/01\\\/bigstock-Uzhgorod-Ukraine-June-399882950.jpg\",\"contentUrl\":\"https:\\\/\\\/www.apfelpatient.de\\\/wp-content\\\/uploads\\\/2021\\\/01\\\/bigstock-Uzhgorod-Ukraine-June-399882950.jpg\",\"width\":1600,\"height\":1189,\"caption\":\"Uzhgorod, Ukraine - June 23, 2018: Ipad pro 12.9 inches from Apple inc. on a wooden table.\"},{\"@type\":\"BreadcrumbList\",\"@id\":\"https:\\\/\\\/www.apfelpatient.de\\\/en\\\/rumors\\\/erscheint-das-ipad-pro-mit-miniled-display-im-fruehjahr#breadcrumb\",\"itemListElement\":[{\"@type\":\"ListItem\",\"position\":1,\"name\":\"Startseite\",\"item\":\"https:\\\/\\\/www.apfelpatient.de\\\/\"},{\"@type\":\"ListItem\",\"position\":2,\"name\":\"Erscheint das iPad Pro mit MiniLED-Display im Fr\u00fchjahr?\"}]},{\"@type\":\"WebSite\",\"@id\":\"https:\\\/\\\/www.apfelpatient.de\\\/#website\",\"url\":\"https:\\\/\\\/www.apfelpatient.de\\\/\",\"name\":\"Apfelpatient\",\"description\":\"Alles rund um Apple!\",\"publisher\":{\"@type\":\"Organization\",\"@id\":\"https:\\\/\\\/www.apfelpatient.de\\\/en\\\/#organization\",\"name\":\"Apfelpatient\",\"url\":\"https:\\\/\\\/www.apfelpatient.de\\\/en\\\/\"},\"alternateName\":\"Apfelpatient\",\"potentialAction\":[{\"@type\":\"SearchAction\",\"target\":{\"@type\":\"EntryPoint\",\"urlTemplate\":\"https:\\\/\\\/www.apfelpatient.de\\\/?s={search_term_string}\"},\"query-input\":{\"@type\":\"PropertyValueSpecification\",\"valueRequired\":true,\"valueName\":\"search_term_string\"}}],\"inLanguage\":\"en-US\"},{\"@type\":[\"Person\",\"Organization\"],\"@id\":\"https:\\\/\\\/www.apfelpatient.de\\\/#\\\/schema\\\/person\\\/35b3ddba5832f2bfc7fff5206d4f6b7b\",\"name\":\"Milan\",\"logo\":{\"@id\":\"https:\\\/\\\/www.apfelpatient.de\\\/#\\\/schema\\\/person\\\/image\\\/\"},\"description\":\"Hallo und herzlich willkommen auf meinem Technik-Blog! Als gro\u00dfer Apple-Fan berichte ich hier \u00fcber alles, was mit Apple zu tun hat: von den neuesten News und spannenden Ger\u00fcchten \u00fcber hilfreiche Tipps und Tricks bis hin zu ausf\u00fchrlichen Produkttests. Wenn du genauso technikbegeistert bist wie ich, bist du hier genau richtig!\",\"sameAs\":[\"https:\\\/\\\/www.facebook.com\\\/apfelpatientOfficial\",\"https:\\\/\\\/www.linkedin.com\\\/in\\\/milan-jovicic-42aa0231b\"],\"url\":\"https:\\\/\\\/www.apfelpatient.de\\\/en\\\/author\\\/apfeladmin\"}]}<\/script>\n<!-- \/ Yoast SEO Premium plugin. -->","yoast_head_json":{"title":"Will the iPad Pro with MiniLED display be released in spring? Apfelpatient","description":"Rumors about a brand new iPad Pro with a mini-LED display have been circulating for several months. Now there is a new report.","robots":{"index":"index","follow":"follow","max-snippet":"max-snippet:-1","max-image-preview":"max-image-preview:large","max-video-preview":"max-video-preview:-1"},"canonical":"https:\/\/www.apfelpatient.de\/en\/rumors\/the-ipad-pro-with-miniled-display-will-be-released-in-spring","og_locale":"en_US","og_type":"article","og_title":"Erscheint das iPad Pro mit MiniLED-Display im Fr\u00fchjahr?","og_description":"Ger\u00fcchte rund um ein brandneues iPad Pro mit MiniLED-Display begleiten uns seit einigen Monaten. Nun gibt es einen neuen Bericht.","og_url":"https:\/\/www.apfelpatient.de\/en\/rumors\/the-ipad-pro-with-miniled-display-will-be-released-in-spring","og_site_name":"Apfelpatient","article_publisher":"https:\/\/www.facebook.com\/apfelpatientOfficial","article_author":"https:\/\/www.facebook.com\/apfelpatientOfficial","article_published_time":"2021-01-05T14:52:00+00:00","article_modified_time":"2021-01-05T14:52:01+00:00","og_image":[{"width":1024,"height":761,"url":"https:\/\/www.apfelpatient.de\/wp-content\/uploads\/2021\/01\/bigstock-Uzhgorod-Ukraine-June-399882950-1024x761.jpg","type":"image\/jpeg"}],"author":"Milan","twitter_card":"summary_large_image","twitter_description":"Ger\u00fcchte rund um ein brandneues iPad Pro mit MiniLED-Display begleiten uns seit einigen Monaten. Nun gibt es einen neuen Bericht.","twitter_misc":{"Written by":"Milan","Est. reading time":"2 minutes"},"schema":{"@context":"https:\/\/schema.org","@graph":[{"@type":"NewsArticle","@id":"https:\/\/www.apfelpatient.de\/en\/rumors\/erscheint-das-ipad-pro-mit-miniled-display-im-fruehjahr#article","isPartOf":{"@id":"https:\/\/www.apfelpatient.de\/en\/rumors\/erscheint-das-ipad-pro-mit-miniled-display-im-fruehjahr"},"author":{"@type":"Organization","@id":"https:\/\/www.apfelpatient.de\/en\/#organization","name":"Apfelpatient","url":"https:\/\/www.apfelpatient.de\/en\/"},"headline":"Erscheint das iPad Pro mit MiniLED-Display im Fr\u00fchjahr?","datePublished":"2021-01-05T14:52:00+00:00","dateModified":"2021-01-05T14:52:01+00:00","mainEntityOfPage":{"@id":"https:\/\/www.apfelpatient.de\/en\/rumors\/erscheint-das-ipad-pro-mit-miniled-display-im-fruehjahr"},"wordCount":310,"publisher":{"@type":"Organization","@id":"https:\/\/www.apfelpatient.de\/en\/#organization","name":"Apfelpatient","url":"https:\/\/www.apfelpatient.de\/en\/"},"image":{"@id":"https:\/\/www.apfelpatient.de\/en\/rumors\/erscheint-das-ipad-pro-mit-miniled-display-im-fruehjahr#primaryimage"},"thumbnailUrl":"https:\/\/www.apfelpatient.de\/wp-content\/uploads\/2021\/01\/bigstock-Uzhgorod-Ukraine-June-399882950.jpg","keywords":["iPad","iPad Pro"],"articleSection":"Rumors","inLanguage":"en-US","copyrightYear":"2021","copyrightHolder":{"@id":"https:\/\/www.apfelpatient.de\/en\/#organization"}},{"@type":"WebPage","@id":"https:\/\/www.apfelpatient.de\/en\/rumors\/erscheint-das-ipad-pro-mit-miniled-display-im-fruehjahr","url":"https:\/\/www.apfelpatient.de\/en\/rumors\/erscheint-das-ipad-pro-mit-miniled-display-im-fruehjahr","name":"Will the iPad Pro with MiniLED display be released in spring? Apfelpatient","isPartOf":{"@id":"https:\/\/www.apfelpatient.de\/#website"},"primaryImageOfPage":{"@id":"https:\/\/www.apfelpatient.de\/en\/rumors\/erscheint-das-ipad-pro-mit-miniled-display-im-fruehjahr#primaryimage"},"image":{"@id":"https:\/\/www.apfelpatient.de\/en\/rumors\/erscheint-das-ipad-pro-mit-miniled-display-im-fruehjahr#primaryimage"},"thumbnailUrl":"https:\/\/www.apfelpatient.de\/wp-content\/uploads\/2021\/01\/bigstock-Uzhgorod-Ukraine-June-399882950.jpg","datePublished":"2021-01-05T14:52:00+00:00","dateModified":"2021-01-05T14:52:01+00:00","description":"Rumors about a brand new iPad Pro with a mini-LED display have been circulating for several months. Now there is a new report.","breadcrumb":{"@id":"https:\/\/www.apfelpatient.de\/en\/rumors\/erscheint-das-ipad-pro-mit-miniled-display-im-fruehjahr#breadcrumb"},"inLanguage":"en-US","potentialAction":[{"@type":"ReadAction","target":["https:\/\/www.apfelpatient.de\/en\/rumors\/erscheint-das-ipad-pro-mit-miniled-display-im-fruehjahr"]}]},{"@type":"ImageObject","inLanguage":"en-US","@id":"https:\/\/www.apfelpatient.de\/en\/rumors\/erscheint-das-ipad-pro-mit-miniled-display-im-fruehjahr#primaryimage","url":"https:\/\/www.apfelpatient.de\/wp-content\/uploads\/2021\/01\/bigstock-Uzhgorod-Ukraine-June-399882950.jpg","contentUrl":"https:\/\/www.apfelpatient.de\/wp-content\/uploads\/2021\/01\/bigstock-Uzhgorod-Ukraine-June-399882950.jpg","width":1600,"height":1189,"caption":"Uzhgorod, Ukraine - June 23, 2018: Ipad pro 12.9 inches from Apple inc. on a wooden table."},{"@type":"BreadcrumbList","@id":"https:\/\/www.apfelpatient.de\/en\/rumors\/erscheint-das-ipad-pro-mit-miniled-display-im-fruehjahr#breadcrumb","itemListElement":[{"@type":"ListItem","position":1,"name":"Startseite","item":"https:\/\/www.apfelpatient.de\/"},{"@type":"ListItem","position":2,"name":"Erscheint das iPad Pro mit MiniLED-Display im Fr\u00fchjahr?"}]},{"@type":"WebSite","@id":"https:\/\/www.apfelpatient.de\/#website","url":"https:\/\/www.apfelpatient.de\/","name":"apple patient","description":"Everything about Apple!","publisher":{"@type":"Organization","@id":"https:\/\/www.apfelpatient.de\/en\/#organization","name":"Apfelpatient","url":"https:\/\/www.apfelpatient.de\/en\/"},"alternateName":"Apfelpatient","potentialAction":[{"@type":"SearchAction","target":{"@type":"EntryPoint","urlTemplate":"https:\/\/www.apfelpatient.de\/?s={search_term_string}"},"query-input":{"@type":"PropertyValueSpecification","valueRequired":true,"valueName":"search_term_string"}}],"inLanguage":"en-US"},{"@type":["Person","Organization"],"@id":"https:\/\/www.apfelpatient.de\/#\/schema\/person\/35b3ddba5832f2bfc7fff5206d4f6b7b","name":"Milan","logo":{"@id":"https:\/\/www.apfelpatient.de\/#\/schema\/person\/image\/"},"description":"Hello and welcome to my technology blog! As a big Apple fan, I report on everything to do with Apple: from the latest news and exciting rumors to helpful tips and tricks and detailed product tests. If you are as enthusiastic about technology as I am, you have come to the right place!","sameAs":["https:\/\/www.facebook.com\/apfelpatientOfficial","https:\/\/www.linkedin.com\/in\/milan-jovicic-42aa0231b"],"url":"https:\/\/www.apfelpatient.de\/en\/author\/apfeladmin"}]}},"_links":{"self":[{"href":"https:\/\/www.apfelpatient.de\/en\/wp-json\/wp\/v2\/posts\/18152","targetHints":{"allow":["GET"]}}],"collection":[{"href":"https:\/\/www.apfelpatient.de\/en\/wp-json\/wp\/v2\/posts"}],"about":[{"href":"https:\/\/www.apfelpatient.de\/en\/wp-json\/wp\/v2\/types\/post"}],"author":[{"embeddable":true,"href":"https:\/\/www.apfelpatient.de\/en\/wp-json\/wp\/v2\/users\/2"}],"replies":[{"embeddable":true,"href":"https:\/\/www.apfelpatient.de\/en\/wp-json\/wp\/v2\/comments?post=18152"}],"version-history":[{"count":0,"href":"https:\/\/www.apfelpatient.de\/en\/wp-json\/wp\/v2\/posts\/18152\/revisions"}],"wp:featuredmedia":[{"embeddable":true,"href":"https:\/\/www.apfelpatient.de\/en\/wp-json\/wp\/v2\/media\/18151"}],"wp:attachment":[{"href":"https:\/\/www.apfelpatient.de\/en\/wp-json\/wp\/v2\/media?parent=18152"}],"wp:term":[{"taxonomy":"category","embeddable":true,"href":"https:\/\/www.apfelpatient.de\/en\/wp-json\/wp\/v2\/categories?post=18152"},{"taxonomy":"post_tag","embeddable":true,"href":"https:\/\/www.apfelpatient.de\/en\/wp-json\/wp\/v2\/tags?post=18152"}],"curies":[{"name":"wp","href":"https:\/\/api.w.org\/{rel}","templated":true}]}}