{"id":18070,"date":"2020-12-29T20:51:33","date_gmt":"2020-12-29T19:51:33","guid":{"rendered":"https:\/\/www.apfelpatient.de\/?p=18070"},"modified":"2020-12-29T20:53:56","modified_gmt":"2020-12-29T19:53:56","slug":"airpods-pro-2-could-appear-in-two-sizes","status":"publish","type":"post","link":"https:\/\/www.apfelpatient.de\/en\/rumors\/airpods-pro-2-koennten-in-zwei-groessen-erscheinen","title":{"rendered":"AirPods Pro 2 could come in two sizes"},"content":{"rendered":"<p class=\"has-drop-cap\"><strong>According to current rumors, Apple is planning to introduce the second generation of AirPods Pro soon. Now images have been shared that supposedly show the AirPods Pro 2.<\/strong><\/p>\n\n\n\n<p>The anonymous Twitter leaker &quot;Mr. White&quot; has already published Apple&#039;s plans and images of internal hardware several times. Now he has two new images <a href=\"https:\/\/twitter.com\/laobaiTD\/status\/1343968958169288704?ref_src=twsrc%5Etfw%7Ctwcamp%5Etweetembed%7Ctwterm%5E1343968958169288704%7Ctwgr%5E%7Ctwcon%5Es1_&amp;ref_url=https%3A%2F%2Fwww.macrumors.com%2F2020%2F12%2F29%2Fairpods-pro-2-two-sizes%2F\" target=\"_blank\" rel=\"noreferrer noopener\">divided<\/a>, which are said to show the AirPods Pro 2. The images show different sized system-on-chip housings that are intended for the as yet unreleased &quot;AirPods Pro 2&quot;. Specifically, these are the SoC housings for the H1 processor or its successor. If the images are real, Apple could present the new in-ear plugs in two different sizes. However, there is also another reason that could explain the two sizes.<\/p>\n\n\n\n<figure class=\"wp-block-image size-large\"><img decoding=\"async\" width=\"1024\" height=\"603\" src=\"https:\/\/www.apfelpatient.de\/wp-content\/uploads\/2020\/12\/IMG_0783-1024x603.jpg\" alt=\"AirPods Pro 2\" class=\"wp-image-18067\" srcset=\"https:\/\/www.apfelpatient.de\/wp-content\/uploads\/2020\/12\/IMG_0783-1024x603.jpg 1024w, https:\/\/www.apfelpatient.de\/wp-content\/uploads\/2020\/12\/IMG_0783-300x177.jpg 300w, https:\/\/www.apfelpatient.de\/wp-content\/uploads\/2020\/12\/IMG_0783-768x452.jpg 768w, https:\/\/www.apfelpatient.de\/wp-content\/uploads\/2020\/12\/IMG_0783-1536x904.jpg 1536w, https:\/\/www.apfelpatient.de\/wp-content\/uploads\/2020\/12\/IMG_0783-750x441.jpg 750w, https:\/\/www.apfelpatient.de\/wp-content\/uploads\/2020\/12\/IMG_0783-1140x671.jpg 1140w, https:\/\/www.apfelpatient.de\/wp-content\/uploads\/2020\/12\/IMG_0783.jpg 1752w\" sizes=\"(max-width: 1024px) 100vw, 1024px\" \/><figcaption>via Mr. White<\/figcaption><\/figure>\n\n\n\n<figure class=\"wp-block-image size-large\"><img decoding=\"async\" width=\"697\" height=\"850\" src=\"https:\/\/www.apfelpatient.de\/wp-content\/uploads\/2020\/12\/IMG_0782.jpg\" alt=\"AirPods Pro 2\" class=\"wp-image-18068\" srcset=\"https:\/\/www.apfelpatient.de\/wp-content\/uploads\/2020\/12\/IMG_0782.jpg 697w, https:\/\/www.apfelpatient.de\/wp-content\/uploads\/2020\/12\/IMG_0782-246x300.jpg 246w\" sizes=\"(max-width: 697px) 100vw, 697px\" \/><figcaption>via Mr. White<\/figcaption><\/figure>\n\n\n\n<h3 class=\"wp-block-heading\" id=\"h-airpods-pro-2-hat-apple-probleme-mit-der-neuen-bauweise\">AirPods Pro 2: Does Apple have problems with the new design?<\/h3>\n\n\n\n\n\n\n\n<p>Reports from Bloomberg suggest that the second generation of AirPods Pro will have a more compact design that eliminates the short stem that protrudes from the bottom. The new Pro version of the earbuds could have a rounded shape that is more similar to earbuds from companies like Google and Samsung. With this design, it would make sense to offer different sizes for a better fit. But there are also reports that <a href=\"https:\/\/www.apple.com\/de\/airpods-pro\/\" target=\"_blank\" rel=\"noreferrer noopener\">Apple<\/a> There are said to be problems with the construction. The stem could therefore remain. This would at least explain the designs that Mr. White shared. The leaker did not provide any information about the release date. According to various reports, it is currently believed that it will appear sometime in 2021. However, there have also been rumors that early 2022 is a possibility. It remains to be seen what Apple ultimately decides. <em>(Photo by Daria Sakharova \/ Bigstockphoto)<\/em><\/p>\n\n\n\n<ul class=\"wp-block-list\"><li><a href=\"https:\/\/www.apfelpatient.de\/en\/rumors\/airpods-3-new-details-about-the-price-surfaced\">AirPods 3: New details about the price have emerged<\/a><\/li><\/ul>\n\n\n\n<h6 class=\"wp-block-heading translation-block\" id=\"h-kennt-ihr-schon-unsere-amazon-storefront-dort-findet-ihr-eine-handverlesene-auswahl-von-diversen-produkten-f-r-euer-iphone-und-co-viel-spa-beim-st-bern\"><em>Have you already visited our Amazon Storefront? There you&#039;ll find a hand-picked selection of various products for your iPhone and other devices \u2013 <span class=\"has-inline-color has-vivid-red-color\"><a href=\"https:\/\/www.amazon.de\/shop\/apfelpatientofficial\" class=\"ek-link\" data-wpel-link=\"exclude\" rel=\"follow noopener\" target=\"_self\"><span style=\"text-decoration: underline\" class=\"ek-underline\">enjoy browsing<\/span><\/a> !<\/span><\/em><\/h6>\n\n\n\n<h6 class=\"wp-block-heading translation-block\" id=\"h-der-beitrag-enthalt-partnerlinks\">This post contains <a data-type=\"URL\" data-id=\"https:\/\/www.apfelpatient.de\/partnerprogramm\" href=\"https:\/\/www.apfelpatient.de\/en\/partner-program\" data-wpel-link=\"internal\" target=\"_self\">affiliate links<\/a>.<\/h6>","protected":false},"excerpt":{"rendered":"<p>It is currently assumed that the AirPods Pro 2 will be released sometime in 2021. Now, images have been shared that are said to show the new model.<\/p>","protected":false},"author":2,"featured_media":18069,"comment_status":"closed","ping_status":"closed","sticky":false,"template":"","format":"standard","meta":{"jnews-multi-image_gallery":[],"jnews_single_post":{"subtitle":"","format":"standard","video":"","gallery":"","source_name":"","source_url":"","via_name":"","via_url":"","override":[{"single_blog_custom":"","sidebar":"","second_sidebar":"","share_position":"","share_float_style":"","post_date_format":"","post_date_format_custom":"","post_reading_time_wpm":"","zoom_button_out_step":"1","zoom_button_in_step":"1","number_popup_post":"1"}],"image_override":[{"single_post_thumbnail_size":"","single_post_gallery_size":""}],"trending_post_position":"","trending_post_label":"","sponsored_post_label":"","sponsored_post_name":"","sponsored_post_url":"","sponsored_post_logo":"","sponsored_post_desc":""},"jnews_primary_category":{"id":"25"},"footnotes":""},"categories":[25],"tags":[28,401],"class_list":["post-18070","post","type-post","status-publish","format-standard","has-post-thumbnail","hentry","category-rumors","tag-airpods","tag-airpods-pro-2"],"yoast_head":"<!-- This site is optimized with the Yoast SEO Premium plugin v27.5 (Yoast SEO v27.5) - https:\/\/yoast.com\/product\/yoast-seo-premium-wordpress\/ -->\n<title>AirPods Pro 2 k\u00f6nnten in zwei Gr\u00f6\u00dfen erscheinen Apfelpatient<\/title>\n<meta name=\"description\" content=\"Aktuell wird vermutet, dass die AirPods Pro 2 irgendwann in 2021 erscheinen. Nun wurden Bilder geteilt, die das neue Modell zeigen sollen.\" \/>\n<meta name=\"robots\" content=\"index, follow, max-snippet:-1, max-image-preview:large, max-video-preview:-1\" \/>\n<link rel=\"canonical\" href=\"https:\/\/www.apfelpatient.de\/en\/rumors\/airpods-pro-2-could-appear-in-two-sizes\" \/>\n<meta property=\"og:locale\" content=\"en_US\" \/>\n<meta property=\"og:type\" content=\"article\" \/>\n<meta property=\"og:title\" content=\"AirPods Pro 2 k\u00f6nnten in zwei Gr\u00f6\u00dfen erscheinen\" \/>\n<meta property=\"og:description\" content=\"Aktuell wird vermutet, dass die AirPods Pro 2 irgendwann in 2021 erscheinen. Nun wurden Bilder geteilt, die das neue Modell zeigen sollen.\" \/>\n<meta property=\"og:url\" content=\"https:\/\/www.apfelpatient.de\/en\/rumors\/airpods-pro-2-could-appear-in-two-sizes\" \/>\n<meta property=\"og:site_name\" content=\"Apfelpatient\" \/>\n<meta property=\"article:publisher\" content=\"https:\/\/www.facebook.com\/apfelpatientOfficial\" \/>\n<meta property=\"article:author\" content=\"https:\/\/www.facebook.com\/apfelpatientOfficial\" \/>\n<meta property=\"article:published_time\" content=\"2020-12-29T19:51:33+00:00\" \/>\n<meta property=\"article:modified_time\" content=\"2020-12-29T19:53:56+00:00\" \/>\n<meta property=\"og:image\" content=\"https:\/\/www.apfelpatient.de\/wp-content\/uploads\/2020\/12\/bigstock-Moscow-Russia-April-374416612.jpg\" \/>\n\t<meta property=\"og:image:width\" content=\"1600\" \/>\n\t<meta property=\"og:image:height\" content=\"1067\" \/>\n\t<meta property=\"og:image:type\" content=\"image\/jpeg\" \/>\n<meta name=\"author\" content=\"Milan\" \/>\n<meta name=\"twitter:card\" content=\"summary_large_image\" \/>\n<meta name=\"twitter:description\" content=\"Aktuell wird vermutet, dass die AirPods Pro 2 irgendwann in 2021 erscheinen. Nun wurden Bilder geteilt, die das neue Modell zeigen sollen.\" \/>\n<meta name=\"twitter:label1\" content=\"Written by\" \/>\n\t<meta name=\"twitter:data1\" content=\"Milan\" \/>\n\t<meta name=\"twitter:label2\" content=\"Est. reading time\" \/>\n\t<meta name=\"twitter:data2\" content=\"2 minutes\" \/>\n<script type=\"application\/ld+json\" class=\"yoast-schema-graph\">{\"@context\":\"https:\\\/\\\/schema.org\",\"@graph\":[{\"@type\":\"NewsArticle\",\"@id\":\"https:\\\/\\\/www.apfelpatient.de\\\/rumors\\\/airpods-pro-2-koennten-in-zwei-groessen-erscheinen#article\",\"isPartOf\":{\"@id\":\"https:\\\/\\\/www.apfelpatient.de\\\/rumors\\\/airpods-pro-2-koennten-in-zwei-groessen-erscheinen\"},\"author\":{\"@type\":\"Organization\",\"@id\":\"https:\\\/\\\/www.apfelpatient.de\\\/en\\\/#organization\",\"name\":\"Apfelpatient\",\"url\":\"https:\\\/\\\/www.apfelpatient.de\\\/en\\\/\"},\"headline\":\"AirPods Pro 2 k\u00f6nnten in zwei Gr\u00f6\u00dfen erscheinen\",\"datePublished\":\"2020-12-29T19:51:33+00:00\",\"dateModified\":\"2020-12-29T19:53:56+00:00\",\"mainEntityOfPage\":{\"@id\":\"https:\\\/\\\/www.apfelpatient.de\\\/rumors\\\/airpods-pro-2-koennten-in-zwei-groessen-erscheinen\"},\"wordCount\":311,\"publisher\":{\"@type\":\"Organization\",\"@id\":\"https:\\\/\\\/www.apfelpatient.de\\\/en\\\/#organization\",\"name\":\"Apfelpatient\",\"url\":\"https:\\\/\\\/www.apfelpatient.de\\\/en\\\/\"},\"image\":{\"@id\":\"https:\\\/\\\/www.apfelpatient.de\\\/rumors\\\/airpods-pro-2-koennten-in-zwei-groessen-erscheinen#primaryimage\"},\"thumbnailUrl\":\"https:\\\/\\\/www.apfelpatient.de\\\/wp-content\\\/uploads\\\/2020\\\/12\\\/bigstock-Moscow-Russia-April-374416612.jpg\",\"keywords\":[\"AirPods\",\"AirPods Pro 2\"],\"articleSection\":\"Rumors\",\"inLanguage\":\"en-US\",\"copyrightYear\":\"2020\",\"copyrightHolder\":{\"@id\":\"https:\\\/\\\/www.apfelpatient.de\\\/en\\\/#organization\"}},{\"@type\":\"WebPage\",\"@id\":\"https:\\\/\\\/www.apfelpatient.de\\\/rumors\\\/airpods-pro-2-koennten-in-zwei-groessen-erscheinen\",\"url\":\"https:\\\/\\\/www.apfelpatient.de\\\/rumors\\\/airpods-pro-2-koennten-in-zwei-groessen-erscheinen\",\"name\":\"AirPods Pro 2 k\u00f6nnten in zwei Gr\u00f6\u00dfen erscheinen Apfelpatient\",\"isPartOf\":{\"@id\":\"https:\\\/\\\/www.apfelpatient.de\\\/#website\"},\"primaryImageOfPage\":{\"@id\":\"https:\\\/\\\/www.apfelpatient.de\\\/rumors\\\/airpods-pro-2-koennten-in-zwei-groessen-erscheinen#primaryimage\"},\"image\":{\"@id\":\"https:\\\/\\\/www.apfelpatient.de\\\/rumors\\\/airpods-pro-2-koennten-in-zwei-groessen-erscheinen#primaryimage\"},\"thumbnailUrl\":\"https:\\\/\\\/www.apfelpatient.de\\\/wp-content\\\/uploads\\\/2020\\\/12\\\/bigstock-Moscow-Russia-April-374416612.jpg\",\"datePublished\":\"2020-12-29T19:51:33+00:00\",\"dateModified\":\"2020-12-29T19:53:56+00:00\",\"description\":\"Aktuell wird vermutet, dass die AirPods Pro 2 irgendwann in 2021 erscheinen. Nun wurden Bilder geteilt, die das neue Modell zeigen sollen.\",\"breadcrumb\":{\"@id\":\"https:\\\/\\\/www.apfelpatient.de\\\/rumors\\\/airpods-pro-2-koennten-in-zwei-groessen-erscheinen#breadcrumb\"},\"inLanguage\":\"en-US\",\"potentialAction\":[{\"@type\":\"ReadAction\",\"target\":[\"https:\\\/\\\/www.apfelpatient.de\\\/rumors\\\/airpods-pro-2-koennten-in-zwei-groessen-erscheinen\"]}]},{\"@type\":\"ImageObject\",\"inLanguage\":\"en-US\",\"@id\":\"https:\\\/\\\/www.apfelpatient.de\\\/rumors\\\/airpods-pro-2-koennten-in-zwei-groessen-erscheinen#primaryimage\",\"url\":\"https:\\\/\\\/www.apfelpatient.de\\\/wp-content\\\/uploads\\\/2020\\\/12\\\/bigstock-Moscow-Russia-April-374416612.jpg\",\"contentUrl\":\"https:\\\/\\\/www.apfelpatient.de\\\/wp-content\\\/uploads\\\/2020\\\/12\\\/bigstock-Moscow-Russia-April-374416612.jpg\",\"width\":1600,\"height\":1067,\"caption\":\"Photo by Daria Sakharova \\\/ Bigstockphoto\"},{\"@type\":\"BreadcrumbList\",\"@id\":\"https:\\\/\\\/www.apfelpatient.de\\\/rumors\\\/airpods-pro-2-koennten-in-zwei-groessen-erscheinen#breadcrumb\",\"itemListElement\":[{\"@type\":\"ListItem\",\"position\":1,\"name\":\"Startseite\",\"item\":\"https:\\\/\\\/www.apfelpatient.de\\\/\"},{\"@type\":\"ListItem\",\"position\":2,\"name\":\"AirPods Pro 2 k\u00f6nnten in zwei Gr\u00f6\u00dfen erscheinen\"}]},{\"@type\":\"WebSite\",\"@id\":\"https:\\\/\\\/www.apfelpatient.de\\\/#website\",\"url\":\"https:\\\/\\\/www.apfelpatient.de\\\/\",\"name\":\"Apfelpatient\",\"description\":\"Alles rund um Apple!\",\"publisher\":{\"@type\":\"Organization\",\"@id\":\"https:\\\/\\\/www.apfelpatient.de\\\/en\\\/#organization\",\"name\":\"Apfelpatient\",\"url\":\"https:\\\/\\\/www.apfelpatient.de\\\/en\\\/\"},\"alternateName\":\"Apfelpatient\",\"potentialAction\":[{\"@type\":\"SearchAction\",\"target\":{\"@type\":\"EntryPoint\",\"urlTemplate\":\"https:\\\/\\\/www.apfelpatient.de\\\/?s={search_term_string}\"},\"query-input\":{\"@type\":\"PropertyValueSpecification\",\"valueRequired\":true,\"valueName\":\"search_term_string\"}}],\"inLanguage\":\"en-US\"},{\"@type\":[\"Person\",\"Organization\"],\"@id\":\"https:\\\/\\\/www.apfelpatient.de\\\/#\\\/schema\\\/person\\\/7dc56ad6c8e9824b76d2c08d4c140e13\",\"name\":\"Milan\",\"logo\":{\"@id\":\"https:\\\/\\\/www.apfelpatient.de\\\/#\\\/schema\\\/person\\\/image\\\/\"},\"description\":\"Hallo und herzlich willkommen auf meinem Technik-Blog! Als gro\u00dfer Apple-Fan berichte ich hier \u00fcber alles, was mit Apple zu tun hat: von den neuesten News und spannenden Ger\u00fcchten \u00fcber hilfreiche Tipps und Tricks bis hin zu ausf\u00fchrlichen Produkttests. Wenn du genauso technikbegeistert bist wie ich, bist du hier genau richtig!\",\"sameAs\":[\"https:\\\/\\\/www.facebook.com\\\/apfelpatientOfficial\",\"https:\\\/\\\/www.linkedin.com\\\/in\\\/milan-jovicic-42aa0231b\"],\"url\":\"https:\\\/\\\/www.apfelpatient.de\\\/en\\\/author\\\/apfeladmin\"}]}<\/script>\n<!-- \/ Yoast SEO Premium plugin. -->","yoast_head_json":{"title":"AirPods Pro 2 could come in two sizes Apfelpatient","description":"It is currently believed that the AirPods Pro 2 will be released sometime in 2021. Now images have been shared that are said to show the new model.","robots":{"index":"index","follow":"follow","max-snippet":"max-snippet:-1","max-image-preview":"max-image-preview:large","max-video-preview":"max-video-preview:-1"},"canonical":"https:\/\/www.apfelpatient.de\/en\/rumors\/airpods-pro-2-could-appear-in-two-sizes","og_locale":"en_US","og_type":"article","og_title":"AirPods Pro 2 k\u00f6nnten in zwei Gr\u00f6\u00dfen erscheinen","og_description":"Aktuell wird vermutet, dass die AirPods Pro 2 irgendwann in 2021 erscheinen. Nun wurden Bilder geteilt, die das neue Modell zeigen sollen.","og_url":"https:\/\/www.apfelpatient.de\/en\/rumors\/airpods-pro-2-could-appear-in-two-sizes","og_site_name":"Apfelpatient","article_publisher":"https:\/\/www.facebook.com\/apfelpatientOfficial","article_author":"https:\/\/www.facebook.com\/apfelpatientOfficial","article_published_time":"2020-12-29T19:51:33+00:00","article_modified_time":"2020-12-29T19:53:56+00:00","og_image":[{"width":1600,"height":1067,"url":"https:\/\/www.apfelpatient.de\/wp-content\/uploads\/2020\/12\/bigstock-Moscow-Russia-April-374416612.jpg","type":"image\/jpeg"}],"author":"Milan","twitter_card":"summary_large_image","twitter_description":"Aktuell wird vermutet, dass die AirPods Pro 2 irgendwann in 2021 erscheinen. Nun wurden Bilder geteilt, die das neue Modell zeigen sollen.","twitter_misc":{"Written by":"Milan","Est. reading time":"2 minutes"},"schema":{"@context":"https:\/\/schema.org","@graph":[{"@type":"NewsArticle","@id":"https:\/\/www.apfelpatient.de\/rumors\/airpods-pro-2-koennten-in-zwei-groessen-erscheinen#article","isPartOf":{"@id":"https:\/\/www.apfelpatient.de\/rumors\/airpods-pro-2-koennten-in-zwei-groessen-erscheinen"},"author":{"@type":"Organization","@id":"https:\/\/www.apfelpatient.de\/en\/#organization","name":"Apfelpatient","url":"https:\/\/www.apfelpatient.de\/en\/"},"headline":"AirPods Pro 2 k\u00f6nnten in zwei Gr\u00f6\u00dfen erscheinen","datePublished":"2020-12-29T19:51:33+00:00","dateModified":"2020-12-29T19:53:56+00:00","mainEntityOfPage":{"@id":"https:\/\/www.apfelpatient.de\/rumors\/airpods-pro-2-koennten-in-zwei-groessen-erscheinen"},"wordCount":311,"publisher":{"@type":"Organization","@id":"https:\/\/www.apfelpatient.de\/en\/#organization","name":"Apfelpatient","url":"https:\/\/www.apfelpatient.de\/en\/"},"image":{"@id":"https:\/\/www.apfelpatient.de\/rumors\/airpods-pro-2-koennten-in-zwei-groessen-erscheinen#primaryimage"},"thumbnailUrl":"https:\/\/www.apfelpatient.de\/wp-content\/uploads\/2020\/12\/bigstock-Moscow-Russia-April-374416612.jpg","keywords":["AirPods","AirPods Pro 2"],"articleSection":"Rumors","inLanguage":"en-US","copyrightYear":"2020","copyrightHolder":{"@id":"https:\/\/www.apfelpatient.de\/en\/#organization"}},{"@type":"WebPage","@id":"https:\/\/www.apfelpatient.de\/rumors\/airpods-pro-2-koennten-in-zwei-groessen-erscheinen","url":"https:\/\/www.apfelpatient.de\/rumors\/airpods-pro-2-koennten-in-zwei-groessen-erscheinen","name":"AirPods Pro 2 could come in two sizes Apfelpatient","isPartOf":{"@id":"https:\/\/www.apfelpatient.de\/#website"},"primaryImageOfPage":{"@id":"https:\/\/www.apfelpatient.de\/rumors\/airpods-pro-2-koennten-in-zwei-groessen-erscheinen#primaryimage"},"image":{"@id":"https:\/\/www.apfelpatient.de\/rumors\/airpods-pro-2-koennten-in-zwei-groessen-erscheinen#primaryimage"},"thumbnailUrl":"https:\/\/www.apfelpatient.de\/wp-content\/uploads\/2020\/12\/bigstock-Moscow-Russia-April-374416612.jpg","datePublished":"2020-12-29T19:51:33+00:00","dateModified":"2020-12-29T19:53:56+00:00","description":"It is currently believed that the AirPods Pro 2 will be released sometime in 2021. Now images have been shared that are said to show the new model.","breadcrumb":{"@id":"https:\/\/www.apfelpatient.de\/rumors\/airpods-pro-2-koennten-in-zwei-groessen-erscheinen#breadcrumb"},"inLanguage":"en-US","potentialAction":[{"@type":"ReadAction","target":["https:\/\/www.apfelpatient.de\/rumors\/airpods-pro-2-koennten-in-zwei-groessen-erscheinen"]}]},{"@type":"ImageObject","inLanguage":"en-US","@id":"https:\/\/www.apfelpatient.de\/rumors\/airpods-pro-2-koennten-in-zwei-groessen-erscheinen#primaryimage","url":"https:\/\/www.apfelpatient.de\/wp-content\/uploads\/2020\/12\/bigstock-Moscow-Russia-April-374416612.jpg","contentUrl":"https:\/\/www.apfelpatient.de\/wp-content\/uploads\/2020\/12\/bigstock-Moscow-Russia-April-374416612.jpg","width":1600,"height":1067,"caption":"Photo by Daria Sakharova \/ Bigstockphoto"},{"@type":"BreadcrumbList","@id":"https:\/\/www.apfelpatient.de\/rumors\/airpods-pro-2-koennten-in-zwei-groessen-erscheinen#breadcrumb","itemListElement":[{"@type":"ListItem","position":1,"name":"Startseite","item":"https:\/\/www.apfelpatient.de\/"},{"@type":"ListItem","position":2,"name":"AirPods Pro 2 k\u00f6nnten in zwei Gr\u00f6\u00dfen erscheinen"}]},{"@type":"WebSite","@id":"https:\/\/www.apfelpatient.de\/#website","url":"https:\/\/www.apfelpatient.de\/","name":"apple patient","description":"Everything about Apple!","publisher":{"@type":"Organization","@id":"https:\/\/www.apfelpatient.de\/en\/#organization","name":"Apfelpatient","url":"https:\/\/www.apfelpatient.de\/en\/"},"alternateName":"Apfelpatient","potentialAction":[{"@type":"SearchAction","target":{"@type":"EntryPoint","urlTemplate":"https:\/\/www.apfelpatient.de\/?s={search_term_string}"},"query-input":{"@type":"PropertyValueSpecification","valueRequired":true,"valueName":"search_term_string"}}],"inLanguage":"en-US"},{"@type":["Person","Organization"],"@id":"https:\/\/www.apfelpatient.de\/#\/schema\/person\/7dc56ad6c8e9824b76d2c08d4c140e13","name":"Milan","logo":{"@id":"https:\/\/www.apfelpatient.de\/#\/schema\/person\/image\/"},"description":"Hello and welcome to my technology blog! As a big Apple fan, I report on everything to do with Apple: from the latest news and exciting rumors to helpful tips and tricks and detailed product tests. If you are as enthusiastic about technology as I am, you have come to the right place!","sameAs":["https:\/\/www.facebook.com\/apfelpatientOfficial","https:\/\/www.linkedin.com\/in\/milan-jovicic-42aa0231b"],"url":"https:\/\/www.apfelpatient.de\/en\/author\/apfeladmin"}]}},"_links":{"self":[{"href":"https:\/\/www.apfelpatient.de\/en\/wp-json\/wp\/v2\/posts\/18070","targetHints":{"allow":["GET"]}}],"collection":[{"href":"https:\/\/www.apfelpatient.de\/en\/wp-json\/wp\/v2\/posts"}],"about":[{"href":"https:\/\/www.apfelpatient.de\/en\/wp-json\/wp\/v2\/types\/post"}],"author":[{"embeddable":true,"href":"https:\/\/www.apfelpatient.de\/en\/wp-json\/wp\/v2\/users\/2"}],"replies":[{"embeddable":true,"href":"https:\/\/www.apfelpatient.de\/en\/wp-json\/wp\/v2\/comments?post=18070"}],"version-history":[{"count":0,"href":"https:\/\/www.apfelpatient.de\/en\/wp-json\/wp\/v2\/posts\/18070\/revisions"}],"wp:featuredmedia":[{"embeddable":true,"href":"https:\/\/www.apfelpatient.de\/en\/wp-json\/wp\/v2\/media\/18069"}],"wp:attachment":[{"href":"https:\/\/www.apfelpatient.de\/en\/wp-json\/wp\/v2\/media?parent=18070"}],"wp:term":[{"taxonomy":"category","embeddable":true,"href":"https:\/\/www.apfelpatient.de\/en\/wp-json\/wp\/v2\/categories?post=18070"},{"taxonomy":"post_tag","embeddable":true,"href":"https:\/\/www.apfelpatient.de\/en\/wp-json\/wp\/v2\/tags?post=18070"}],"curies":[{"name":"wp","href":"https:\/\/api.w.org\/{rel}","templated":true}]}}