{"id":18051,"date":"2020-12-27T23:23:37","date_gmt":"2020-12-27T22:23:37","guid":{"rendered":"https:\/\/www.apfelpatient.de\/?p=18051"},"modified":"2021-03-09T12:01:19","modified_gmt":"2021-03-09T11:01:19","slug":"apple-car-market-launch-much-later-than-expected","status":"publish","type":"post","link":"https:\/\/www.apfelpatient.de\/en\/rumors\/apple-car-markteinfuehrung-deutlich-spaeter-als-erwartet","title":{"rendered":"Apple Car: Market launch much later than expected"},"content":{"rendered":"<p class=\"has-drop-cap\"><strong>Shortly before Christmas, the rumor mill was in full swing regarding the so-called Project Titan - the Apple Car. Now the well-known Apple analyst Ming-Chi Kuo has commented on the topic.<\/strong><\/p>\n\n\n\n<p>Earlier this week, Reuters <a href=\"https:\/\/www.apfelpatient.de\/en\/rumors\/apple-car-with-next-level-battery-technology\">reported<\/a>that Apple is targeting 2024 for the production of its first electric vehicle with &quot;next-level&quot; battery technology. However, the well-known and accurate Apple analyst Ming-Chi Kuo believes that a market launch is not expected until 2025-2027 at the earliest. So much later than previously reported. In a new forecast published by MacRumors <a href=\"https:\/\/www.macrumors.com\/2020\/12\/27\/kuo-apple-car-2025-2027-at-earliest\/\" target=\"_blank\" rel=\"noreferrer noopener\">receive<\/a> Kuo explained that the specifications of the Apple Car have not yet been decided. The analyst added that he would not be surprised if the timeframe for the vehicle&#039;s launch is pushed back to 2028 or later:<\/p>\n\n\n\n<h3 class=\"wp-block-heading\" id=\"h-project-titan-markt-ist-berm-ig-optimistisch\">Project Titan: Market is &quot;overly optimistic&quot;<\/h3>\n\n\n\n\n\n\n\n<blockquote class=\"wp-block-quote is-layout-flow wp-block-quote-is-layout-flow\"><p>We predicted in a previous report that Apple will unveil the Apple Car in 2023-2025. However, our recent research suggests that the current timeline for Apple Car development is not clear and if development begins this year and all goes well, it will appear in 2025-2027 at the earliest. Due to changes in the EV\/Self-Driving market and Apple&#039;s quality demands, we would not be surprised if the Apple Car launch timeline is pushed to 2028 or later.<\/p><\/blockquote>\n\n\n\n<p>Kuo then went on to say that the market was &quot;overly optimistic&quot; about the timeline for the Apple Car&#039;s launch. He advised against inventions related to the Apple Car. Kuo also expressed extreme skepticism about the Apple Car&#039;s success. The statement reads:<\/p>\n\n\n\n<h3 class=\"wp-block-heading\" id=\"h-apple-car-tesla-ceo-reagiert-auf-reuters-bericht\">Apple Car: Tesla CEO reacts to Reuters report<\/h3>\n\n\n\n<blockquote class=\"wp-block-quote is-layout-flow wp-block-quote-is-layout-flow\"><p>The market has high expectations for the Apple Car. However, we remind investors that while Apple has a variety of competitive advantages, it is not always successful in new businesses. For example, Apple failed to enter the smart speaker market. Demand for HomePod and HomePod mini was lower than expected and development of new smart speaker models was temporarily halted. Competition in the EV\/self-driving car market is tougher than that for smart speakers, so we think it is dangerous to be too hasty in thinking that the Apple Car will be successful.<\/p><p>If Apple Car wants to succeed in the future, the key success factor is big data\/AI, not hardware. One of our biggest concerns about Apple Car is that by the time Apple Car launches, current self-driving car brands will have accumulated at least five years of big data and are conducive to deep learning\/AI. How does Apple, a latecomer, overcome this gap?<\/p><\/blockquote>\n\n\n\n\n\n\n\n<p>Reuters claims that Apple&#039;s self-driving vehicle will feature a unique &quot;mono-cell&quot; battery design that &quot;frees up space inside the battery pack by eliminating certain parts that contain battery materials,&quot; which could lead to a longer range per charge. Tesla CEO Elon Musk responded on Twitter, claiming that a &quot;mono-cell&quot; battery is &quot;electrochemically impossible.&quot; All in all, it sounds like Project Titan is still a long way from a market launch. As such, rumors surrounding the topic should be viewed with extreme skepticism - as has been mentioned several times before.\u00a0<em>(Photo by SciePro \/ Bigstockphoto)<\/em><\/p>\n\n\n\n<ul class=\"wp-block-list\"><li><a href=\"https:\/\/www.apfelpatient.de\/en\/news\/apple-patent-could-eliminate-the-blind-spot-in-the-icar\">Apple patent: This could eliminate the blind spot in the iCar<\/a><\/li><\/ul>\n\n\n\n<h6 class=\"wp-block-heading translation-block\" id=\"h-kennt-ihr-schon-unsere-amazon-storefront-dort-findet-ihr-eine-handverlesene-auswahl-von-diversen-produkten-f-r-euer-iphone-und-co-viel-spa-beim-st-bern\"><em>Have you already visited our Amazon Storefront? There you&#039;ll find a hand-picked selection of various products for your iPhone and other devices \u2013 <span class=\"has-inline-color has-vivid-red-color\"><a href=\"https:\/\/www.amazon.de\/shop\/apfelpatientofficial\" class=\"ek-link\" data-wpel-link=\"exclude\" rel=\"follow noopener\" target=\"_self\"><span style=\"text-decoration: underline\" class=\"ek-underline\">enjoy browsing<\/span><\/a> !<\/span><\/em><\/h6>\n\n\n\n<h6 class=\"wp-block-heading translation-block\" id=\"h-der-beitrag-enthalt-partnerlinks\">This post contains <a data-type=\"URL\" data-id=\"https:\/\/www.apfelpatient.de\/partnerprogramm\" href=\"https:\/\/www.apfelpatient.de\/en\/partner-program\" data-wpel-link=\"internal\" target=\"_self\">affiliate links<\/a>.<\/h6>","protected":false},"excerpt":{"rendered":"<p>Shortly before Christmas, the rumor mill regarding the so-called Project Titan \u2013 the Apple Car \u2013 was in full swing.<\/p>","protected":false},"author":2,"featured_media":18052,"comment_status":"closed","ping_status":"closed","sticky":false,"template":"","format":"standard","meta":{"jnews-multi-image_gallery":[],"jnews_single_post":{"subtitle":"","format":"standard","video":"","gallery":"","source_name":"","source_url":"","via_name":"","via_url":"","override":[{"single_blog_custom":"","sidebar":"","second_sidebar":"","share_position":"","share_float_style":"","post_date_format":"","post_date_format_custom":"","post_reading_time_wpm":"","zoom_button_out_step":"1","zoom_button_in_step":"1","number_popup_post":"1"}],"image_override":[{"single_post_thumbnail_size":"","single_post_gallery_size":""}],"trending_post_position":"","trending_post_label":"","sponsored_post_label":"","sponsored_post_name":"","sponsored_post_url":"","sponsored_post_logo":"","sponsored_post_desc":""},"jnews_primary_category":{"id":"25"},"footnotes":""},"categories":[25],"tags":[115,13],"class_list":["post-18051","post","type-post","status-publish","format-standard","has-post-thumbnail","hentry","category-rumors","tag-apple-car","tag-techpatient"],"yoast_head":"<!-- This site is optimized with the Yoast SEO Premium plugin v27.5 (Yoast SEO v27.5) - https:\/\/yoast.com\/product\/yoast-seo-premium-wordpress\/ -->\n<title>Apple Car: Markteinf\u00fchrung deutlich sp\u00e4ter als erwartet Apfelpatient<\/title>\n<meta name=\"description\" content=\"Kurz vor Weihnachten wurde die Ger\u00fcchtek\u00fcche in Bezug auf das sogenannte Project Titan - also das Apple Car - stark aufgemischt.\" \/>\n<meta name=\"robots\" content=\"index, follow, max-snippet:-1, max-image-preview:large, max-video-preview:-1\" \/>\n<link rel=\"canonical\" href=\"https:\/\/www.apfelpatient.de\/en\/rumors\/apple-car-market-launch-much-later-than-expected\" \/>\n<meta property=\"og:locale\" content=\"en_US\" \/>\n<meta property=\"og:type\" content=\"article\" \/>\n<meta property=\"og:title\" content=\"Apple Car: Markteinf\u00fchrung deutlich sp\u00e4ter als erwartet\" \/>\n<meta property=\"og:description\" content=\"Kurz vor Weihnachten wurde die Ger\u00fcchtek\u00fcche in Bezug auf das sogenannte Project Titan - also das Apple Car - stark aufgemischt.\" \/>\n<meta property=\"og:url\" content=\"https:\/\/www.apfelpatient.de\/en\/rumors\/apple-car-market-launch-much-later-than-expected\" \/>\n<meta property=\"og:site_name\" content=\"Apfelpatient\" \/>\n<meta property=\"article:publisher\" content=\"https:\/\/www.facebook.com\/apfelpatientOfficial\" \/>\n<meta property=\"article:author\" content=\"https:\/\/www.facebook.com\/apfelpatientOfficial\" \/>\n<meta property=\"article:published_time\" content=\"2020-12-27T22:23:37+00:00\" \/>\n<meta property=\"article:modified_time\" content=\"2021-03-09T11:01:19+00:00\" \/>\n<meta property=\"og:image\" content=\"https:\/\/www.apfelpatient.de\/wp-content\/uploads\/2020\/12\/bigstock-d-rendered-abstract-synthwave-335930629.jpg\" \/>\n\t<meta property=\"og:image:width\" content=\"1600\" \/>\n\t<meta property=\"og:image:height\" content=\"900\" \/>\n\t<meta property=\"og:image:type\" content=\"image\/jpeg\" \/>\n<meta name=\"author\" content=\"Milan\" \/>\n<meta name=\"twitter:card\" content=\"summary_large_image\" \/>\n<meta name=\"twitter:description\" content=\"Kurz vor Weihnachten wurde die Ger\u00fcchtek\u00fcche in Bezug auf das sogenannte Project Titan - also das Apple Car - stark aufgemischt.\" \/>\n<meta name=\"twitter:label1\" content=\"Written by\" \/>\n\t<meta name=\"twitter:data1\" content=\"Milan\" \/>\n\t<meta name=\"twitter:label2\" content=\"Est. reading time\" \/>\n\t<meta name=\"twitter:data2\" content=\"3 minutes\" \/>\n<script type=\"application\/ld+json\" class=\"yoast-schema-graph\">{\"@context\":\"https:\\\/\\\/schema.org\",\"@graph\":[{\"@type\":\"NewsArticle\",\"@id\":\"https:\\\/\\\/www.apfelpatient.de\\\/rumors\\\/apple-car-markteinfuehrung-deutlich-spaeter-als-erwartet#article\",\"isPartOf\":{\"@id\":\"https:\\\/\\\/www.apfelpatient.de\\\/rumors\\\/apple-car-markteinfuehrung-deutlich-spaeter-als-erwartet\"},\"author\":{\"@type\":\"Organization\",\"@id\":\"https:\\\/\\\/www.apfelpatient.de\\\/en\\\/#organization\",\"name\":\"Apfelpatient\",\"url\":\"https:\\\/\\\/www.apfelpatient.de\\\/en\\\/\"},\"headline\":\"Apple Car: Markteinf\u00fchrung deutlich sp\u00e4ter als erwartet\",\"datePublished\":\"2020-12-27T22:23:37+00:00\",\"dateModified\":\"2021-03-09T11:01:19+00:00\",\"mainEntityOfPage\":{\"@id\":\"https:\\\/\\\/www.apfelpatient.de\\\/rumors\\\/apple-car-markteinfuehrung-deutlich-spaeter-als-erwartet\"},\"wordCount\":610,\"publisher\":{\"@type\":\"Organization\",\"@id\":\"https:\\\/\\\/www.apfelpatient.de\\\/en\\\/#organization\",\"name\":\"Apfelpatient\",\"url\":\"https:\\\/\\\/www.apfelpatient.de\\\/en\\\/\"},\"image\":{\"@id\":\"https:\\\/\\\/www.apfelpatient.de\\\/rumors\\\/apple-car-markteinfuehrung-deutlich-spaeter-als-erwartet#primaryimage\"},\"thumbnailUrl\":\"https:\\\/\\\/www.apfelpatient.de\\\/wp-content\\\/uploads\\\/2020\\\/12\\\/bigstock-d-rendered-abstract-synthwave-335930629.jpg\",\"keywords\":[\"Apple Car\",\"TechPatient\"],\"articleSection\":\"Rumors\",\"inLanguage\":\"en-US\",\"copyrightYear\":\"2020\",\"copyrightHolder\":{\"@id\":\"https:\\\/\\\/www.apfelpatient.de\\\/en\\\/#organization\"}},{\"@type\":\"WebPage\",\"@id\":\"https:\\\/\\\/www.apfelpatient.de\\\/rumors\\\/apple-car-markteinfuehrung-deutlich-spaeter-als-erwartet\",\"url\":\"https:\\\/\\\/www.apfelpatient.de\\\/rumors\\\/apple-car-markteinfuehrung-deutlich-spaeter-als-erwartet\",\"name\":\"Apple Car: Markteinf\u00fchrung deutlich sp\u00e4ter als erwartet Apfelpatient\",\"isPartOf\":{\"@id\":\"https:\\\/\\\/www.apfelpatient.de\\\/#website\"},\"primaryImageOfPage\":{\"@id\":\"https:\\\/\\\/www.apfelpatient.de\\\/rumors\\\/apple-car-markteinfuehrung-deutlich-spaeter-als-erwartet#primaryimage\"},\"image\":{\"@id\":\"https:\\\/\\\/www.apfelpatient.de\\\/rumors\\\/apple-car-markteinfuehrung-deutlich-spaeter-als-erwartet#primaryimage\"},\"thumbnailUrl\":\"https:\\\/\\\/www.apfelpatient.de\\\/wp-content\\\/uploads\\\/2020\\\/12\\\/bigstock-d-rendered-abstract-synthwave-335930629.jpg\",\"datePublished\":\"2020-12-27T22:23:37+00:00\",\"dateModified\":\"2021-03-09T11:01:19+00:00\",\"description\":\"Kurz vor Weihnachten wurde die Ger\u00fcchtek\u00fcche in Bezug auf das sogenannte Project Titan - also das Apple Car - stark aufgemischt.\",\"breadcrumb\":{\"@id\":\"https:\\\/\\\/www.apfelpatient.de\\\/rumors\\\/apple-car-markteinfuehrung-deutlich-spaeter-als-erwartet#breadcrumb\"},\"inLanguage\":\"en-US\",\"potentialAction\":[{\"@type\":\"ReadAction\",\"target\":[\"https:\\\/\\\/www.apfelpatient.de\\\/rumors\\\/apple-car-markteinfuehrung-deutlich-spaeter-als-erwartet\"]}]},{\"@type\":\"ImageObject\",\"inLanguage\":\"en-US\",\"@id\":\"https:\\\/\\\/www.apfelpatient.de\\\/rumors\\\/apple-car-markteinfuehrung-deutlich-spaeter-als-erwartet#primaryimage\",\"url\":\"https:\\\/\\\/www.apfelpatient.de\\\/wp-content\\\/uploads\\\/2020\\\/12\\\/bigstock-d-rendered-abstract-synthwave-335930629.jpg\",\"contentUrl\":\"https:\\\/\\\/www.apfelpatient.de\\\/wp-content\\\/uploads\\\/2020\\\/12\\\/bigstock-d-rendered-abstract-synthwave-335930629.jpg\",\"width\":1600,\"height\":900,\"caption\":\"3d rendered abstract synthwave style illustration of a sports car\"},{\"@type\":\"BreadcrumbList\",\"@id\":\"https:\\\/\\\/www.apfelpatient.de\\\/rumors\\\/apple-car-markteinfuehrung-deutlich-spaeter-als-erwartet#breadcrumb\",\"itemListElement\":[{\"@type\":\"ListItem\",\"position\":1,\"name\":\"Startseite\",\"item\":\"https:\\\/\\\/www.apfelpatient.de\\\/\"},{\"@type\":\"ListItem\",\"position\":2,\"name\":\"Apple Car: Markteinf\u00fchrung deutlich sp\u00e4ter als erwartet\"}]},{\"@type\":\"WebSite\",\"@id\":\"https:\\\/\\\/www.apfelpatient.de\\\/#website\",\"url\":\"https:\\\/\\\/www.apfelpatient.de\\\/\",\"name\":\"Apfelpatient\",\"description\":\"Alles rund um Apple!\",\"publisher\":{\"@type\":\"Organization\",\"@id\":\"https:\\\/\\\/www.apfelpatient.de\\\/en\\\/#organization\",\"name\":\"Apfelpatient\",\"url\":\"https:\\\/\\\/www.apfelpatient.de\\\/en\\\/\"},\"alternateName\":\"Apfelpatient\",\"potentialAction\":[{\"@type\":\"SearchAction\",\"target\":{\"@type\":\"EntryPoint\",\"urlTemplate\":\"https:\\\/\\\/www.apfelpatient.de\\\/?s={search_term_string}\"},\"query-input\":{\"@type\":\"PropertyValueSpecification\",\"valueRequired\":true,\"valueName\":\"search_term_string\"}}],\"inLanguage\":\"en-US\"},{\"@type\":[\"Person\",\"Organization\"],\"@id\":\"https:\\\/\\\/www.apfelpatient.de\\\/#\\\/schema\\\/person\\\/7dc56ad6c8e9824b76d2c08d4c140e13\",\"name\":\"Milan\",\"logo\":{\"@id\":\"https:\\\/\\\/www.apfelpatient.de\\\/#\\\/schema\\\/person\\\/image\\\/\"},\"description\":\"Hallo und herzlich willkommen auf meinem Technik-Blog! Als gro\u00dfer Apple-Fan berichte ich hier \u00fcber alles, was mit Apple zu tun hat: von den neuesten News und spannenden Ger\u00fcchten \u00fcber hilfreiche Tipps und Tricks bis hin zu ausf\u00fchrlichen Produkttests. Wenn du genauso technikbegeistert bist wie ich, bist du hier genau richtig!\",\"sameAs\":[\"https:\\\/\\\/www.facebook.com\\\/apfelpatientOfficial\",\"https:\\\/\\\/www.linkedin.com\\\/in\\\/milan-jovicic-42aa0231b\"],\"url\":\"https:\\\/\\\/www.apfelpatient.de\\\/en\\\/author\\\/apfeladmin\"}]}<\/script>\n<!-- \/ Yoast SEO Premium plugin. -->","yoast_head_json":{"title":"Apple Car: Market launch much later than expected Apfelpatient","description":"Shortly before Christmas, the rumor mill was in full swing regarding the so-called Project Titan - the Apple Car.","robots":{"index":"index","follow":"follow","max-snippet":"max-snippet:-1","max-image-preview":"max-image-preview:large","max-video-preview":"max-video-preview:-1"},"canonical":"https:\/\/www.apfelpatient.de\/en\/rumors\/apple-car-market-launch-much-later-than-expected","og_locale":"en_US","og_type":"article","og_title":"Apple Car: Markteinf\u00fchrung deutlich sp\u00e4ter als erwartet","og_description":"Kurz vor Weihnachten wurde die Ger\u00fcchtek\u00fcche in Bezug auf das sogenannte Project Titan - also das Apple Car - stark aufgemischt.","og_url":"https:\/\/www.apfelpatient.de\/en\/rumors\/apple-car-market-launch-much-later-than-expected","og_site_name":"Apfelpatient","article_publisher":"https:\/\/www.facebook.com\/apfelpatientOfficial","article_author":"https:\/\/www.facebook.com\/apfelpatientOfficial","article_published_time":"2020-12-27T22:23:37+00:00","article_modified_time":"2021-03-09T11:01:19+00:00","og_image":[{"width":1600,"height":900,"url":"https:\/\/www.apfelpatient.de\/wp-content\/uploads\/2020\/12\/bigstock-d-rendered-abstract-synthwave-335930629.jpg","type":"image\/jpeg"}],"author":"Milan","twitter_card":"summary_large_image","twitter_description":"Kurz vor Weihnachten wurde die Ger\u00fcchtek\u00fcche in Bezug auf das sogenannte Project Titan - also das Apple Car - stark aufgemischt.","twitter_misc":{"Written by":"Milan","Est. reading time":"3 minutes"},"schema":{"@context":"https:\/\/schema.org","@graph":[{"@type":"NewsArticle","@id":"https:\/\/www.apfelpatient.de\/rumors\/apple-car-markteinfuehrung-deutlich-spaeter-als-erwartet#article","isPartOf":{"@id":"https:\/\/www.apfelpatient.de\/rumors\/apple-car-markteinfuehrung-deutlich-spaeter-als-erwartet"},"author":{"@type":"Organization","@id":"https:\/\/www.apfelpatient.de\/en\/#organization","name":"Apfelpatient","url":"https:\/\/www.apfelpatient.de\/en\/"},"headline":"Apple Car: Markteinf\u00fchrung deutlich sp\u00e4ter als erwartet","datePublished":"2020-12-27T22:23:37+00:00","dateModified":"2021-03-09T11:01:19+00:00","mainEntityOfPage":{"@id":"https:\/\/www.apfelpatient.de\/rumors\/apple-car-markteinfuehrung-deutlich-spaeter-als-erwartet"},"wordCount":610,"publisher":{"@type":"Organization","@id":"https:\/\/www.apfelpatient.de\/en\/#organization","name":"Apfelpatient","url":"https:\/\/www.apfelpatient.de\/en\/"},"image":{"@id":"https:\/\/www.apfelpatient.de\/rumors\/apple-car-markteinfuehrung-deutlich-spaeter-als-erwartet#primaryimage"},"thumbnailUrl":"https:\/\/www.apfelpatient.de\/wp-content\/uploads\/2020\/12\/bigstock-d-rendered-abstract-synthwave-335930629.jpg","keywords":["Apple Car","TechPatient"],"articleSection":"Rumors","inLanguage":"en-US","copyrightYear":"2020","copyrightHolder":{"@id":"https:\/\/www.apfelpatient.de\/en\/#organization"}},{"@type":"WebPage","@id":"https:\/\/www.apfelpatient.de\/rumors\/apple-car-markteinfuehrung-deutlich-spaeter-als-erwartet","url":"https:\/\/www.apfelpatient.de\/rumors\/apple-car-markteinfuehrung-deutlich-spaeter-als-erwartet","name":"Apple Car: Market launch much later than expected Apfelpatient","isPartOf":{"@id":"https:\/\/www.apfelpatient.de\/#website"},"primaryImageOfPage":{"@id":"https:\/\/www.apfelpatient.de\/rumors\/apple-car-markteinfuehrung-deutlich-spaeter-als-erwartet#primaryimage"},"image":{"@id":"https:\/\/www.apfelpatient.de\/rumors\/apple-car-markteinfuehrung-deutlich-spaeter-als-erwartet#primaryimage"},"thumbnailUrl":"https:\/\/www.apfelpatient.de\/wp-content\/uploads\/2020\/12\/bigstock-d-rendered-abstract-synthwave-335930629.jpg","datePublished":"2020-12-27T22:23:37+00:00","dateModified":"2021-03-09T11:01:19+00:00","description":"Shortly before Christmas, the rumor mill was in full swing regarding the so-called Project Titan - the Apple Car.","breadcrumb":{"@id":"https:\/\/www.apfelpatient.de\/rumors\/apple-car-markteinfuehrung-deutlich-spaeter-als-erwartet#breadcrumb"},"inLanguage":"en-US","potentialAction":[{"@type":"ReadAction","target":["https:\/\/www.apfelpatient.de\/rumors\/apple-car-markteinfuehrung-deutlich-spaeter-als-erwartet"]}]},{"@type":"ImageObject","inLanguage":"en-US","@id":"https:\/\/www.apfelpatient.de\/rumors\/apple-car-markteinfuehrung-deutlich-spaeter-als-erwartet#primaryimage","url":"https:\/\/www.apfelpatient.de\/wp-content\/uploads\/2020\/12\/bigstock-d-rendered-abstract-synthwave-335930629.jpg","contentUrl":"https:\/\/www.apfelpatient.de\/wp-content\/uploads\/2020\/12\/bigstock-d-rendered-abstract-synthwave-335930629.jpg","width":1600,"height":900,"caption":"3d rendered abstract synthwave style illustration of a sports car"},{"@type":"BreadcrumbList","@id":"https:\/\/www.apfelpatient.de\/rumors\/apple-car-markteinfuehrung-deutlich-spaeter-als-erwartet#breadcrumb","itemListElement":[{"@type":"ListItem","position":1,"name":"Startseite","item":"https:\/\/www.apfelpatient.de\/"},{"@type":"ListItem","position":2,"name":"Apple Car: Markteinf\u00fchrung deutlich sp\u00e4ter als erwartet"}]},{"@type":"WebSite","@id":"https:\/\/www.apfelpatient.de\/#website","url":"https:\/\/www.apfelpatient.de\/","name":"apple patient","description":"Everything about Apple!","publisher":{"@type":"Organization","@id":"https:\/\/www.apfelpatient.de\/en\/#organization","name":"Apfelpatient","url":"https:\/\/www.apfelpatient.de\/en\/"},"alternateName":"Apfelpatient","potentialAction":[{"@type":"SearchAction","target":{"@type":"EntryPoint","urlTemplate":"https:\/\/www.apfelpatient.de\/?s={search_term_string}"},"query-input":{"@type":"PropertyValueSpecification","valueRequired":true,"valueName":"search_term_string"}}],"inLanguage":"en-US"},{"@type":["Person","Organization"],"@id":"https:\/\/www.apfelpatient.de\/#\/schema\/person\/7dc56ad6c8e9824b76d2c08d4c140e13","name":"Milan","logo":{"@id":"https:\/\/www.apfelpatient.de\/#\/schema\/person\/image\/"},"description":"Hello and welcome to my technology blog! As a big Apple fan, I report on everything to do with Apple: from the latest news and exciting rumors to helpful tips and tricks and detailed product tests. If you are as enthusiastic about technology as I am, you have come to the right place!","sameAs":["https:\/\/www.facebook.com\/apfelpatientOfficial","https:\/\/www.linkedin.com\/in\/milan-jovicic-42aa0231b"],"url":"https:\/\/www.apfelpatient.de\/en\/author\/apfeladmin"}]}},"_links":{"self":[{"href":"https:\/\/www.apfelpatient.de\/en\/wp-json\/wp\/v2\/posts\/18051","targetHints":{"allow":["GET"]}}],"collection":[{"href":"https:\/\/www.apfelpatient.de\/en\/wp-json\/wp\/v2\/posts"}],"about":[{"href":"https:\/\/www.apfelpatient.de\/en\/wp-json\/wp\/v2\/types\/post"}],"author":[{"embeddable":true,"href":"https:\/\/www.apfelpatient.de\/en\/wp-json\/wp\/v2\/users\/2"}],"replies":[{"embeddable":true,"href":"https:\/\/www.apfelpatient.de\/en\/wp-json\/wp\/v2\/comments?post=18051"}],"version-history":[{"count":0,"href":"https:\/\/www.apfelpatient.de\/en\/wp-json\/wp\/v2\/posts\/18051\/revisions"}],"wp:featuredmedia":[{"embeddable":true,"href":"https:\/\/www.apfelpatient.de\/en\/wp-json\/wp\/v2\/media\/18052"}],"wp:attachment":[{"href":"https:\/\/www.apfelpatient.de\/en\/wp-json\/wp\/v2\/media?parent=18051"}],"wp:term":[{"taxonomy":"category","embeddable":true,"href":"https:\/\/www.apfelpatient.de\/en\/wp-json\/wp\/v2\/categories?post=18051"},{"taxonomy":"post_tag","embeddable":true,"href":"https:\/\/www.apfelpatient.de\/en\/wp-json\/wp\/v2\/tags?post=18051"}],"curies":[{"name":"wp","href":"https:\/\/api.w.org\/{rel}","templated":true}]}}