{"id":1790,"date":"2018-08-30T18:37:56","date_gmt":"2018-08-30T16:37:56","guid":{"rendered":"https:\/\/www.apfelpatient.de\/?p=1790"},"modified":"2025-02-06T07:06:34","modified_gmt":"2025-02-06T06:06:34","slug":"apple-keynote-now-its-official","status":"publish","type":"post","link":"https:\/\/www.apfelpatient.de\/en\/news\/apple-keynote-nun-ist-es-offiziell","title":{"rendered":"Apple Keynote: Now it&#039;s official"},"content":{"rendered":"<p><strong>The time has finally come. Apple has just sent out invitations to the keynote. The iCompany is inviting people to its in-house Steve Jobs Theater in Cupertino.<\/strong><\/p>\n\n<p>After long speculations and many rumors, Apple will most likely present three new iPhones on September 12th. The second generation iPhone X with a 5.8&quot; display and the &quot;iPhone X Plus&quot; with a 6.5&quot; display are expected. Our personal favorite! A nearly edgeless LCD iPhone with a 6.1&quot; display is also expected to see the light of day. Compared to the X models, the LCD iPhone will probably be the product for the mass market, as it will be significantly cheaper.<\/p>\n<p>The <a href=\"https:\/\/www.apple.com\/apple-events\/september-2018\/\" target=\"_blank\" rel=\"noopener noreferrer\">live broadcast<\/a> starts as usual at 7 p.m.<\/p>\n<h4><a href=\"https:\/\/t.me\/apfelpatient_official\"><em><strong>Don&#039;t want to miss any more news? Then subscribe to our Telegram channel here<\/strong><\/em><\/a><\/h4>\n<p><strong>Also interesting:<\/strong><\/p>\n\n<p><a href=\"https:\/\/www.apfelpatient.de\/en\" target=\"_blank\" rel=\"noopener noreferrer\"><strong>Apple Watch Series 4 Leak: This is what the 4th generation looks like<\/strong><\/a><\/p>\n<p><a href=\"https:\/\/www.apfelpatient.de\/en\" target=\"_blank\" rel=\"noopener noreferrer\"><strong>2018 iPhone Xs Leak: These are the new premium models<\/strong><\/a><\/p>\n<p>&nbsp;<\/p>","protected":false},"excerpt":{"rendered":"<p>Endlich ist es soweit. Apple hat soeben Einladungen zur Keynote verschickt. Der iKonzern l\u00e4dt in das hauseigene Steve Jobs Theatre in Cupertino ein. Nach langen Spekulationen und vielen Ger\u00fcchten wird Apple am 12. September h\u00f6chstwahrscheinlich drei neue iPhones vorstellen. Erwartet werden das iPhone X mit 5.8\u201c der zweiten Generation und das \u201eiPhone X Plus\u201c mit [&hellip;]<\/p>\n","protected":false},"author":2,"featured_media":1791,"comment_status":"open","ping_status":"open","sticky":false,"template":"","format":"standard","meta":{"jnews-multi-image_gallery":[],"jnews_single_post":[],"jnews_primary_category":[],"footnotes":""},"categories":[9],"tags":[112,14,8,88,38,39],"class_list":["post-1790","post","type-post","status-publish","format-standard","has-post-thumbnail","hentry","category-news","tag-apple-keynote","tag-apple-watch","tag-iphone","tag-iphone-lcd","tag-iphone-x","tag-iphone-x-plus"],"yoast_head":"<!-- This site is optimized with the Yoast SEO Premium plugin v27.5 (Yoast SEO v27.5) - https:\/\/yoast.com\/product\/yoast-seo-premium-wordpress\/ -->\n<title>Apple Keynote: Nun ist es offiziell Apfelpatient<\/title>\n<meta name=\"description\" content=\"Endlich ist es soweit. Apple hat soeben Einladungen zur Keynote verschickt. Der iKonzern l\u00e4dt in das hauseigene Steve Jobs Theatre in Cupertino ein. Nach\" \/>\n<meta name=\"robots\" content=\"index, follow, max-snippet:-1, max-image-preview:large, max-video-preview:-1\" \/>\n<link rel=\"canonical\" href=\"https:\/\/www.apfelpatient.de\/en\/news\/apple-keynote-now-its-official\" \/>\n<meta property=\"og:locale\" content=\"en_US\" \/>\n<meta property=\"og:type\" content=\"article\" \/>\n<meta property=\"og:title\" content=\"Apple Keynote: Nun ist es offiziell\" \/>\n<meta property=\"og:description\" content=\"Endlich ist es soweit. Apple hat soeben Einladungen zur Keynote verschickt. Der iKonzern l\u00e4dt in das hauseigene Steve Jobs Theatre in Cupertino ein. Nach\" \/>\n<meta property=\"og:url\" content=\"https:\/\/www.apfelpatient.de\/en\/news\/apple-keynote-now-its-official\" \/>\n<meta property=\"og:site_name\" content=\"Apfelpatient\" \/>\n<meta property=\"article:publisher\" content=\"https:\/\/www.facebook.com\/apfelpatientOfficial\" \/>\n<meta property=\"article:author\" content=\"https:\/\/www.facebook.com\/apfelpatientOfficial\" \/>\n<meta property=\"article:published_time\" content=\"2018-08-30T16:37:56+00:00\" \/>\n<meta property=\"article:modified_time\" content=\"2025-02-06T06:06:34+00:00\" \/>\n<meta property=\"og:image\" content=\"https:\/\/www.apfelpatient.de\/wp-content\/uploads\/2018\/08\/IMG_8783.jpg\" \/>\n\t<meta property=\"og:image:width\" content=\"1200\" \/>\n\t<meta property=\"og:image:height\" content=\"833\" \/>\n\t<meta property=\"og:image:type\" content=\"image\/jpeg\" \/>\n<meta name=\"author\" content=\"Milan\" \/>\n<meta name=\"twitter:card\" content=\"summary_large_image\" \/>\n<meta name=\"twitter:label1\" content=\"Written by\" \/>\n\t<meta name=\"twitter:data1\" content=\"Milan\" \/>\n\t<meta name=\"twitter:label2\" content=\"Est. reading time\" \/>\n\t<meta name=\"twitter:data2\" content=\"1 minute\" \/>\n<script type=\"application\/ld+json\" class=\"yoast-schema-graph\">{\"@context\":\"https:\\\/\\\/schema.org\",\"@graph\":[{\"@type\":\"NewsArticle\",\"@id\":\"https:\\\/\\\/www.apfelpatient.de\\\/news\\\/apple-keynote-nun-ist-es-offiziell#article\",\"isPartOf\":{\"@id\":\"https:\\\/\\\/www.apfelpatient.de\\\/news\\\/apple-keynote-nun-ist-es-offiziell\"},\"author\":{\"@type\":\"Organization\",\"@id\":\"https:\\\/\\\/www.apfelpatient.de\\\/en\\\/#organization\",\"name\":\"Apfelpatient\",\"url\":\"https:\\\/\\\/www.apfelpatient.de\\\/en\\\/\"},\"headline\":\"Apple Keynote: Nun ist es offiziell\",\"datePublished\":\"2018-08-30T16:37:56+00:00\",\"dateModified\":\"2025-02-06T06:06:34+00:00\",\"mainEntityOfPage\":{\"@id\":\"https:\\\/\\\/www.apfelpatient.de\\\/news\\\/apple-keynote-nun-ist-es-offiziell\"},\"wordCount\":150,\"commentCount\":0,\"publisher\":{\"@type\":\"Organization\",\"@id\":\"https:\\\/\\\/www.apfelpatient.de\\\/en\\\/#organization\",\"name\":\"Apfelpatient\",\"url\":\"https:\\\/\\\/www.apfelpatient.de\\\/en\\\/\"},\"image\":{\"@id\":\"https:\\\/\\\/www.apfelpatient.de\\\/news\\\/apple-keynote-nun-ist-es-offiziell#primaryimage\"},\"thumbnailUrl\":\"https:\\\/\\\/www.apfelpatient.de\\\/wp-content\\\/uploads\\\/2018\\\/08\\\/IMG_8783.jpg\",\"keywords\":[\"Apple Keynote\",\"Apple Watch\",\"iPhone\",\"iPhone LCD\",\"iPhone X\",\"iPhone X Plus\"],\"articleSection\":\"News\",\"inLanguage\":\"en-US\",\"potentialAction\":[{\"@type\":\"CommentAction\",\"name\":\"Comment\",\"target\":[\"https:\\\/\\\/www.apfelpatient.de\\\/news\\\/apple-keynote-nun-ist-es-offiziell#respond\"]}],\"copyrightYear\":\"2018\",\"copyrightHolder\":{\"@id\":\"https:\\\/\\\/www.apfelpatient.de\\\/en\\\/#organization\"}},{\"@type\":\"WebPage\",\"@id\":\"https:\\\/\\\/www.apfelpatient.de\\\/news\\\/apple-keynote-nun-ist-es-offiziell\",\"url\":\"https:\\\/\\\/www.apfelpatient.de\\\/news\\\/apple-keynote-nun-ist-es-offiziell\",\"name\":\"Apple Keynote: Nun ist es offiziell Apfelpatient\",\"isPartOf\":{\"@id\":\"https:\\\/\\\/www.apfelpatient.de\\\/#website\"},\"primaryImageOfPage\":{\"@id\":\"https:\\\/\\\/www.apfelpatient.de\\\/news\\\/apple-keynote-nun-ist-es-offiziell#primaryimage\"},\"image\":{\"@id\":\"https:\\\/\\\/www.apfelpatient.de\\\/news\\\/apple-keynote-nun-ist-es-offiziell#primaryimage\"},\"thumbnailUrl\":\"https:\\\/\\\/www.apfelpatient.de\\\/wp-content\\\/uploads\\\/2018\\\/08\\\/IMG_8783.jpg\",\"datePublished\":\"2018-08-30T16:37:56+00:00\",\"dateModified\":\"2025-02-06T06:06:34+00:00\",\"description\":\"Endlich ist es soweit. Apple hat soeben Einladungen zur Keynote verschickt. Der iKonzern l\u00e4dt in das hauseigene Steve Jobs Theatre in Cupertino ein. Nach\",\"breadcrumb\":{\"@id\":\"https:\\\/\\\/www.apfelpatient.de\\\/news\\\/apple-keynote-nun-ist-es-offiziell#breadcrumb\"},\"inLanguage\":\"en-US\",\"potentialAction\":[{\"@type\":\"ReadAction\",\"target\":[\"https:\\\/\\\/www.apfelpatient.de\\\/news\\\/apple-keynote-nun-ist-es-offiziell\"]}]},{\"@type\":\"ImageObject\",\"inLanguage\":\"en-US\",\"@id\":\"https:\\\/\\\/www.apfelpatient.de\\\/news\\\/apple-keynote-nun-ist-es-offiziell#primaryimage\",\"url\":\"https:\\\/\\\/www.apfelpatient.de\\\/wp-content\\\/uploads\\\/2018\\\/08\\\/IMG_8783.jpg\",\"contentUrl\":\"https:\\\/\\\/www.apfelpatient.de\\\/wp-content\\\/uploads\\\/2018\\\/08\\\/IMG_8783.jpg\",\"width\":1200,\"height\":833,\"caption\":\"Bild: Apple\"},{\"@type\":\"BreadcrumbList\",\"@id\":\"https:\\\/\\\/www.apfelpatient.de\\\/news\\\/apple-keynote-nun-ist-es-offiziell#breadcrumb\",\"itemListElement\":[{\"@type\":\"ListItem\",\"position\":1,\"name\":\"Startseite\",\"item\":\"https:\\\/\\\/www.apfelpatient.de\\\/\"},{\"@type\":\"ListItem\",\"position\":2,\"name\":\"Apple Keynote: Nun ist es offiziell\"}]},{\"@type\":\"WebSite\",\"@id\":\"https:\\\/\\\/www.apfelpatient.de\\\/#website\",\"url\":\"https:\\\/\\\/www.apfelpatient.de\\\/\",\"name\":\"Apfelpatient\",\"description\":\"Alles rund um Apple!\",\"publisher\":{\"@type\":\"Organization\",\"@id\":\"https:\\\/\\\/www.apfelpatient.de\\\/en\\\/#organization\",\"name\":\"Apfelpatient\",\"url\":\"https:\\\/\\\/www.apfelpatient.de\\\/en\\\/\"},\"alternateName\":\"Apfelpatient\",\"potentialAction\":[{\"@type\":\"SearchAction\",\"target\":{\"@type\":\"EntryPoint\",\"urlTemplate\":\"https:\\\/\\\/www.apfelpatient.de\\\/?s={search_term_string}\"},\"query-input\":{\"@type\":\"PropertyValueSpecification\",\"valueRequired\":true,\"valueName\":\"search_term_string\"}}],\"inLanguage\":\"en-US\"},{\"@type\":[\"Person\",\"Organization\"],\"@id\":\"https:\\\/\\\/www.apfelpatient.de\\\/#\\\/schema\\\/person\\\/7dc56ad6c8e9824b76d2c08d4c140e13\",\"name\":\"Milan\",\"logo\":{\"@id\":\"https:\\\/\\\/www.apfelpatient.de\\\/#\\\/schema\\\/person\\\/image\\\/\"},\"description\":\"Hallo und herzlich willkommen auf meinem Technik-Blog! Als gro\u00dfer Apple-Fan berichte ich hier \u00fcber alles, was mit Apple zu tun hat: von den neuesten News und spannenden Ger\u00fcchten \u00fcber hilfreiche Tipps und Tricks bis hin zu ausf\u00fchrlichen Produkttests. Wenn du genauso technikbegeistert bist wie ich, bist du hier genau richtig!\",\"sameAs\":[\"https:\\\/\\\/www.facebook.com\\\/apfelpatientOfficial\",\"https:\\\/\\\/www.linkedin.com\\\/in\\\/milan-jovicic-42aa0231b\"],\"url\":\"https:\\\/\\\/www.apfelpatient.de\\\/en\\\/author\\\/apfeladmin\"}]}<\/script>\n<!-- \/ Yoast SEO Premium plugin. -->","yoast_head_json":{"title":"Apple Keynote: Now it&#039;s official Apfelpatient","description":"The time has finally come. Apple has just sent out invitations to the keynote. The iGroup is inviting people to the in-house Steve Jobs Theater in Cupertino. After","robots":{"index":"index","follow":"follow","max-snippet":"max-snippet:-1","max-image-preview":"max-image-preview:large","max-video-preview":"max-video-preview:-1"},"canonical":"https:\/\/www.apfelpatient.de\/en\/news\/apple-keynote-now-its-official","og_locale":"en_US","og_type":"article","og_title":"Apple Keynote: Nun ist es offiziell","og_description":"Endlich ist es soweit. Apple hat soeben Einladungen zur Keynote verschickt. Der iKonzern l\u00e4dt in das hauseigene Steve Jobs Theatre in Cupertino ein. Nach","og_url":"https:\/\/www.apfelpatient.de\/en\/news\/apple-keynote-now-its-official","og_site_name":"Apfelpatient","article_publisher":"https:\/\/www.facebook.com\/apfelpatientOfficial","article_author":"https:\/\/www.facebook.com\/apfelpatientOfficial","article_published_time":"2018-08-30T16:37:56+00:00","article_modified_time":"2025-02-06T06:06:34+00:00","og_image":[{"width":1200,"height":833,"url":"https:\/\/www.apfelpatient.de\/wp-content\/uploads\/2018\/08\/IMG_8783.jpg","type":"image\/jpeg"}],"author":"Milan","twitter_card":"summary_large_image","twitter_misc":{"Written by":"Milan","Est. reading time":"1 minute"},"schema":{"@context":"https:\/\/schema.org","@graph":[{"@type":"NewsArticle","@id":"https:\/\/www.apfelpatient.de\/news\/apple-keynote-nun-ist-es-offiziell#article","isPartOf":{"@id":"https:\/\/www.apfelpatient.de\/news\/apple-keynote-nun-ist-es-offiziell"},"author":{"@type":"Organization","@id":"https:\/\/www.apfelpatient.de\/en\/#organization","name":"Apfelpatient","url":"https:\/\/www.apfelpatient.de\/en\/"},"headline":"Apple Keynote: Nun ist es offiziell","datePublished":"2018-08-30T16:37:56+00:00","dateModified":"2025-02-06T06:06:34+00:00","mainEntityOfPage":{"@id":"https:\/\/www.apfelpatient.de\/news\/apple-keynote-nun-ist-es-offiziell"},"wordCount":150,"commentCount":0,"publisher":{"@type":"Organization","@id":"https:\/\/www.apfelpatient.de\/en\/#organization","name":"Apfelpatient","url":"https:\/\/www.apfelpatient.de\/en\/"},"image":{"@id":"https:\/\/www.apfelpatient.de\/news\/apple-keynote-nun-ist-es-offiziell#primaryimage"},"thumbnailUrl":"https:\/\/www.apfelpatient.de\/wp-content\/uploads\/2018\/08\/IMG_8783.jpg","keywords":["Apple Keynote","Apple Watch","iPhone","iPhone LCD","iPhone X","iPhone X Plus"],"articleSection":"News","inLanguage":"en-US","potentialAction":[{"@type":"CommentAction","name":"Comment","target":["https:\/\/www.apfelpatient.de\/news\/apple-keynote-nun-ist-es-offiziell#respond"]}],"copyrightYear":"2018","copyrightHolder":{"@id":"https:\/\/www.apfelpatient.de\/en\/#organization"}},{"@type":"WebPage","@id":"https:\/\/www.apfelpatient.de\/news\/apple-keynote-nun-ist-es-offiziell","url":"https:\/\/www.apfelpatient.de\/news\/apple-keynote-nun-ist-es-offiziell","name":"Apple Keynote: Now it&#039;s official Apfelpatient","isPartOf":{"@id":"https:\/\/www.apfelpatient.de\/#website"},"primaryImageOfPage":{"@id":"https:\/\/www.apfelpatient.de\/news\/apple-keynote-nun-ist-es-offiziell#primaryimage"},"image":{"@id":"https:\/\/www.apfelpatient.de\/news\/apple-keynote-nun-ist-es-offiziell#primaryimage"},"thumbnailUrl":"https:\/\/www.apfelpatient.de\/wp-content\/uploads\/2018\/08\/IMG_8783.jpg","datePublished":"2018-08-30T16:37:56+00:00","dateModified":"2025-02-06T06:06:34+00:00","description":"The time has finally come. Apple has just sent out invitations to the keynote. The iGroup is inviting people to the in-house Steve Jobs Theater in Cupertino. After","breadcrumb":{"@id":"https:\/\/www.apfelpatient.de\/news\/apple-keynote-nun-ist-es-offiziell#breadcrumb"},"inLanguage":"en-US","potentialAction":[{"@type":"ReadAction","target":["https:\/\/www.apfelpatient.de\/news\/apple-keynote-nun-ist-es-offiziell"]}]},{"@type":"ImageObject","inLanguage":"en-US","@id":"https:\/\/www.apfelpatient.de\/news\/apple-keynote-nun-ist-es-offiziell#primaryimage","url":"https:\/\/www.apfelpatient.de\/wp-content\/uploads\/2018\/08\/IMG_8783.jpg","contentUrl":"https:\/\/www.apfelpatient.de\/wp-content\/uploads\/2018\/08\/IMG_8783.jpg","width":1200,"height":833,"caption":"Bild: Apple"},{"@type":"BreadcrumbList","@id":"https:\/\/www.apfelpatient.de\/news\/apple-keynote-nun-ist-es-offiziell#breadcrumb","itemListElement":[{"@type":"ListItem","position":1,"name":"Startseite","item":"https:\/\/www.apfelpatient.de\/"},{"@type":"ListItem","position":2,"name":"Apple Keynote: Nun ist es offiziell"}]},{"@type":"WebSite","@id":"https:\/\/www.apfelpatient.de\/#website","url":"https:\/\/www.apfelpatient.de\/","name":"apple patient","description":"Everything about Apple!","publisher":{"@type":"Organization","@id":"https:\/\/www.apfelpatient.de\/en\/#organization","name":"Apfelpatient","url":"https:\/\/www.apfelpatient.de\/en\/"},"alternateName":"Apfelpatient","potentialAction":[{"@type":"SearchAction","target":{"@type":"EntryPoint","urlTemplate":"https:\/\/www.apfelpatient.de\/?s={search_term_string}"},"query-input":{"@type":"PropertyValueSpecification","valueRequired":true,"valueName":"search_term_string"}}],"inLanguage":"en-US"},{"@type":["Person","Organization"],"@id":"https:\/\/www.apfelpatient.de\/#\/schema\/person\/7dc56ad6c8e9824b76d2c08d4c140e13","name":"Milan","logo":{"@id":"https:\/\/www.apfelpatient.de\/#\/schema\/person\/image\/"},"description":"Hello and welcome to my technology blog! As a big Apple fan, I report on everything to do with Apple: from the latest news and exciting rumors to helpful tips and tricks and detailed product tests. If you are as enthusiastic about technology as I am, you have come to the right place!","sameAs":["https:\/\/www.facebook.com\/apfelpatientOfficial","https:\/\/www.linkedin.com\/in\/milan-jovicic-42aa0231b"],"url":"https:\/\/www.apfelpatient.de\/en\/author\/apfeladmin"}]}},"_links":{"self":[{"href":"https:\/\/www.apfelpatient.de\/en\/wp-json\/wp\/v2\/posts\/1790","targetHints":{"allow":["GET"]}}],"collection":[{"href":"https:\/\/www.apfelpatient.de\/en\/wp-json\/wp\/v2\/posts"}],"about":[{"href":"https:\/\/www.apfelpatient.de\/en\/wp-json\/wp\/v2\/types\/post"}],"author":[{"embeddable":true,"href":"https:\/\/www.apfelpatient.de\/en\/wp-json\/wp\/v2\/users\/2"}],"replies":[{"embeddable":true,"href":"https:\/\/www.apfelpatient.de\/en\/wp-json\/wp\/v2\/comments?post=1790"}],"version-history":[{"count":0,"href":"https:\/\/www.apfelpatient.de\/en\/wp-json\/wp\/v2\/posts\/1790\/revisions"}],"wp:featuredmedia":[{"embeddable":true,"href":"https:\/\/www.apfelpatient.de\/en\/wp-json\/wp\/v2\/media\/1791"}],"wp:attachment":[{"href":"https:\/\/www.apfelpatient.de\/en\/wp-json\/wp\/v2\/media?parent=1790"}],"wp:term":[{"taxonomy":"category","embeddable":true,"href":"https:\/\/www.apfelpatient.de\/en\/wp-json\/wp\/v2\/categories?post=1790"},{"taxonomy":"post_tag","embeddable":true,"href":"https:\/\/www.apfelpatient.de\/en\/wp-json\/wp\/v2\/tags?post=1790"}],"curies":[{"name":"wp","href":"https:\/\/api.w.org\/{rel}","templated":true}]}}