{"id":17882,"date":"2020-12-16T16:26:42","date_gmt":"2020-12-16T15:26:42","guid":{"rendered":"https:\/\/www.apfelpatient.de\/?p=17882"},"modified":"2020-12-16T16:26:43","modified_gmt":"2020-12-16T15:26:43","slug":"apple-celebrates-milestone-year-of-giving","status":"publish","type":"post","link":"https:\/\/www.apfelpatient.de\/en\/news\/apple-feiert-meilenstein-jahr-des-gebens","title":{"rendered":"Apple celebrates &quot;milestone year of giving&quot;"},"content":{"rendered":"<p class=\"has-drop-cap\"><strong>Apple&#039;s &quot;Employee Giving Program&quot; is celebrating its biggest year yet in 2020. The company has now announced this in a press release.<\/strong><\/p>\n\n\n\n<p>Apple is celebrating a \u201clandmark year of giving\u201d for the company today. The iPhone producer writes in a press release:<\/p>\n\n\n\n<blockquote class=\"wp-block-quote is-layout-flow wp-block-quote-is-layout-flow\"><p>For every hour an employee volunteers or dollar they donate, Apple matches the amount with a monetary donation to the same organization. Since the program began in 2011, Apple employees have raised nearly $600 million in total donations\u2014including more than 1.6 million hours of volunteer work\u2014for more than 34,000 organizations. This is in addition to donations the Apple Community Investment team makes each year to nonprofits around the world, including Feeding America, FIRST, Malala Fund, Simplon, and many others. Apple also invests in an annual multimillion-dollar grant program designed to support organizations in the communities where Apple teams live and work, including food banks, health and human services, youth arts programs, and more. This holiday season, Apple is donating an additional $5 million to support a range of global organizations helping families and communities around the world weather the storm of the COVID-19 pandemic\u2014from hunger relief to medical care.<\/p><\/blockquote>\n\n\n\n<figure class=\"wp-block-image size-large\"><img decoding=\"async\" width=\"1024\" height=\"577\" src=\"https:\/\/www.apfelpatient.de\/wp-content\/uploads\/2020\/12\/Apple_Donations-infographic_12162020-1024x577.jpg\" alt=\"\" class=\"wp-image-17883\" srcset=\"https:\/\/www.apfelpatient.de\/wp-content\/uploads\/2020\/12\/Apple_Donations-infographic_12162020-1024x577.jpg 1024w, https:\/\/www.apfelpatient.de\/wp-content\/uploads\/2020\/12\/Apple_Donations-infographic_12162020-300x169.jpg 300w, https:\/\/www.apfelpatient.de\/wp-content\/uploads\/2020\/12\/Apple_Donations-infographic_12162020-768x432.jpg 768w, https:\/\/www.apfelpatient.de\/wp-content\/uploads\/2020\/12\/Apple_Donations-infographic_12162020-1536x865.jpg 1536w, https:\/\/www.apfelpatient.de\/wp-content\/uploads\/2020\/12\/Apple_Donations-infographic_12162020-750x422.jpg 750w, https:\/\/www.apfelpatient.de\/wp-content\/uploads\/2020\/12\/Apple_Donations-infographic_12162020-1140x642.jpg 1140w, https:\/\/www.apfelpatient.de\/wp-content\/uploads\/2020\/12\/Apple_Donations-infographic_12162020.jpg 1600w\" sizes=\"(max-width: 1024px) 100vw, 1024px\" \/><figcaption>Image: Apple<\/figcaption><\/figure>\n\n\n\n<h3 class=\"wp-block-heading\" id=\"h-apple-seit-2011-aktiv\">Apple: Active since 2011<\/h3>\n\n\n\n\n\n\n\n<p>The announcement also highlights specific projects the company has supported, such as the British Red Cross&#039;s Miles for Refugees event in London, which raised over \u00a32 million, and projects such as the Caritas of Austin project in Texas:<\/p>\n\n\n\n<blockquote class=\"wp-block-quote is-layout-flow wp-block-quote-is-layout-flow\"><p>In Austin, Texas, home to Apple&#039;s largest campus outside of Cupertino, California, the organization Caritas of Austin works with people experiencing or at risk of homelessness. From March to September 2020, it helped house 30 percent more individuals and families than in the same period the previous year; this help included financial support for many who had lost their jobs because of the pandemic.<\/p><\/blockquote>\n\n\n\n<p>Apple says that since 2011, the company has donated $600 million, supported 34,000 global organizations, and contributed 1.6 million hours of volunteer work. You can read the full press release <a href=\"https:\/\/www.apple.com\/newsroom\/2020\/12\/a-landmark-year-of-giving-from-apple\/\" target=\"_blank\" rel=\"noreferrer noopener\">here<\/a> view. <em>(Image: Apple)<\/em><\/p>\n\n\n\n<ul class=\"wp-block-list\"><li><a href=\"https:\/\/www.apfelpatient.de\/en\/news\/macbook-nomad-unveils-brand-new-cases-and-mousepads\">MacBook: Nomad unveils brand new cases and mousepads<\/a><\/li><\/ul>\n\n\n\n<h6 class=\"wp-block-heading translation-block\" id=\"h-kennt-ihr-schon-unsere-amazon-storefront-dort-findet-ihr-eine-handverlesene-auswahl-von-diversen-produkten-f-r-euer-iphone-und-co-viel-spa-beim-st-bern\"><em>Have you already visited our Amazon Storefront? There you&#039;ll find a hand-picked selection of various products for your iPhone and other devices \u2013 <span class=\"has-inline-color has-vivid-red-color\"><a href=\"https:\/\/www.amazon.de\/shop\/apfelpatientofficial\" class=\"ek-link\" data-wpel-link=\"exclude\" rel=\"follow noopener\" target=\"_self\"><span style=\"text-decoration: underline\" class=\"ek-underline\">enjoy browsing<\/span><\/a> !<\/span><\/em><\/h6>\n\n\n\n<h6 class=\"wp-block-heading translation-block\" id=\"h-der-beitrag-enthalt-partnerlinks\">This post contains <a data-type=\"URL\" data-id=\"https:\/\/www.apfelpatient.de\/partnerprogramm\" href=\"https:\/\/www.apfelpatient.de\/en\/partner-program\" data-wpel-link=\"internal\" target=\"_self\">affiliate links<\/a>.<\/h6>","protected":false},"excerpt":{"rendered":"<p>Apple&#039;s employee giving program is celebrating its biggest year yet in 2020. The company has now announced this.<\/p>","protected":false},"author":2,"featured_media":17887,"comment_status":"closed","ping_status":"closed","sticky":false,"template":"","format":"standard","meta":{"jnews-multi-image_gallery":[],"jnews_single_post":{"subtitle":"","format":"standard","video":"","gallery":"","source_name":"","source_url":"","via_name":"","via_url":"","override":[{"single_blog_custom":"","sidebar":"","second_sidebar":"","share_position":"","share_float_style":"","post_date_format":"","post_date_format_custom":"","post_reading_time_wpm":"","zoom_button_out_step":"1","zoom_button_in_step":"1","number_popup_post":"1"}],"image_override":[{"single_post_thumbnail_size":"","single_post_gallery_size":""}],"trending_post_position":"","trending_post_label":"","sponsored_post_label":"","sponsored_post_name":"","sponsored_post_url":"","sponsored_post_logo":"","sponsored_post_desc":""},"jnews_primary_category":{"id":"9"},"footnotes":""},"categories":[9],"tags":[13],"class_list":["post-17882","post","type-post","status-publish","format-standard","has-post-thumbnail","hentry","category-news","tag-techpatient"],"yoast_head":"<!-- This site is optimized with the Yoast SEO Premium plugin v27.5 (Yoast SEO v27.5) - https:\/\/yoast.com\/product\/yoast-seo-premium-wordpress\/ -->\n<title>Apple feiert &quot;Meilenstein-Jahr des Gebens&quot; Apfelpatient<\/title>\n<meta name=\"description\" content=\"Apples &quot;Mitarbeiter-Spendenprogramm&quot; feiert im Jahr 2020 sein bisher gr\u00f6\u00dftes Jahr. Das gab das Unternehmen nun bekannt.\" \/>\n<meta name=\"robots\" content=\"index, follow, max-snippet:-1, max-image-preview:large, max-video-preview:-1\" \/>\n<link rel=\"canonical\" href=\"https:\/\/www.apfelpatient.de\/en\/news\/apple-celebrates-milestone-year-of-giving\" \/>\n<meta property=\"og:locale\" content=\"en_US\" \/>\n<meta property=\"og:type\" content=\"article\" \/>\n<meta property=\"og:title\" content=\"Apple feiert &quot;Meilenstein-Jahr des Gebens&quot;\" \/>\n<meta property=\"og:description\" content=\"Apples &quot;Mitarbeiter-Spendenprogramm&quot; feiert im Jahr 2020 sein bisher gr\u00f6\u00dftes Jahr. Das gab das Unternehmen nun bekannt.\" \/>\n<meta property=\"og:url\" content=\"https:\/\/www.apfelpatient.de\/en\/news\/apple-celebrates-milestone-year-of-giving\" \/>\n<meta property=\"og:site_name\" content=\"Apfelpatient\" \/>\n<meta property=\"article:publisher\" content=\"https:\/\/www.facebook.com\/apfelpatientOfficial\" \/>\n<meta property=\"article:author\" content=\"https:\/\/www.facebook.com\/apfelpatientOfficial\" \/>\n<meta property=\"article:published_time\" content=\"2020-12-16T15:26:42+00:00\" \/>\n<meta property=\"article:modified_time\" content=\"2020-12-16T15:26:43+00:00\" \/>\n<meta property=\"og:image\" content=\"https:\/\/www.apfelpatient.de\/wp-content\/uploads\/2020\/12\/Apple_giving-dec-2020_hero_12162020.jpg\" \/>\n\t<meta property=\"og:image:width\" content=\"1600\" \/>\n\t<meta property=\"og:image:height\" content=\"810\" \/>\n\t<meta property=\"og:image:type\" content=\"image\/jpeg\" \/>\n<meta name=\"author\" content=\"Milan\" \/>\n<meta name=\"twitter:card\" content=\"summary_large_image\" \/>\n<meta name=\"twitter:description\" content=\"Apples &quot;Mitarbeiter-Spendenprogramm&quot; feiert im Jahr 2020 sein bisher gr\u00f6\u00dftes Jahr. Das gab das Unternehmen nun bekannt.\" \/>\n<meta name=\"twitter:label1\" content=\"Written by\" \/>\n\t<meta name=\"twitter:data1\" content=\"Milan\" \/>\n\t<meta name=\"twitter:label2\" content=\"Est. reading time\" \/>\n\t<meta name=\"twitter:data2\" content=\"2 minutes\" \/>\n<script type=\"application\/ld+json\" class=\"yoast-schema-graph\">{\"@context\":\"https:\\\/\\\/schema.org\",\"@graph\":[{\"@type\":\"NewsArticle\",\"@id\":\"https:\\\/\\\/www.apfelpatient.de\\\/news\\\/apple-feiert-meilenstein-jahr-des-gebens#article\",\"isPartOf\":{\"@id\":\"https:\\\/\\\/www.apfelpatient.de\\\/news\\\/apple-feiert-meilenstein-jahr-des-gebens\"},\"author\":{\"@type\":\"Organization\",\"@id\":\"https:\\\/\\\/www.apfelpatient.de\\\/en\\\/#organization\",\"name\":\"Apfelpatient\",\"url\":\"https:\\\/\\\/www.apfelpatient.de\\\/en\\\/\"},\"headline\":\"Apple feiert &#8222;Meilenstein-Jahr des Gebens&#8220;\",\"datePublished\":\"2020-12-16T15:26:42+00:00\",\"dateModified\":\"2020-12-16T15:26:43+00:00\",\"mainEntityOfPage\":{\"@id\":\"https:\\\/\\\/www.apfelpatient.de\\\/news\\\/apple-feiert-meilenstein-jahr-des-gebens\"},\"wordCount\":377,\"publisher\":{\"@type\":\"Organization\",\"@id\":\"https:\\\/\\\/www.apfelpatient.de\\\/en\\\/#organization\",\"name\":\"Apfelpatient\",\"url\":\"https:\\\/\\\/www.apfelpatient.de\\\/en\\\/\"},\"image\":{\"@id\":\"https:\\\/\\\/www.apfelpatient.de\\\/news\\\/apple-feiert-meilenstein-jahr-des-gebens#primaryimage\"},\"thumbnailUrl\":\"https:\\\/\\\/www.apfelpatient.de\\\/wp-content\\\/uploads\\\/2020\\\/12\\\/Apple_giving-dec-2020_hero_12162020.jpg\",\"keywords\":[\"TechPatient\"],\"articleSection\":\"News\",\"inLanguage\":\"en-US\",\"copyrightYear\":\"2020\",\"copyrightHolder\":{\"@id\":\"https:\\\/\\\/www.apfelpatient.de\\\/en\\\/#organization\"}},{\"@type\":\"WebPage\",\"@id\":\"https:\\\/\\\/www.apfelpatient.de\\\/news\\\/apple-feiert-meilenstein-jahr-des-gebens\",\"url\":\"https:\\\/\\\/www.apfelpatient.de\\\/news\\\/apple-feiert-meilenstein-jahr-des-gebens\",\"name\":\"Apple feiert \\\"Meilenstein-Jahr des Gebens\\\" Apfelpatient\",\"isPartOf\":{\"@id\":\"https:\\\/\\\/www.apfelpatient.de\\\/#website\"},\"primaryImageOfPage\":{\"@id\":\"https:\\\/\\\/www.apfelpatient.de\\\/news\\\/apple-feiert-meilenstein-jahr-des-gebens#primaryimage\"},\"image\":{\"@id\":\"https:\\\/\\\/www.apfelpatient.de\\\/news\\\/apple-feiert-meilenstein-jahr-des-gebens#primaryimage\"},\"thumbnailUrl\":\"https:\\\/\\\/www.apfelpatient.de\\\/wp-content\\\/uploads\\\/2020\\\/12\\\/Apple_giving-dec-2020_hero_12162020.jpg\",\"datePublished\":\"2020-12-16T15:26:42+00:00\",\"dateModified\":\"2020-12-16T15:26:43+00:00\",\"description\":\"Apples \\\"Mitarbeiter-Spendenprogramm\\\" feiert im Jahr 2020 sein bisher gr\u00f6\u00dftes Jahr. Das gab das Unternehmen nun bekannt.\",\"breadcrumb\":{\"@id\":\"https:\\\/\\\/www.apfelpatient.de\\\/news\\\/apple-feiert-meilenstein-jahr-des-gebens#breadcrumb\"},\"inLanguage\":\"en-US\",\"potentialAction\":[{\"@type\":\"ReadAction\",\"target\":[\"https:\\\/\\\/www.apfelpatient.de\\\/news\\\/apple-feiert-meilenstein-jahr-des-gebens\"]}]},{\"@type\":\"ImageObject\",\"inLanguage\":\"en-US\",\"@id\":\"https:\\\/\\\/www.apfelpatient.de\\\/news\\\/apple-feiert-meilenstein-jahr-des-gebens#primaryimage\",\"url\":\"https:\\\/\\\/www.apfelpatient.de\\\/wp-content\\\/uploads\\\/2020\\\/12\\\/Apple_giving-dec-2020_hero_12162020.jpg\",\"contentUrl\":\"https:\\\/\\\/www.apfelpatient.de\\\/wp-content\\\/uploads\\\/2020\\\/12\\\/Apple_giving-dec-2020_hero_12162020.jpg\",\"width\":1600,\"height\":810,\"caption\":\"Bild: Apple\"},{\"@type\":\"BreadcrumbList\",\"@id\":\"https:\\\/\\\/www.apfelpatient.de\\\/news\\\/apple-feiert-meilenstein-jahr-des-gebens#breadcrumb\",\"itemListElement\":[{\"@type\":\"ListItem\",\"position\":1,\"name\":\"Startseite\",\"item\":\"https:\\\/\\\/www.apfelpatient.de\\\/\"},{\"@type\":\"ListItem\",\"position\":2,\"name\":\"Apple feiert &#8222;Meilenstein-Jahr des Gebens&#8220;\"}]},{\"@type\":\"WebSite\",\"@id\":\"https:\\\/\\\/www.apfelpatient.de\\\/#website\",\"url\":\"https:\\\/\\\/www.apfelpatient.de\\\/\",\"name\":\"Apfelpatient\",\"description\":\"Alles rund um Apple!\",\"publisher\":{\"@type\":\"Organization\",\"@id\":\"https:\\\/\\\/www.apfelpatient.de\\\/en\\\/#organization\",\"name\":\"Apfelpatient\",\"url\":\"https:\\\/\\\/www.apfelpatient.de\\\/en\\\/\"},\"alternateName\":\"Apfelpatient\",\"potentialAction\":[{\"@type\":\"SearchAction\",\"target\":{\"@type\":\"EntryPoint\",\"urlTemplate\":\"https:\\\/\\\/www.apfelpatient.de\\\/?s={search_term_string}\"},\"query-input\":{\"@type\":\"PropertyValueSpecification\",\"valueRequired\":true,\"valueName\":\"search_term_string\"}}],\"inLanguage\":\"en-US\"},{\"@type\":[\"Person\",\"Organization\"],\"@id\":\"https:\\\/\\\/www.apfelpatient.de\\\/#\\\/schema\\\/person\\\/35b3ddba5832f2bfc7fff5206d4f6b7b\",\"name\":\"Milan\",\"logo\":{\"@id\":\"https:\\\/\\\/www.apfelpatient.de\\\/#\\\/schema\\\/person\\\/image\\\/\"},\"description\":\"Hallo und herzlich willkommen auf meinem Technik-Blog! Als gro\u00dfer Apple-Fan berichte ich hier \u00fcber alles, was mit Apple zu tun hat: von den neuesten News und spannenden Ger\u00fcchten \u00fcber hilfreiche Tipps und Tricks bis hin zu ausf\u00fchrlichen Produkttests. Wenn du genauso technikbegeistert bist wie ich, bist du hier genau richtig!\",\"sameAs\":[\"https:\\\/\\\/www.facebook.com\\\/apfelpatientOfficial\",\"https:\\\/\\\/www.linkedin.com\\\/in\\\/milan-jovicic-42aa0231b\"],\"url\":\"https:\\\/\\\/www.apfelpatient.de\\\/en\\\/author\\\/apfeladmin\"}]}<\/script>\n<!-- \/ Yoast SEO Premium plugin. -->","yoast_head_json":{"title":"Apple celebrates &quot;milestone year of giving&quot; Apfelpatient","description":"Apple&#039;s &quot;Employee Giving Program&quot; is celebrating its biggest year yet in 2020. The company has now announced this.","robots":{"index":"index","follow":"follow","max-snippet":"max-snippet:-1","max-image-preview":"max-image-preview:large","max-video-preview":"max-video-preview:-1"},"canonical":"https:\/\/www.apfelpatient.de\/en\/news\/apple-celebrates-milestone-year-of-giving","og_locale":"en_US","og_type":"article","og_title":"Apple feiert \"Meilenstein-Jahr des Gebens\"","og_description":"Apples \"Mitarbeiter-Spendenprogramm\" feiert im Jahr 2020 sein bisher gr\u00f6\u00dftes Jahr. Das gab das Unternehmen nun bekannt.","og_url":"https:\/\/www.apfelpatient.de\/en\/news\/apple-celebrates-milestone-year-of-giving","og_site_name":"Apfelpatient","article_publisher":"https:\/\/www.facebook.com\/apfelpatientOfficial","article_author":"https:\/\/www.facebook.com\/apfelpatientOfficial","article_published_time":"2020-12-16T15:26:42+00:00","article_modified_time":"2020-12-16T15:26:43+00:00","og_image":[{"width":1600,"height":810,"url":"https:\/\/www.apfelpatient.de\/wp-content\/uploads\/2020\/12\/Apple_giving-dec-2020_hero_12162020.jpg","type":"image\/jpeg"}],"author":"Milan","twitter_card":"summary_large_image","twitter_description":"Apples \"Mitarbeiter-Spendenprogramm\" feiert im Jahr 2020 sein bisher gr\u00f6\u00dftes Jahr. Das gab das Unternehmen nun bekannt.","twitter_misc":{"Written by":"Milan","Est. reading time":"2 minutes"},"schema":{"@context":"https:\/\/schema.org","@graph":[{"@type":"NewsArticle","@id":"https:\/\/www.apfelpatient.de\/news\/apple-feiert-meilenstein-jahr-des-gebens#article","isPartOf":{"@id":"https:\/\/www.apfelpatient.de\/news\/apple-feiert-meilenstein-jahr-des-gebens"},"author":{"@type":"Organization","@id":"https:\/\/www.apfelpatient.de\/en\/#organization","name":"Apfelpatient","url":"https:\/\/www.apfelpatient.de\/en\/"},"headline":"Apple feiert &#8222;Meilenstein-Jahr des Gebens&#8220;","datePublished":"2020-12-16T15:26:42+00:00","dateModified":"2020-12-16T15:26:43+00:00","mainEntityOfPage":{"@id":"https:\/\/www.apfelpatient.de\/news\/apple-feiert-meilenstein-jahr-des-gebens"},"wordCount":377,"publisher":{"@type":"Organization","@id":"https:\/\/www.apfelpatient.de\/en\/#organization","name":"Apfelpatient","url":"https:\/\/www.apfelpatient.de\/en\/"},"image":{"@id":"https:\/\/www.apfelpatient.de\/news\/apple-feiert-meilenstein-jahr-des-gebens#primaryimage"},"thumbnailUrl":"https:\/\/www.apfelpatient.de\/wp-content\/uploads\/2020\/12\/Apple_giving-dec-2020_hero_12162020.jpg","keywords":["TechPatient"],"articleSection":"News","inLanguage":"en-US","copyrightYear":"2020","copyrightHolder":{"@id":"https:\/\/www.apfelpatient.de\/en\/#organization"}},{"@type":"WebPage","@id":"https:\/\/www.apfelpatient.de\/news\/apple-feiert-meilenstein-jahr-des-gebens","url":"https:\/\/www.apfelpatient.de\/news\/apple-feiert-meilenstein-jahr-des-gebens","name":"Apple celebrates &quot;milestone year of giving&quot; Apfelpatient","isPartOf":{"@id":"https:\/\/www.apfelpatient.de\/#website"},"primaryImageOfPage":{"@id":"https:\/\/www.apfelpatient.de\/news\/apple-feiert-meilenstein-jahr-des-gebens#primaryimage"},"image":{"@id":"https:\/\/www.apfelpatient.de\/news\/apple-feiert-meilenstein-jahr-des-gebens#primaryimage"},"thumbnailUrl":"https:\/\/www.apfelpatient.de\/wp-content\/uploads\/2020\/12\/Apple_giving-dec-2020_hero_12162020.jpg","datePublished":"2020-12-16T15:26:42+00:00","dateModified":"2020-12-16T15:26:43+00:00","description":"Apple&#039;s &quot;Employee Giving Program&quot; is celebrating its biggest year yet in 2020. The company has now announced this.","breadcrumb":{"@id":"https:\/\/www.apfelpatient.de\/news\/apple-feiert-meilenstein-jahr-des-gebens#breadcrumb"},"inLanguage":"en-US","potentialAction":[{"@type":"ReadAction","target":["https:\/\/www.apfelpatient.de\/news\/apple-feiert-meilenstein-jahr-des-gebens"]}]},{"@type":"ImageObject","inLanguage":"en-US","@id":"https:\/\/www.apfelpatient.de\/news\/apple-feiert-meilenstein-jahr-des-gebens#primaryimage","url":"https:\/\/www.apfelpatient.de\/wp-content\/uploads\/2020\/12\/Apple_giving-dec-2020_hero_12162020.jpg","contentUrl":"https:\/\/www.apfelpatient.de\/wp-content\/uploads\/2020\/12\/Apple_giving-dec-2020_hero_12162020.jpg","width":1600,"height":810,"caption":"Bild: Apple"},{"@type":"BreadcrumbList","@id":"https:\/\/www.apfelpatient.de\/news\/apple-feiert-meilenstein-jahr-des-gebens#breadcrumb","itemListElement":[{"@type":"ListItem","position":1,"name":"Startseite","item":"https:\/\/www.apfelpatient.de\/"},{"@type":"ListItem","position":2,"name":"Apple feiert &#8222;Meilenstein-Jahr des Gebens&#8220;"}]},{"@type":"WebSite","@id":"https:\/\/www.apfelpatient.de\/#website","url":"https:\/\/www.apfelpatient.de\/","name":"apple patient","description":"Everything about Apple!","publisher":{"@type":"Organization","@id":"https:\/\/www.apfelpatient.de\/en\/#organization","name":"Apfelpatient","url":"https:\/\/www.apfelpatient.de\/en\/"},"alternateName":"Apfelpatient","potentialAction":[{"@type":"SearchAction","target":{"@type":"EntryPoint","urlTemplate":"https:\/\/www.apfelpatient.de\/?s={search_term_string}"},"query-input":{"@type":"PropertyValueSpecification","valueRequired":true,"valueName":"search_term_string"}}],"inLanguage":"en-US"},{"@type":["Person","Organization"],"@id":"https:\/\/www.apfelpatient.de\/#\/schema\/person\/35b3ddba5832f2bfc7fff5206d4f6b7b","name":"Milan","logo":{"@id":"https:\/\/www.apfelpatient.de\/#\/schema\/person\/image\/"},"description":"Hello and welcome to my technology blog! As a big Apple fan, I report on everything to do with Apple: from the latest news and exciting rumors to helpful tips and tricks and detailed product tests. If you are as enthusiastic about technology as I am, you have come to the right place!","sameAs":["https:\/\/www.facebook.com\/apfelpatientOfficial","https:\/\/www.linkedin.com\/in\/milan-jovicic-42aa0231b"],"url":"https:\/\/www.apfelpatient.de\/en\/author\/apfeladmin"}]}},"_links":{"self":[{"href":"https:\/\/www.apfelpatient.de\/en\/wp-json\/wp\/v2\/posts\/17882","targetHints":{"allow":["GET"]}}],"collection":[{"href":"https:\/\/www.apfelpatient.de\/en\/wp-json\/wp\/v2\/posts"}],"about":[{"href":"https:\/\/www.apfelpatient.de\/en\/wp-json\/wp\/v2\/types\/post"}],"author":[{"embeddable":true,"href":"https:\/\/www.apfelpatient.de\/en\/wp-json\/wp\/v2\/users\/2"}],"replies":[{"embeddable":true,"href":"https:\/\/www.apfelpatient.de\/en\/wp-json\/wp\/v2\/comments?post=17882"}],"version-history":[{"count":0,"href":"https:\/\/www.apfelpatient.de\/en\/wp-json\/wp\/v2\/posts\/17882\/revisions"}],"wp:featuredmedia":[{"embeddable":true,"href":"https:\/\/www.apfelpatient.de\/en\/wp-json\/wp\/v2\/media\/17887"}],"wp:attachment":[{"href":"https:\/\/www.apfelpatient.de\/en\/wp-json\/wp\/v2\/media?parent=17882"}],"wp:term":[{"taxonomy":"category","embeddable":true,"href":"https:\/\/www.apfelpatient.de\/en\/wp-json\/wp\/v2\/categories?post=17882"},{"taxonomy":"post_tag","embeddable":true,"href":"https:\/\/www.apfelpatient.de\/en\/wp-json\/wp\/v2\/tags?post=17882"}],"curies":[{"name":"wp","href":"https:\/\/api.w.org\/{rel}","templated":true}]}}