{"id":1787,"date":"2018-08-30T15:56:36","date_gmt":"2018-08-30T13:56:36","guid":{"rendered":"https:\/\/www.apfelpatient.de\/?p=1787"},"modified":"2021-02-27T21:07:24","modified_gmt":"2021-02-27T20:07:24","slug":"iglasses-is-coming-soon-the-apple-glasses","status":"publish","type":"post","link":"https:\/\/www.apfelpatient.de\/en\/news\/iglasses-kommt-bald-die-apple-brille","title":{"rendered":"iGlasses: Are Apple glasses coming soon?"},"content":{"rendered":"<p><strong>In the past, there has been speculation about glasses from Apple. The fact that Apple is actually researching and possibly developing something in this direction is shown by the iGroup&#039;s latest move.<\/strong><\/p>\n<p>The news agency <em>Reuters<\/em> Apple confirmed the purchase of a startup company that specializes in the development of &quot;lenses for augmented reality glasses.&quot; The purchase price was not disclosed.<br \/>\nThe company was founded \u201c<em>Akonia Holographics<\/em>\u201c in August 2012.<\/p>\n<p><strong>Over 200 patents<\/strong><\/p>\n\n<p>The focus is on the storage of holographic data. But the production of suitable displays is also part of <em>Akonias<\/em> Work. The young company has already registered over 200 patents. The company&#039;s special technology can project colored images onto transparent glass lenses.<\/p>\n<p>Some analysts believe that Apple could introduce market-ready AR glasses as early as 2020. Tim Cook has often expressed his interest in AR and has already described it as &quot;<em>large and profound<\/em>\u201c Technology. The takeover would therefore make sense and ideally support Apple&#039;s plans in this direction.<\/p>\n<h4><a href=\"https:\/\/t.me\/apfelpatient_official\"><em><strong>Don&#039;t want to miss any more news? Then subscribe to our Telegram channel here<\/strong><\/em><\/a><\/h4>","protected":false},"excerpt":{"rendered":"<p>In der Vergangenheit wurde immer wieder mal \u00fcber eine Brille von Apple spekuliert. Das Apple tats\u00e4chlich in die Richtung forscht und wom\u00f6glich etwas entwickelt, zeigt uns der j\u00fcngste Schritt des iKonzerns. Der Nachrichtenagentur Reuters gegen\u00fcber best\u00e4tigte Apple den Kauf eines Startup-Unternehmens, dass sich auf die Entwicklung von &#8222;Gl\u00e4sern f\u00fcr Augmented Reality-Brillen&#8220; spezialisiert. Die Kaufsumme wurde [&hellip;]<\/p>\n","protected":false},"author":2,"featured_media":1788,"comment_status":"closed","ping_status":"closed","sticky":false,"template":"","format":"standard","meta":{"jnews-multi-image_gallery":[],"jnews_single_post":[],"jnews_primary_category":[],"footnotes":""},"categories":[9],"tags":[609,133,134],"class_list":["post-1787","post","type-post","status-publish","format-standard","has-post-thumbnail","hentry","category-news","tag-apple-vr-ar","tag-ar","tag-augmented-reality"],"yoast_head":"<!-- This site is optimized with the Yoast SEO Premium plugin v27.5 (Yoast SEO v27.5) - https:\/\/yoast.com\/product\/yoast-seo-premium-wordpress\/ -->\n<title>iGlasses: Kommt bald die Apple Brille? Apfelpatient<\/title>\n<meta name=\"description\" content=\"In der Vergangenheit wurde immer wieder mal \u00fcber eine Brille von Apple spekuliert. Das Apple tats\u00e4chlich in die Richtung forscht und wom\u00f6glich etwas\" \/>\n<meta name=\"robots\" content=\"index, follow, max-snippet:-1, max-image-preview:large, max-video-preview:-1\" \/>\n<link rel=\"canonical\" href=\"https:\/\/www.apfelpatient.de\/en\/news\/iglasses-is-coming-soon-the-apple-glasses\" \/>\n<meta property=\"og:locale\" content=\"en_US\" \/>\n<meta property=\"og:type\" content=\"article\" \/>\n<meta property=\"og:title\" content=\"iGlasses: Kommt bald die Apple Brille?\" \/>\n<meta property=\"og:description\" content=\"In der Vergangenheit wurde immer wieder mal \u00fcber eine Brille von Apple spekuliert. Das Apple tats\u00e4chlich in die Richtung forscht und wom\u00f6glich etwas\" \/>\n<meta property=\"og:url\" content=\"https:\/\/www.apfelpatient.de\/en\/news\/iglasses-is-coming-soon-the-apple-glasses\" \/>\n<meta property=\"og:site_name\" content=\"Apfelpatient\" \/>\n<meta property=\"article:publisher\" content=\"https:\/\/www.facebook.com\/apfelpatientOfficial\" \/>\n<meta property=\"article:author\" content=\"https:\/\/www.facebook.com\/apfelpatientOfficial\" \/>\n<meta property=\"article:published_time\" content=\"2018-08-30T13:56:36+00:00\" \/>\n<meta property=\"article:modified_time\" content=\"2021-02-27T20:07:24+00:00\" \/>\n<meta property=\"og:image\" content=\"https:\/\/www.apfelpatient.de\/wp-content\/uploads\/2018\/08\/craig-mclachlan-4089-unsplash.jpg\" \/>\n\t<meta property=\"og:image:width\" content=\"5184\" \/>\n\t<meta property=\"og:image:height\" content=\"3456\" \/>\n\t<meta property=\"og:image:type\" content=\"image\/jpeg\" \/>\n<meta name=\"author\" content=\"Milan\" \/>\n<meta name=\"twitter:card\" content=\"summary_large_image\" \/>\n<meta name=\"twitter:label1\" content=\"Written by\" \/>\n\t<meta name=\"twitter:data1\" content=\"Milan\" \/>\n\t<meta name=\"twitter:label2\" content=\"Est. reading time\" \/>\n\t<meta name=\"twitter:data2\" content=\"1 minute\" \/>\n<script type=\"application\/ld+json\" class=\"yoast-schema-graph\">{\"@context\":\"https:\\\/\\\/schema.org\",\"@graph\":[{\"@type\":\"NewsArticle\",\"@id\":\"https:\\\/\\\/www.apfelpatient.de\\\/news\\\/iglasses-kommt-bald-die-apple-brille#article\",\"isPartOf\":{\"@id\":\"https:\\\/\\\/www.apfelpatient.de\\\/news\\\/iglasses-kommt-bald-die-apple-brille\"},\"author\":{\"@type\":\"Organization\",\"@id\":\"https:\\\/\\\/www.apfelpatient.de\\\/en\\\/#organization\",\"name\":\"Apfelpatient\",\"url\":\"https:\\\/\\\/www.apfelpatient.de\\\/en\\\/\"},\"headline\":\"iGlasses: Kommt bald die Apple Brille?\",\"datePublished\":\"2018-08-30T13:56:36+00:00\",\"dateModified\":\"2021-02-27T20:07:24+00:00\",\"mainEntityOfPage\":{\"@id\":\"https:\\\/\\\/www.apfelpatient.de\\\/news\\\/iglasses-kommt-bald-die-apple-brille\"},\"wordCount\":182,\"publisher\":{\"@type\":\"Organization\",\"@id\":\"https:\\\/\\\/www.apfelpatient.de\\\/en\\\/#organization\",\"name\":\"Apfelpatient\",\"url\":\"https:\\\/\\\/www.apfelpatient.de\\\/en\\\/\"},\"image\":{\"@id\":\"https:\\\/\\\/www.apfelpatient.de\\\/news\\\/iglasses-kommt-bald-die-apple-brille#primaryimage\"},\"thumbnailUrl\":\"https:\\\/\\\/www.apfelpatient.de\\\/wp-content\\\/uploads\\\/2018\\\/08\\\/craig-mclachlan-4089-unsplash.jpg\",\"keywords\":[\"Apple VR\\\/AR\",\"AR\",\"Augmented Reality\"],\"articleSection\":\"News\",\"inLanguage\":\"en-US\",\"copyrightYear\":\"2018\",\"copyrightHolder\":{\"@id\":\"https:\\\/\\\/www.apfelpatient.de\\\/en\\\/#organization\"}},{\"@type\":\"WebPage\",\"@id\":\"https:\\\/\\\/www.apfelpatient.de\\\/news\\\/iglasses-kommt-bald-die-apple-brille\",\"url\":\"https:\\\/\\\/www.apfelpatient.de\\\/news\\\/iglasses-kommt-bald-die-apple-brille\",\"name\":\"iGlasses: Kommt bald die Apple Brille? Apfelpatient\",\"isPartOf\":{\"@id\":\"https:\\\/\\\/www.apfelpatient.de\\\/#website\"},\"primaryImageOfPage\":{\"@id\":\"https:\\\/\\\/www.apfelpatient.de\\\/news\\\/iglasses-kommt-bald-die-apple-brille#primaryimage\"},\"image\":{\"@id\":\"https:\\\/\\\/www.apfelpatient.de\\\/news\\\/iglasses-kommt-bald-die-apple-brille#primaryimage\"},\"thumbnailUrl\":\"https:\\\/\\\/www.apfelpatient.de\\\/wp-content\\\/uploads\\\/2018\\\/08\\\/craig-mclachlan-4089-unsplash.jpg\",\"datePublished\":\"2018-08-30T13:56:36+00:00\",\"dateModified\":\"2021-02-27T20:07:24+00:00\",\"description\":\"In der Vergangenheit wurde immer wieder mal \u00fcber eine Brille von Apple spekuliert. Das Apple tats\u00e4chlich in die Richtung forscht und wom\u00f6glich etwas\",\"breadcrumb\":{\"@id\":\"https:\\\/\\\/www.apfelpatient.de\\\/news\\\/iglasses-kommt-bald-die-apple-brille#breadcrumb\"},\"inLanguage\":\"en-US\",\"potentialAction\":[{\"@type\":\"ReadAction\",\"target\":[\"https:\\\/\\\/www.apfelpatient.de\\\/news\\\/iglasses-kommt-bald-die-apple-brille\"]}]},{\"@type\":\"ImageObject\",\"inLanguage\":\"en-US\",\"@id\":\"https:\\\/\\\/www.apfelpatient.de\\\/news\\\/iglasses-kommt-bald-die-apple-brille#primaryimage\",\"url\":\"https:\\\/\\\/www.apfelpatient.de\\\/wp-content\\\/uploads\\\/2018\\\/08\\\/craig-mclachlan-4089-unsplash.jpg\",\"contentUrl\":\"https:\\\/\\\/www.apfelpatient.de\\\/wp-content\\\/uploads\\\/2018\\\/08\\\/craig-mclachlan-4089-unsplash.jpg\",\"width\":5184,\"height\":3456,\"caption\":\"Photo by Unsplash\"},{\"@type\":\"BreadcrumbList\",\"@id\":\"https:\\\/\\\/www.apfelpatient.de\\\/news\\\/iglasses-kommt-bald-die-apple-brille#breadcrumb\",\"itemListElement\":[{\"@type\":\"ListItem\",\"position\":1,\"name\":\"Startseite\",\"item\":\"https:\\\/\\\/www.apfelpatient.de\\\/\"},{\"@type\":\"ListItem\",\"position\":2,\"name\":\"iGlasses: Kommt bald die Apple Brille?\"}]},{\"@type\":\"WebSite\",\"@id\":\"https:\\\/\\\/www.apfelpatient.de\\\/#website\",\"url\":\"https:\\\/\\\/www.apfelpatient.de\\\/\",\"name\":\"Apfelpatient\",\"description\":\"Alles rund um Apple!\",\"publisher\":{\"@type\":\"Organization\",\"@id\":\"https:\\\/\\\/www.apfelpatient.de\\\/en\\\/#organization\",\"name\":\"Apfelpatient\",\"url\":\"https:\\\/\\\/www.apfelpatient.de\\\/en\\\/\"},\"alternateName\":\"Apfelpatient\",\"potentialAction\":[{\"@type\":\"SearchAction\",\"target\":{\"@type\":\"EntryPoint\",\"urlTemplate\":\"https:\\\/\\\/www.apfelpatient.de\\\/?s={search_term_string}\"},\"query-input\":{\"@type\":\"PropertyValueSpecification\",\"valueRequired\":true,\"valueName\":\"search_term_string\"}}],\"inLanguage\":\"en-US\"},{\"@type\":[\"Person\",\"Organization\"],\"@id\":\"https:\\\/\\\/www.apfelpatient.de\\\/#\\\/schema\\\/person\\\/7dc56ad6c8e9824b76d2c08d4c140e13\",\"name\":\"Milan\",\"logo\":{\"@id\":\"https:\\\/\\\/www.apfelpatient.de\\\/#\\\/schema\\\/person\\\/image\\\/\"},\"description\":\"Hallo und herzlich willkommen auf meinem Technik-Blog! Als gro\u00dfer Apple-Fan berichte ich hier \u00fcber alles, was mit Apple zu tun hat: von den neuesten News und spannenden Ger\u00fcchten \u00fcber hilfreiche Tipps und Tricks bis hin zu ausf\u00fchrlichen Produkttests. Wenn du genauso technikbegeistert bist wie ich, bist du hier genau richtig!\",\"sameAs\":[\"https:\\\/\\\/www.facebook.com\\\/apfelpatientOfficial\",\"https:\\\/\\\/www.linkedin.com\\\/in\\\/milan-jovicic-42aa0231b\"],\"url\":\"https:\\\/\\\/www.apfelpatient.de\\\/en\\\/author\\\/apfeladmin\"}]}<\/script>\n<!-- \/ Yoast SEO Premium plugin. -->","yoast_head_json":{"title":"iGlasses: Are Apple glasses coming soon? Apfelpatient","description":"In the past, there has been speculation about glasses from Apple. The fact that Apple is actually researching in this direction and perhaps something","robots":{"index":"index","follow":"follow","max-snippet":"max-snippet:-1","max-image-preview":"max-image-preview:large","max-video-preview":"max-video-preview:-1"},"canonical":"https:\/\/www.apfelpatient.de\/en\/news\/iglasses-is-coming-soon-the-apple-glasses","og_locale":"en_US","og_type":"article","og_title":"iGlasses: Kommt bald die Apple Brille?","og_description":"In der Vergangenheit wurde immer wieder mal \u00fcber eine Brille von Apple spekuliert. Das Apple tats\u00e4chlich in die Richtung forscht und wom\u00f6glich etwas","og_url":"https:\/\/www.apfelpatient.de\/en\/news\/iglasses-is-coming-soon-the-apple-glasses","og_site_name":"Apfelpatient","article_publisher":"https:\/\/www.facebook.com\/apfelpatientOfficial","article_author":"https:\/\/www.facebook.com\/apfelpatientOfficial","article_published_time":"2018-08-30T13:56:36+00:00","article_modified_time":"2021-02-27T20:07:24+00:00","og_image":[{"width":5184,"height":3456,"url":"https:\/\/www.apfelpatient.de\/wp-content\/uploads\/2018\/08\/craig-mclachlan-4089-unsplash.jpg","type":"image\/jpeg"}],"author":"Milan","twitter_card":"summary_large_image","twitter_misc":{"Written by":"Milan","Est. reading time":"1 minute"},"schema":{"@context":"https:\/\/schema.org","@graph":[{"@type":"NewsArticle","@id":"https:\/\/www.apfelpatient.de\/news\/iglasses-kommt-bald-die-apple-brille#article","isPartOf":{"@id":"https:\/\/www.apfelpatient.de\/news\/iglasses-kommt-bald-die-apple-brille"},"author":{"@type":"Organization","@id":"https:\/\/www.apfelpatient.de\/en\/#organization","name":"Apfelpatient","url":"https:\/\/www.apfelpatient.de\/en\/"},"headline":"iGlasses: Kommt bald die Apple Brille?","datePublished":"2018-08-30T13:56:36+00:00","dateModified":"2021-02-27T20:07:24+00:00","mainEntityOfPage":{"@id":"https:\/\/www.apfelpatient.de\/news\/iglasses-kommt-bald-die-apple-brille"},"wordCount":182,"publisher":{"@type":"Organization","@id":"https:\/\/www.apfelpatient.de\/en\/#organization","name":"Apfelpatient","url":"https:\/\/www.apfelpatient.de\/en\/"},"image":{"@id":"https:\/\/www.apfelpatient.de\/news\/iglasses-kommt-bald-die-apple-brille#primaryimage"},"thumbnailUrl":"https:\/\/www.apfelpatient.de\/wp-content\/uploads\/2018\/08\/craig-mclachlan-4089-unsplash.jpg","keywords":["Apple VR\/AR","AR","Augmented Reality"],"articleSection":"News","inLanguage":"en-US","copyrightYear":"2018","copyrightHolder":{"@id":"https:\/\/www.apfelpatient.de\/en\/#organization"}},{"@type":"WebPage","@id":"https:\/\/www.apfelpatient.de\/news\/iglasses-kommt-bald-die-apple-brille","url":"https:\/\/www.apfelpatient.de\/news\/iglasses-kommt-bald-die-apple-brille","name":"iGlasses: Are Apple glasses coming soon? Apfelpatient","isPartOf":{"@id":"https:\/\/www.apfelpatient.de\/#website"},"primaryImageOfPage":{"@id":"https:\/\/www.apfelpatient.de\/news\/iglasses-kommt-bald-die-apple-brille#primaryimage"},"image":{"@id":"https:\/\/www.apfelpatient.de\/news\/iglasses-kommt-bald-die-apple-brille#primaryimage"},"thumbnailUrl":"https:\/\/www.apfelpatient.de\/wp-content\/uploads\/2018\/08\/craig-mclachlan-4089-unsplash.jpg","datePublished":"2018-08-30T13:56:36+00:00","dateModified":"2021-02-27T20:07:24+00:00","description":"In the past, there has been speculation about glasses from Apple. The fact that Apple is actually researching in this direction and perhaps something","breadcrumb":{"@id":"https:\/\/www.apfelpatient.de\/news\/iglasses-kommt-bald-die-apple-brille#breadcrumb"},"inLanguage":"en-US","potentialAction":[{"@type":"ReadAction","target":["https:\/\/www.apfelpatient.de\/news\/iglasses-kommt-bald-die-apple-brille"]}]},{"@type":"ImageObject","inLanguage":"en-US","@id":"https:\/\/www.apfelpatient.de\/news\/iglasses-kommt-bald-die-apple-brille#primaryimage","url":"https:\/\/www.apfelpatient.de\/wp-content\/uploads\/2018\/08\/craig-mclachlan-4089-unsplash.jpg","contentUrl":"https:\/\/www.apfelpatient.de\/wp-content\/uploads\/2018\/08\/craig-mclachlan-4089-unsplash.jpg","width":5184,"height":3456,"caption":"Photo by Unsplash"},{"@type":"BreadcrumbList","@id":"https:\/\/www.apfelpatient.de\/news\/iglasses-kommt-bald-die-apple-brille#breadcrumb","itemListElement":[{"@type":"ListItem","position":1,"name":"Startseite","item":"https:\/\/www.apfelpatient.de\/"},{"@type":"ListItem","position":2,"name":"iGlasses: Kommt bald die Apple Brille?"}]},{"@type":"WebSite","@id":"https:\/\/www.apfelpatient.de\/#website","url":"https:\/\/www.apfelpatient.de\/","name":"apple patient","description":"Everything about Apple!","publisher":{"@type":"Organization","@id":"https:\/\/www.apfelpatient.de\/en\/#organization","name":"Apfelpatient","url":"https:\/\/www.apfelpatient.de\/en\/"},"alternateName":"Apfelpatient","potentialAction":[{"@type":"SearchAction","target":{"@type":"EntryPoint","urlTemplate":"https:\/\/www.apfelpatient.de\/?s={search_term_string}"},"query-input":{"@type":"PropertyValueSpecification","valueRequired":true,"valueName":"search_term_string"}}],"inLanguage":"en-US"},{"@type":["Person","Organization"],"@id":"https:\/\/www.apfelpatient.de\/#\/schema\/person\/7dc56ad6c8e9824b76d2c08d4c140e13","name":"Milan","logo":{"@id":"https:\/\/www.apfelpatient.de\/#\/schema\/person\/image\/"},"description":"Hello and welcome to my technology blog! As a big Apple fan, I report on everything to do with Apple: from the latest news and exciting rumors to helpful tips and tricks and detailed product tests. If you are as enthusiastic about technology as I am, you have come to the right place!","sameAs":["https:\/\/www.facebook.com\/apfelpatientOfficial","https:\/\/www.linkedin.com\/in\/milan-jovicic-42aa0231b"],"url":"https:\/\/www.apfelpatient.de\/en\/author\/apfeladmin"}]}},"_links":{"self":[{"href":"https:\/\/www.apfelpatient.de\/en\/wp-json\/wp\/v2\/posts\/1787","targetHints":{"allow":["GET"]}}],"collection":[{"href":"https:\/\/www.apfelpatient.de\/en\/wp-json\/wp\/v2\/posts"}],"about":[{"href":"https:\/\/www.apfelpatient.de\/en\/wp-json\/wp\/v2\/types\/post"}],"author":[{"embeddable":true,"href":"https:\/\/www.apfelpatient.de\/en\/wp-json\/wp\/v2\/users\/2"}],"replies":[{"embeddable":true,"href":"https:\/\/www.apfelpatient.de\/en\/wp-json\/wp\/v2\/comments?post=1787"}],"version-history":[{"count":0,"href":"https:\/\/www.apfelpatient.de\/en\/wp-json\/wp\/v2\/posts\/1787\/revisions"}],"wp:featuredmedia":[{"embeddable":true,"href":"https:\/\/www.apfelpatient.de\/en\/wp-json\/wp\/v2\/media\/1788"}],"wp:attachment":[{"href":"https:\/\/www.apfelpatient.de\/en\/wp-json\/wp\/v2\/media?parent=1787"}],"wp:term":[{"taxonomy":"category","embeddable":true,"href":"https:\/\/www.apfelpatient.de\/en\/wp-json\/wp\/v2\/categories?post=1787"},{"taxonomy":"post_tag","embeddable":true,"href":"https:\/\/www.apfelpatient.de\/en\/wp-json\/wp\/v2\/tags?post=1787"}],"curies":[{"name":"wp","href":"https:\/\/api.w.org\/{rel}","templated":true}]}}