{"id":1784,"date":"2018-08-30T12:08:57","date_gmt":"2018-08-30T10:08:57","guid":{"rendered":"https:\/\/www.apfelpatient.de\/?p=1784"},"modified":"2018-08-30T12:08:57","modified_gmt":"2018-08-30T10:08:57","slug":"2018-macbook-pro-update-reason-now-known","status":"publish","type":"post","link":"https:\/\/www.apfelpatient.de\/en\/news\/2018-macbook-pro-update-grund-nun-bekannt","title":{"rendered":"2018 MacBook Pro: Reason for update now known"},"content":{"rendered":"<p><strong>Apple released macOS 10.13.6 for the new MacBook Pro generation on Wednesday evening. The iCompany did not provide any further details.<\/strong><\/p>\n\n<p>The update came as a surprise and left users wondering what it meant. No details could be found in the description. When asked by MacRumors, Apple now explains the content of the latest update.<\/p>\n<p><strong>T2 chip taming and sound problems<\/strong><\/p>\n<p>At the end of July, we wrote about crashing MacBook Pro models from the 2018 series. A small number of users were confronted with this problem. The T2 chip could have been to blame. Among other things, it is responsible for managing the SSD, encryption and the &quot;Hey Siri&quot; function. It also stores the biometric data from Touch ID. According to Apple, the randomly occurring kernel panics are now a thing of the past.<\/p>\n\n<p>Since the beginning of August, users have been complaining about problems with audio output. They could hear crackling and popping noises during audio playback. This problem is also said to have been resolved.<\/p>\n<p><strong>Negative User Feedback<\/strong><\/p>\n<p>There are already initial reports from users regarding the sound problem and kernel panics. The crackling noises are said to no longer occur during iTunes playback, but are still present in YouTube videos. The sudden system crash also seems to still be a problem. One user experienced this again directly after the system update. After checking the log file, he quickly found the reason, namely &quot;BridgeOS&quot; - this stands for the operating system of the T2 chip. It seems as if a third update is necessary to completely fix the errors.<\/p>\n<h4><a href=\"https:\/\/t.me\/apfelpatient_official\"><em><strong>Don&#039;t want to miss any more news? Then subscribe to our Telegram channel here<\/strong><\/em><\/a><\/h4>","protected":false},"excerpt":{"rendered":"<p>Apple hat am Mittwoch Abend macOS 10.13.6 f\u00fcr die neue MacBook Pro Generation ver\u00f6ffentlicht. Der iKonzern nannte hier keine genaueren Details. Die Aktualisierung kam \u00fcberraschend und lie\u00df die Anwender \u00fcber den Sinn r\u00e4tseln. Aus der Beschreibung konnten keine Details entnommen werden. Auf Nachfrage von MacRumors erkl\u00e4rt Apple nun den Inhalt des j\u00fcngsten Updates. T2-Chip B\u00e4ndigung [&hellip;]<\/p>\n","protected":false},"author":2,"featured_media":1785,"comment_status":"open","ping_status":"open","sticky":false,"template":"","format":"standard","meta":{"jnews-multi-image_gallery":[],"jnews_single_post":[],"jnews_primary_category":[],"footnotes":""},"categories":[9],"tags":[132,40,4],"class_list":["post-1784","post","type-post","status-publish","format-standard","has-post-thumbnail","hentry","category-news","tag-bridgeos","tag-mac","tag-macos"],"yoast_head":"<!-- This site is optimized with the Yoast SEO Premium plugin v27.4 (Yoast SEO v27.4) - https:\/\/yoast.com\/product\/yoast-seo-premium-wordpress\/ -->\n<title>2018 MacBook Pro: Update-Grund nun bekannt Apfelpatient<\/title>\n<meta name=\"description\" content=\"Apple hat am Mittwoch Abend macOS 10.13.6 f\u00fcr die neue MacBook Pro Generation ver\u00f6ffentlicht. Der iKonzern nannte hier keine genaueren Details. Die\" \/>\n<meta name=\"robots\" content=\"index, follow, max-snippet:-1, max-image-preview:large, max-video-preview:-1\" \/>\n<link rel=\"canonical\" href=\"https:\/\/www.apfelpatient.de\/en\/news\/2018-macbook-pro-update-reason-now-known\" \/>\n<meta property=\"og:locale\" content=\"en_US\" \/>\n<meta property=\"og:type\" content=\"article\" \/>\n<meta property=\"og:title\" content=\"2018 MacBook Pro: Update-Grund nun bekannt\" \/>\n<meta property=\"og:description\" content=\"Apple hat am Mittwoch Abend macOS 10.13.6 f\u00fcr die neue MacBook Pro Generation ver\u00f6ffentlicht. Der iKonzern nannte hier keine genaueren Details. Die\" \/>\n<meta property=\"og:url\" content=\"https:\/\/www.apfelpatient.de\/en\/news\/2018-macbook-pro-update-reason-now-known\" \/>\n<meta property=\"og:site_name\" content=\"Apfelpatient\" \/>\n<meta property=\"article:publisher\" content=\"https:\/\/www.facebook.com\/apfelpatientOfficial\" \/>\n<meta property=\"article:author\" content=\"https:\/\/www.facebook.com\/apfelpatientOfficial\" \/>\n<meta property=\"article:published_time\" content=\"2018-08-30T10:08:57+00:00\" \/>\n<meta property=\"og:image\" content=\"https:\/\/www.apfelpatient.de\/wp-content\/uploads\/2018\/08\/alexandre-godreau-507278-unsplash.jpg\" \/>\n\t<meta property=\"og:image:width\" content=\"5116\" \/>\n\t<meta property=\"og:image:height\" content=\"3411\" \/>\n\t<meta property=\"og:image:type\" content=\"image\/jpeg\" \/>\n<meta name=\"author\" content=\"Milan\" \/>\n<meta name=\"twitter:card\" content=\"summary_large_image\" \/>\n<meta name=\"twitter:label1\" content=\"Written by\" \/>\n\t<meta name=\"twitter:data1\" content=\"Milan\" \/>\n\t<meta name=\"twitter:label2\" content=\"Est. reading time\" \/>\n\t<meta name=\"twitter:data2\" content=\"1 minute\" \/>\n<script type=\"application\/ld+json\" class=\"yoast-schema-graph\">{\"@context\":\"https:\\\/\\\/schema.org\",\"@graph\":[{\"@type\":\"NewsArticle\",\"@id\":\"https:\\\/\\\/www.apfelpatient.de\\\/news\\\/2018-macbook-pro-update-grund-nun-bekannt#article\",\"isPartOf\":{\"@id\":\"https:\\\/\\\/www.apfelpatient.de\\\/news\\\/2018-macbook-pro-update-grund-nun-bekannt\"},\"author\":{\"@type\":\"Organization\",\"@id\":\"https:\\\/\\\/www.apfelpatient.de\\\/en\\\/#organization\",\"name\":\"Apfelpatient\",\"url\":\"https:\\\/\\\/www.apfelpatient.de\\\/en\\\/\"},\"headline\":\"2018 MacBook Pro: Update-Grund nun bekannt\",\"datePublished\":\"2018-08-30T10:08:57+00:00\",\"mainEntityOfPage\":{\"@id\":\"https:\\\/\\\/www.apfelpatient.de\\\/news\\\/2018-macbook-pro-update-grund-nun-bekannt\"},\"wordCount\":286,\"commentCount\":0,\"publisher\":{\"@type\":\"Organization\",\"@id\":\"https:\\\/\\\/www.apfelpatient.de\\\/en\\\/#organization\",\"name\":\"Apfelpatient\",\"url\":\"https:\\\/\\\/www.apfelpatient.de\\\/en\\\/\"},\"image\":{\"@id\":\"https:\\\/\\\/www.apfelpatient.de\\\/news\\\/2018-macbook-pro-update-grund-nun-bekannt#primaryimage\"},\"thumbnailUrl\":\"https:\\\/\\\/www.apfelpatient.de\\\/wp-content\\\/uploads\\\/2018\\\/08\\\/alexandre-godreau-507278-unsplash.jpg\",\"keywords\":[\"BridgeOS\",\"Mac\",\"macOS\"],\"articleSection\":\"News\",\"inLanguage\":\"en-US\",\"potentialAction\":[{\"@type\":\"CommentAction\",\"name\":\"Comment\",\"target\":[\"https:\\\/\\\/www.apfelpatient.de\\\/news\\\/2018-macbook-pro-update-grund-nun-bekannt#respond\"]}],\"copyrightYear\":\"2018\",\"copyrightHolder\":{\"@id\":\"https:\\\/\\\/www.apfelpatient.de\\\/en\\\/#organization\"}},{\"@type\":\"WebPage\",\"@id\":\"https:\\\/\\\/www.apfelpatient.de\\\/news\\\/2018-macbook-pro-update-grund-nun-bekannt\",\"url\":\"https:\\\/\\\/www.apfelpatient.de\\\/news\\\/2018-macbook-pro-update-grund-nun-bekannt\",\"name\":\"2018 MacBook Pro: Update-Grund nun bekannt Apfelpatient\",\"isPartOf\":{\"@id\":\"https:\\\/\\\/www.apfelpatient.de\\\/#website\"},\"primaryImageOfPage\":{\"@id\":\"https:\\\/\\\/www.apfelpatient.de\\\/news\\\/2018-macbook-pro-update-grund-nun-bekannt#primaryimage\"},\"image\":{\"@id\":\"https:\\\/\\\/www.apfelpatient.de\\\/news\\\/2018-macbook-pro-update-grund-nun-bekannt#primaryimage\"},\"thumbnailUrl\":\"https:\\\/\\\/www.apfelpatient.de\\\/wp-content\\\/uploads\\\/2018\\\/08\\\/alexandre-godreau-507278-unsplash.jpg\",\"datePublished\":\"2018-08-30T10:08:57+00:00\",\"description\":\"Apple hat am Mittwoch Abend macOS 10.13.6 f\u00fcr die neue MacBook Pro Generation ver\u00f6ffentlicht. Der iKonzern nannte hier keine genaueren Details. Die\",\"breadcrumb\":{\"@id\":\"https:\\\/\\\/www.apfelpatient.de\\\/news\\\/2018-macbook-pro-update-grund-nun-bekannt#breadcrumb\"},\"inLanguage\":\"en-US\",\"potentialAction\":[{\"@type\":\"ReadAction\",\"target\":[\"https:\\\/\\\/www.apfelpatient.de\\\/news\\\/2018-macbook-pro-update-grund-nun-bekannt\"]}]},{\"@type\":\"ImageObject\",\"inLanguage\":\"en-US\",\"@id\":\"https:\\\/\\\/www.apfelpatient.de\\\/news\\\/2018-macbook-pro-update-grund-nun-bekannt#primaryimage\",\"url\":\"https:\\\/\\\/www.apfelpatient.de\\\/wp-content\\\/uploads\\\/2018\\\/08\\\/alexandre-godreau-507278-unsplash.jpg\",\"contentUrl\":\"https:\\\/\\\/www.apfelpatient.de\\\/wp-content\\\/uploads\\\/2018\\\/08\\\/alexandre-godreau-507278-unsplash.jpg\",\"width\":5116,\"height\":3411,\"caption\":\"Photo by Unsplash\"},{\"@type\":\"BreadcrumbList\",\"@id\":\"https:\\\/\\\/www.apfelpatient.de\\\/news\\\/2018-macbook-pro-update-grund-nun-bekannt#breadcrumb\",\"itemListElement\":[{\"@type\":\"ListItem\",\"position\":1,\"name\":\"Startseite\",\"item\":\"https:\\\/\\\/www.apfelpatient.de\\\/\"},{\"@type\":\"ListItem\",\"position\":2,\"name\":\"2018 MacBook Pro: Update-Grund nun bekannt\"}]},{\"@type\":\"WebSite\",\"@id\":\"https:\\\/\\\/www.apfelpatient.de\\\/#website\",\"url\":\"https:\\\/\\\/www.apfelpatient.de\\\/\",\"name\":\"Apfelpatient\",\"description\":\"Alles rund um Apple!\",\"publisher\":{\"@type\":\"Organization\",\"@id\":\"https:\\\/\\\/www.apfelpatient.de\\\/en\\\/#organization\",\"name\":\"Apfelpatient\",\"url\":\"https:\\\/\\\/www.apfelpatient.de\\\/en\\\/\"},\"alternateName\":\"Apfelpatient\",\"potentialAction\":[{\"@type\":\"SearchAction\",\"target\":{\"@type\":\"EntryPoint\",\"urlTemplate\":\"https:\\\/\\\/www.apfelpatient.de\\\/?s={search_term_string}\"},\"query-input\":{\"@type\":\"PropertyValueSpecification\",\"valueRequired\":true,\"valueName\":\"search_term_string\"}}],\"inLanguage\":\"en-US\"},{\"@type\":[\"Person\",\"Organization\"],\"@id\":\"https:\\\/\\\/www.apfelpatient.de\\\/#\\\/schema\\\/person\\\/7dc56ad6c8e9824b76d2c08d4c140e13\",\"name\":\"Milan\",\"logo\":{\"@id\":\"https:\\\/\\\/www.apfelpatient.de\\\/#\\\/schema\\\/person\\\/image\\\/\"},\"description\":\"Hallo und herzlich willkommen auf meinem Technik-Blog! Als gro\u00dfer Apple-Fan berichte ich hier \u00fcber alles, was mit Apple zu tun hat: von den neuesten News und spannenden Ger\u00fcchten \u00fcber hilfreiche Tipps und Tricks bis hin zu ausf\u00fchrlichen Produkttests. Wenn du genauso technikbegeistert bist wie ich, bist du hier genau richtig!\",\"sameAs\":[\"https:\\\/\\\/www.facebook.com\\\/apfelpatientOfficial\",\"https:\\\/\\\/www.linkedin.com\\\/in\\\/milan-jovicic-42aa0231b\"],\"url\":\"https:\\\/\\\/www.apfelpatient.de\\\/en\\\/author\\\/apfeladmin\"}]}<\/script>\n<!-- \/ Yoast SEO Premium plugin. -->","yoast_head_json":{"title":"2018 MacBook Pro: Update reason now known Apfelpatient","description":"Apple released macOS 10.13.6 for the new MacBook Pro generation on Wednesday evening. The iCompany did not provide any further details.","robots":{"index":"index","follow":"follow","max-snippet":"max-snippet:-1","max-image-preview":"max-image-preview:large","max-video-preview":"max-video-preview:-1"},"canonical":"https:\/\/www.apfelpatient.de\/en\/news\/2018-macbook-pro-update-reason-now-known","og_locale":"en_US","og_type":"article","og_title":"2018 MacBook Pro: Update-Grund nun bekannt","og_description":"Apple hat am Mittwoch Abend macOS 10.13.6 f\u00fcr die neue MacBook Pro Generation ver\u00f6ffentlicht. Der iKonzern nannte hier keine genaueren Details. Die","og_url":"https:\/\/www.apfelpatient.de\/en\/news\/2018-macbook-pro-update-reason-now-known","og_site_name":"Apfelpatient","article_publisher":"https:\/\/www.facebook.com\/apfelpatientOfficial","article_author":"https:\/\/www.facebook.com\/apfelpatientOfficial","article_published_time":"2018-08-30T10:08:57+00:00","og_image":[{"width":5116,"height":3411,"url":"https:\/\/www.apfelpatient.de\/wp-content\/uploads\/2018\/08\/alexandre-godreau-507278-unsplash.jpg","type":"image\/jpeg"}],"author":"Milan","twitter_card":"summary_large_image","twitter_misc":{"Written by":"Milan","Est. reading time":"1 minute"},"schema":{"@context":"https:\/\/schema.org","@graph":[{"@type":"NewsArticle","@id":"https:\/\/www.apfelpatient.de\/news\/2018-macbook-pro-update-grund-nun-bekannt#article","isPartOf":{"@id":"https:\/\/www.apfelpatient.de\/news\/2018-macbook-pro-update-grund-nun-bekannt"},"author":{"@type":"Organization","@id":"https:\/\/www.apfelpatient.de\/en\/#organization","name":"Apfelpatient","url":"https:\/\/www.apfelpatient.de\/en\/"},"headline":"2018 MacBook Pro: Update-Grund nun bekannt","datePublished":"2018-08-30T10:08:57+00:00","mainEntityOfPage":{"@id":"https:\/\/www.apfelpatient.de\/news\/2018-macbook-pro-update-grund-nun-bekannt"},"wordCount":286,"commentCount":0,"publisher":{"@type":"Organization","@id":"https:\/\/www.apfelpatient.de\/en\/#organization","name":"Apfelpatient","url":"https:\/\/www.apfelpatient.de\/en\/"},"image":{"@id":"https:\/\/www.apfelpatient.de\/news\/2018-macbook-pro-update-grund-nun-bekannt#primaryimage"},"thumbnailUrl":"https:\/\/www.apfelpatient.de\/wp-content\/uploads\/2018\/08\/alexandre-godreau-507278-unsplash.jpg","keywords":["BridgeOS","Mac","macOS"],"articleSection":"News","inLanguage":"en-US","potentialAction":[{"@type":"CommentAction","name":"Comment","target":["https:\/\/www.apfelpatient.de\/news\/2018-macbook-pro-update-grund-nun-bekannt#respond"]}],"copyrightYear":"2018","copyrightHolder":{"@id":"https:\/\/www.apfelpatient.de\/en\/#organization"}},{"@type":"WebPage","@id":"https:\/\/www.apfelpatient.de\/news\/2018-macbook-pro-update-grund-nun-bekannt","url":"https:\/\/www.apfelpatient.de\/news\/2018-macbook-pro-update-grund-nun-bekannt","name":"2018 MacBook Pro: Update reason now known Apfelpatient","isPartOf":{"@id":"https:\/\/www.apfelpatient.de\/#website"},"primaryImageOfPage":{"@id":"https:\/\/www.apfelpatient.de\/news\/2018-macbook-pro-update-grund-nun-bekannt#primaryimage"},"image":{"@id":"https:\/\/www.apfelpatient.de\/news\/2018-macbook-pro-update-grund-nun-bekannt#primaryimage"},"thumbnailUrl":"https:\/\/www.apfelpatient.de\/wp-content\/uploads\/2018\/08\/alexandre-godreau-507278-unsplash.jpg","datePublished":"2018-08-30T10:08:57+00:00","description":"Apple released macOS 10.13.6 for the new MacBook Pro generation on Wednesday evening. The iCompany did not provide any further details.","breadcrumb":{"@id":"https:\/\/www.apfelpatient.de\/news\/2018-macbook-pro-update-grund-nun-bekannt#breadcrumb"},"inLanguage":"en-US","potentialAction":[{"@type":"ReadAction","target":["https:\/\/www.apfelpatient.de\/news\/2018-macbook-pro-update-grund-nun-bekannt"]}]},{"@type":"ImageObject","inLanguage":"en-US","@id":"https:\/\/www.apfelpatient.de\/news\/2018-macbook-pro-update-grund-nun-bekannt#primaryimage","url":"https:\/\/www.apfelpatient.de\/wp-content\/uploads\/2018\/08\/alexandre-godreau-507278-unsplash.jpg","contentUrl":"https:\/\/www.apfelpatient.de\/wp-content\/uploads\/2018\/08\/alexandre-godreau-507278-unsplash.jpg","width":5116,"height":3411,"caption":"Photo by Unsplash"},{"@type":"BreadcrumbList","@id":"https:\/\/www.apfelpatient.de\/news\/2018-macbook-pro-update-grund-nun-bekannt#breadcrumb","itemListElement":[{"@type":"ListItem","position":1,"name":"Startseite","item":"https:\/\/www.apfelpatient.de\/"},{"@type":"ListItem","position":2,"name":"2018 MacBook Pro: Update-Grund nun bekannt"}]},{"@type":"WebSite","@id":"https:\/\/www.apfelpatient.de\/#website","url":"https:\/\/www.apfelpatient.de\/","name":"apple patient","description":"Everything about Apple!","publisher":{"@type":"Organization","@id":"https:\/\/www.apfelpatient.de\/en\/#organization","name":"Apfelpatient","url":"https:\/\/www.apfelpatient.de\/en\/"},"alternateName":"Apfelpatient","potentialAction":[{"@type":"SearchAction","target":{"@type":"EntryPoint","urlTemplate":"https:\/\/www.apfelpatient.de\/?s={search_term_string}"},"query-input":{"@type":"PropertyValueSpecification","valueRequired":true,"valueName":"search_term_string"}}],"inLanguage":"en-US"},{"@type":["Person","Organization"],"@id":"https:\/\/www.apfelpatient.de\/#\/schema\/person\/7dc56ad6c8e9824b76d2c08d4c140e13","name":"Milan","logo":{"@id":"https:\/\/www.apfelpatient.de\/#\/schema\/person\/image\/"},"description":"Hello and welcome to my technology blog! As a big Apple fan, I report on everything to do with Apple: from the latest news and exciting rumors to helpful tips and tricks and detailed product tests. If you are as enthusiastic about technology as I am, you have come to the right place!","sameAs":["https:\/\/www.facebook.com\/apfelpatientOfficial","https:\/\/www.linkedin.com\/in\/milan-jovicic-42aa0231b"],"url":"https:\/\/www.apfelpatient.de\/en\/author\/apfeladmin"}]}},"_links":{"self":[{"href":"https:\/\/www.apfelpatient.de\/en\/wp-json\/wp\/v2\/posts\/1784","targetHints":{"allow":["GET"]}}],"collection":[{"href":"https:\/\/www.apfelpatient.de\/en\/wp-json\/wp\/v2\/posts"}],"about":[{"href":"https:\/\/www.apfelpatient.de\/en\/wp-json\/wp\/v2\/types\/post"}],"author":[{"embeddable":true,"href":"https:\/\/www.apfelpatient.de\/en\/wp-json\/wp\/v2\/users\/2"}],"replies":[{"embeddable":true,"href":"https:\/\/www.apfelpatient.de\/en\/wp-json\/wp\/v2\/comments?post=1784"}],"version-history":[{"count":0,"href":"https:\/\/www.apfelpatient.de\/en\/wp-json\/wp\/v2\/posts\/1784\/revisions"}],"wp:featuredmedia":[{"embeddable":true,"href":"https:\/\/www.apfelpatient.de\/en\/wp-json\/wp\/v2\/media\/1785"}],"wp:attachment":[{"href":"https:\/\/www.apfelpatient.de\/en\/wp-json\/wp\/v2\/media?parent=1784"}],"wp:term":[{"taxonomy":"category","embeddable":true,"href":"https:\/\/www.apfelpatient.de\/en\/wp-json\/wp\/v2\/categories?post=1784"},{"taxonomy":"post_tag","embeddable":true,"href":"https:\/\/www.apfelpatient.de\/en\/wp-json\/wp\/v2\/tags?post=1784"}],"curies":[{"name":"wp","href":"https:\/\/api.w.org\/{rel}","templated":true}]}}