{"id":17821,"date":"2020-12-14T13:04:47","date_gmt":"2020-12-14T12:04:47","guid":{"rendered":"https:\/\/www.apfelpatient.de\/?p=17821"},"modified":"2025-10-14T16:03:32","modified_gmt":"2025-10-14T14:03:32","slug":"apple-tv-tim-cook-cancels-series","status":"publish","type":"post","link":"https:\/\/www.apfelpatient.de\/en\/rumors\/apple-tv-tim-cook-laesst-serie-streichen","title":{"rendered":"Apple TV+: Tim Cook cancels series"},"content":{"rendered":"<p class=\"has-drop-cap\"><strong>A new Apple TV+ series that was supposed to show the rise of the controversial blogging network Gawker Media has reportedly been canceled, with Apple boss Tim Cook reportedly dropping the project after learning about it.<\/strong><\/p>\n\n\n\n<p>Earlier this year, Vanity Fair claimed that Apple was planning to produce a series about Gawker. The series, titled &quot;Scraper,&quot; was reportedly proposed by two former Gawker employees, Max Read and Cord Jefferson. However, according to a new New York Times report, Apple canceled the series after Cook learned of its development. Sources say Cook was &quot;surprised&quot; to learn that Apple was producing the series and sent an email to an Apple executive to express his &quot;clearly negative opinion&quot; of the project. The report states: <a href=\"https:\/\/www.nytimes.com\/2020\/12\/13\/business\/media\/apple-gawker-tim-cook.html\" target=\"_blank\" rel=\"noreferrer noopener\">report<\/a>:<\/p>\n\n\n\n<h3 class=\"wp-block-heading\" id=\"h-iphone-4-gizmodo-fand-prototyp\">iPhone 4: Gizmodo found prototype<\/h3>\n\n\n\n\n\n\n\n<blockquote class=\"wp-block-quote is-layout-flow wp-block-quote-is-layout-flow\"><p>According to two people briefed in the email, Mr. Cook was surprised to learn that his company was doing a show about Gawker, which had humiliated the company at various times and famously outed him as gay in 2008. People said he had a distinctly negative view of Gawker, so Apple killed the project.<\/p><\/blockquote>\n\n\n\n<p>As the report notes, Apple has had a strained relationship with the now-defunct media company. Most notably, in 2010, Gawker-owned Gizmodo got its hands on an iPhone 4 prototype that was accidentally left behind by an Apple employee in a bar. It&#039;s not the first time the Apple boss has influenced the development of Apple TV+ content.&nbsp;<\/p>\n\n\n\n<h3 class=\"wp-block-heading\" id=\"h-apple-tv-keine-inhalte-in-denen-china-schlecht-dargestellt-wird\">Apple TV+: No content that portrays China negatively<\/h3>\n\n\n\n<p>In 2018, the Wall Street Journal reported that Cook pulled the Dr. Dre biopic &quot;Vital Signs&quot; after being disturbed by the show&#039;s scenes depicting drawn guns, sex and drug use. In addition, the new report claims that Eddy Cue, Apple&#039;s senior vice president of Internet software and services, informed Apple TV+ partners that &quot;the two things we will never do are hardcore nudity and China.&quot; Specifically, the report says Apple does not want to produce content that portrays China in a negative light. <em>(Photo by Burdun \/ Bigstockphoto)<\/em><\/p>\n\n\n\n<ul class=\"wp-block-list\"><li><a href=\"https:\/\/www.apfelpatient.de\/en\/news\/apple-tv-trial-period-extended-free-of-charge\">Apple TV+: Trial phase extended free of charge<\/a><\/li><\/ul>\n\n\n\n<h6 class=\"wp-block-heading translation-block\" id=\"h-kennt-ihr-schon-unsere-amazon-storefront-dort-findet-ihr-eine-handverlesene-auswahl-von-diversen-produkten-f-r-euer-iphone-und-co-viel-spa-beim-st-bern\"><em>Have you already visited our Amazon Storefront? There you&#039;ll find a hand-picked selection of various products for your iPhone and other devices \u2013 <span class=\"has-inline-color has-vivid-red-color\"><a href=\"https:\/\/www.amazon.de\/shop\/apfelpatientofficial\" class=\"ek-link\" data-wpel-link=\"exclude\" rel=\"follow noopener\" target=\"_self\"><span style=\"text-decoration: underline\" class=\"ek-underline\">enjoy browsing<\/span><\/a> !<\/span><\/em><\/h6>\n\n\n\n\n\n<h6 class=\"wp-block-heading translation-block\" id=\"h-der-beitrag-enthalt-partnerlinks\">This post contains <a data-type=\"URL\" data-id=\"https:\/\/www.apfelpatient.de\/partnerprogramm\" href=\"https:\/\/www.apfelpatient.de\/en\/partner-program\" data-wpel-link=\"internal\" target=\"_self\">affiliate links<\/a>.<\/h6>","protected":false},"excerpt":{"rendered":"<p>New Apple TV+ series: The reason for this is Apple boss Tim Cook. He is said to have stopped the project after he found out about it.<\/p>","protected":false},"author":2,"featured_media":17822,"comment_status":"closed","ping_status":"closed","sticky":false,"template":"","format":"standard","meta":{"jnews-multi-image_gallery":[],"jnews_single_post":{"subtitle":"","format":"standard","video":"","gallery":"","source_name":"","source_url":"","via_name":"","via_url":"","override":[{"single_blog_custom":"","sidebar":"","second_sidebar":"","share_position":"","share_float_style":"","post_date_format":"","post_date_format_custom":"","post_reading_time_wpm":"","zoom_button_out_step":"1","zoom_button_in_step":"1","number_popup_post":"1"}],"image_override":[{"single_post_thumbnail_size":"","single_post_gallery_size":""}],"trending_post_position":"","trending_post_label":"","sponsored_post_label":"","sponsored_post_name":"","sponsored_post_url":"","sponsored_post_logo":"","sponsored_post_desc":""},"jnews_primary_category":{"id":"9"},"footnotes":""},"categories":[25],"tags":[34,156,248],"class_list":["post-17821","post","type-post","status-publish","format-standard","has-post-thumbnail","hentry","category-rumors","tag-apple-dienste","tag-apple-tv","tag-apple-tv-plus"],"yoast_head":"<!-- This site is optimized with the Yoast SEO Premium plugin v27.5 (Yoast SEO v27.5) - https:\/\/yoast.com\/product\/yoast-seo-premium-wordpress\/ -->\n<title>Apple TV+: Tim Cook l\u00e4sst Serie streichen Apfelpatient<\/title>\n<meta name=\"description\" content=\"Neue Apple TV+ Serie: Der Grund daf\u00fcr sei Apple Boss Tim Cook. Dieser soll das Projekt eingestellt haben, nachdem er davon erfahren hat.\" \/>\n<meta name=\"robots\" content=\"index, follow, max-snippet:-1, max-image-preview:large, max-video-preview:-1\" \/>\n<link rel=\"canonical\" href=\"https:\/\/www.apfelpatient.de\/en\/rumors\/apple-tv-tim-cook-cancels-series\" \/>\n<meta property=\"og:locale\" content=\"en_US\" \/>\n<meta property=\"og:type\" content=\"article\" \/>\n<meta property=\"og:title\" content=\"Apple TV+: Tim Cook l\u00e4sst Serie streichen\" \/>\n<meta property=\"og:description\" content=\"Neue Apple TV+ Serie: Der Grund daf\u00fcr sei Apple Boss Tim Cook. Dieser soll das Projekt eingestellt haben, nachdem er davon erfahren hat.\" \/>\n<meta property=\"og:url\" content=\"https:\/\/www.apfelpatient.de\/en\/rumors\/apple-tv-tim-cook-cancels-series\" \/>\n<meta property=\"og:site_name\" content=\"Apfelpatient\" \/>\n<meta property=\"article:publisher\" content=\"https:\/\/www.facebook.com\/apfelpatientOfficial\" \/>\n<meta property=\"article:author\" content=\"https:\/\/www.facebook.com\/apfelpatientOfficial\" \/>\n<meta property=\"article:published_time\" content=\"2020-12-14T12:04:47+00:00\" \/>\n<meta property=\"article:modified_time\" content=\"2025-10-14T14:03:32+00:00\" \/>\n<meta property=\"og:image\" content=\"https:\/\/www.apfelpatient.de\/wp-content\/uploads\/2020\/12\/bigstock-Tula-Russia-Apple-T-369984559.jpg\" \/>\n\t<meta property=\"og:image:width\" content=\"1600\" \/>\n\t<meta property=\"og:image:height\" content=\"1067\" \/>\n\t<meta property=\"og:image:type\" content=\"image\/jpeg\" \/>\n<meta name=\"author\" content=\"Milan\" \/>\n<meta name=\"twitter:card\" content=\"summary_large_image\" \/>\n<meta name=\"twitter:description\" content=\"Neue Apple TV+ Serie: Der Grund daf\u00fcr sei Apple Boss Tim Cook. Dieser soll das Projekt eingestellt haben, nachdem er davon erfahren hat.\" \/>\n<meta name=\"twitter:label1\" content=\"Written by\" \/>\n\t<meta name=\"twitter:data1\" content=\"Milan\" \/>\n\t<meta name=\"twitter:label2\" content=\"Est. reading time\" \/>\n\t<meta name=\"twitter:data2\" content=\"2 minutes\" \/>\n<script type=\"application\/ld+json\" class=\"yoast-schema-graph\">{\"@context\":\"https:\\\/\\\/schema.org\",\"@graph\":[{\"@type\":\"NewsArticle\",\"@id\":\"https:\\\/\\\/www.apfelpatient.de\\\/rumors\\\/apple-tv-tim-cook-laesst-serie-streichen#article\",\"isPartOf\":{\"@id\":\"https:\\\/\\\/www.apfelpatient.de\\\/rumors\\\/apple-tv-tim-cook-laesst-serie-streichen\"},\"author\":{\"@type\":\"Organization\",\"@id\":\"https:\\\/\\\/www.apfelpatient.de\\\/en\\\/#organization\",\"name\":\"Apfelpatient\",\"url\":\"https:\\\/\\\/www.apfelpatient.de\\\/en\\\/\"},\"headline\":\"Apple TV+: Tim Cook l\u00e4sst Serie streichen\",\"datePublished\":\"2020-12-14T12:04:47+00:00\",\"dateModified\":\"2025-10-14T14:03:32+00:00\",\"mainEntityOfPage\":{\"@id\":\"https:\\\/\\\/www.apfelpatient.de\\\/rumors\\\/apple-tv-tim-cook-laesst-serie-streichen\"},\"wordCount\":383,\"publisher\":{\"@type\":\"Organization\",\"@id\":\"https:\\\/\\\/www.apfelpatient.de\\\/en\\\/#organization\",\"name\":\"Apfelpatient\",\"url\":\"https:\\\/\\\/www.apfelpatient.de\\\/en\\\/\"},\"image\":{\"@id\":\"https:\\\/\\\/www.apfelpatient.de\\\/rumors\\\/apple-tv-tim-cook-laesst-serie-streichen#primaryimage\"},\"thumbnailUrl\":\"https:\\\/\\\/www.apfelpatient.de\\\/wp-content\\\/uploads\\\/2020\\\/12\\\/bigstock-Tula-Russia-Apple-T-369984559.jpg\",\"keywords\":[\"Apple Dienste\",\"Apple TV\",\"Apple TV Plus\"],\"articleSection\":\"Rumors\",\"inLanguage\":\"en-US\",\"copyrightYear\":\"2020\",\"copyrightHolder\":{\"@id\":\"https:\\\/\\\/www.apfelpatient.de\\\/en\\\/#organization\"}},{\"@type\":\"WebPage\",\"@id\":\"https:\\\/\\\/www.apfelpatient.de\\\/rumors\\\/apple-tv-tim-cook-laesst-serie-streichen\",\"url\":\"https:\\\/\\\/www.apfelpatient.de\\\/rumors\\\/apple-tv-tim-cook-laesst-serie-streichen\",\"name\":\"Apple TV+: Tim Cook l\u00e4sst Serie streichen Apfelpatient\",\"isPartOf\":{\"@id\":\"https:\\\/\\\/www.apfelpatient.de\\\/#website\"},\"primaryImageOfPage\":{\"@id\":\"https:\\\/\\\/www.apfelpatient.de\\\/rumors\\\/apple-tv-tim-cook-laesst-serie-streichen#primaryimage\"},\"image\":{\"@id\":\"https:\\\/\\\/www.apfelpatient.de\\\/rumors\\\/apple-tv-tim-cook-laesst-serie-streichen#primaryimage\"},\"thumbnailUrl\":\"https:\\\/\\\/www.apfelpatient.de\\\/wp-content\\\/uploads\\\/2020\\\/12\\\/bigstock-Tula-Russia-Apple-T-369984559.jpg\",\"datePublished\":\"2020-12-14T12:04:47+00:00\",\"dateModified\":\"2025-10-14T14:03:32+00:00\",\"description\":\"Neue Apple TV+ Serie: Der Grund daf\u00fcr sei Apple Boss Tim Cook. Dieser soll das Projekt eingestellt haben, nachdem er davon erfahren hat.\",\"breadcrumb\":{\"@id\":\"https:\\\/\\\/www.apfelpatient.de\\\/rumors\\\/apple-tv-tim-cook-laesst-serie-streichen#breadcrumb\"},\"inLanguage\":\"en-US\",\"potentialAction\":[{\"@type\":\"ReadAction\",\"target\":[\"https:\\\/\\\/www.apfelpatient.de\\\/rumors\\\/apple-tv-tim-cook-laesst-serie-streichen\"]}]},{\"@type\":\"ImageObject\",\"inLanguage\":\"en-US\",\"@id\":\"https:\\\/\\\/www.apfelpatient.de\\\/rumors\\\/apple-tv-tim-cook-laesst-serie-streichen#primaryimage\",\"url\":\"https:\\\/\\\/www.apfelpatient.de\\\/wp-content\\\/uploads\\\/2020\\\/12\\\/bigstock-Tula-Russia-Apple-T-369984559.jpg\",\"contentUrl\":\"https:\\\/\\\/www.apfelpatient.de\\\/wp-content\\\/uploads\\\/2020\\\/12\\\/bigstock-Tula-Russia-Apple-T-369984559.jpg\",\"width\":1600,\"height\":1067,\"caption\":\"Photo by Burdun \\\/ Bigstockphoto\"},{\"@type\":\"BreadcrumbList\",\"@id\":\"https:\\\/\\\/www.apfelpatient.de\\\/rumors\\\/apple-tv-tim-cook-laesst-serie-streichen#breadcrumb\",\"itemListElement\":[{\"@type\":\"ListItem\",\"position\":1,\"name\":\"Startseite\",\"item\":\"https:\\\/\\\/www.apfelpatient.de\\\/\"},{\"@type\":\"ListItem\",\"position\":2,\"name\":\"Apple TV+: Tim Cook l\u00e4sst Serie streichen\"}]},{\"@type\":\"WebSite\",\"@id\":\"https:\\\/\\\/www.apfelpatient.de\\\/#website\",\"url\":\"https:\\\/\\\/www.apfelpatient.de\\\/\",\"name\":\"Apfelpatient\",\"description\":\"Alles rund um Apple!\",\"publisher\":{\"@type\":\"Organization\",\"@id\":\"https:\\\/\\\/www.apfelpatient.de\\\/en\\\/#organization\",\"name\":\"Apfelpatient\",\"url\":\"https:\\\/\\\/www.apfelpatient.de\\\/en\\\/\"},\"alternateName\":\"Apfelpatient\",\"potentialAction\":[{\"@type\":\"SearchAction\",\"target\":{\"@type\":\"EntryPoint\",\"urlTemplate\":\"https:\\\/\\\/www.apfelpatient.de\\\/?s={search_term_string}\"},\"query-input\":{\"@type\":\"PropertyValueSpecification\",\"valueRequired\":true,\"valueName\":\"search_term_string\"}}],\"inLanguage\":\"en-US\"},{\"@type\":[\"Person\",\"Organization\"],\"@id\":\"https:\\\/\\\/www.apfelpatient.de\\\/#\\\/schema\\\/person\\\/35b3ddba5832f2bfc7fff5206d4f6b7b\",\"name\":\"Milan\",\"logo\":{\"@id\":\"https:\\\/\\\/www.apfelpatient.de\\\/#\\\/schema\\\/person\\\/image\\\/\"},\"description\":\"Hallo und herzlich willkommen auf meinem Technik-Blog! Als gro\u00dfer Apple-Fan berichte ich hier \u00fcber alles, was mit Apple zu tun hat: von den neuesten News und spannenden Ger\u00fcchten \u00fcber hilfreiche Tipps und Tricks bis hin zu ausf\u00fchrlichen Produkttests. Wenn du genauso technikbegeistert bist wie ich, bist du hier genau richtig!\",\"sameAs\":[\"https:\\\/\\\/www.facebook.com\\\/apfelpatientOfficial\",\"https:\\\/\\\/www.linkedin.com\\\/in\\\/milan-jovicic-42aa0231b\"],\"url\":\"https:\\\/\\\/www.apfelpatient.de\\\/en\\\/author\\\/apfeladmin\"}]}<\/script>\n<!-- \/ Yoast SEO Premium plugin. -->","yoast_head_json":{"title":"Apple TV+: Tim Cook cancels series Apfelpatient","description":"New Apple TV+ series: The reason for this is Apple boss Tim Cook. He is said to have stopped the project after he found out about it.","robots":{"index":"index","follow":"follow","max-snippet":"max-snippet:-1","max-image-preview":"max-image-preview:large","max-video-preview":"max-video-preview:-1"},"canonical":"https:\/\/www.apfelpatient.de\/en\/rumors\/apple-tv-tim-cook-cancels-series","og_locale":"en_US","og_type":"article","og_title":"Apple TV+: Tim Cook l\u00e4sst Serie streichen","og_description":"Neue Apple TV+ Serie: Der Grund daf\u00fcr sei Apple Boss Tim Cook. Dieser soll das Projekt eingestellt haben, nachdem er davon erfahren hat.","og_url":"https:\/\/www.apfelpatient.de\/en\/rumors\/apple-tv-tim-cook-cancels-series","og_site_name":"Apfelpatient","article_publisher":"https:\/\/www.facebook.com\/apfelpatientOfficial","article_author":"https:\/\/www.facebook.com\/apfelpatientOfficial","article_published_time":"2020-12-14T12:04:47+00:00","article_modified_time":"2025-10-14T14:03:32+00:00","og_image":[{"width":1600,"height":1067,"url":"https:\/\/www.apfelpatient.de\/wp-content\/uploads\/2020\/12\/bigstock-Tula-Russia-Apple-T-369984559.jpg","type":"image\/jpeg"}],"author":"Milan","twitter_card":"summary_large_image","twitter_description":"Neue Apple TV+ Serie: Der Grund daf\u00fcr sei Apple Boss Tim Cook. Dieser soll das Projekt eingestellt haben, nachdem er davon erfahren hat.","twitter_misc":{"Written by":"Milan","Est. reading time":"2 minutes"},"schema":{"@context":"https:\/\/schema.org","@graph":[{"@type":"NewsArticle","@id":"https:\/\/www.apfelpatient.de\/rumors\/apple-tv-tim-cook-laesst-serie-streichen#article","isPartOf":{"@id":"https:\/\/www.apfelpatient.de\/rumors\/apple-tv-tim-cook-laesst-serie-streichen"},"author":{"@type":"Organization","@id":"https:\/\/www.apfelpatient.de\/en\/#organization","name":"Apfelpatient","url":"https:\/\/www.apfelpatient.de\/en\/"},"headline":"Apple TV+: Tim Cook l\u00e4sst Serie streichen","datePublished":"2020-12-14T12:04:47+00:00","dateModified":"2025-10-14T14:03:32+00:00","mainEntityOfPage":{"@id":"https:\/\/www.apfelpatient.de\/rumors\/apple-tv-tim-cook-laesst-serie-streichen"},"wordCount":383,"publisher":{"@type":"Organization","@id":"https:\/\/www.apfelpatient.de\/en\/#organization","name":"Apfelpatient","url":"https:\/\/www.apfelpatient.de\/en\/"},"image":{"@id":"https:\/\/www.apfelpatient.de\/rumors\/apple-tv-tim-cook-laesst-serie-streichen#primaryimage"},"thumbnailUrl":"https:\/\/www.apfelpatient.de\/wp-content\/uploads\/2020\/12\/bigstock-Tula-Russia-Apple-T-369984559.jpg","keywords":["Apple Dienste","Apple TV","Apple TV Plus"],"articleSection":"Rumors","inLanguage":"en-US","copyrightYear":"2020","copyrightHolder":{"@id":"https:\/\/www.apfelpatient.de\/en\/#organization"}},{"@type":"WebPage","@id":"https:\/\/www.apfelpatient.de\/rumors\/apple-tv-tim-cook-laesst-serie-streichen","url":"https:\/\/www.apfelpatient.de\/rumors\/apple-tv-tim-cook-laesst-serie-streichen","name":"Apple TV+: Tim Cook cancels series Apfelpatient","isPartOf":{"@id":"https:\/\/www.apfelpatient.de\/#website"},"primaryImageOfPage":{"@id":"https:\/\/www.apfelpatient.de\/rumors\/apple-tv-tim-cook-laesst-serie-streichen#primaryimage"},"image":{"@id":"https:\/\/www.apfelpatient.de\/rumors\/apple-tv-tim-cook-laesst-serie-streichen#primaryimage"},"thumbnailUrl":"https:\/\/www.apfelpatient.de\/wp-content\/uploads\/2020\/12\/bigstock-Tula-Russia-Apple-T-369984559.jpg","datePublished":"2020-12-14T12:04:47+00:00","dateModified":"2025-10-14T14:03:32+00:00","description":"New Apple TV+ series: The reason for this is Apple boss Tim Cook. He is said to have stopped the project after he found out about it.","breadcrumb":{"@id":"https:\/\/www.apfelpatient.de\/rumors\/apple-tv-tim-cook-laesst-serie-streichen#breadcrumb"},"inLanguage":"en-US","potentialAction":[{"@type":"ReadAction","target":["https:\/\/www.apfelpatient.de\/rumors\/apple-tv-tim-cook-laesst-serie-streichen"]}]},{"@type":"ImageObject","inLanguage":"en-US","@id":"https:\/\/www.apfelpatient.de\/rumors\/apple-tv-tim-cook-laesst-serie-streichen#primaryimage","url":"https:\/\/www.apfelpatient.de\/wp-content\/uploads\/2020\/12\/bigstock-Tula-Russia-Apple-T-369984559.jpg","contentUrl":"https:\/\/www.apfelpatient.de\/wp-content\/uploads\/2020\/12\/bigstock-Tula-Russia-Apple-T-369984559.jpg","width":1600,"height":1067,"caption":"Photo by Burdun \/ Bigstockphoto"},{"@type":"BreadcrumbList","@id":"https:\/\/www.apfelpatient.de\/rumors\/apple-tv-tim-cook-laesst-serie-streichen#breadcrumb","itemListElement":[{"@type":"ListItem","position":1,"name":"Startseite","item":"https:\/\/www.apfelpatient.de\/"},{"@type":"ListItem","position":2,"name":"Apple TV+: Tim Cook l\u00e4sst Serie streichen"}]},{"@type":"WebSite","@id":"https:\/\/www.apfelpatient.de\/#website","url":"https:\/\/www.apfelpatient.de\/","name":"apple patient","description":"Everything about Apple!","publisher":{"@type":"Organization","@id":"https:\/\/www.apfelpatient.de\/en\/#organization","name":"Apfelpatient","url":"https:\/\/www.apfelpatient.de\/en\/"},"alternateName":"Apfelpatient","potentialAction":[{"@type":"SearchAction","target":{"@type":"EntryPoint","urlTemplate":"https:\/\/www.apfelpatient.de\/?s={search_term_string}"},"query-input":{"@type":"PropertyValueSpecification","valueRequired":true,"valueName":"search_term_string"}}],"inLanguage":"en-US"},{"@type":["Person","Organization"],"@id":"https:\/\/www.apfelpatient.de\/#\/schema\/person\/35b3ddba5832f2bfc7fff5206d4f6b7b","name":"Milan","logo":{"@id":"https:\/\/www.apfelpatient.de\/#\/schema\/person\/image\/"},"description":"Hello and welcome to my technology blog! As a big Apple fan, I report on everything to do with Apple: from the latest news and exciting rumors to helpful tips and tricks and detailed product tests. If you are as enthusiastic about technology as I am, you have come to the right place!","sameAs":["https:\/\/www.facebook.com\/apfelpatientOfficial","https:\/\/www.linkedin.com\/in\/milan-jovicic-42aa0231b"],"url":"https:\/\/www.apfelpatient.de\/en\/author\/apfeladmin"}]}},"_links":{"self":[{"href":"https:\/\/www.apfelpatient.de\/en\/wp-json\/wp\/v2\/posts\/17821","targetHints":{"allow":["GET"]}}],"collection":[{"href":"https:\/\/www.apfelpatient.de\/en\/wp-json\/wp\/v2\/posts"}],"about":[{"href":"https:\/\/www.apfelpatient.de\/en\/wp-json\/wp\/v2\/types\/post"}],"author":[{"embeddable":true,"href":"https:\/\/www.apfelpatient.de\/en\/wp-json\/wp\/v2\/users\/2"}],"replies":[{"embeddable":true,"href":"https:\/\/www.apfelpatient.de\/en\/wp-json\/wp\/v2\/comments?post=17821"}],"version-history":[{"count":0,"href":"https:\/\/www.apfelpatient.de\/en\/wp-json\/wp\/v2\/posts\/17821\/revisions"}],"wp:featuredmedia":[{"embeddable":true,"href":"https:\/\/www.apfelpatient.de\/en\/wp-json\/wp\/v2\/media\/17822"}],"wp:attachment":[{"href":"https:\/\/www.apfelpatient.de\/en\/wp-json\/wp\/v2\/media?parent=17821"}],"wp:term":[{"taxonomy":"category","embeddable":true,"href":"https:\/\/www.apfelpatient.de\/en\/wp-json\/wp\/v2\/categories?post=17821"},{"taxonomy":"post_tag","embeddable":true,"href":"https:\/\/www.apfelpatient.de\/en\/wp-json\/wp\/v2\/tags?post=17821"}],"curies":[{"name":"wp","href":"https:\/\/api.w.org\/{rel}","templated":true}]}}