{"id":17754,"date":"2020-12-10T00:19:41","date_gmt":"2020-12-09T23:19:41","guid":{"rendered":"https:\/\/www.apfelpatient.de\/?p=17754"},"modified":"2020-12-10T00:19:42","modified_gmt":"2020-12-09T23:19:42","slug":"iphone-survey-apple-asked-about-face-id-and-usb-cable","status":"publish","type":"post","link":"https:\/\/www.apfelpatient.de\/en\/news\/iphone-umfrage-apple-befragt-zu-face-id-und-usb-kabel","title":{"rendered":"iPhone survey: Apple asks about Face ID and USB cable"},"content":{"rendered":"<p class=\"has-drop-cap\"><strong>Earlier this year, Apple surveyed some users about how they use the power adapter that used to be included in the iPhone box. This was removed during the iPhone 12 launch. Now the next survey is making the rounds.<\/strong><\/p>\n\n\n\n<p>Apple has launched a new survey to find out if iPhone users are unhappy with Face ID and whether they use the USB-C to Lightning cable that comes with every iPhone that <a href=\"https:\/\/9to5mac.com\/2020\/12\/09\/apple-surveys-iphone-users-on-face-id-opinions-usb-cable-in-the-box\/\" target=\"_blank\" rel=\"noreferrer noopener\">reported<\/a> 9to5mac. Interestingly, the survey seems to be specifically aimed at iPhone 12 users.\u00a0<\/p>\n\n\n\n<h3 class=\"wp-block-heading\" id=\"h-umfrage-ich-bevorzuge-touch-id\">Survey: &quot;I prefer Touch ID&quot;<\/h3>\n\n\n\n\n\n\n\n<p>One of the questions asked in the survey is whether the user is happy with Face ID - and if the answer is no, there are some alternatives to sharing details with Apple. The following answers are listed:<\/p>\n\n\n\n<ul class=\"wp-block-list\"><li>security or privacy concerns<\/li><li>I don&#039;t like having to pick up the phone to use Face ID<\/li><li>Slow performance<\/li><li>It does not recognize my face in all situations (such as low light, different angles, lying down, wearing sunglasses)<\/li><li>I prefer Touch ID<\/li><li>Not reliable; does not always unlock the iPhone<\/li><li>Other<\/li><li>Not sure<\/li><\/ul>\n\n\n\n<p>In addition to Face ID, the use of the included USB-C to Lightning cable is also being questioned. The question was formulated in the same way as with the power adapter. The company wants to know whether users use the cable or use an existing one.&nbsp;<\/p>\n\n\n\n<h3 class=\"wp-block-heading\" id=\"h-iphone-12s-iphone-13-wird-magsafe-zum-standard\">iPhone 12S \/ iPhone 13: Will MagSafe become the standard?<\/h3>\n\n\n\n\n\n\n\n<p>In recent months, there have been repeated rumors that Apple could introduce a smartphone with Face ID and Touch ID together in the next two years. The survey fuels speculation. Although Face ID is an amazing technology, it does have some limitations. This is where Touch ID clearly scores points. At the same time, the survey suggests that Apple is considering eliminating the charging cable. Anyone who was already upset about the missing power adapter will certainly not be happy about this news. However, there have also been rumors that the charging socket will be removed completely. Is MagSafe the future? So there is a possibility that Apple will introduce the iPhone 12S or iPhone 13 with even fewer accessories and two biometric authentication methods. At the same time, MagSafe could become the standard. Let&#039;s wait and see - 2021 should definitely be exciting. <em>(Photo by ms_pics_and_more \/ Bigstockphoto)<\/em><\/p>\n\n\n\n<ul class=\"wp-block-list\"><li><a href=\"https:\/\/www.apfelpatient.de\/en\/rumors\/iphone-2022-rumors-give-hope-for-better-camera\">iPhone 2022: Rumors give hope for better camera<\/a><\/li><\/ul>\n\n\n\n<h6 class=\"wp-block-heading translation-block\" id=\"h-kennt-ihr-schon-unsere-amazon-storefront-dort-findet-ihr-eine-handverlesene-auswahl-von-diversen-produkten-f-r-euer-iphone-und-co-viel-spa-beim-st-bern\"><em>Have you already visited our Amazon Storefront? There you&#039;ll find a hand-picked selection of various products for your iPhone and other devices \u2013 <span class=\"has-inline-color has-vivid-red-color\"><a href=\"https:\/\/www.amazon.de\/shop\/apfelpatientofficial\" class=\"ek-link\" data-wpel-link=\"exclude\" rel=\"follow noopener\" target=\"_self\"><span style=\"text-decoration: underline\" class=\"ek-underline\">enjoy browsing<\/span><\/a> !<\/span><\/em><\/h6>\n\n\n\n<h6 class=\"wp-block-heading translation-block\" id=\"h-der-beitrag-enthalt-partnerlinks\">This post contains <a data-type=\"URL\" data-id=\"https:\/\/www.apfelpatient.de\/partnerprogramm\" href=\"https:\/\/www.apfelpatient.de\/en\/partner-program\" data-wpel-link=\"internal\" target=\"_self\">affiliate links<\/a>.<\/h6>","protected":false},"excerpt":{"rendered":"<p>MagSafe could become standard. Will the iPhone 12S \/ iPhone 13 come with even fewer accessories and rely on Touch ID in addition to Face ID?<\/p>","protected":false},"author":2,"featured_media":17753,"comment_status":"closed","ping_status":"closed","sticky":false,"template":"","format":"standard","meta":{"jnews-multi-image_gallery":[],"jnews_single_post":{"subtitle":"","format":"standard","video":"","gallery":"","source_name":"","source_url":"","via_name":"","via_url":"","override":[{"single_blog_custom":"","sidebar":"","second_sidebar":"","share_position":"","share_float_style":"","post_date_format":"","post_date_format_custom":"","post_reading_time_wpm":"","zoom_button_out_step":"1","zoom_button_in_step":"1","number_popup_post":"1"}],"image_override":[{"single_post_thumbnail_size":"","single_post_gallery_size":""}],"trending_post_position":"","trending_post_label":"","sponsored_post_label":"","sponsored_post_name":"","sponsored_post_url":"","sponsored_post_logo":"","sponsored_post_desc":""},"jnews_primary_category":{"id":"9"},"footnotes":""},"categories":[9],"tags":[8,311,422],"class_list":["post-17754","post","type-post","status-publish","format-standard","has-post-thumbnail","hentry","category-news","tag-iphone","tag-iphone-2021","tag-iphone-2022"],"yoast_head":"<!-- This site is optimized with the Yoast SEO Premium plugin v27.5 (Yoast SEO v27.5) - https:\/\/yoast.com\/product\/yoast-seo-premium-wordpress\/ -->\n<title>iPhone-Umfrage: Apple befragt zu Face ID und USB-Kabel Apfelpatient<\/title>\n<meta name=\"description\" content=\"MagSafe k\u00f6nnte Standard werden. Wird das iPhone 12S \/ iPhone 13 mit noch weniger Zubeh\u00f6r ausgeliefert und neben Face ID auf Touch ID setzen?\" \/>\n<meta name=\"robots\" content=\"index, follow, max-snippet:-1, max-image-preview:large, max-video-preview:-1\" \/>\n<link rel=\"canonical\" href=\"https:\/\/www.apfelpatient.de\/en\/news\/iphone-survey-apple-asked-about-face-id-and-usb-cable\" \/>\n<meta property=\"og:locale\" content=\"en_US\" \/>\n<meta property=\"og:type\" content=\"article\" \/>\n<meta property=\"og:title\" content=\"iPhone-Umfrage: Apple befragt zu Face ID und USB-Kabel\" \/>\n<meta property=\"og:description\" content=\"MagSafe k\u00f6nnte Standard werden. Wird das iPhone 12S \/ iPhone 13 mit noch weniger Zubeh\u00f6r ausgeliefert und neben Face ID auf Touch ID setzen?\" \/>\n<meta property=\"og:url\" content=\"https:\/\/www.apfelpatient.de\/en\/news\/iphone-survey-apple-asked-about-face-id-and-usb-cable\" \/>\n<meta property=\"og:site_name\" content=\"Apfelpatient\" \/>\n<meta property=\"article:publisher\" content=\"https:\/\/www.facebook.com\/apfelpatientOfficial\" \/>\n<meta property=\"article:author\" content=\"https:\/\/www.facebook.com\/apfelpatientOfficial\" \/>\n<meta property=\"article:published_time\" content=\"2020-12-09T23:19:41+00:00\" \/>\n<meta property=\"article:modified_time\" content=\"2020-12-09T23:19:42+00:00\" \/>\n<meta property=\"og:image\" content=\"https:\/\/www.apfelpatient.de\/wp-content\/uploads\/2020\/12\/bigstock-Frankfurt-Germany-December-398118554.jpg\" \/>\n\t<meta property=\"og:image:width\" content=\"1600\" \/>\n\t<meta property=\"og:image:height\" content=\"1067\" \/>\n\t<meta property=\"og:image:type\" content=\"image\/jpeg\" \/>\n<meta name=\"author\" content=\"Milan\" \/>\n<meta name=\"twitter:card\" content=\"summary_large_image\" \/>\n<meta name=\"twitter:description\" content=\"MagSafe k\u00f6nnte Standard werden. Wird das iPhone 12S \/ iPhone 13 mit noch weniger Zubeh\u00f6r ausgeliefert und neben Face ID auf Touch ID setzen?\" \/>\n<meta name=\"twitter:label1\" content=\"Written by\" \/>\n\t<meta name=\"twitter:data1\" content=\"Milan\" \/>\n\t<meta name=\"twitter:label2\" content=\"Est. reading time\" \/>\n\t<meta name=\"twitter:data2\" content=\"2 minutes\" \/>\n<script type=\"application\/ld+json\" class=\"yoast-schema-graph\">{\"@context\":\"https:\\\/\\\/schema.org\",\"@graph\":[{\"@type\":\"NewsArticle\",\"@id\":\"https:\\\/\\\/www.apfelpatient.de\\\/news\\\/iphone-umfrage-apple-befragt-zu-face-id-und-usb-kabel#article\",\"isPartOf\":{\"@id\":\"https:\\\/\\\/www.apfelpatient.de\\\/news\\\/iphone-umfrage-apple-befragt-zu-face-id-und-usb-kabel\"},\"author\":{\"@type\":\"Organization\",\"@id\":\"https:\\\/\\\/www.apfelpatient.de\\\/en\\\/#organization\",\"name\":\"Apfelpatient\",\"url\":\"https:\\\/\\\/www.apfelpatient.de\\\/en\\\/\"},\"headline\":\"iPhone-Umfrage: Apple befragt zu Face ID und USB-Kabel\",\"datePublished\":\"2020-12-09T23:19:41+00:00\",\"dateModified\":\"2020-12-09T23:19:42+00:00\",\"mainEntityOfPage\":{\"@id\":\"https:\\\/\\\/www.apfelpatient.de\\\/news\\\/iphone-umfrage-apple-befragt-zu-face-id-und-usb-kabel\"},\"wordCount\":394,\"publisher\":{\"@type\":\"Organization\",\"@id\":\"https:\\\/\\\/www.apfelpatient.de\\\/en\\\/#organization\",\"name\":\"Apfelpatient\",\"url\":\"https:\\\/\\\/www.apfelpatient.de\\\/en\\\/\"},\"image\":{\"@id\":\"https:\\\/\\\/www.apfelpatient.de\\\/news\\\/iphone-umfrage-apple-befragt-zu-face-id-und-usb-kabel#primaryimage\"},\"thumbnailUrl\":\"https:\\\/\\\/www.apfelpatient.de\\\/wp-content\\\/uploads\\\/2020\\\/12\\\/bigstock-Frankfurt-Germany-December-398118554.jpg\",\"keywords\":[\"iPhone\",\"iPhone 13\",\"iPhone 2022\"],\"articleSection\":\"News\",\"inLanguage\":\"en-US\",\"copyrightYear\":\"2020\",\"copyrightHolder\":{\"@id\":\"https:\\\/\\\/www.apfelpatient.de\\\/en\\\/#organization\"}},{\"@type\":\"WebPage\",\"@id\":\"https:\\\/\\\/www.apfelpatient.de\\\/news\\\/iphone-umfrage-apple-befragt-zu-face-id-und-usb-kabel\",\"url\":\"https:\\\/\\\/www.apfelpatient.de\\\/news\\\/iphone-umfrage-apple-befragt-zu-face-id-und-usb-kabel\",\"name\":\"iPhone-Umfrage: Apple befragt zu Face ID und USB-Kabel Apfelpatient\",\"isPartOf\":{\"@id\":\"https:\\\/\\\/www.apfelpatient.de\\\/#website\"},\"primaryImageOfPage\":{\"@id\":\"https:\\\/\\\/www.apfelpatient.de\\\/news\\\/iphone-umfrage-apple-befragt-zu-face-id-und-usb-kabel#primaryimage\"},\"image\":{\"@id\":\"https:\\\/\\\/www.apfelpatient.de\\\/news\\\/iphone-umfrage-apple-befragt-zu-face-id-und-usb-kabel#primaryimage\"},\"thumbnailUrl\":\"https:\\\/\\\/www.apfelpatient.de\\\/wp-content\\\/uploads\\\/2020\\\/12\\\/bigstock-Frankfurt-Germany-December-398118554.jpg\",\"datePublished\":\"2020-12-09T23:19:41+00:00\",\"dateModified\":\"2020-12-09T23:19:42+00:00\",\"description\":\"MagSafe k\u00f6nnte Standard werden. Wird das iPhone 12S \\\/ iPhone 13 mit noch weniger Zubeh\u00f6r ausgeliefert und neben Face ID auf Touch ID setzen?\",\"breadcrumb\":{\"@id\":\"https:\\\/\\\/www.apfelpatient.de\\\/news\\\/iphone-umfrage-apple-befragt-zu-face-id-und-usb-kabel#breadcrumb\"},\"inLanguage\":\"en-US\",\"potentialAction\":[{\"@type\":\"ReadAction\",\"target\":[\"https:\\\/\\\/www.apfelpatient.de\\\/news\\\/iphone-umfrage-apple-befragt-zu-face-id-und-usb-kabel\"]}]},{\"@type\":\"ImageObject\",\"inLanguage\":\"en-US\",\"@id\":\"https:\\\/\\\/www.apfelpatient.de\\\/news\\\/iphone-umfrage-apple-befragt-zu-face-id-und-usb-kabel#primaryimage\",\"url\":\"https:\\\/\\\/www.apfelpatient.de\\\/wp-content\\\/uploads\\\/2020\\\/12\\\/bigstock-Frankfurt-Germany-December-398118554.jpg\",\"contentUrl\":\"https:\\\/\\\/www.apfelpatient.de\\\/wp-content\\\/uploads\\\/2020\\\/12\\\/bigstock-Frankfurt-Germany-December-398118554.jpg\",\"width\":1600,\"height\":1067,\"caption\":\"Frankfurt, Germany - December 05th 2020: A german photographer bought the new iPhone 12 Pro Max with MagSafe accessories, taking pictures of the test of the new charging system.\"},{\"@type\":\"BreadcrumbList\",\"@id\":\"https:\\\/\\\/www.apfelpatient.de\\\/news\\\/iphone-umfrage-apple-befragt-zu-face-id-und-usb-kabel#breadcrumb\",\"itemListElement\":[{\"@type\":\"ListItem\",\"position\":1,\"name\":\"Startseite\",\"item\":\"https:\\\/\\\/www.apfelpatient.de\\\/\"},{\"@type\":\"ListItem\",\"position\":2,\"name\":\"iPhone-Umfrage: Apple befragt zu Face ID und USB-Kabel\"}]},{\"@type\":\"WebSite\",\"@id\":\"https:\\\/\\\/www.apfelpatient.de\\\/#website\",\"url\":\"https:\\\/\\\/www.apfelpatient.de\\\/\",\"name\":\"Apfelpatient\",\"description\":\"Alles rund um Apple!\",\"publisher\":{\"@type\":\"Organization\",\"@id\":\"https:\\\/\\\/www.apfelpatient.de\\\/en\\\/#organization\",\"name\":\"Apfelpatient\",\"url\":\"https:\\\/\\\/www.apfelpatient.de\\\/en\\\/\"},\"alternateName\":\"Apfelpatient\",\"potentialAction\":[{\"@type\":\"SearchAction\",\"target\":{\"@type\":\"EntryPoint\",\"urlTemplate\":\"https:\\\/\\\/www.apfelpatient.de\\\/?s={search_term_string}\"},\"query-input\":{\"@type\":\"PropertyValueSpecification\",\"valueRequired\":true,\"valueName\":\"search_term_string\"}}],\"inLanguage\":\"en-US\"},{\"@type\":[\"Person\",\"Organization\"],\"@id\":\"https:\\\/\\\/www.apfelpatient.de\\\/#\\\/schema\\\/person\\\/7dc56ad6c8e9824b76d2c08d4c140e13\",\"name\":\"Milan\",\"logo\":{\"@id\":\"https:\\\/\\\/www.apfelpatient.de\\\/#\\\/schema\\\/person\\\/image\\\/\"},\"description\":\"Hallo und herzlich willkommen auf meinem Technik-Blog! Als gro\u00dfer Apple-Fan berichte ich hier \u00fcber alles, was mit Apple zu tun hat: von den neuesten News und spannenden Ger\u00fcchten \u00fcber hilfreiche Tipps und Tricks bis hin zu ausf\u00fchrlichen Produkttests. Wenn du genauso technikbegeistert bist wie ich, bist du hier genau richtig!\",\"sameAs\":[\"https:\\\/\\\/www.facebook.com\\\/apfelpatientOfficial\",\"https:\\\/\\\/www.linkedin.com\\\/in\\\/milan-jovicic-42aa0231b\"],\"url\":\"https:\\\/\\\/www.apfelpatient.de\\\/en\\\/author\\\/apfeladmin\"}]}<\/script>\n<!-- \/ Yoast SEO Premium plugin. -->","yoast_head_json":{"title":"iPhone survey: Apple questions about Face ID and USB cable Apfelpatient","description":"MagSafe could become standard. Will the iPhone 12S \/ iPhone 13 come with even fewer accessories and rely on Touch ID in addition to Face ID?","robots":{"index":"index","follow":"follow","max-snippet":"max-snippet:-1","max-image-preview":"max-image-preview:large","max-video-preview":"max-video-preview:-1"},"canonical":"https:\/\/www.apfelpatient.de\/en\/news\/iphone-survey-apple-asked-about-face-id-and-usb-cable","og_locale":"en_US","og_type":"article","og_title":"iPhone-Umfrage: Apple befragt zu Face ID und USB-Kabel","og_description":"MagSafe k\u00f6nnte Standard werden. Wird das iPhone 12S \/ iPhone 13 mit noch weniger Zubeh\u00f6r ausgeliefert und neben Face ID auf Touch ID setzen?","og_url":"https:\/\/www.apfelpatient.de\/en\/news\/iphone-survey-apple-asked-about-face-id-and-usb-cable","og_site_name":"Apfelpatient","article_publisher":"https:\/\/www.facebook.com\/apfelpatientOfficial","article_author":"https:\/\/www.facebook.com\/apfelpatientOfficial","article_published_time":"2020-12-09T23:19:41+00:00","article_modified_time":"2020-12-09T23:19:42+00:00","og_image":[{"width":1600,"height":1067,"url":"https:\/\/www.apfelpatient.de\/wp-content\/uploads\/2020\/12\/bigstock-Frankfurt-Germany-December-398118554.jpg","type":"image\/jpeg"}],"author":"Milan","twitter_card":"summary_large_image","twitter_description":"MagSafe k\u00f6nnte Standard werden. Wird das iPhone 12S \/ iPhone 13 mit noch weniger Zubeh\u00f6r ausgeliefert und neben Face ID auf Touch ID setzen?","twitter_misc":{"Written by":"Milan","Est. reading time":"2 minutes"},"schema":{"@context":"https:\/\/schema.org","@graph":[{"@type":"NewsArticle","@id":"https:\/\/www.apfelpatient.de\/news\/iphone-umfrage-apple-befragt-zu-face-id-und-usb-kabel#article","isPartOf":{"@id":"https:\/\/www.apfelpatient.de\/news\/iphone-umfrage-apple-befragt-zu-face-id-und-usb-kabel"},"author":{"@type":"Organization","@id":"https:\/\/www.apfelpatient.de\/en\/#organization","name":"Apfelpatient","url":"https:\/\/www.apfelpatient.de\/en\/"},"headline":"iPhone-Umfrage: Apple befragt zu Face ID und USB-Kabel","datePublished":"2020-12-09T23:19:41+00:00","dateModified":"2020-12-09T23:19:42+00:00","mainEntityOfPage":{"@id":"https:\/\/www.apfelpatient.de\/news\/iphone-umfrage-apple-befragt-zu-face-id-und-usb-kabel"},"wordCount":394,"publisher":{"@type":"Organization","@id":"https:\/\/www.apfelpatient.de\/en\/#organization","name":"Apfelpatient","url":"https:\/\/www.apfelpatient.de\/en\/"},"image":{"@id":"https:\/\/www.apfelpatient.de\/news\/iphone-umfrage-apple-befragt-zu-face-id-und-usb-kabel#primaryimage"},"thumbnailUrl":"https:\/\/www.apfelpatient.de\/wp-content\/uploads\/2020\/12\/bigstock-Frankfurt-Germany-December-398118554.jpg","keywords":["iPhone","iPhone 13","iPhone 2022"],"articleSection":"News","inLanguage":"en-US","copyrightYear":"2020","copyrightHolder":{"@id":"https:\/\/www.apfelpatient.de\/en\/#organization"}},{"@type":"WebPage","@id":"https:\/\/www.apfelpatient.de\/news\/iphone-umfrage-apple-befragt-zu-face-id-und-usb-kabel","url":"https:\/\/www.apfelpatient.de\/news\/iphone-umfrage-apple-befragt-zu-face-id-und-usb-kabel","name":"iPhone survey: Apple questions about Face ID and USB cable Apfelpatient","isPartOf":{"@id":"https:\/\/www.apfelpatient.de\/#website"},"primaryImageOfPage":{"@id":"https:\/\/www.apfelpatient.de\/news\/iphone-umfrage-apple-befragt-zu-face-id-und-usb-kabel#primaryimage"},"image":{"@id":"https:\/\/www.apfelpatient.de\/news\/iphone-umfrage-apple-befragt-zu-face-id-und-usb-kabel#primaryimage"},"thumbnailUrl":"https:\/\/www.apfelpatient.de\/wp-content\/uploads\/2020\/12\/bigstock-Frankfurt-Germany-December-398118554.jpg","datePublished":"2020-12-09T23:19:41+00:00","dateModified":"2020-12-09T23:19:42+00:00","description":"MagSafe could become standard. Will the iPhone 12S \/ iPhone 13 come with even fewer accessories and rely on Touch ID in addition to Face ID?","breadcrumb":{"@id":"https:\/\/www.apfelpatient.de\/news\/iphone-umfrage-apple-befragt-zu-face-id-und-usb-kabel#breadcrumb"},"inLanguage":"en-US","potentialAction":[{"@type":"ReadAction","target":["https:\/\/www.apfelpatient.de\/news\/iphone-umfrage-apple-befragt-zu-face-id-und-usb-kabel"]}]},{"@type":"ImageObject","inLanguage":"en-US","@id":"https:\/\/www.apfelpatient.de\/news\/iphone-umfrage-apple-befragt-zu-face-id-und-usb-kabel#primaryimage","url":"https:\/\/www.apfelpatient.de\/wp-content\/uploads\/2020\/12\/bigstock-Frankfurt-Germany-December-398118554.jpg","contentUrl":"https:\/\/www.apfelpatient.de\/wp-content\/uploads\/2020\/12\/bigstock-Frankfurt-Germany-December-398118554.jpg","width":1600,"height":1067,"caption":"Frankfurt, Germany - December 05th 2020: A german photographer bought the new iPhone 12 Pro Max with MagSafe accessories, taking pictures of the test of the new charging system."},{"@type":"BreadcrumbList","@id":"https:\/\/www.apfelpatient.de\/news\/iphone-umfrage-apple-befragt-zu-face-id-und-usb-kabel#breadcrumb","itemListElement":[{"@type":"ListItem","position":1,"name":"Startseite","item":"https:\/\/www.apfelpatient.de\/"},{"@type":"ListItem","position":2,"name":"iPhone-Umfrage: Apple befragt zu Face ID und USB-Kabel"}]},{"@type":"WebSite","@id":"https:\/\/www.apfelpatient.de\/#website","url":"https:\/\/www.apfelpatient.de\/","name":"apple patient","description":"Everything about Apple!","publisher":{"@type":"Organization","@id":"https:\/\/www.apfelpatient.de\/en\/#organization","name":"Apfelpatient","url":"https:\/\/www.apfelpatient.de\/en\/"},"alternateName":"Apfelpatient","potentialAction":[{"@type":"SearchAction","target":{"@type":"EntryPoint","urlTemplate":"https:\/\/www.apfelpatient.de\/?s={search_term_string}"},"query-input":{"@type":"PropertyValueSpecification","valueRequired":true,"valueName":"search_term_string"}}],"inLanguage":"en-US"},{"@type":["Person","Organization"],"@id":"https:\/\/www.apfelpatient.de\/#\/schema\/person\/7dc56ad6c8e9824b76d2c08d4c140e13","name":"Milan","logo":{"@id":"https:\/\/www.apfelpatient.de\/#\/schema\/person\/image\/"},"description":"Hello and welcome to my technology blog! As a big Apple fan, I report on everything to do with Apple: from the latest news and exciting rumors to helpful tips and tricks and detailed product tests. If you are as enthusiastic about technology as I am, you have come to the right place!","sameAs":["https:\/\/www.facebook.com\/apfelpatientOfficial","https:\/\/www.linkedin.com\/in\/milan-jovicic-42aa0231b"],"url":"https:\/\/www.apfelpatient.de\/en\/author\/apfeladmin"}]}},"_links":{"self":[{"href":"https:\/\/www.apfelpatient.de\/en\/wp-json\/wp\/v2\/posts\/17754","targetHints":{"allow":["GET"]}}],"collection":[{"href":"https:\/\/www.apfelpatient.de\/en\/wp-json\/wp\/v2\/posts"}],"about":[{"href":"https:\/\/www.apfelpatient.de\/en\/wp-json\/wp\/v2\/types\/post"}],"author":[{"embeddable":true,"href":"https:\/\/www.apfelpatient.de\/en\/wp-json\/wp\/v2\/users\/2"}],"replies":[{"embeddable":true,"href":"https:\/\/www.apfelpatient.de\/en\/wp-json\/wp\/v2\/comments?post=17754"}],"version-history":[{"count":0,"href":"https:\/\/www.apfelpatient.de\/en\/wp-json\/wp\/v2\/posts\/17754\/revisions"}],"wp:featuredmedia":[{"embeddable":true,"href":"https:\/\/www.apfelpatient.de\/en\/wp-json\/wp\/v2\/media\/17753"}],"wp:attachment":[{"href":"https:\/\/www.apfelpatient.de\/en\/wp-json\/wp\/v2\/media?parent=17754"}],"wp:term":[{"taxonomy":"category","embeddable":true,"href":"https:\/\/www.apfelpatient.de\/en\/wp-json\/wp\/v2\/categories?post=17754"},{"taxonomy":"post_tag","embeddable":true,"href":"https:\/\/www.apfelpatient.de\/en\/wp-json\/wp\/v2\/tags?post=17754"}],"curies":[{"name":"wp","href":"https:\/\/api.w.org\/{rel}","templated":true}]}}