{"id":17710,"date":"2020-12-08T15:11:57","date_gmt":"2020-12-08T14:11:57","guid":{"rendered":"https:\/\/www.apfelpatient.de\/?p=17710"},"modified":"2020-12-08T15:11:59","modified_gmt":"2020-12-08T14:11:59","slug":"apple-fitness-launches-on-december-14th","status":"publish","type":"post","link":"https:\/\/www.apfelpatient.de\/en\/news\/apple-fitness-startet-am-14-dezember","title":{"rendered":"Apple Fitness+ launches on December 14th"},"content":{"rendered":"<p class=\"has-drop-cap\"><strong>Apple today announced the brand new AirPods Max <a href=\"https:\/\/www.apfelpatient.de\/en\/news\/apple-officially-announces-airpods-max\">presented<\/a> and announced the launch of Apple Fitness+ in another statement.<\/strong><\/p>\n\n\n\n<p>Apple Fitness+ is an Apple Watch-focused home workout program that guides users through various workouts and complements the fitness-focused features of the Apple Watch. The service provides workouts that are suitable for every user. During the workout, the Apple Watch monitors the individual metrics. Of course, iPhone, iPad and Apple TV are also part of the new service. Jay Blahnik, Senior Director of Fitness Technologies at Apple <a href=\"https:\/\/www.apple.com\/newsroom\/2020\/12\/apple-fitness-plus-the-future-of-fitness-launches-december-14\/\" target=\"_blank\" rel=\"noreferrer noopener\">explained<\/a> the whole thing as follows:<\/p>\n\n\n\n<figure class=\"wp-block-image size-large\"><img decoding=\"async\" width=\"1024\" height=\"576\" src=\"https:\/\/www.apfelpatient.de\/wp-content\/uploads\/2020\/12\/apple_fitness-plus-launch_applewatch-iphone12_12082020-1024x576.jpg\" alt=\"Apple Fitness+\" class=\"wp-image-17711\" srcset=\"https:\/\/www.apfelpatient.de\/wp-content\/uploads\/2020\/12\/apple_fitness-plus-launch_applewatch-iphone12_12082020-1024x576.jpg 1024w, https:\/\/www.apfelpatient.de\/wp-content\/uploads\/2020\/12\/apple_fitness-plus-launch_applewatch-iphone12_12082020-300x169.jpg 300w, https:\/\/www.apfelpatient.de\/wp-content\/uploads\/2020\/12\/apple_fitness-plus-launch_applewatch-iphone12_12082020-768x432.jpg 768w, https:\/\/www.apfelpatient.de\/wp-content\/uploads\/2020\/12\/apple_fitness-plus-launch_applewatch-iphone12_12082020-1536x864.jpg 1536w, https:\/\/www.apfelpatient.de\/wp-content\/uploads\/2020\/12\/apple_fitness-plus-launch_applewatch-iphone12_12082020-750x422.jpg 750w, https:\/\/www.apfelpatient.de\/wp-content\/uploads\/2020\/12\/apple_fitness-plus-launch_applewatch-iphone12_12082020-1140x642.jpg 1140w, https:\/\/www.apfelpatient.de\/wp-content\/uploads\/2020\/12\/apple_fitness-plus-launch_applewatch-iphone12_12082020.jpg 1960w\" sizes=\"(max-width: 1024px) 100vw, 1024px\" \/><figcaption>Image: Apple<\/figcaption><\/figure>\n\n\n\n<blockquote class=\"wp-block-quote is-layout-flow wp-block-quote-is-layout-flow\"><p>Being more active is one of the most important things we can do for our health, but we know that the decision to exercise can often be a challenge, whether you&#039;re very active or just starting out. We&#039;re excited that Apple Fitness+ brings together Apple Watch metrics, great music, and a diverse and inspiring team of trainers in a uniquely simple and accessible way across all Apple devices to encourage our users to get fit and stay healthy.<\/p><\/blockquote>\n\n\n\n<h3 class=\"wp-block-heading\" id=\"h-apple-fitness-motivation-durch-meilensteine\">Apple Fitness+: Motivation through Milestones<\/h3>\n\n\n\n\n\n\n\n<p>Users can play videos on the devices and do the whole thing easily and comfortably from home. Only a few exercises require specific accessories. As already mentioned, the Apple Watch monitors the training. This means that it records the movements, the duration of the training, the calories burned, the heart rate and much more. Basically, it works the same way as normal workouts. The training statistics can be viewed on the Apple Watch as usual or accessed on the iPhone, iPad or Apple TV. If milestones are reached during training, an animation appears on the screen - great motivation.&nbsp;<\/p>\n\n\n\n<h3 class=\"wp-block-heading\" id=\"h-apple-fitness-verf-gbarkeit-und-preis\">Apple Fitness+: Availability and Price<\/h3>\n\n\n\n<p>According to Apple, the new service will launch on December 14th and requires iOS 14.3, iPadOS 14.3, watchOS 7.2 and tvOS 14.3. Fitness+ costs $9.99 per month or $79.99 for an annual subscription. Family Sharing is included, allowing up to six members to participate in the program. The service is also included in the Apple One Premium bundle, which will initially only be available in select countries. The new service will be launched in the United States, Great Britain, New Zealand, Ireland, Canada and Australia. It remains to be seen when other countries will follow. <em>(Image: Apple)<\/em><\/p>\n\n\n\n<ul class=\"wp-block-list\"><li><a href=\"https:\/\/www.apfelpatient.de\/en\/news\/apple-officially-announces-airpods-max\">Official: Apple announces AirPods Max<\/a><\/li><\/ul>\n\n\n\n<h6 class=\"wp-block-heading translation-block\" id=\"h-kennt-ihr-schon-unsere-amazon-storefront-dort-findet-ihr-eine-handverlesene-auswahl-von-diversen-produkten-f-r-euer-iphone-und-co-viel-spa-beim-st-bern\"><em>Have you already visited our Amazon Storefront? There you&#039;ll find a hand-picked selection of various products for your iPhone and other devices \u2013 <span class=\"has-inline-color has-vivid-red-color\"><a href=\"https:\/\/www.amazon.de\/shop\/apfelpatientofficial\" class=\"ek-link\" data-wpel-link=\"exclude\" rel=\"follow noopener\" target=\"_self\"><span style=\"text-decoration: underline\" class=\"ek-underline\">enjoy browsing<\/span><\/a> !<\/span><\/em><\/h6>\n\n\n\n<h6 class=\"wp-block-heading translation-block\" id=\"h-der-beitrag-enthalt-partnerlinks\">This post contains <a data-type=\"URL\" data-id=\"https:\/\/www.apfelpatient.de\/partnerprogramm\" href=\"https:\/\/www.apfelpatient.de\/en\/partner-program\" data-wpel-link=\"internal\" target=\"_self\">affiliate links<\/a>.<\/h6>","protected":false},"excerpt":{"rendered":"<p>Apple today introduced the brand new AirPods Max via press release and simultaneously announced the launch of Apple Fitness+.<\/p>","protected":false},"author":2,"featured_media":17714,"comment_status":"closed","ping_status":"closed","sticky":false,"template":"","format":"standard","meta":{"jnews-multi-image_gallery":[],"jnews_single_post":{"subtitle":"","format":"standard","video":"","gallery":"","source_name":"","source_url":"","via_name":"","via_url":"","override":[{"single_blog_custom":"","sidebar":"","second_sidebar":"","share_position":"","share_float_style":"","post_date_format":"","post_date_format_custom":"","post_reading_time_wpm":"","zoom_button_out_step":"1","zoom_button_in_step":"1","number_popup_post":"1"}],"image_override":[{"single_post_thumbnail_size":"","single_post_gallery_size":""}],"trending_post_position":"","trending_post_label":"","sponsored_post_label":"","sponsored_post_name":"","sponsored_post_url":"","sponsored_post_logo":"","sponsored_post_desc":""},"jnews_primary_category":{"id":"9"},"footnotes":""},"categories":[9],"tags":[34,429],"class_list":["post-17710","post","type-post","status-publish","format-standard","has-post-thumbnail","hentry","category-news","tag-apple-dienste","tag-apple-fitness"],"yoast_head":"<!-- This site is optimized with the Yoast SEO Premium plugin v27.5 (Yoast SEO v27.5) - https:\/\/yoast.com\/product\/yoast-seo-premium-wordpress\/ -->\n<title>Apple Fitness+ startet am 14. Dezember Apfelpatient<\/title>\n<meta name=\"description\" content=\"Apple hat heute mittels Pressemitteilung die brandneuen AirPods Max vorgestellt und gleichzeitig den Start von Apple Fitness+ bekanntgegeben.\" \/>\n<meta name=\"robots\" content=\"index, follow, max-snippet:-1, max-image-preview:large, max-video-preview:-1\" \/>\n<link rel=\"canonical\" href=\"https:\/\/www.apfelpatient.de\/en\/news\/apple-fitness-launches-on-december-14th\" \/>\n<meta property=\"og:locale\" content=\"en_US\" \/>\n<meta property=\"og:type\" content=\"article\" \/>\n<meta property=\"og:title\" content=\"Apple Fitness+ startet am 14. Dezember\" \/>\n<meta property=\"og:description\" content=\"Apple hat heute mittels Pressemitteilung die brandneuen AirPods Max vorgestellt und gleichzeitig den Start von Apple Fitness+ bekanntgegeben.\" \/>\n<meta property=\"og:url\" content=\"https:\/\/www.apfelpatient.de\/en\/news\/apple-fitness-launches-on-december-14th\" \/>\n<meta property=\"og:site_name\" content=\"Apfelpatient\" \/>\n<meta property=\"article:publisher\" content=\"https:\/\/www.facebook.com\/apfelpatientOfficial\" \/>\n<meta property=\"article:author\" content=\"https:\/\/www.facebook.com\/apfelpatientOfficial\" \/>\n<meta property=\"article:published_time\" content=\"2020-12-08T14:11:57+00:00\" \/>\n<meta property=\"article:modified_time\" content=\"2020-12-08T14:11:59+00:00\" \/>\n<meta property=\"og:image\" content=\"https:\/\/www.apfelpatient.de\/wp-content\/uploads\/2020\/12\/apple_fitness-plus-launch_hero_12082020.jpg\" \/>\n\t<meta property=\"og:image:width\" content=\"2400\" \/>\n\t<meta property=\"og:image:height\" content=\"1507\" \/>\n\t<meta property=\"og:image:type\" content=\"image\/jpeg\" \/>\n<meta name=\"author\" content=\"Milan\" \/>\n<meta name=\"twitter:card\" content=\"summary_large_image\" \/>\n<meta name=\"twitter:description\" content=\"Apple hat heute mittels Pressemitteilung die brandneuen AirPods Max vorgestellt und gleichzeitig den Start von Apple Fitness+ bekanntgegeben.\" \/>\n<meta name=\"twitter:label1\" content=\"Written by\" \/>\n\t<meta name=\"twitter:data1\" content=\"Milan\" \/>\n\t<meta name=\"twitter:label2\" content=\"Est. reading time\" \/>\n\t<meta name=\"twitter:data2\" content=\"2 minutes\" \/>\n<script type=\"application\/ld+json\" class=\"yoast-schema-graph\">{\"@context\":\"https:\\\/\\\/schema.org\",\"@graph\":[{\"@type\":\"NewsArticle\",\"@id\":\"https:\\\/\\\/www.apfelpatient.de\\\/en\\\/news\\\/apple-fitness-startet-am-14-dezember#article\",\"isPartOf\":{\"@id\":\"https:\\\/\\\/www.apfelpatient.de\\\/en\\\/news\\\/apple-fitness-startet-am-14-dezember\"},\"author\":{\"@type\":\"Organization\",\"@id\":\"https:\\\/\\\/www.apfelpatient.de\\\/en\\\/#organization\",\"name\":\"Apfelpatient\",\"url\":\"https:\\\/\\\/www.apfelpatient.de\\\/en\\\/\"},\"headline\":\"Apple Fitness+ startet am 14. Dezember\",\"datePublished\":\"2020-12-08T14:11:57+00:00\",\"dateModified\":\"2020-12-08T14:11:59+00:00\",\"mainEntityOfPage\":{\"@id\":\"https:\\\/\\\/www.apfelpatient.de\\\/en\\\/news\\\/apple-fitness-startet-am-14-dezember\"},\"wordCount\":428,\"publisher\":{\"@type\":\"Organization\",\"@id\":\"https:\\\/\\\/www.apfelpatient.de\\\/en\\\/#organization\",\"name\":\"Apfelpatient\",\"url\":\"https:\\\/\\\/www.apfelpatient.de\\\/en\\\/\"},\"image\":{\"@id\":\"https:\\\/\\\/www.apfelpatient.de\\\/en\\\/news\\\/apple-fitness-startet-am-14-dezember#primaryimage\"},\"thumbnailUrl\":\"https:\\\/\\\/www.apfelpatient.de\\\/wp-content\\\/uploads\\\/2020\\\/12\\\/apple_fitness-plus-launch_hero_12082020.jpg\",\"keywords\":[\"Apple Dienste\",\"Apple Fitness Plus\"],\"articleSection\":\"News\",\"inLanguage\":\"en-US\",\"copyrightYear\":\"2020\",\"copyrightHolder\":{\"@id\":\"https:\\\/\\\/www.apfelpatient.de\\\/en\\\/#organization\"}},{\"@type\":\"WebPage\",\"@id\":\"https:\\\/\\\/www.apfelpatient.de\\\/en\\\/news\\\/apple-fitness-startet-am-14-dezember\",\"url\":\"https:\\\/\\\/www.apfelpatient.de\\\/en\\\/news\\\/apple-fitness-startet-am-14-dezember\",\"name\":\"Apple Fitness+ startet am 14. Dezember Apfelpatient\",\"isPartOf\":{\"@id\":\"https:\\\/\\\/www.apfelpatient.de\\\/#website\"},\"primaryImageOfPage\":{\"@id\":\"https:\\\/\\\/www.apfelpatient.de\\\/en\\\/news\\\/apple-fitness-startet-am-14-dezember#primaryimage\"},\"image\":{\"@id\":\"https:\\\/\\\/www.apfelpatient.de\\\/en\\\/news\\\/apple-fitness-startet-am-14-dezember#primaryimage\"},\"thumbnailUrl\":\"https:\\\/\\\/www.apfelpatient.de\\\/wp-content\\\/uploads\\\/2020\\\/12\\\/apple_fitness-plus-launch_hero_12082020.jpg\",\"datePublished\":\"2020-12-08T14:11:57+00:00\",\"dateModified\":\"2020-12-08T14:11:59+00:00\",\"description\":\"Apple hat heute mittels Pressemitteilung die brandneuen AirPods Max vorgestellt und gleichzeitig den Start von Apple Fitness+ bekanntgegeben.\",\"breadcrumb\":{\"@id\":\"https:\\\/\\\/www.apfelpatient.de\\\/en\\\/news\\\/apple-fitness-startet-am-14-dezember#breadcrumb\"},\"inLanguage\":\"en-US\",\"potentialAction\":[{\"@type\":\"ReadAction\",\"target\":[\"https:\\\/\\\/www.apfelpatient.de\\\/en\\\/news\\\/apple-fitness-startet-am-14-dezember\"]}]},{\"@type\":\"ImageObject\",\"inLanguage\":\"en-US\",\"@id\":\"https:\\\/\\\/www.apfelpatient.de\\\/en\\\/news\\\/apple-fitness-startet-am-14-dezember#primaryimage\",\"url\":\"https:\\\/\\\/www.apfelpatient.de\\\/wp-content\\\/uploads\\\/2020\\\/12\\\/apple_fitness-plus-launch_hero_12082020.jpg\",\"contentUrl\":\"https:\\\/\\\/www.apfelpatient.de\\\/wp-content\\\/uploads\\\/2020\\\/12\\\/apple_fitness-plus-launch_hero_12082020.jpg\",\"width\":2400,\"height\":1507,\"caption\":\"Bild: Apple\"},{\"@type\":\"BreadcrumbList\",\"@id\":\"https:\\\/\\\/www.apfelpatient.de\\\/en\\\/news\\\/apple-fitness-startet-am-14-dezember#breadcrumb\",\"itemListElement\":[{\"@type\":\"ListItem\",\"position\":1,\"name\":\"Startseite\",\"item\":\"https:\\\/\\\/www.apfelpatient.de\\\/\"},{\"@type\":\"ListItem\",\"position\":2,\"name\":\"Apple Fitness+ startet am 14. Dezember\"}]},{\"@type\":\"WebSite\",\"@id\":\"https:\\\/\\\/www.apfelpatient.de\\\/#website\",\"url\":\"https:\\\/\\\/www.apfelpatient.de\\\/\",\"name\":\"Apfelpatient\",\"description\":\"Alles rund um Apple!\",\"publisher\":{\"@type\":\"Organization\",\"@id\":\"https:\\\/\\\/www.apfelpatient.de\\\/en\\\/#organization\",\"name\":\"Apfelpatient\",\"url\":\"https:\\\/\\\/www.apfelpatient.de\\\/en\\\/\"},\"alternateName\":\"Apfelpatient\",\"potentialAction\":[{\"@type\":\"SearchAction\",\"target\":{\"@type\":\"EntryPoint\",\"urlTemplate\":\"https:\\\/\\\/www.apfelpatient.de\\\/?s={search_term_string}\"},\"query-input\":{\"@type\":\"PropertyValueSpecification\",\"valueRequired\":true,\"valueName\":\"search_term_string\"}}],\"inLanguage\":\"en-US\"},{\"@type\":[\"Person\",\"Organization\"],\"@id\":\"https:\\\/\\\/www.apfelpatient.de\\\/#\\\/schema\\\/person\\\/7dc56ad6c8e9824b76d2c08d4c140e13\",\"name\":\"Milan\",\"logo\":{\"@id\":\"https:\\\/\\\/www.apfelpatient.de\\\/#\\\/schema\\\/person\\\/image\\\/\"},\"description\":\"Hallo und herzlich willkommen auf meinem Technik-Blog! Als gro\u00dfer Apple-Fan berichte ich hier \u00fcber alles, was mit Apple zu tun hat: von den neuesten News und spannenden Ger\u00fcchten \u00fcber hilfreiche Tipps und Tricks bis hin zu ausf\u00fchrlichen Produkttests. Wenn du genauso technikbegeistert bist wie ich, bist du hier genau richtig!\",\"sameAs\":[\"https:\\\/\\\/www.facebook.com\\\/apfelpatientOfficial\",\"https:\\\/\\\/www.linkedin.com\\\/in\\\/milan-jovicic-42aa0231b\"],\"url\":\"https:\\\/\\\/www.apfelpatient.de\\\/en\\\/author\\\/apfeladmin\"}]}<\/script>\n<!-- \/ Yoast SEO Premium plugin. -->","yoast_head_json":{"title":"Apple Fitness+ launches on December 14, 2020","description":"Apple today introduced the brand new AirPods Max via press release and simultaneously announced the launch of Apple Fitness+.","robots":{"index":"index","follow":"follow","max-snippet":"max-snippet:-1","max-image-preview":"max-image-preview:large","max-video-preview":"max-video-preview:-1"},"canonical":"https:\/\/www.apfelpatient.de\/en\/news\/apple-fitness-launches-on-december-14th","og_locale":"en_US","og_type":"article","og_title":"Apple Fitness+ startet am 14. Dezember","og_description":"Apple hat heute mittels Pressemitteilung die brandneuen AirPods Max vorgestellt und gleichzeitig den Start von Apple Fitness+ bekanntgegeben.","og_url":"https:\/\/www.apfelpatient.de\/en\/news\/apple-fitness-launches-on-december-14th","og_site_name":"Apfelpatient","article_publisher":"https:\/\/www.facebook.com\/apfelpatientOfficial","article_author":"https:\/\/www.facebook.com\/apfelpatientOfficial","article_published_time":"2020-12-08T14:11:57+00:00","article_modified_time":"2020-12-08T14:11:59+00:00","og_image":[{"width":2400,"height":1507,"url":"https:\/\/www.apfelpatient.de\/wp-content\/uploads\/2020\/12\/apple_fitness-plus-launch_hero_12082020.jpg","type":"image\/jpeg"}],"author":"Milan","twitter_card":"summary_large_image","twitter_description":"Apple hat heute mittels Pressemitteilung die brandneuen AirPods Max vorgestellt und gleichzeitig den Start von Apple Fitness+ bekanntgegeben.","twitter_misc":{"Written by":"Milan","Est. reading time":"2 minutes"},"schema":{"@context":"https:\/\/schema.org","@graph":[{"@type":"NewsArticle","@id":"https:\/\/www.apfelpatient.de\/en\/news\/apple-fitness-startet-am-14-dezember#article","isPartOf":{"@id":"https:\/\/www.apfelpatient.de\/en\/news\/apple-fitness-startet-am-14-dezember"},"author":{"@type":"Organization","@id":"https:\/\/www.apfelpatient.de\/en\/#organization","name":"Apfelpatient","url":"https:\/\/www.apfelpatient.de\/en\/"},"headline":"Apple Fitness+ startet am 14. Dezember","datePublished":"2020-12-08T14:11:57+00:00","dateModified":"2020-12-08T14:11:59+00:00","mainEntityOfPage":{"@id":"https:\/\/www.apfelpatient.de\/en\/news\/apple-fitness-startet-am-14-dezember"},"wordCount":428,"publisher":{"@type":"Organization","@id":"https:\/\/www.apfelpatient.de\/en\/#organization","name":"Apfelpatient","url":"https:\/\/www.apfelpatient.de\/en\/"},"image":{"@id":"https:\/\/www.apfelpatient.de\/en\/news\/apple-fitness-startet-am-14-dezember#primaryimage"},"thumbnailUrl":"https:\/\/www.apfelpatient.de\/wp-content\/uploads\/2020\/12\/apple_fitness-plus-launch_hero_12082020.jpg","keywords":["Apple Dienste","Apple Fitness Plus"],"articleSection":"News","inLanguage":"en-US","copyrightYear":"2020","copyrightHolder":{"@id":"https:\/\/www.apfelpatient.de\/en\/#organization"}},{"@type":"WebPage","@id":"https:\/\/www.apfelpatient.de\/en\/news\/apple-fitness-startet-am-14-dezember","url":"https:\/\/www.apfelpatient.de\/en\/news\/apple-fitness-startet-am-14-dezember","name":"Apple Fitness+ launches on December 14, 2020","isPartOf":{"@id":"https:\/\/www.apfelpatient.de\/#website"},"primaryImageOfPage":{"@id":"https:\/\/www.apfelpatient.de\/en\/news\/apple-fitness-startet-am-14-dezember#primaryimage"},"image":{"@id":"https:\/\/www.apfelpatient.de\/en\/news\/apple-fitness-startet-am-14-dezember#primaryimage"},"thumbnailUrl":"https:\/\/www.apfelpatient.de\/wp-content\/uploads\/2020\/12\/apple_fitness-plus-launch_hero_12082020.jpg","datePublished":"2020-12-08T14:11:57+00:00","dateModified":"2020-12-08T14:11:59+00:00","description":"Apple today introduced the brand new AirPods Max via press release and simultaneously announced the launch of Apple Fitness+.","breadcrumb":{"@id":"https:\/\/www.apfelpatient.de\/en\/news\/apple-fitness-startet-am-14-dezember#breadcrumb"},"inLanguage":"en-US","potentialAction":[{"@type":"ReadAction","target":["https:\/\/www.apfelpatient.de\/en\/news\/apple-fitness-startet-am-14-dezember"]}]},{"@type":"ImageObject","inLanguage":"en-US","@id":"https:\/\/www.apfelpatient.de\/en\/news\/apple-fitness-startet-am-14-dezember#primaryimage","url":"https:\/\/www.apfelpatient.de\/wp-content\/uploads\/2020\/12\/apple_fitness-plus-launch_hero_12082020.jpg","contentUrl":"https:\/\/www.apfelpatient.de\/wp-content\/uploads\/2020\/12\/apple_fitness-plus-launch_hero_12082020.jpg","width":2400,"height":1507,"caption":"Bild: Apple"},{"@type":"BreadcrumbList","@id":"https:\/\/www.apfelpatient.de\/en\/news\/apple-fitness-startet-am-14-dezember#breadcrumb","itemListElement":[{"@type":"ListItem","position":1,"name":"Startseite","item":"https:\/\/www.apfelpatient.de\/"},{"@type":"ListItem","position":2,"name":"Apple Fitness+ startet am 14. Dezember"}]},{"@type":"WebSite","@id":"https:\/\/www.apfelpatient.de\/#website","url":"https:\/\/www.apfelpatient.de\/","name":"apple patient","description":"Everything about Apple!","publisher":{"@type":"Organization","@id":"https:\/\/www.apfelpatient.de\/en\/#organization","name":"Apfelpatient","url":"https:\/\/www.apfelpatient.de\/en\/"},"alternateName":"Apfelpatient","potentialAction":[{"@type":"SearchAction","target":{"@type":"EntryPoint","urlTemplate":"https:\/\/www.apfelpatient.de\/?s={search_term_string}"},"query-input":{"@type":"PropertyValueSpecification","valueRequired":true,"valueName":"search_term_string"}}],"inLanguage":"en-US"},{"@type":["Person","Organization"],"@id":"https:\/\/www.apfelpatient.de\/#\/schema\/person\/7dc56ad6c8e9824b76d2c08d4c140e13","name":"Milan","logo":{"@id":"https:\/\/www.apfelpatient.de\/#\/schema\/person\/image\/"},"description":"Hello and welcome to my technology blog! As a big Apple fan, I report on everything to do with Apple: from the latest news and exciting rumors to helpful tips and tricks and detailed product tests. If you are as enthusiastic about technology as I am, you have come to the right place!","sameAs":["https:\/\/www.facebook.com\/apfelpatientOfficial","https:\/\/www.linkedin.com\/in\/milan-jovicic-42aa0231b"],"url":"https:\/\/www.apfelpatient.de\/en\/author\/apfeladmin"}]}},"_links":{"self":[{"href":"https:\/\/www.apfelpatient.de\/en\/wp-json\/wp\/v2\/posts\/17710","targetHints":{"allow":["GET"]}}],"collection":[{"href":"https:\/\/www.apfelpatient.de\/en\/wp-json\/wp\/v2\/posts"}],"about":[{"href":"https:\/\/www.apfelpatient.de\/en\/wp-json\/wp\/v2\/types\/post"}],"author":[{"embeddable":true,"href":"https:\/\/www.apfelpatient.de\/en\/wp-json\/wp\/v2\/users\/2"}],"replies":[{"embeddable":true,"href":"https:\/\/www.apfelpatient.de\/en\/wp-json\/wp\/v2\/comments?post=17710"}],"version-history":[{"count":0,"href":"https:\/\/www.apfelpatient.de\/en\/wp-json\/wp\/v2\/posts\/17710\/revisions"}],"wp:featuredmedia":[{"embeddable":true,"href":"https:\/\/www.apfelpatient.de\/en\/wp-json\/wp\/v2\/media\/17714"}],"wp:attachment":[{"href":"https:\/\/www.apfelpatient.de\/en\/wp-json\/wp\/v2\/media?parent=17710"}],"wp:term":[{"taxonomy":"category","embeddable":true,"href":"https:\/\/www.apfelpatient.de\/en\/wp-json\/wp\/v2\/categories?post=17710"},{"taxonomy":"post_tag","embeddable":true,"href":"https:\/\/www.apfelpatient.de\/en\/wp-json\/wp\/v2\/tags?post=17710"}],"curies":[{"name":"wp","href":"https:\/\/api.w.org\/{rel}","templated":true}]}}