{"id":17518,"date":"2020-12-02T15:11:30","date_gmt":"2020-12-02T14:11:30","guid":{"rendered":"https:\/\/www.apfelpatient.de\/?p=17518"},"modified":"2020-12-02T15:11:31","modified_gmt":"2020-12-02T14:11:31","slug":"miniled-macbooks-switchover-should-happen-faster","status":"publish","type":"post","link":"https:\/\/www.apfelpatient.de\/en\/rumors\/miniled-macbooks-umstieg-soll-schneller-erfolgen","title":{"rendered":"MiniLED MacBooks: Switchover to happen faster"},"content":{"rendered":"<p class=\"has-drop-cap\"><strong>Rumors that Apple plans to use mini-LEDs on MacBook devices in the future have been circulating for many months. But the switch could happen sooner than expected.<\/strong><\/p>\n\n\n\n<p>The well-known Apple analyst Ming-Chi Kuo is known for his interesting predictions. He has often been spot on with them. Now he has once again commented on new MacBook models. He told investors that Apple will launch two MacBook Pros next year. <a href=\"https:\/\/www.apple.com\/de\/mac\/\" target=\"_blank\" rel=\"noreferrer noopener\">Models<\/a> in a brand new design that uses MiniLED panels. There will also possibly be two or three new chargers. However, he did not give any concrete details. These could be positioned in the MagSafe area, for example. According to his sources, the transition to MiniLED technology will take place faster than expected. According to Kuo, an updated MacBook Air with MiniLED is also planned, but this will not be released until 2022.<\/p>\n\n\n\n<h3 class=\"wp-block-heading\" id=\"h-was-macht-miniled-technologie-so-besonders\">What makes MiniLED technology so special?<\/h3>\n\n\n\n\n\n\n\n<p>As a reminder, MiniLED is a new form of backlighting used for LCD screens. It offers many of the same advantages as OLEDs, but can often offer higher brightness, improved energy efficiency and a lower risk of burn-in. In addition, these panels would allow for thinner and lighter product designs. For this reason, a redesign of the devices is also to be expected. In addition to MacBooks, Apple is also planning to convert the iPad range. The <a href=\"https:\/\/www.apfelpatient.de\/en\/rumors\/new-miniled-devices-will-be-released-in-early-2021\">debut<\/a> could make a brand new iPad Pro in early 2021.\u00a0<em>(Image: Apple)<\/em><\/p>\n\n\n\n<h6 class=\"wp-block-heading translation-block\" id=\"h-kennt-ihr-schon-unsere-amazon-storefront-dort-findet-ihr-eine-handverlesene-auswahl-von-diversen-produkten-f-r-euer-iphone-und-co-viel-spa-beim-st-bern\"><em>Have you already visited our Amazon Storefront? There you&#039;ll find a hand-picked selection of various products for your iPhone and other devices \u2013 <span class=\"has-inline-color has-vivid-red-color\"><a href=\"https:\/\/www.amazon.de\/shop\/apfelpatientofficial\" class=\"ek-link\" data-wpel-link=\"exclude\" rel=\"follow noopener\" target=\"_self\"><span style=\"text-decoration: underline\" class=\"ek-underline\">enjoy browsing<\/span><\/a> !<\/span><\/em><\/h6>\n\n\n\n<h6 class=\"wp-block-heading translation-block\" id=\"h-der-beitrag-enthalt-partnerlinks\">This post contains <a data-type=\"URL\" data-id=\"https:\/\/www.apfelpatient.de\/partnerprogramm\" href=\"https:\/\/www.apfelpatient.de\/en\/partner-program\" data-wpel-link=\"internal\" target=\"_self\">affiliate links<\/a>.<\/h6>","protected":false},"excerpt":{"rendered":"<p>Rumors that Apple plans to use mini-LEDs on MacBook devices in the future have been circulating for many months. But the switch could happen sooner than expected.<\/p>","protected":false},"author":2,"featured_media":17024,"comment_status":"closed","ping_status":"closed","sticky":false,"template":"","format":"standard","meta":{"jnews-multi-image_gallery":[],"jnews_single_post":{"subtitle":"","format":"standard","video":"","gallery":"","source_name":"","source_url":"","via_name":"","via_url":"","override":[{"single_blog_custom":"","sidebar":"","second_sidebar":"","share_position":"","share_float_style":"","post_date_format":"","post_date_format_custom":"","post_reading_time_wpm":"","zoom_button_out_step":"1","zoom_button_in_step":"1","number_popup_post":"1"}],"image_override":[{"single_post_thumbnail_size":"","single_post_gallery_size":""}],"trending_post_position":"","trending_post_label":"","sponsored_post_label":"","sponsored_post_name":"","sponsored_post_url":"","sponsored_post_logo":"","sponsored_post_desc":""},"jnews_primary_category":{"id":"25"},"footnotes":""},"categories":[25],"tags":[40,41,50],"class_list":["post-17518","post","type-post","status-publish","format-standard","has-post-thumbnail","hentry","category-rumors","tag-mac","tag-macbook-air","tag-macbook-pro"],"yoast_head":"<!-- This site is optimized with the Yoast SEO Premium plugin v27.5 (Yoast SEO v27.5) - https:\/\/yoast.com\/product\/yoast-seo-premium-wordpress\/ -->\n<title>MiniLED-MacBooks: Umstieg soll schneller erfolgen Apfelpatient<\/title>\n<meta name=\"description\" content=\"Ger\u00fcchte, wonach Apple in Zukunft auf MacBook-Ger\u00e4te mit MiniLEDs setzen m\u00f6chte, gibt es schon seit vielen Monaten.\" \/>\n<meta name=\"robots\" content=\"index, follow, max-snippet:-1, max-image-preview:large, max-video-preview:-1\" \/>\n<link rel=\"canonical\" href=\"https:\/\/www.apfelpatient.de\/en\/rumors\/miniled-macbooks-switchover-should-happen-faster\" \/>\n<meta property=\"og:locale\" content=\"en_US\" \/>\n<meta property=\"og:type\" content=\"article\" \/>\n<meta property=\"og:title\" content=\"MiniLED-MacBooks: Umstieg soll schneller erfolgen\" \/>\n<meta property=\"og:description\" content=\"Ger\u00fcchte, wonach Apple in Zukunft auf MacBook-Ger\u00e4te mit MiniLEDs setzen m\u00f6chte, gibt es schon seit vielen Monaten. Doch der Umstieg k\u00f6nnte schneller als erwartet erfolgen.\" \/>\n<meta property=\"og:url\" content=\"https:\/\/www.apfelpatient.de\/en\/rumors\/miniled-macbooks-switchover-should-happen-faster\" \/>\n<meta property=\"og:site_name\" content=\"Apfelpatient\" \/>\n<meta property=\"article:publisher\" content=\"https:\/\/www.facebook.com\/apfelpatientOfficial\" \/>\n<meta property=\"article:author\" content=\"https:\/\/www.facebook.com\/apfelpatientOfficial\" \/>\n<meta property=\"article:published_time\" content=\"2020-12-02T14:11:30+00:00\" \/>\n<meta property=\"article:modified_time\" content=\"2020-12-02T14:11:31+00:00\" \/>\n<meta property=\"og:image\" content=\"https:\/\/www.apfelpatient.de\/wp-content\/uploads\/2020\/11\/Apple_new-macbookpro-wallpaper-screen_11102020.jpg\" \/>\n\t<meta property=\"og:image:width\" content=\"1984\" \/>\n\t<meta property=\"og:image:height\" content=\"1118\" \/>\n\t<meta property=\"og:image:type\" content=\"image\/jpeg\" \/>\n<meta name=\"author\" content=\"Milan\" \/>\n<meta name=\"twitter:card\" content=\"summary_large_image\" \/>\n<meta name=\"twitter:description\" content=\"Ger\u00fcchte, wonach Apple in Zukunft auf MacBook-Ger\u00e4te mit MiniLEDs setzen m\u00f6chte, gibt es schon seit vielen Monaten. Doch der Umstieg k\u00f6nnte schneller als erwartet erfolgen.\" \/>\n<meta name=\"twitter:label1\" content=\"Written by\" \/>\n\t<meta name=\"twitter:data1\" content=\"Milan\" \/>\n\t<meta name=\"twitter:label2\" content=\"Est. reading time\" \/>\n\t<meta name=\"twitter:data2\" content=\"1 minute\" \/>\n<script type=\"application\/ld+json\" class=\"yoast-schema-graph\">{\"@context\":\"https:\\\/\\\/schema.org\",\"@graph\":[{\"@type\":\"NewsArticle\",\"@id\":\"https:\\\/\\\/www.apfelpatient.de\\\/rumors\\\/miniled-macbooks-umstieg-soll-schneller-erfolgen#article\",\"isPartOf\":{\"@id\":\"https:\\\/\\\/www.apfelpatient.de\\\/rumors\\\/miniled-macbooks-umstieg-soll-schneller-erfolgen\"},\"author\":{\"@type\":\"Organization\",\"@id\":\"https:\\\/\\\/www.apfelpatient.de\\\/en\\\/#organization\",\"name\":\"Apfelpatient\",\"url\":\"https:\\\/\\\/www.apfelpatient.de\\\/en\\\/\"},\"headline\":\"MiniLED-MacBooks: Umstieg soll schneller erfolgen\",\"datePublished\":\"2020-12-02T14:11:30+00:00\",\"dateModified\":\"2020-12-02T14:11:31+00:00\",\"mainEntityOfPage\":{\"@id\":\"https:\\\/\\\/www.apfelpatient.de\\\/rumors\\\/miniled-macbooks-umstieg-soll-schneller-erfolgen\"},\"wordCount\":244,\"publisher\":{\"@type\":\"Organization\",\"@id\":\"https:\\\/\\\/www.apfelpatient.de\\\/en\\\/#organization\",\"name\":\"Apfelpatient\",\"url\":\"https:\\\/\\\/www.apfelpatient.de\\\/en\\\/\"},\"image\":{\"@id\":\"https:\\\/\\\/www.apfelpatient.de\\\/rumors\\\/miniled-macbooks-umstieg-soll-schneller-erfolgen#primaryimage\"},\"thumbnailUrl\":\"https:\\\/\\\/www.apfelpatient.de\\\/wp-content\\\/uploads\\\/2020\\\/11\\\/Apple_new-macbookpro-wallpaper-screen_11102020.jpg\",\"keywords\":[\"Mac\",\"MacBook Air\",\"MacBook Pro\"],\"articleSection\":\"Rumors\",\"inLanguage\":\"en-US\",\"copyrightYear\":\"2020\",\"copyrightHolder\":{\"@id\":\"https:\\\/\\\/www.apfelpatient.de\\\/en\\\/#organization\"}},{\"@type\":\"WebPage\",\"@id\":\"https:\\\/\\\/www.apfelpatient.de\\\/rumors\\\/miniled-macbooks-umstieg-soll-schneller-erfolgen\",\"url\":\"https:\\\/\\\/www.apfelpatient.de\\\/rumors\\\/miniled-macbooks-umstieg-soll-schneller-erfolgen\",\"name\":\"MiniLED-MacBooks: Umstieg soll schneller erfolgen Apfelpatient\",\"isPartOf\":{\"@id\":\"https:\\\/\\\/www.apfelpatient.de\\\/#website\"},\"primaryImageOfPage\":{\"@id\":\"https:\\\/\\\/www.apfelpatient.de\\\/rumors\\\/miniled-macbooks-umstieg-soll-schneller-erfolgen#primaryimage\"},\"image\":{\"@id\":\"https:\\\/\\\/www.apfelpatient.de\\\/rumors\\\/miniled-macbooks-umstieg-soll-schneller-erfolgen#primaryimage\"},\"thumbnailUrl\":\"https:\\\/\\\/www.apfelpatient.de\\\/wp-content\\\/uploads\\\/2020\\\/11\\\/Apple_new-macbookpro-wallpaper-screen_11102020.jpg\",\"datePublished\":\"2020-12-02T14:11:30+00:00\",\"dateModified\":\"2020-12-02T14:11:31+00:00\",\"description\":\"Ger\u00fcchte, wonach Apple in Zukunft auf MacBook-Ger\u00e4te mit MiniLEDs setzen m\u00f6chte, gibt es schon seit vielen Monaten.\",\"breadcrumb\":{\"@id\":\"https:\\\/\\\/www.apfelpatient.de\\\/rumors\\\/miniled-macbooks-umstieg-soll-schneller-erfolgen#breadcrumb\"},\"inLanguage\":\"en-US\",\"potentialAction\":[{\"@type\":\"ReadAction\",\"target\":[\"https:\\\/\\\/www.apfelpatient.de\\\/rumors\\\/miniled-macbooks-umstieg-soll-schneller-erfolgen\"]}]},{\"@type\":\"ImageObject\",\"inLanguage\":\"en-US\",\"@id\":\"https:\\\/\\\/www.apfelpatient.de\\\/rumors\\\/miniled-macbooks-umstieg-soll-schneller-erfolgen#primaryimage\",\"url\":\"https:\\\/\\\/www.apfelpatient.de\\\/wp-content\\\/uploads\\\/2020\\\/11\\\/Apple_new-macbookpro-wallpaper-screen_11102020.jpg\",\"contentUrl\":\"https:\\\/\\\/www.apfelpatient.de\\\/wp-content\\\/uploads\\\/2020\\\/11\\\/Apple_new-macbookpro-wallpaper-screen_11102020.jpg\",\"width\":1984,\"height\":1118,\"caption\":\"Bild: Apple\"},{\"@type\":\"BreadcrumbList\",\"@id\":\"https:\\\/\\\/www.apfelpatient.de\\\/rumors\\\/miniled-macbooks-umstieg-soll-schneller-erfolgen#breadcrumb\",\"itemListElement\":[{\"@type\":\"ListItem\",\"position\":1,\"name\":\"Startseite\",\"item\":\"https:\\\/\\\/www.apfelpatient.de\\\/\"},{\"@type\":\"ListItem\",\"position\":2,\"name\":\"MiniLED-MacBooks: Umstieg soll schneller erfolgen\"}]},{\"@type\":\"WebSite\",\"@id\":\"https:\\\/\\\/www.apfelpatient.de\\\/#website\",\"url\":\"https:\\\/\\\/www.apfelpatient.de\\\/\",\"name\":\"Apfelpatient\",\"description\":\"Alles rund um Apple!\",\"publisher\":{\"@type\":\"Organization\",\"@id\":\"https:\\\/\\\/www.apfelpatient.de\\\/en\\\/#organization\",\"name\":\"Apfelpatient\",\"url\":\"https:\\\/\\\/www.apfelpatient.de\\\/en\\\/\"},\"alternateName\":\"Apfelpatient\",\"potentialAction\":[{\"@type\":\"SearchAction\",\"target\":{\"@type\":\"EntryPoint\",\"urlTemplate\":\"https:\\\/\\\/www.apfelpatient.de\\\/?s={search_term_string}\"},\"query-input\":{\"@type\":\"PropertyValueSpecification\",\"valueRequired\":true,\"valueName\":\"search_term_string\"}}],\"inLanguage\":\"en-US\"},{\"@type\":[\"Person\",\"Organization\"],\"@id\":\"https:\\\/\\\/www.apfelpatient.de\\\/#\\\/schema\\\/person\\\/7dc56ad6c8e9824b76d2c08d4c140e13\",\"name\":\"Milan\",\"logo\":{\"@id\":\"https:\\\/\\\/www.apfelpatient.de\\\/#\\\/schema\\\/person\\\/image\\\/\"},\"description\":\"Hallo und herzlich willkommen auf meinem Technik-Blog! Als gro\u00dfer Apple-Fan berichte ich hier \u00fcber alles, was mit Apple zu tun hat: von den neuesten News und spannenden Ger\u00fcchten \u00fcber hilfreiche Tipps und Tricks bis hin zu ausf\u00fchrlichen Produkttests. Wenn du genauso technikbegeistert bist wie ich, bist du hier genau richtig!\",\"sameAs\":[\"https:\\\/\\\/www.facebook.com\\\/apfelpatientOfficial\",\"https:\\\/\\\/www.linkedin.com\\\/in\\\/milan-jovicic-42aa0231b\"],\"url\":\"https:\\\/\\\/www.apfelpatient.de\\\/en\\\/author\\\/apfeladmin\"}]}<\/script>\n<!-- \/ Yoast SEO Premium plugin. -->","yoast_head_json":{"title":"MiniLED MacBooks: Switchover to be faster Apfelpatient","description":"Rumors that Apple plans to use mini-LEDs on MacBook devices in the future have been circulating for many months.","robots":{"index":"index","follow":"follow","max-snippet":"max-snippet:-1","max-image-preview":"max-image-preview:large","max-video-preview":"max-video-preview:-1"},"canonical":"https:\/\/www.apfelpatient.de\/en\/rumors\/miniled-macbooks-switchover-should-happen-faster","og_locale":"en_US","og_type":"article","og_title":"MiniLED-MacBooks: Umstieg soll schneller erfolgen","og_description":"Ger\u00fcchte, wonach Apple in Zukunft auf MacBook-Ger\u00e4te mit MiniLEDs setzen m\u00f6chte, gibt es schon seit vielen Monaten. Doch der Umstieg k\u00f6nnte schneller als erwartet erfolgen.","og_url":"https:\/\/www.apfelpatient.de\/en\/rumors\/miniled-macbooks-switchover-should-happen-faster","og_site_name":"Apfelpatient","article_publisher":"https:\/\/www.facebook.com\/apfelpatientOfficial","article_author":"https:\/\/www.facebook.com\/apfelpatientOfficial","article_published_time":"2020-12-02T14:11:30+00:00","article_modified_time":"2020-12-02T14:11:31+00:00","og_image":[{"width":1984,"height":1118,"url":"https:\/\/www.apfelpatient.de\/wp-content\/uploads\/2020\/11\/Apple_new-macbookpro-wallpaper-screen_11102020.jpg","type":"image\/jpeg"}],"author":"Milan","twitter_card":"summary_large_image","twitter_description":"Ger\u00fcchte, wonach Apple in Zukunft auf MacBook-Ger\u00e4te mit MiniLEDs setzen m\u00f6chte, gibt es schon seit vielen Monaten. Doch der Umstieg k\u00f6nnte schneller als erwartet erfolgen.","twitter_misc":{"Written by":"Milan","Est. reading time":"1 minute"},"schema":{"@context":"https:\/\/schema.org","@graph":[{"@type":"NewsArticle","@id":"https:\/\/www.apfelpatient.de\/rumors\/miniled-macbooks-umstieg-soll-schneller-erfolgen#article","isPartOf":{"@id":"https:\/\/www.apfelpatient.de\/rumors\/miniled-macbooks-umstieg-soll-schneller-erfolgen"},"author":{"@type":"Organization","@id":"https:\/\/www.apfelpatient.de\/en\/#organization","name":"Apfelpatient","url":"https:\/\/www.apfelpatient.de\/en\/"},"headline":"MiniLED-MacBooks: Umstieg soll schneller erfolgen","datePublished":"2020-12-02T14:11:30+00:00","dateModified":"2020-12-02T14:11:31+00:00","mainEntityOfPage":{"@id":"https:\/\/www.apfelpatient.de\/rumors\/miniled-macbooks-umstieg-soll-schneller-erfolgen"},"wordCount":244,"publisher":{"@type":"Organization","@id":"https:\/\/www.apfelpatient.de\/en\/#organization","name":"Apfelpatient","url":"https:\/\/www.apfelpatient.de\/en\/"},"image":{"@id":"https:\/\/www.apfelpatient.de\/rumors\/miniled-macbooks-umstieg-soll-schneller-erfolgen#primaryimage"},"thumbnailUrl":"https:\/\/www.apfelpatient.de\/wp-content\/uploads\/2020\/11\/Apple_new-macbookpro-wallpaper-screen_11102020.jpg","keywords":["Mac","MacBook Air","MacBook Pro"],"articleSection":"Rumors","inLanguage":"en-US","copyrightYear":"2020","copyrightHolder":{"@id":"https:\/\/www.apfelpatient.de\/en\/#organization"}},{"@type":"WebPage","@id":"https:\/\/www.apfelpatient.de\/rumors\/miniled-macbooks-umstieg-soll-schneller-erfolgen","url":"https:\/\/www.apfelpatient.de\/rumors\/miniled-macbooks-umstieg-soll-schneller-erfolgen","name":"MiniLED MacBooks: Switchover to be faster Apfelpatient","isPartOf":{"@id":"https:\/\/www.apfelpatient.de\/#website"},"primaryImageOfPage":{"@id":"https:\/\/www.apfelpatient.de\/rumors\/miniled-macbooks-umstieg-soll-schneller-erfolgen#primaryimage"},"image":{"@id":"https:\/\/www.apfelpatient.de\/rumors\/miniled-macbooks-umstieg-soll-schneller-erfolgen#primaryimage"},"thumbnailUrl":"https:\/\/www.apfelpatient.de\/wp-content\/uploads\/2020\/11\/Apple_new-macbookpro-wallpaper-screen_11102020.jpg","datePublished":"2020-12-02T14:11:30+00:00","dateModified":"2020-12-02T14:11:31+00:00","description":"Rumors that Apple plans to use mini-LEDs on MacBook devices in the future have been circulating for many months.","breadcrumb":{"@id":"https:\/\/www.apfelpatient.de\/rumors\/miniled-macbooks-umstieg-soll-schneller-erfolgen#breadcrumb"},"inLanguage":"en-US","potentialAction":[{"@type":"ReadAction","target":["https:\/\/www.apfelpatient.de\/rumors\/miniled-macbooks-umstieg-soll-schneller-erfolgen"]}]},{"@type":"ImageObject","inLanguage":"en-US","@id":"https:\/\/www.apfelpatient.de\/rumors\/miniled-macbooks-umstieg-soll-schneller-erfolgen#primaryimage","url":"https:\/\/www.apfelpatient.de\/wp-content\/uploads\/2020\/11\/Apple_new-macbookpro-wallpaper-screen_11102020.jpg","contentUrl":"https:\/\/www.apfelpatient.de\/wp-content\/uploads\/2020\/11\/Apple_new-macbookpro-wallpaper-screen_11102020.jpg","width":1984,"height":1118,"caption":"Bild: Apple"},{"@type":"BreadcrumbList","@id":"https:\/\/www.apfelpatient.de\/rumors\/miniled-macbooks-umstieg-soll-schneller-erfolgen#breadcrumb","itemListElement":[{"@type":"ListItem","position":1,"name":"Startseite","item":"https:\/\/www.apfelpatient.de\/"},{"@type":"ListItem","position":2,"name":"MiniLED-MacBooks: Umstieg soll schneller erfolgen"}]},{"@type":"WebSite","@id":"https:\/\/www.apfelpatient.de\/#website","url":"https:\/\/www.apfelpatient.de\/","name":"apple patient","description":"Everything about Apple!","publisher":{"@type":"Organization","@id":"https:\/\/www.apfelpatient.de\/en\/#organization","name":"Apfelpatient","url":"https:\/\/www.apfelpatient.de\/en\/"},"alternateName":"Apfelpatient","potentialAction":[{"@type":"SearchAction","target":{"@type":"EntryPoint","urlTemplate":"https:\/\/www.apfelpatient.de\/?s={search_term_string}"},"query-input":{"@type":"PropertyValueSpecification","valueRequired":true,"valueName":"search_term_string"}}],"inLanguage":"en-US"},{"@type":["Person","Organization"],"@id":"https:\/\/www.apfelpatient.de\/#\/schema\/person\/7dc56ad6c8e9824b76d2c08d4c140e13","name":"Milan","logo":{"@id":"https:\/\/www.apfelpatient.de\/#\/schema\/person\/image\/"},"description":"Hello and welcome to my technology blog! As a big Apple fan, I report on everything to do with Apple: from the latest news and exciting rumors to helpful tips and tricks and detailed product tests. If you are as enthusiastic about technology as I am, you have come to the right place!","sameAs":["https:\/\/www.facebook.com\/apfelpatientOfficial","https:\/\/www.linkedin.com\/in\/milan-jovicic-42aa0231b"],"url":"https:\/\/www.apfelpatient.de\/en\/author\/apfeladmin"}]}},"_links":{"self":[{"href":"https:\/\/www.apfelpatient.de\/en\/wp-json\/wp\/v2\/posts\/17518","targetHints":{"allow":["GET"]}}],"collection":[{"href":"https:\/\/www.apfelpatient.de\/en\/wp-json\/wp\/v2\/posts"}],"about":[{"href":"https:\/\/www.apfelpatient.de\/en\/wp-json\/wp\/v2\/types\/post"}],"author":[{"embeddable":true,"href":"https:\/\/www.apfelpatient.de\/en\/wp-json\/wp\/v2\/users\/2"}],"replies":[{"embeddable":true,"href":"https:\/\/www.apfelpatient.de\/en\/wp-json\/wp\/v2\/comments?post=17518"}],"version-history":[{"count":0,"href":"https:\/\/www.apfelpatient.de\/en\/wp-json\/wp\/v2\/posts\/17518\/revisions"}],"wp:featuredmedia":[{"embeddable":true,"href":"https:\/\/www.apfelpatient.de\/en\/wp-json\/wp\/v2\/media\/17024"}],"wp:attachment":[{"href":"https:\/\/www.apfelpatient.de\/en\/wp-json\/wp\/v2\/media?parent=17518"}],"wp:term":[{"taxonomy":"category","embeddable":true,"href":"https:\/\/www.apfelpatient.de\/en\/wp-json\/wp\/v2\/categories?post=17518"},{"taxonomy":"post_tag","embeddable":true,"href":"https:\/\/www.apfelpatient.de\/en\/wp-json\/wp\/v2\/tags?post=17518"}],"curies":[{"name":"wp","href":"https:\/\/api.w.org\/{rel}","templated":true}]}}