{"id":17511,"date":"2020-12-02T04:02:19","date_gmt":"2020-12-02T03:02:19","guid":{"rendered":"https:\/\/www.apfelpatient.de\/?p=17511"},"modified":"2024-05-22T13:23:08","modified_gmt":"2024-05-22T11:23:08","slug":"magsafe-duo-charger-now-available-for-pre-order","status":"publish","type":"post","link":"https:\/\/www.apfelpatient.de\/en\/news\/magsafe-duo-ladegeraet-ab-sofort-vorbestellbar","title":{"rendered":"MagSafe Duo charger now available for pre-order"},"content":{"rendered":"<p class=\"has-drop-cap\"><strong>The MagSafe Duo charger was introduced during the iPhone 12 keynote in October. The brand new accessory can now be officially pre-ordered.<\/strong><\/p>\n\n\n\n<p>The MagSafe Duo charger can charge an iPhone and an Apple Watch at the same time. The product was first listed in the Apple online shop at the beginning of November. The charging station costs 145 euros. A price that not every user wants to pay. The accessory is delivered without a power adapter. Apple itself recommends the in-house 20W adapter, which costs around 25 euros. The company advertises the MagSafe Duo as follows:<\/p>\n\n\n\n<h3 class=\"wp-block-heading\" id=\"h-magsafe-duo-auch-ltere-iphone-ger-te-sind-kompatibel\">MagSafe Duo: Older iPhone devices are also compatible<\/h3>\n\n\n\n\n\n\n\n<blockquote class=\"wp-block-quote is-layout-flow wp-block-quote-is-layout-flow\"><p>The MagSafe Duo charger charges your compatible iPhone, Apple Watch model, wireless charging case for AirPods and other Qi certified devices. Simply place the devices on the charger and the even, efficient charging process begins. Fold it up so you can take it anywhere.<\/p><\/blockquote>\n\n\n\n<figure class=\"wp-block-image size-large\"><img decoding=\"async\" width=\"712\" height=\"400\" src=\"https:\/\/www.apfelpatient.de\/wp-content\/uploads\/2020\/11\/5A002B47-B77E-4239-BFC8-BABFB4A73E9D.png\" alt=\"MagSafe Duo\" class=\"wp-image-16902\" srcset=\"https:\/\/www.apfelpatient.de\/wp-content\/uploads\/2020\/11\/5A002B47-B77E-4239-BFC8-BABFB4A73E9D.png 712w, https:\/\/www.apfelpatient.de\/wp-content\/uploads\/2020\/11\/5A002B47-B77E-4239-BFC8-BABFB4A73E9D-300x169.png 300w\" sizes=\"(max-width: 712px) 100vw, 712px\" \/><figcaption>Image: Apple<\/figcaption><\/figure>\n\n\n\n<p>Although the product was developed for the iPhone 12 models, Apple says the MagSafe Duo is compatible with older iPhones, AirPods with wireless charging cases, AirPods Pro, and other devices that support Qi-based wireless charging. It can now be officially pre-ordered. According to the product page, deliveries are scheduled to begin on December 4th. <em>(Image: Apple)<\/em><\/p>\n\n\n\n<ul class=\"wp-block-list\"><li><a href=\"https:\/\/www.apfelpatient.de\/en\/news\/magsafe-duo-charger-in-the-test-convenient-but-overpriced\">MagSafe Duo charger in test: Convenient but overpriced<\/a><\/li><\/ul>\n\n\n\n<h6 class=\"wp-block-heading translation-block\" id=\"h-kennt-ihr-schon-unsere-amazon-storefront-dort-findet-ihr-eine-handverlesene-auswahl-von-diversen-produkten-f-r-euer-iphone-und-co-viel-spa-beim-st-bern\"><em>Have you already visited our Amazon Storefront? There you&#039;ll find a hand-picked selection of various products for your iPhone and other devices \u2013 <span class=\"has-inline-color has-vivid-red-color\"><a href=\"https:\/\/www.amazon.de\/shop\/apfelpatientofficial\" class=\"ek-link\" data-wpel-link=\"exclude\" rel=\"follow noopener\" target=\"_self\"><span style=\"text-decoration: underline\" class=\"ek-underline\">enjoy browsing<\/span><\/a> !<\/span><\/em><\/h6>\n\n\n\n\n\n<h6 class=\"wp-block-heading translation-block\" id=\"h-der-beitrag-enthalt-partnerlinks\">This post contains <a data-type=\"URL\" data-id=\"https:\/\/www.apfelpatient.de\/partnerprogramm\" href=\"https:\/\/www.apfelpatient.de\/en\/partner-program\" data-wpel-link=\"internal\" target=\"_self\">affiliate links<\/a>.<\/h6>","protected":false},"excerpt":{"rendered":"<p>The MagSafe Duo charger was introduced during the iPhone 12 keynote in October. The accessory can now be officially pre-ordered.<\/p>","protected":false},"author":2,"featured_media":16176,"comment_status":"closed","ping_status":"closed","sticky":false,"template":"","format":"standard","meta":{"jnews-multi-image_gallery":[],"jnews_single_post":{"subtitle":"","format":"standard","video":"","gallery":"","source_name":"","source_url":"","via_name":"","via_url":"","override_template":"0","override":[{"template":"4","single_blog_custom":"","parallax":"1","fullscreen":"1","layout":"right-sidebar","sidebar":"","second_sidebar":"","sticky_sidebar":"1","share_position":"","share_float_style":"","show_share_counter":"0","show_view_counter":"0","show_featured":"1","show_post_meta":"1","show_post_author":"1","show_post_author_image":"1","show_post_date":"1","post_date_format":"","post_date_format_custom":"","show_post_category":"1","show_post_reading_time":"0","post_reading_time_wpm":"","show_zoom_button":"0","zoom_button_out_step":"1","zoom_button_in_step":"1","show_post_tag":"1","show_prev_next_post":"1","show_popup_post":"1","number_popup_post":"1","show_author_box":"0","show_post_related":"0","show_inline_post_related":"0"}],"override_image_size":"0","image_override":[{"single_post_thumbnail_size":"","single_post_gallery_size":""}],"trending_post":"0","trending_post_position":"","trending_post_label":"","sponsored_post":"0","sponsored_post_label":"","sponsored_post_name":"","sponsored_post_url":"","sponsored_post_logo_enable":"0","sponsored_post_logo":"","sponsored_post_desc":"","disable_ad":"0"},"jnews_primary_category":{"id":"9","hide":""},"footnotes":""},"categories":[9],"tags":[14,8],"class_list":["post-17511","post","type-post","status-publish","format-standard","has-post-thumbnail","hentry","category-news","tag-apple-watch","tag-iphone"],"yoast_head":"<!-- This site is optimized with the Yoast SEO Premium plugin v27.5 (Yoast SEO v27.5) - https:\/\/yoast.com\/product\/yoast-seo-premium-wordpress\/ -->\n<title>MagSafe Duo Ladeger\u00e4t ab sofort vorbestellbar Apfelpatient<\/title>\n<meta name=\"description\" content=\"Das MagSafe Duo Ladeger\u00e4t wurde im Rahmen der iPhone 12 Keynote im Oktober vorgestellt. Nun kann das Zubeh\u00f6r offiziell vorbestellt werden.\" \/>\n<meta name=\"robots\" content=\"index, follow, max-snippet:-1, max-image-preview:large, max-video-preview:-1\" \/>\n<link rel=\"canonical\" href=\"https:\/\/www.apfelpatient.de\/en\/news\/magsafe-duo-charger-now-available-for-pre-order\" \/>\n<meta property=\"og:locale\" content=\"en_US\" \/>\n<meta property=\"og:type\" content=\"article\" \/>\n<meta property=\"og:title\" content=\"MagSafe Duo Ladeger\u00e4t ab sofort vorbestellbar\" \/>\n<meta property=\"og:description\" content=\"Das MagSafe Duo Ladeger\u00e4t wurde im Rahmen der iPhone 12 Keynote im Oktober vorgestellt. Nun kann das Zubeh\u00f6r offiziell vorbestellt werden.\" \/>\n<meta property=\"og:url\" content=\"https:\/\/www.apfelpatient.de\/en\/news\/magsafe-duo-charger-now-available-for-pre-order\" \/>\n<meta property=\"og:site_name\" content=\"Apfelpatient\" \/>\n<meta property=\"article:publisher\" content=\"https:\/\/www.facebook.com\/apfelpatientOfficial\" \/>\n<meta property=\"article:author\" content=\"https:\/\/www.facebook.com\/apfelpatientOfficial\" \/>\n<meta property=\"article:published_time\" content=\"2020-12-02T03:02:19+00:00\" \/>\n<meta property=\"article:modified_time\" content=\"2024-05-22T11:23:08+00:00\" \/>\n<meta property=\"og:image\" content=\"https:\/\/www.apfelpatient.de\/wp-content\/uploads\/2020\/10\/apple_iphone-12_mag-safe-duo-charger_10132020.jpg\" \/>\n\t<meta property=\"og:image:width\" content=\"1306\" \/>\n\t<meta property=\"og:image:height\" content=\"734\" \/>\n\t<meta property=\"og:image:type\" content=\"image\/jpeg\" \/>\n<meta name=\"author\" content=\"Milan\" \/>\n<meta name=\"twitter:card\" content=\"summary_large_image\" \/>\n<meta name=\"twitter:description\" content=\"Das MagSafe Duo Ladeger\u00e4t wurde im Rahmen der iPhone 12 Keynote im Oktober vorgestellt. Nun kann das Zubeh\u00f6r offiziell vorbestellt werden.\" \/>\n<meta name=\"twitter:label1\" content=\"Written by\" \/>\n\t<meta name=\"twitter:data1\" content=\"Milan\" \/>\n\t<meta name=\"twitter:label2\" content=\"Est. reading time\" \/>\n\t<meta name=\"twitter:data2\" content=\"5 minutes\" \/>\n<script type=\"application\/ld+json\" class=\"yoast-schema-graph\">{\"@context\":\"https:\\\/\\\/schema.org\",\"@graph\":[{\"@type\":\"NewsArticle\",\"@id\":\"https:\\\/\\\/www.apfelpatient.de\\\/news\\\/magsafe-duo-ladegeraet-ab-sofort-vorbestellbar#article\",\"isPartOf\":{\"@id\":\"https:\\\/\\\/www.apfelpatient.de\\\/news\\\/magsafe-duo-ladegeraet-ab-sofort-vorbestellbar\"},\"author\":{\"@type\":\"Organization\",\"@id\":\"https:\\\/\\\/www.apfelpatient.de\\\/en\\\/#organization\",\"name\":\"Apfelpatient\",\"url\":\"https:\\\/\\\/www.apfelpatient.de\\\/en\\\/\"},\"headline\":\"MagSafe Duo Ladeger\u00e4t ab sofort vorbestellbar\",\"datePublished\":\"2020-12-02T03:02:19+00:00\",\"dateModified\":\"2024-05-22T11:23:08+00:00\",\"mainEntityOfPage\":{\"@id\":\"https:\\\/\\\/www.apfelpatient.de\\\/news\\\/magsafe-duo-ladegeraet-ab-sofort-vorbestellbar\"},\"wordCount\":227,\"publisher\":{\"@type\":\"Organization\",\"@id\":\"https:\\\/\\\/www.apfelpatient.de\\\/en\\\/#organization\",\"name\":\"Apfelpatient\",\"url\":\"https:\\\/\\\/www.apfelpatient.de\\\/en\\\/\"},\"image\":{\"@id\":\"https:\\\/\\\/www.apfelpatient.de\\\/news\\\/magsafe-duo-ladegeraet-ab-sofort-vorbestellbar#primaryimage\"},\"thumbnailUrl\":\"https:\\\/\\\/www.apfelpatient.de\\\/wp-content\\\/uploads\\\/2020\\\/10\\\/apple_iphone-12_mag-safe-duo-charger_10132020.jpg\",\"keywords\":[\"Apple Watch\",\"iPhone\"],\"articleSection\":\"News\",\"inLanguage\":\"en-US\",\"copyrightYear\":\"2020\",\"copyrightHolder\":{\"@id\":\"https:\\\/\\\/www.apfelpatient.de\\\/en\\\/#organization\"}},{\"@type\":\"WebPage\",\"@id\":\"https:\\\/\\\/www.apfelpatient.de\\\/news\\\/magsafe-duo-ladegeraet-ab-sofort-vorbestellbar\",\"url\":\"https:\\\/\\\/www.apfelpatient.de\\\/news\\\/magsafe-duo-ladegeraet-ab-sofort-vorbestellbar\",\"name\":\"MagSafe Duo Ladeger\u00e4t ab sofort vorbestellbar Apfelpatient\",\"isPartOf\":{\"@id\":\"https:\\\/\\\/www.apfelpatient.de\\\/#website\"},\"primaryImageOfPage\":{\"@id\":\"https:\\\/\\\/www.apfelpatient.de\\\/news\\\/magsafe-duo-ladegeraet-ab-sofort-vorbestellbar#primaryimage\"},\"image\":{\"@id\":\"https:\\\/\\\/www.apfelpatient.de\\\/news\\\/magsafe-duo-ladegeraet-ab-sofort-vorbestellbar#primaryimage\"},\"thumbnailUrl\":\"https:\\\/\\\/www.apfelpatient.de\\\/wp-content\\\/uploads\\\/2020\\\/10\\\/apple_iphone-12_mag-safe-duo-charger_10132020.jpg\",\"datePublished\":\"2020-12-02T03:02:19+00:00\",\"dateModified\":\"2024-05-22T11:23:08+00:00\",\"description\":\"Das MagSafe Duo Ladeger\u00e4t wurde im Rahmen der iPhone 12 Keynote im Oktober vorgestellt. Nun kann das Zubeh\u00f6r offiziell vorbestellt werden.\",\"breadcrumb\":{\"@id\":\"https:\\\/\\\/www.apfelpatient.de\\\/news\\\/magsafe-duo-ladegeraet-ab-sofort-vorbestellbar#breadcrumb\"},\"inLanguage\":\"en-US\",\"potentialAction\":[{\"@type\":\"ReadAction\",\"target\":[\"https:\\\/\\\/www.apfelpatient.de\\\/news\\\/magsafe-duo-ladegeraet-ab-sofort-vorbestellbar\"]}]},{\"@type\":\"ImageObject\",\"inLanguage\":\"en-US\",\"@id\":\"https:\\\/\\\/www.apfelpatient.de\\\/news\\\/magsafe-duo-ladegeraet-ab-sofort-vorbestellbar#primaryimage\",\"url\":\"https:\\\/\\\/www.apfelpatient.de\\\/wp-content\\\/uploads\\\/2020\\\/10\\\/apple_iphone-12_mag-safe-duo-charger_10132020.jpg\",\"contentUrl\":\"https:\\\/\\\/www.apfelpatient.de\\\/wp-content\\\/uploads\\\/2020\\\/10\\\/apple_iphone-12_mag-safe-duo-charger_10132020.jpg\",\"width\":1306,\"height\":734,\"caption\":\"Bild: Apple\"},{\"@type\":\"BreadcrumbList\",\"@id\":\"https:\\\/\\\/www.apfelpatient.de\\\/news\\\/magsafe-duo-ladegeraet-ab-sofort-vorbestellbar#breadcrumb\",\"itemListElement\":[{\"@type\":\"ListItem\",\"position\":1,\"name\":\"Startseite\",\"item\":\"https:\\\/\\\/www.apfelpatient.de\\\/\"},{\"@type\":\"ListItem\",\"position\":2,\"name\":\"MagSafe Duo Ladeger\u00e4t ab sofort vorbestellbar\"}]},{\"@type\":\"WebSite\",\"@id\":\"https:\\\/\\\/www.apfelpatient.de\\\/#website\",\"url\":\"https:\\\/\\\/www.apfelpatient.de\\\/\",\"name\":\"Apfelpatient\",\"description\":\"Alles rund um Apple!\",\"publisher\":{\"@type\":\"Organization\",\"@id\":\"https:\\\/\\\/www.apfelpatient.de\\\/en\\\/#organization\",\"name\":\"Apfelpatient\",\"url\":\"https:\\\/\\\/www.apfelpatient.de\\\/en\\\/\"},\"alternateName\":\"Apfelpatient\",\"potentialAction\":[{\"@type\":\"SearchAction\",\"target\":{\"@type\":\"EntryPoint\",\"urlTemplate\":\"https:\\\/\\\/www.apfelpatient.de\\\/?s={search_term_string}\"},\"query-input\":{\"@type\":\"PropertyValueSpecification\",\"valueRequired\":true,\"valueName\":\"search_term_string\"}}],\"inLanguage\":\"en-US\"},{\"@type\":[\"Person\",\"Organization\"],\"@id\":\"https:\\\/\\\/www.apfelpatient.de\\\/#\\\/schema\\\/person\\\/7dc56ad6c8e9824b76d2c08d4c140e13\",\"name\":\"Milan\",\"logo\":{\"@id\":\"https:\\\/\\\/www.apfelpatient.de\\\/#\\\/schema\\\/person\\\/image\\\/\"},\"description\":\"Hallo und herzlich willkommen auf meinem Technik-Blog! Als gro\u00dfer Apple-Fan berichte ich hier \u00fcber alles, was mit Apple zu tun hat: von den neuesten News und spannenden Ger\u00fcchten \u00fcber hilfreiche Tipps und Tricks bis hin zu ausf\u00fchrlichen Produkttests. Wenn du genauso technikbegeistert bist wie ich, bist du hier genau richtig!\",\"sameAs\":[\"https:\\\/\\\/www.facebook.com\\\/apfelpatientOfficial\",\"https:\\\/\\\/www.linkedin.com\\\/in\\\/milan-jovicic-42aa0231b\"],\"url\":\"https:\\\/\\\/www.apfelpatient.de\\\/en\\\/author\\\/apfeladmin\"}]}<\/script>\n<!-- \/ Yoast SEO Premium plugin. -->","yoast_head_json":{"title":"MagSafe Duo charger now available for pre-order Apfelpatient","description":"The MagSafe Duo charger was introduced during the iPhone 12 keynote in October. The accessory can now be officially pre-ordered.","robots":{"index":"index","follow":"follow","max-snippet":"max-snippet:-1","max-image-preview":"max-image-preview:large","max-video-preview":"max-video-preview:-1"},"canonical":"https:\/\/www.apfelpatient.de\/en\/news\/magsafe-duo-charger-now-available-for-pre-order","og_locale":"en_US","og_type":"article","og_title":"MagSafe Duo Ladeger\u00e4t ab sofort vorbestellbar","og_description":"Das MagSafe Duo Ladeger\u00e4t wurde im Rahmen der iPhone 12 Keynote im Oktober vorgestellt. Nun kann das Zubeh\u00f6r offiziell vorbestellt werden.","og_url":"https:\/\/www.apfelpatient.de\/en\/news\/magsafe-duo-charger-now-available-for-pre-order","og_site_name":"Apfelpatient","article_publisher":"https:\/\/www.facebook.com\/apfelpatientOfficial","article_author":"https:\/\/www.facebook.com\/apfelpatientOfficial","article_published_time":"2020-12-02T03:02:19+00:00","article_modified_time":"2024-05-22T11:23:08+00:00","og_image":[{"width":1306,"height":734,"url":"https:\/\/www.apfelpatient.de\/wp-content\/uploads\/2020\/10\/apple_iphone-12_mag-safe-duo-charger_10132020.jpg","type":"image\/jpeg"}],"author":"Milan","twitter_card":"summary_large_image","twitter_description":"Das MagSafe Duo Ladeger\u00e4t wurde im Rahmen der iPhone 12 Keynote im Oktober vorgestellt. Nun kann das Zubeh\u00f6r offiziell vorbestellt werden.","twitter_misc":{"Written by":"Milan","Est. reading time":"5 minutes"},"schema":{"@context":"https:\/\/schema.org","@graph":[{"@type":"NewsArticle","@id":"https:\/\/www.apfelpatient.de\/news\/magsafe-duo-ladegeraet-ab-sofort-vorbestellbar#article","isPartOf":{"@id":"https:\/\/www.apfelpatient.de\/news\/magsafe-duo-ladegeraet-ab-sofort-vorbestellbar"},"author":{"@type":"Organization","@id":"https:\/\/www.apfelpatient.de\/en\/#organization","name":"Apfelpatient","url":"https:\/\/www.apfelpatient.de\/en\/"},"headline":"MagSafe Duo Ladeger\u00e4t ab sofort vorbestellbar","datePublished":"2020-12-02T03:02:19+00:00","dateModified":"2024-05-22T11:23:08+00:00","mainEntityOfPage":{"@id":"https:\/\/www.apfelpatient.de\/news\/magsafe-duo-ladegeraet-ab-sofort-vorbestellbar"},"wordCount":227,"publisher":{"@type":"Organization","@id":"https:\/\/www.apfelpatient.de\/en\/#organization","name":"Apfelpatient","url":"https:\/\/www.apfelpatient.de\/en\/"},"image":{"@id":"https:\/\/www.apfelpatient.de\/news\/magsafe-duo-ladegeraet-ab-sofort-vorbestellbar#primaryimage"},"thumbnailUrl":"https:\/\/www.apfelpatient.de\/wp-content\/uploads\/2020\/10\/apple_iphone-12_mag-safe-duo-charger_10132020.jpg","keywords":["Apple Watch","iPhone"],"articleSection":"News","inLanguage":"en-US","copyrightYear":"2020","copyrightHolder":{"@id":"https:\/\/www.apfelpatient.de\/en\/#organization"}},{"@type":"WebPage","@id":"https:\/\/www.apfelpatient.de\/news\/magsafe-duo-ladegeraet-ab-sofort-vorbestellbar","url":"https:\/\/www.apfelpatient.de\/news\/magsafe-duo-ladegeraet-ab-sofort-vorbestellbar","name":"MagSafe Duo charger now available for pre-order Apfelpatient","isPartOf":{"@id":"https:\/\/www.apfelpatient.de\/#website"},"primaryImageOfPage":{"@id":"https:\/\/www.apfelpatient.de\/news\/magsafe-duo-ladegeraet-ab-sofort-vorbestellbar#primaryimage"},"image":{"@id":"https:\/\/www.apfelpatient.de\/news\/magsafe-duo-ladegeraet-ab-sofort-vorbestellbar#primaryimage"},"thumbnailUrl":"https:\/\/www.apfelpatient.de\/wp-content\/uploads\/2020\/10\/apple_iphone-12_mag-safe-duo-charger_10132020.jpg","datePublished":"2020-12-02T03:02:19+00:00","dateModified":"2024-05-22T11:23:08+00:00","description":"The MagSafe Duo charger was introduced during the iPhone 12 keynote in October. The accessory can now be officially pre-ordered.","breadcrumb":{"@id":"https:\/\/www.apfelpatient.de\/news\/magsafe-duo-ladegeraet-ab-sofort-vorbestellbar#breadcrumb"},"inLanguage":"en-US","potentialAction":[{"@type":"ReadAction","target":["https:\/\/www.apfelpatient.de\/news\/magsafe-duo-ladegeraet-ab-sofort-vorbestellbar"]}]},{"@type":"ImageObject","inLanguage":"en-US","@id":"https:\/\/www.apfelpatient.de\/news\/magsafe-duo-ladegeraet-ab-sofort-vorbestellbar#primaryimage","url":"https:\/\/www.apfelpatient.de\/wp-content\/uploads\/2020\/10\/apple_iphone-12_mag-safe-duo-charger_10132020.jpg","contentUrl":"https:\/\/www.apfelpatient.de\/wp-content\/uploads\/2020\/10\/apple_iphone-12_mag-safe-duo-charger_10132020.jpg","width":1306,"height":734,"caption":"Bild: Apple"},{"@type":"BreadcrumbList","@id":"https:\/\/www.apfelpatient.de\/news\/magsafe-duo-ladegeraet-ab-sofort-vorbestellbar#breadcrumb","itemListElement":[{"@type":"ListItem","position":1,"name":"Startseite","item":"https:\/\/www.apfelpatient.de\/"},{"@type":"ListItem","position":2,"name":"MagSafe Duo Ladeger\u00e4t ab sofort vorbestellbar"}]},{"@type":"WebSite","@id":"https:\/\/www.apfelpatient.de\/#website","url":"https:\/\/www.apfelpatient.de\/","name":"apple patient","description":"Everything about Apple!","publisher":{"@type":"Organization","@id":"https:\/\/www.apfelpatient.de\/en\/#organization","name":"Apfelpatient","url":"https:\/\/www.apfelpatient.de\/en\/"},"alternateName":"Apfelpatient","potentialAction":[{"@type":"SearchAction","target":{"@type":"EntryPoint","urlTemplate":"https:\/\/www.apfelpatient.de\/?s={search_term_string}"},"query-input":{"@type":"PropertyValueSpecification","valueRequired":true,"valueName":"search_term_string"}}],"inLanguage":"en-US"},{"@type":["Person","Organization"],"@id":"https:\/\/www.apfelpatient.de\/#\/schema\/person\/7dc56ad6c8e9824b76d2c08d4c140e13","name":"Milan","logo":{"@id":"https:\/\/www.apfelpatient.de\/#\/schema\/person\/image\/"},"description":"Hello and welcome to my technology blog! As a big Apple fan, I report on everything to do with Apple: from the latest news and exciting rumors to helpful tips and tricks and detailed product tests. If you are as enthusiastic about technology as I am, you have come to the right place!","sameAs":["https:\/\/www.facebook.com\/apfelpatientOfficial","https:\/\/www.linkedin.com\/in\/milan-jovicic-42aa0231b"],"url":"https:\/\/www.apfelpatient.de\/en\/author\/apfeladmin"}]}},"_links":{"self":[{"href":"https:\/\/www.apfelpatient.de\/en\/wp-json\/wp\/v2\/posts\/17511","targetHints":{"allow":["GET"]}}],"collection":[{"href":"https:\/\/www.apfelpatient.de\/en\/wp-json\/wp\/v2\/posts"}],"about":[{"href":"https:\/\/www.apfelpatient.de\/en\/wp-json\/wp\/v2\/types\/post"}],"author":[{"embeddable":true,"href":"https:\/\/www.apfelpatient.de\/en\/wp-json\/wp\/v2\/users\/2"}],"replies":[{"embeddable":true,"href":"https:\/\/www.apfelpatient.de\/en\/wp-json\/wp\/v2\/comments?post=17511"}],"version-history":[{"count":0,"href":"https:\/\/www.apfelpatient.de\/en\/wp-json\/wp\/v2\/posts\/17511\/revisions"}],"wp:featuredmedia":[{"embeddable":true,"href":"https:\/\/www.apfelpatient.de\/en\/wp-json\/wp\/v2\/media\/16176"}],"wp:attachment":[{"href":"https:\/\/www.apfelpatient.de\/en\/wp-json\/wp\/v2\/media?parent=17511"}],"wp:term":[{"taxonomy":"category","embeddable":true,"href":"https:\/\/www.apfelpatient.de\/en\/wp-json\/wp\/v2\/categories?post=17511"},{"taxonomy":"post_tag","embeddable":true,"href":"https:\/\/www.apfelpatient.de\/en\/wp-json\/wp\/v2\/tags?post=17511"}],"curies":[{"name":"wp","href":"https:\/\/api.w.org\/{rel}","templated":true}]}}