{"id":17492,"date":"2020-12-01T18:29:00","date_gmt":"2020-12-01T17:29:00","guid":{"rendered":"https:\/\/www.apfelpatient.de\/?p=17492"},"modified":"2020-12-01T18:29:02","modified_gmt":"2020-12-01T17:29:02","slug":"first-imacs-with-5k-retina-display-land-on-vintage-list","status":"publish","type":"post","link":"https:\/\/www.apfelpatient.de\/en\/news\/erste-imacs-mit-5k-retina-display-landen-auf-vintage-liste","title":{"rendered":"First iMacs with 5K Retina Display land on vintage list"},"content":{"rendered":"<p class=\"has-drop-cap\"><strong>Apple updated the vintage list this week and added five iMac models, including two devices with 5K Retina displays.<\/strong><\/p>\n\n\n\n<p>Apple has updated its own vintage list and in the process <a href=\"https:\/\/support.apple.com\/en-us\/HT201624\" target=\"_blank\" rel=\"noreferrer noopener\">renamed<\/a>From now on, the company will refer to the area as &quot;Service for your Apple product after the warranty period has expired.&quot; The Vintage List includes devices that have not been sold for more than five but less than seven years, while the Discontinued Products List includes devices that were discontinued more than seven years ago. Devices on the Vintage List can still receive hardware service from Apple and certified service partners, subject to the availability of repair components and as required by law. However, hardware service is no longer available for discontinued products. The list has now been expanded to include five iMac models.\u00a0<\/p>\n\n\n\n<h3 class=\"wp-block-heading\" id=\"h-apple-f-gt-hinweis-f-r-iphone-oder-macbook-produkte-hinzu\">Apple adds notice for iPhone or MacBook products<\/h3>\n\n\n\n\n\n\n\n<ul class=\"wp-block-list\"><li>iMac (21.5-inch, late 2013)<\/li><li>iMac (27-inch, late 2013)<\/li><li>iMac (21.5 inches, mid 2014)<\/li><li>iMac (Retina 5K, 27-inch, late 2014)<\/li><li>iMac (Retina 5K, 27-inch, mid 2015)<\/li><\/ul>\n\n\n\n<p>Apple also added a notice that owners of new iPhone or MacBook products purchased in France after December 31, 2020 can obtain service and parts from Apple or Apple Authorized Service Providers for a period of seven years from the date the product model was last shipped by Apple for distribution in the country. <em>(Photo by Poravute Siriphiroon \/ Bigstockphoto)<\/em><\/p>\n\n\n\n<ul class=\"wp-block-list\"><li><a href=\"https:\/\/www.apfelpatient.de\/en\/news\/m1-mac-owners-complain-about-bluetooth-problems\">M1 Mac owners complain about Bluetooth problems<\/a><\/li><\/ul>\n\n\n\n<h6 class=\"wp-block-heading translation-block\" id=\"h-kennt-ihr-schon-unsere-amazon-storefront-dort-findet-ihr-eine-handverlesene-auswahl-von-diversen-produkten-f-r-euer-iphone-und-co-viel-spa-beim-st-bern\"><em>Have you already visited our Amazon Storefront? There you&#039;ll find a hand-picked selection of various products for your iPhone and other devices \u2013 <span class=\"has-inline-color has-vivid-red-color\"><a href=\"https:\/\/www.amazon.de\/shop\/apfelpatientofficial\" class=\"ek-link\" data-wpel-link=\"exclude\" rel=\"follow noopener\" target=\"_self\"><span style=\"text-decoration: underline\" class=\"ek-underline\">enjoy browsing<\/span><\/a> !<\/span><\/em><\/h6>\n\n\n\n<h6 class=\"wp-block-heading translation-block\" id=\"h-der-beitrag-enthalt-partnerlinks\">This post contains <a data-type=\"URL\" data-id=\"https:\/\/www.apfelpatient.de\/partnerprogramm\" href=\"https:\/\/www.apfelpatient.de\/en\/partner-program\" data-wpel-link=\"internal\" target=\"_self\">affiliate links<\/a>.<\/h6>","protected":false},"excerpt":{"rendered":"<p>Apple updated the vintage list this week and added five iMac models, including two devices with 5K Retina displays.<\/p>","protected":false},"author":2,"featured_media":17493,"comment_status":"closed","ping_status":"closed","sticky":false,"template":"","format":"standard","meta":{"jnews-multi-image_gallery":[],"jnews_single_post":{"subtitle":"","format":"standard","video":"","gallery":"","source_name":"","source_url":"","via_name":"","via_url":"","override":[{"single_blog_custom":"","sidebar":"","second_sidebar":"","share_position":"","share_float_style":"","post_date_format":"","post_date_format_custom":"","post_reading_time_wpm":"","zoom_button_out_step":"1","zoom_button_in_step":"1","number_popup_post":"1"}],"image_override":[{"single_post_thumbnail_size":"","single_post_gallery_size":""}],"trending_post_position":"","trending_post_label":"","sponsored_post_label":"","sponsored_post_name":"","sponsored_post_url":"","sponsored_post_logo":"","sponsored_post_desc":""},"jnews_primary_category":{"id":"9"},"footnotes":""},"categories":[9],"tags":[40,180],"class_list":["post-17492","post","type-post","status-publish","format-standard","has-post-thumbnail","hentry","category-news","tag-mac","tag-vintage"],"yoast_head":"<!-- This site is optimized with the Yoast SEO Premium plugin v27.5 (Yoast SEO v27.5) - https:\/\/yoast.com\/product\/yoast-seo-premium-wordpress\/ -->\n<title>Erste iMacs mit 5K-Retina Display landen auf Vintage-Liste Apfelpatient<\/title>\n<meta name=\"description\" content=\"Apple hat diese Woche die Vintage-Liste aktualisiert und f\u00fcnf iMac-Modelle hinzugef\u00fcgt, darunter zwei Ger\u00e4te mit 5K-Retina Display.\" \/>\n<meta name=\"robots\" content=\"index, follow, max-snippet:-1, max-image-preview:large, max-video-preview:-1\" \/>\n<link rel=\"canonical\" href=\"https:\/\/www.apfelpatient.de\/en\/news\/first-imacs-with-5k-retina-display-land-on-vintage-list\" \/>\n<meta property=\"og:locale\" content=\"en_US\" \/>\n<meta property=\"og:type\" content=\"article\" \/>\n<meta property=\"og:title\" content=\"Erste iMacs mit 5K-Retina Display landen auf Vintage-Liste\" \/>\n<meta property=\"og:description\" content=\"Apple hat diese Woche die Vintage-Liste aktualisiert und f\u00fcnf iMac-Modelle hinzugef\u00fcgt, darunter zwei Ger\u00e4te mit 5K-Retina Display.\" \/>\n<meta property=\"og:url\" content=\"https:\/\/www.apfelpatient.de\/en\/news\/first-imacs-with-5k-retina-display-land-on-vintage-list\" \/>\n<meta property=\"og:site_name\" content=\"Apfelpatient\" \/>\n<meta property=\"article:publisher\" content=\"https:\/\/www.facebook.com\/apfelpatientOfficial\" \/>\n<meta property=\"article:author\" content=\"https:\/\/www.facebook.com\/apfelpatientOfficial\" \/>\n<meta property=\"article:published_time\" content=\"2020-12-01T17:29:00+00:00\" \/>\n<meta property=\"article:modified_time\" content=\"2020-12-01T17:29:02+00:00\" \/>\n<meta property=\"og:image\" content=\"https:\/\/www.apfelpatient.de\/wp-content\/uploads\/2020\/12\/bigstock-Chiangrai-Thailand-September-261418936.jpg\" \/>\n\t<meta property=\"og:image:width\" content=\"1600\" \/>\n\t<meta property=\"og:image:height\" content=\"1200\" \/>\n\t<meta property=\"og:image:type\" content=\"image\/jpeg\" \/>\n<meta name=\"author\" content=\"Milan\" \/>\n<meta name=\"twitter:card\" content=\"summary_large_image\" \/>\n<meta name=\"twitter:description\" content=\"Apple hat diese Woche die Vintage-Liste aktualisiert und f\u00fcnf iMac-Modelle hinzugef\u00fcgt, darunter zwei Ger\u00e4te mit 5K-Retina Display.\" \/>\n<meta name=\"twitter:label1\" content=\"Written by\" \/>\n\t<meta name=\"twitter:data1\" content=\"Milan\" \/>\n\t<meta name=\"twitter:label2\" content=\"Est. reading time\" \/>\n\t<meta name=\"twitter:data2\" content=\"1 minute\" \/>\n<script type=\"application\/ld+json\" class=\"yoast-schema-graph\">{\"@context\":\"https:\\\/\\\/schema.org\",\"@graph\":[{\"@type\":\"NewsArticle\",\"@id\":\"https:\\\/\\\/www.apfelpatient.de\\\/news\\\/erste-imacs-mit-5k-retina-display-landen-auf-vintage-liste#article\",\"isPartOf\":{\"@id\":\"https:\\\/\\\/www.apfelpatient.de\\\/news\\\/erste-imacs-mit-5k-retina-display-landen-auf-vintage-liste\"},\"author\":{\"@type\":\"Organization\",\"@id\":\"https:\\\/\\\/www.apfelpatient.de\\\/en\\\/#organization\",\"name\":\"Apfelpatient\",\"url\":\"https:\\\/\\\/www.apfelpatient.de\\\/en\\\/\"},\"headline\":\"Erste iMacs mit 5K-Retina Display landen auf Vintage-Liste\",\"datePublished\":\"2020-12-01T17:29:00+00:00\",\"dateModified\":\"2020-12-01T17:29:02+00:00\",\"mainEntityOfPage\":{\"@id\":\"https:\\\/\\\/www.apfelpatient.de\\\/news\\\/erste-imacs-mit-5k-retina-display-landen-auf-vintage-liste\"},\"wordCount\":245,\"publisher\":{\"@type\":\"Organization\",\"@id\":\"https:\\\/\\\/www.apfelpatient.de\\\/en\\\/#organization\",\"name\":\"Apfelpatient\",\"url\":\"https:\\\/\\\/www.apfelpatient.de\\\/en\\\/\"},\"image\":{\"@id\":\"https:\\\/\\\/www.apfelpatient.de\\\/news\\\/erste-imacs-mit-5k-retina-display-landen-auf-vintage-liste#primaryimage\"},\"thumbnailUrl\":\"https:\\\/\\\/www.apfelpatient.de\\\/wp-content\\\/uploads\\\/2020\\\/12\\\/bigstock-Chiangrai-Thailand-September-261418936.jpg\",\"keywords\":[\"Mac\",\"Vintage\"],\"articleSection\":\"News\",\"inLanguage\":\"en-US\",\"copyrightYear\":\"2020\",\"copyrightHolder\":{\"@id\":\"https:\\\/\\\/www.apfelpatient.de\\\/en\\\/#organization\"}},{\"@type\":\"WebPage\",\"@id\":\"https:\\\/\\\/www.apfelpatient.de\\\/news\\\/erste-imacs-mit-5k-retina-display-landen-auf-vintage-liste\",\"url\":\"https:\\\/\\\/www.apfelpatient.de\\\/news\\\/erste-imacs-mit-5k-retina-display-landen-auf-vintage-liste\",\"name\":\"Erste iMacs mit 5K-Retina Display landen auf Vintage-Liste Apfelpatient\",\"isPartOf\":{\"@id\":\"https:\\\/\\\/www.apfelpatient.de\\\/#website\"},\"primaryImageOfPage\":{\"@id\":\"https:\\\/\\\/www.apfelpatient.de\\\/news\\\/erste-imacs-mit-5k-retina-display-landen-auf-vintage-liste#primaryimage\"},\"image\":{\"@id\":\"https:\\\/\\\/www.apfelpatient.de\\\/news\\\/erste-imacs-mit-5k-retina-display-landen-auf-vintage-liste#primaryimage\"},\"thumbnailUrl\":\"https:\\\/\\\/www.apfelpatient.de\\\/wp-content\\\/uploads\\\/2020\\\/12\\\/bigstock-Chiangrai-Thailand-September-261418936.jpg\",\"datePublished\":\"2020-12-01T17:29:00+00:00\",\"dateModified\":\"2020-12-01T17:29:02+00:00\",\"description\":\"Apple hat diese Woche die Vintage-Liste aktualisiert und f\u00fcnf iMac-Modelle hinzugef\u00fcgt, darunter zwei Ger\u00e4te mit 5K-Retina Display.\",\"breadcrumb\":{\"@id\":\"https:\\\/\\\/www.apfelpatient.de\\\/news\\\/erste-imacs-mit-5k-retina-display-landen-auf-vintage-liste#breadcrumb\"},\"inLanguage\":\"en-US\",\"potentialAction\":[{\"@type\":\"ReadAction\",\"target\":[\"https:\\\/\\\/www.apfelpatient.de\\\/news\\\/erste-imacs-mit-5k-retina-display-landen-auf-vintage-liste\"]}]},{\"@type\":\"ImageObject\",\"inLanguage\":\"en-US\",\"@id\":\"https:\\\/\\\/www.apfelpatient.de\\\/news\\\/erste-imacs-mit-5k-retina-display-landen-auf-vintage-liste#primaryimage\",\"url\":\"https:\\\/\\\/www.apfelpatient.de\\\/wp-content\\\/uploads\\\/2020\\\/12\\\/bigstock-Chiangrai-Thailand-September-261418936.jpg\",\"contentUrl\":\"https:\\\/\\\/www.apfelpatient.de\\\/wp-content\\\/uploads\\\/2020\\\/12\\\/bigstock-Chiangrai-Thailand-September-261418936.jpg\",\"width\":1600,\"height\":1200,\"caption\":\"Chiangrai, Thailand: September 19, 2017 - The disassembled Apple iMac computer body cover to make repairs or replace new parts in service shop\"},{\"@type\":\"BreadcrumbList\",\"@id\":\"https:\\\/\\\/www.apfelpatient.de\\\/news\\\/erste-imacs-mit-5k-retina-display-landen-auf-vintage-liste#breadcrumb\",\"itemListElement\":[{\"@type\":\"ListItem\",\"position\":1,\"name\":\"Startseite\",\"item\":\"https:\\\/\\\/www.apfelpatient.de\\\/\"},{\"@type\":\"ListItem\",\"position\":2,\"name\":\"Erste iMacs mit 5K-Retina Display landen auf Vintage-Liste\"}]},{\"@type\":\"WebSite\",\"@id\":\"https:\\\/\\\/www.apfelpatient.de\\\/#website\",\"url\":\"https:\\\/\\\/www.apfelpatient.de\\\/\",\"name\":\"Apfelpatient\",\"description\":\"Alles rund um Apple!\",\"publisher\":{\"@type\":\"Organization\",\"@id\":\"https:\\\/\\\/www.apfelpatient.de\\\/en\\\/#organization\",\"name\":\"Apfelpatient\",\"url\":\"https:\\\/\\\/www.apfelpatient.de\\\/en\\\/\"},\"alternateName\":\"Apfelpatient\",\"potentialAction\":[{\"@type\":\"SearchAction\",\"target\":{\"@type\":\"EntryPoint\",\"urlTemplate\":\"https:\\\/\\\/www.apfelpatient.de\\\/?s={search_term_string}\"},\"query-input\":{\"@type\":\"PropertyValueSpecification\",\"valueRequired\":true,\"valueName\":\"search_term_string\"}}],\"inLanguage\":\"en-US\"},{\"@type\":[\"Person\",\"Organization\"],\"@id\":\"https:\\\/\\\/www.apfelpatient.de\\\/#\\\/schema\\\/person\\\/35b3ddba5832f2bfc7fff5206d4f6b7b\",\"name\":\"Milan\",\"logo\":{\"@id\":\"https:\\\/\\\/www.apfelpatient.de\\\/#\\\/schema\\\/person\\\/image\\\/\"},\"description\":\"Hallo und herzlich willkommen auf meinem Technik-Blog! Als gro\u00dfer Apple-Fan berichte ich hier \u00fcber alles, was mit Apple zu tun hat: von den neuesten News und spannenden Ger\u00fcchten \u00fcber hilfreiche Tipps und Tricks bis hin zu ausf\u00fchrlichen Produkttests. Wenn du genauso technikbegeistert bist wie ich, bist du hier genau richtig!\",\"sameAs\":[\"https:\\\/\\\/www.facebook.com\\\/apfelpatientOfficial\",\"https:\\\/\\\/www.linkedin.com\\\/in\\\/milan-jovicic-42aa0231b\"],\"url\":\"https:\\\/\\\/www.apfelpatient.de\\\/en\\\/author\\\/apfeladmin\"}]}<\/script>\n<!-- \/ Yoast SEO Premium plugin. -->","yoast_head_json":{"title":"First iMacs with 5K Retina Display land on vintage list Apfelpatient","description":"Apple updated the vintage list this week and added five iMac models, including two devices with 5K Retina displays.","robots":{"index":"index","follow":"follow","max-snippet":"max-snippet:-1","max-image-preview":"max-image-preview:large","max-video-preview":"max-video-preview:-1"},"canonical":"https:\/\/www.apfelpatient.de\/en\/news\/first-imacs-with-5k-retina-display-land-on-vintage-list","og_locale":"en_US","og_type":"article","og_title":"Erste iMacs mit 5K-Retina Display landen auf Vintage-Liste","og_description":"Apple hat diese Woche die Vintage-Liste aktualisiert und f\u00fcnf iMac-Modelle hinzugef\u00fcgt, darunter zwei Ger\u00e4te mit 5K-Retina Display.","og_url":"https:\/\/www.apfelpatient.de\/en\/news\/first-imacs-with-5k-retina-display-land-on-vintage-list","og_site_name":"Apfelpatient","article_publisher":"https:\/\/www.facebook.com\/apfelpatientOfficial","article_author":"https:\/\/www.facebook.com\/apfelpatientOfficial","article_published_time":"2020-12-01T17:29:00+00:00","article_modified_time":"2020-12-01T17:29:02+00:00","og_image":[{"width":1600,"height":1200,"url":"https:\/\/www.apfelpatient.de\/wp-content\/uploads\/2020\/12\/bigstock-Chiangrai-Thailand-September-261418936.jpg","type":"image\/jpeg"}],"author":"Milan","twitter_card":"summary_large_image","twitter_description":"Apple hat diese Woche die Vintage-Liste aktualisiert und f\u00fcnf iMac-Modelle hinzugef\u00fcgt, darunter zwei Ger\u00e4te mit 5K-Retina Display.","twitter_misc":{"Written by":"Milan","Est. reading time":"1 minute"},"schema":{"@context":"https:\/\/schema.org","@graph":[{"@type":"NewsArticle","@id":"https:\/\/www.apfelpatient.de\/news\/erste-imacs-mit-5k-retina-display-landen-auf-vintage-liste#article","isPartOf":{"@id":"https:\/\/www.apfelpatient.de\/news\/erste-imacs-mit-5k-retina-display-landen-auf-vintage-liste"},"author":{"@type":"Organization","@id":"https:\/\/www.apfelpatient.de\/en\/#organization","name":"Apfelpatient","url":"https:\/\/www.apfelpatient.de\/en\/"},"headline":"Erste iMacs mit 5K-Retina Display landen auf Vintage-Liste","datePublished":"2020-12-01T17:29:00+00:00","dateModified":"2020-12-01T17:29:02+00:00","mainEntityOfPage":{"@id":"https:\/\/www.apfelpatient.de\/news\/erste-imacs-mit-5k-retina-display-landen-auf-vintage-liste"},"wordCount":245,"publisher":{"@type":"Organization","@id":"https:\/\/www.apfelpatient.de\/en\/#organization","name":"Apfelpatient","url":"https:\/\/www.apfelpatient.de\/en\/"},"image":{"@id":"https:\/\/www.apfelpatient.de\/news\/erste-imacs-mit-5k-retina-display-landen-auf-vintage-liste#primaryimage"},"thumbnailUrl":"https:\/\/www.apfelpatient.de\/wp-content\/uploads\/2020\/12\/bigstock-Chiangrai-Thailand-September-261418936.jpg","keywords":["Mac","Vintage"],"articleSection":"News","inLanguage":"en-US","copyrightYear":"2020","copyrightHolder":{"@id":"https:\/\/www.apfelpatient.de\/en\/#organization"}},{"@type":"WebPage","@id":"https:\/\/www.apfelpatient.de\/news\/erste-imacs-mit-5k-retina-display-landen-auf-vintage-liste","url":"https:\/\/www.apfelpatient.de\/news\/erste-imacs-mit-5k-retina-display-landen-auf-vintage-liste","name":"First iMacs with 5K Retina Display land on vintage list Apfelpatient","isPartOf":{"@id":"https:\/\/www.apfelpatient.de\/#website"},"primaryImageOfPage":{"@id":"https:\/\/www.apfelpatient.de\/news\/erste-imacs-mit-5k-retina-display-landen-auf-vintage-liste#primaryimage"},"image":{"@id":"https:\/\/www.apfelpatient.de\/news\/erste-imacs-mit-5k-retina-display-landen-auf-vintage-liste#primaryimage"},"thumbnailUrl":"https:\/\/www.apfelpatient.de\/wp-content\/uploads\/2020\/12\/bigstock-Chiangrai-Thailand-September-261418936.jpg","datePublished":"2020-12-01T17:29:00+00:00","dateModified":"2020-12-01T17:29:02+00:00","description":"Apple updated the vintage list this week and added five iMac models, including two devices with 5K Retina displays.","breadcrumb":{"@id":"https:\/\/www.apfelpatient.de\/news\/erste-imacs-mit-5k-retina-display-landen-auf-vintage-liste#breadcrumb"},"inLanguage":"en-US","potentialAction":[{"@type":"ReadAction","target":["https:\/\/www.apfelpatient.de\/news\/erste-imacs-mit-5k-retina-display-landen-auf-vintage-liste"]}]},{"@type":"ImageObject","inLanguage":"en-US","@id":"https:\/\/www.apfelpatient.de\/news\/erste-imacs-mit-5k-retina-display-landen-auf-vintage-liste#primaryimage","url":"https:\/\/www.apfelpatient.de\/wp-content\/uploads\/2020\/12\/bigstock-Chiangrai-Thailand-September-261418936.jpg","contentUrl":"https:\/\/www.apfelpatient.de\/wp-content\/uploads\/2020\/12\/bigstock-Chiangrai-Thailand-September-261418936.jpg","width":1600,"height":1200,"caption":"Chiangrai, Thailand: September 19, 2017 - The disassembled Apple iMac computer body cover to make repairs or replace new parts in service shop"},{"@type":"BreadcrumbList","@id":"https:\/\/www.apfelpatient.de\/news\/erste-imacs-mit-5k-retina-display-landen-auf-vintage-liste#breadcrumb","itemListElement":[{"@type":"ListItem","position":1,"name":"Startseite","item":"https:\/\/www.apfelpatient.de\/"},{"@type":"ListItem","position":2,"name":"Erste iMacs mit 5K-Retina Display landen auf Vintage-Liste"}]},{"@type":"WebSite","@id":"https:\/\/www.apfelpatient.de\/#website","url":"https:\/\/www.apfelpatient.de\/","name":"apple patient","description":"Everything about Apple!","publisher":{"@type":"Organization","@id":"https:\/\/www.apfelpatient.de\/en\/#organization","name":"Apfelpatient","url":"https:\/\/www.apfelpatient.de\/en\/"},"alternateName":"Apfelpatient","potentialAction":[{"@type":"SearchAction","target":{"@type":"EntryPoint","urlTemplate":"https:\/\/www.apfelpatient.de\/?s={search_term_string}"},"query-input":{"@type":"PropertyValueSpecification","valueRequired":true,"valueName":"search_term_string"}}],"inLanguage":"en-US"},{"@type":["Person","Organization"],"@id":"https:\/\/www.apfelpatient.de\/#\/schema\/person\/35b3ddba5832f2bfc7fff5206d4f6b7b","name":"Milan","logo":{"@id":"https:\/\/www.apfelpatient.de\/#\/schema\/person\/image\/"},"description":"Hello and welcome to my technology blog! As a big Apple fan, I report on everything to do with Apple: from the latest news and exciting rumors to helpful tips and tricks and detailed product tests. If you are as enthusiastic about technology as I am, you have come to the right place!","sameAs":["https:\/\/www.facebook.com\/apfelpatientOfficial","https:\/\/www.linkedin.com\/in\/milan-jovicic-42aa0231b"],"url":"https:\/\/www.apfelpatient.de\/en\/author\/apfeladmin"}]}},"_links":{"self":[{"href":"https:\/\/www.apfelpatient.de\/en\/wp-json\/wp\/v2\/posts\/17492","targetHints":{"allow":["GET"]}}],"collection":[{"href":"https:\/\/www.apfelpatient.de\/en\/wp-json\/wp\/v2\/posts"}],"about":[{"href":"https:\/\/www.apfelpatient.de\/en\/wp-json\/wp\/v2\/types\/post"}],"author":[{"embeddable":true,"href":"https:\/\/www.apfelpatient.de\/en\/wp-json\/wp\/v2\/users\/2"}],"replies":[{"embeddable":true,"href":"https:\/\/www.apfelpatient.de\/en\/wp-json\/wp\/v2\/comments?post=17492"}],"version-history":[{"count":0,"href":"https:\/\/www.apfelpatient.de\/en\/wp-json\/wp\/v2\/posts\/17492\/revisions"}],"wp:featuredmedia":[{"embeddable":true,"href":"https:\/\/www.apfelpatient.de\/en\/wp-json\/wp\/v2\/media\/17493"}],"wp:attachment":[{"href":"https:\/\/www.apfelpatient.de\/en\/wp-json\/wp\/v2\/media?parent=17492"}],"wp:term":[{"taxonomy":"category","embeddable":true,"href":"https:\/\/www.apfelpatient.de\/en\/wp-json\/wp\/v2\/categories?post=17492"},{"taxonomy":"post_tag","embeddable":true,"href":"https:\/\/www.apfelpatient.de\/en\/wp-json\/wp\/v2\/tags?post=17492"}],"curies":[{"name":"wp","href":"https:\/\/api.w.org\/{rel}","templated":true}]}}