{"id":17479,"date":"2020-12-01T17:47:42","date_gmt":"2020-12-01T16:47:42","guid":{"rendered":"https:\/\/www.apfelpatient.de\/?p=17479"},"modified":"2021-07-01T15:26:24","modified_gmt":"2021-07-01T13:26:24","slug":"world-aids-day-apple-expands-partnership-with-red","status":"publish","type":"post","link":"https:\/\/www.apfelpatient.de\/en\/news\/welt-aids-tag-apple-baut-partnerschaft-mit-red-aus","title":{"rendered":"World AIDS Day: Apple expands partnership with (RED)"},"content":{"rendered":"<p class=\"has-drop-cap\"><strong>Today, on World AIDS Day, Apple announced an expanded partnership with (RED) to fight HIV\/AIDS in Africa while protecting these communities from COVID-19.<\/strong><\/p>\n\n\n\n<p>Apple said in a new press release that the company will direct 100 percent of eligible proceeds from (PRODUCT)RED purchases to the Global Fund\u2019s COVID-19 response to help provide services and treatment to some of the world\u2019s most vulnerable communities. <a href=\"https:\/\/www.apple.com\/newsroom\/2020\/12\/apple-expands-partnership-with-red-to-combat-hiv-aids-and-covid-19\/\" target=\"_blank\" rel=\"noreferrer noopener\">is called<\/a> it in the announcement:<\/p>\n\n\n\n<h3 class=\"wp-block-heading\" id=\"h-covid-19-hat-zu-problemen-beim-zugang-zu-pflege-diagnostik-und-versorgung-gef-hrt\">\u201cCOVID-19 has led to problems in access to care, diagnostics and supplies\u201d<\/h3>\n\n\n\n\n\n\n\n<blockquote class=\"wp-block-quote is-layout-flow wp-block-quote-is-layout-flow\"><p>In 2006, Apple joined (RED) in the mission to end the HIV\/AIDS epidemic in sub-Saharan Africa. Over the past 14 years, Apple&#039;s partnership with (RED) has resulted in nearly $250 million in donations to the Global Fund&#039;s HIV\/AIDS programs that provide prevention, testing and counseling services. Since 2006, Apple-supported grants have provided care and support services to more than 10.8 million people, helped distribute more than 167 million HIV tests, and provided ongoing access to life-saving antiretroviral (ARV) treatment for 13.8 million people. This year, communities around the world are grappling with HIV\/AIDS as they also work to respond to and protect against COVID-19, especially for vulnerable populations. COVID-19 has created challenges in access to care, diagnostics and supplies, often disrupting critical HIV\/AIDS programs. To mitigate these challenges and ensure continuity of life-saving HIV\/AIDS services, Apple&#039;s contributions were redirected to the Global Fund&#039;s COVID-19 response at the onset of the pandemic earlier this year. Thanks in part to support from Apple and Apple customers, the Global Fund&#039;s COVID-19 response has been able to mitigate the impact of COVID-19 on communities most affected by HIV\/AIDS and provide critical support to health systems threatened by the COVID-19 outbreak.<\/p><\/blockquote>\n\n\n\n<figure class=\"wp-block-image size-large\"><img decoding=\"async\" width=\"1024\" height=\"617\" src=\"https:\/\/www.apfelpatient.de\/wp-content\/uploads\/2020\/12\/apple_world-aids-day-2020_apple-supported-grants_12012020-1024x617.jpg\" alt=\"World AIDS Day\" class=\"wp-image-17481\" srcset=\"https:\/\/www.apfelpatient.de\/wp-content\/uploads\/2020\/12\/apple_world-aids-day-2020_apple-supported-grants_12012020-1024x617.jpg 1024w, https:\/\/www.apfelpatient.de\/wp-content\/uploads\/2020\/12\/apple_world-aids-day-2020_apple-supported-grants_12012020-300x181.jpg 300w, https:\/\/www.apfelpatient.de\/wp-content\/uploads\/2020\/12\/apple_world-aids-day-2020_apple-supported-grants_12012020-768x463.jpg 768w, https:\/\/www.apfelpatient.de\/wp-content\/uploads\/2020\/12\/apple_world-aids-day-2020_apple-supported-grants_12012020-1536x926.jpg 1536w, https:\/\/www.apfelpatient.de\/wp-content\/uploads\/2020\/12\/apple_world-aids-day-2020_apple-supported-grants_12012020-750x452.jpg 750w, https:\/\/www.apfelpatient.de\/wp-content\/uploads\/2020\/12\/apple_world-aids-day-2020_apple-supported-grants_12012020-1140x687.jpg 1140w, https:\/\/www.apfelpatient.de\/wp-content\/uploads\/2020\/12\/apple_world-aids-day-2020_apple-supported-grants_12012020.jpg 1960w\" sizes=\"(max-width: 1024px) 100vw, 1024px\" \/><figcaption>Image: Apple<\/figcaption><\/figure>\n\n\n\n<h3 class=\"wp-block-heading\" id=\"h-apple-pay-aktion-l-uft-bis-07-dezember\">Apple Pay promotion runs until December 7th<\/h3>\n\n\n\n<p>Apple now offers a wide range of new (PRODUCT)RED devices and accessories, including iPhone 12 (PRODUCT)RED, iPhone 12 mini (PRODUCT)RED, and Apple Watch Series 6 (PRODUCT)RED. Through June 30, 2021, Apple says it will donate all eligible proceeds from these purchases to the Global Fund&#039;s COVID-19 response. In addition, through December 7, Apple will donate $1 for every purchase made with Apple Pay on apple.com, in the Apple Store app, or at an Apple Store. To raise awareness of World AIDS Day and ongoing efforts to eradicate HIV\/AIDS, hundreds of Apple Stores are marking the day with red logos or window displays.<\/p>\n\n\n\n<h3 class=\"wp-block-heading\" id=\"h-welt-aids-tag-ein-blick-in-die-apple-tv-app-lohnt-sich\">World AIDS Day: It&#039;s worth taking a look at the Apple TV app<\/h3>\n\n\n\n<p>Meanwhile, on Apple Music, subscribers can hear the debut of Nigerian musician LADIPOE&#039;s &quot;Jaiye&quot; (&quot;Time of Our Lives&quot;), re-mastered by DJ Sigag and Aluna - the first single from &quot;DANCE (RED) SAVE LIVES Vol. III.&quot; Users can also listen to the interview with LADIPOE, Aluna and Don Jazzy on the Ebro show on Apple Music 1 or hear curated music and more in a special Apple Music feature. On the Apple TV app, Apple is also offering a World AIDS Day collection in the Watch Now tab, which focuses on stories that highlight the human cost of the HIV\/AIDS epidemic.<\/p>\n\n\n\n<figure class=\"wp-block-image size-large\"><img decoding=\"async\" width=\"1024\" height=\"768\" src=\"https:\/\/www.apfelpatient.de\/wp-content\/uploads\/2020\/12\/apple_world-aids-day-2020_apple-tv_12012020-1024x768.jpg\" alt=\"World AIDS Day\" class=\"wp-image-17482\" srcset=\"https:\/\/www.apfelpatient.de\/wp-content\/uploads\/2020\/12\/apple_world-aids-day-2020_apple-tv_12012020-1024x768.jpg 1024w, https:\/\/www.apfelpatient.de\/wp-content\/uploads\/2020\/12\/apple_world-aids-day-2020_apple-tv_12012020-300x225.jpg 300w, https:\/\/www.apfelpatient.de\/wp-content\/uploads\/2020\/12\/apple_world-aids-day-2020_apple-tv_12012020-768x576.jpg 768w, https:\/\/www.apfelpatient.de\/wp-content\/uploads\/2020\/12\/apple_world-aids-day-2020_apple-tv_12012020-1536x1152.jpg 1536w, https:\/\/www.apfelpatient.de\/wp-content\/uploads\/2020\/12\/apple_world-aids-day-2020_apple-tv_12012020-750x563.jpg 750w, https:\/\/www.apfelpatient.de\/wp-content\/uploads\/2020\/12\/apple_world-aids-day-2020_apple-tv_12012020-1140x855.jpg 1140w, https:\/\/www.apfelpatient.de\/wp-content\/uploads\/2020\/12\/apple_world-aids-day-2020_apple-tv_12012020.jpg 2000w\" sizes=\"(max-width: 1024px) 100vw, 1024px\" \/><figcaption>Image: Apple<\/figcaption><\/figure>\n\n\n\n<p>Elsewhere, the App Store highlights Medisafe (MediSafe), an app that helps users manage their medications, and OkaySo (Tincan Labs), which provides an anonymous place where people can ask sensitive health questions and get answers from experts. (Image: Apple)<\/p>\n\n\n\n<ul class=\"wp-block-list\"><li><a href=\"https:\/\/www.apfelpatient.de\/en\/news\/right-to-repair-eu-parliament-votes-for-support\">Right to repair: EU Parliament votes for support<\/a><\/li><\/ul>\n\n\n\n<h6 class=\"wp-block-heading translation-block\" id=\"h-kennt-ihr-schon-unsere-amazon-storefront-dort-findet-ihr-eine-handverlesene-auswahl-von-diversen-produkten-f-r-euer-iphone-und-co-viel-spa-beim-st-bern\"><em>Have you already visited our Amazon Storefront? There you&#039;ll find a hand-picked selection of various products for your iPhone and other devices \u2013 <span class=\"has-inline-color has-vivid-red-color\"><a href=\"https:\/\/www.amazon.de\/shop\/apfelpatientofficial\" class=\"ek-link\" data-wpel-link=\"exclude\" rel=\"follow noopener\" target=\"_self\"><span style=\"text-decoration: underline\" class=\"ek-underline\">enjoy browsing<\/span><\/a> !<\/span><\/em><\/h6>\n\n\n\n<h6 class=\"wp-block-heading translation-block\" id=\"h-der-beitrag-enthalt-partnerlinks\">This post contains <a data-type=\"URL\" data-id=\"https:\/\/www.apfelpatient.de\/partnerprogramm\" href=\"https:\/\/www.apfelpatient.de\/en\/partner-program\" data-wpel-link=\"internal\" target=\"_self\">affiliate links<\/a>.<\/h6>\n\n\n\n<p><\/p>","protected":false},"excerpt":{"rendered":"<p>Today, on World AIDS Day, Apple announced an expanded partnership with (RED) to combat HIV\/AIDS and COVID-19.<\/p>","protected":false},"author":2,"featured_media":17483,"comment_status":"closed","ping_status":"closed","sticky":false,"template":"","format":"standard","meta":{"jnews-multi-image_gallery":[],"jnews_single_post":{"subtitle":"","format":"standard","video":"","gallery":"","source_name":"","source_url":"","via_name":"","via_url":"","override":[{"single_blog_custom":"","sidebar":"","second_sidebar":"","share_position":"","share_float_style":"","post_date_format":"","post_date_format_custom":"","post_reading_time_wpm":"","zoom_button_out_step":"1","zoom_button_in_step":"1","number_popup_post":"1"}],"image_override":[{"single_post_thumbnail_size":"","single_post_gallery_size":""}],"trending_post_position":"","trending_post_label":"","sponsored_post_label":"","sponsored_post_name":"","sponsored_post_url":"","sponsored_post_logo":"","sponsored_post_desc":""},"jnews_primary_category":{"id":""},"footnotes":""},"categories":[9],"tags":[34,13],"class_list":["post-17479","post","type-post","status-publish","format-standard","has-post-thumbnail","hentry","category-news","tag-apple-dienste","tag-techpatient"],"yoast_head":"<!-- This site is optimized with the Yoast SEO Premium plugin v27.5 (Yoast SEO v27.5) - https:\/\/yoast.com\/product\/yoast-seo-premium-wordpress\/ -->\n<title>Welt AIDS Tag: Apple baut Partnerschaft mit (RED) aus Apfelpatient<\/title>\n<meta name=\"description\" content=\"Am heutigen Welt-AIDS-Tag hat Apple eine erweiterte Partnerschaft mit (RED) angek\u00fcndigt, um HIV\/AIDS und COVID-19 zu bel\u00e4mpfen.\" \/>\n<meta name=\"robots\" content=\"index, follow, max-snippet:-1, max-image-preview:large, max-video-preview:-1\" \/>\n<link rel=\"canonical\" href=\"https:\/\/www.apfelpatient.de\/en\/news\/world-aids-day-apple-expands-partnership-with-red\" \/>\n<meta property=\"og:locale\" content=\"en_US\" \/>\n<meta property=\"og:type\" content=\"article\" \/>\n<meta property=\"og:title\" content=\"Welt AIDS Tag: Apple baut Partnerschaft mit (RED) aus\" \/>\n<meta property=\"og:description\" content=\"Am heutigen Welt-AIDS-Tag hat Apple eine erweiterte Partnerschaft mit (RED) angek\u00fcndigt, um HIV\/AIDS und COVID-19 zu bel\u00e4mpfen.\" \/>\n<meta property=\"og:url\" content=\"https:\/\/www.apfelpatient.de\/en\/news\/world-aids-day-apple-expands-partnership-with-red\" \/>\n<meta property=\"og:site_name\" content=\"Apfelpatient\" \/>\n<meta property=\"article:publisher\" content=\"https:\/\/www.facebook.com\/apfelpatientOfficial\" \/>\n<meta property=\"article:author\" content=\"https:\/\/www.facebook.com\/apfelpatientOfficial\" \/>\n<meta property=\"article:published_time\" content=\"2020-12-01T16:47:42+00:00\" \/>\n<meta property=\"article:modified_time\" content=\"2021-07-01T13:26:24+00:00\" \/>\n<meta property=\"og:image\" content=\"https:\/\/www.apfelpatient.de\/wp-content\/uploads\/2020\/12\/apple_world-aids-day-2020_hero_12012020.jpg\" \/>\n\t<meta property=\"og:image:width\" content=\"2044\" \/>\n\t<meta property=\"og:image:height\" content=\"1150\" \/>\n\t<meta property=\"og:image:type\" content=\"image\/jpeg\" \/>\n<meta name=\"author\" content=\"Milan\" \/>\n<meta name=\"twitter:card\" content=\"summary_large_image\" \/>\n<meta name=\"twitter:description\" content=\"Am heutigen Welt-AIDS-Tag hat Apple eine erweiterte Partnerschaft mit (RED) angek\u00fcndigt, um HIV\/AIDS und COVID-19 zu bel\u00e4mpfen.\" \/>\n<meta name=\"twitter:label1\" content=\"Written by\" \/>\n\t<meta name=\"twitter:data1\" content=\"Milan\" \/>\n\t<meta name=\"twitter:label2\" content=\"Est. reading time\" \/>\n\t<meta name=\"twitter:data2\" content=\"3 minutes\" \/>\n<script type=\"application\/ld+json\" class=\"yoast-schema-graph\">{\"@context\":\"https:\\\/\\\/schema.org\",\"@graph\":[{\"@type\":\"NewsArticle\",\"@id\":\"https:\\\/\\\/www.apfelpatient.de\\\/news\\\/welt-aids-tag-apple-baut-partnerschaft-mit-red-aus#article\",\"isPartOf\":{\"@id\":\"https:\\\/\\\/www.apfelpatient.de\\\/news\\\/welt-aids-tag-apple-baut-partnerschaft-mit-red-aus\"},\"author\":{\"@type\":\"Organization\",\"@id\":\"https:\\\/\\\/www.apfelpatient.de\\\/en\\\/#organization\",\"name\":\"Apfelpatient\",\"url\":\"https:\\\/\\\/www.apfelpatient.de\\\/en\\\/\"},\"headline\":\"Welt AIDS Tag: Apple baut Partnerschaft mit (RED) aus\",\"datePublished\":\"2020-12-01T16:47:42+00:00\",\"dateModified\":\"2021-07-01T13:26:24+00:00\",\"mainEntityOfPage\":{\"@id\":\"https:\\\/\\\/www.apfelpatient.de\\\/news\\\/welt-aids-tag-apple-baut-partnerschaft-mit-red-aus\"},\"wordCount\":641,\"publisher\":{\"@type\":\"Organization\",\"@id\":\"https:\\\/\\\/www.apfelpatient.de\\\/en\\\/#organization\",\"name\":\"Apfelpatient\",\"url\":\"https:\\\/\\\/www.apfelpatient.de\\\/en\\\/\"},\"image\":{\"@id\":\"https:\\\/\\\/www.apfelpatient.de\\\/news\\\/welt-aids-tag-apple-baut-partnerschaft-mit-red-aus#primaryimage\"},\"thumbnailUrl\":\"https:\\\/\\\/www.apfelpatient.de\\\/wp-content\\\/uploads\\\/2020\\\/12\\\/apple_world-aids-day-2020_hero_12012020.jpg\",\"keywords\":[\"Apple Dienste\",\"TechPatient\"],\"articleSection\":\"News\",\"inLanguage\":\"en-US\",\"copyrightYear\":\"2020\",\"copyrightHolder\":{\"@id\":\"https:\\\/\\\/www.apfelpatient.de\\\/en\\\/#organization\"}},{\"@type\":\"WebPage\",\"@id\":\"https:\\\/\\\/www.apfelpatient.de\\\/news\\\/welt-aids-tag-apple-baut-partnerschaft-mit-red-aus\",\"url\":\"https:\\\/\\\/www.apfelpatient.de\\\/news\\\/welt-aids-tag-apple-baut-partnerschaft-mit-red-aus\",\"name\":\"Welt AIDS Tag: Apple baut Partnerschaft mit (RED) aus Apfelpatient\",\"isPartOf\":{\"@id\":\"https:\\\/\\\/www.apfelpatient.de\\\/#website\"},\"primaryImageOfPage\":{\"@id\":\"https:\\\/\\\/www.apfelpatient.de\\\/news\\\/welt-aids-tag-apple-baut-partnerschaft-mit-red-aus#primaryimage\"},\"image\":{\"@id\":\"https:\\\/\\\/www.apfelpatient.de\\\/news\\\/welt-aids-tag-apple-baut-partnerschaft-mit-red-aus#primaryimage\"},\"thumbnailUrl\":\"https:\\\/\\\/www.apfelpatient.de\\\/wp-content\\\/uploads\\\/2020\\\/12\\\/apple_world-aids-day-2020_hero_12012020.jpg\",\"datePublished\":\"2020-12-01T16:47:42+00:00\",\"dateModified\":\"2021-07-01T13:26:24+00:00\",\"description\":\"Am heutigen Welt-AIDS-Tag hat Apple eine erweiterte Partnerschaft mit (RED) angek\u00fcndigt, um HIV\\\/AIDS und COVID-19 zu bel\u00e4mpfen.\",\"breadcrumb\":{\"@id\":\"https:\\\/\\\/www.apfelpatient.de\\\/news\\\/welt-aids-tag-apple-baut-partnerschaft-mit-red-aus#breadcrumb\"},\"inLanguage\":\"en-US\",\"potentialAction\":[{\"@type\":\"ReadAction\",\"target\":[\"https:\\\/\\\/www.apfelpatient.de\\\/news\\\/welt-aids-tag-apple-baut-partnerschaft-mit-red-aus\"]}]},{\"@type\":\"ImageObject\",\"inLanguage\":\"en-US\",\"@id\":\"https:\\\/\\\/www.apfelpatient.de\\\/news\\\/welt-aids-tag-apple-baut-partnerschaft-mit-red-aus#primaryimage\",\"url\":\"https:\\\/\\\/www.apfelpatient.de\\\/wp-content\\\/uploads\\\/2020\\\/12\\\/apple_world-aids-day-2020_hero_12012020.jpg\",\"contentUrl\":\"https:\\\/\\\/www.apfelpatient.de\\\/wp-content\\\/uploads\\\/2020\\\/12\\\/apple_world-aids-day-2020_hero_12012020.jpg\",\"width\":2044,\"height\":1150,\"caption\":\"Bild: Apple\"},{\"@type\":\"BreadcrumbList\",\"@id\":\"https:\\\/\\\/www.apfelpatient.de\\\/news\\\/welt-aids-tag-apple-baut-partnerschaft-mit-red-aus#breadcrumb\",\"itemListElement\":[{\"@type\":\"ListItem\",\"position\":1,\"name\":\"Startseite\",\"item\":\"https:\\\/\\\/www.apfelpatient.de\\\/\"},{\"@type\":\"ListItem\",\"position\":2,\"name\":\"Welt AIDS Tag: Apple baut Partnerschaft mit (RED) aus\"}]},{\"@type\":\"WebSite\",\"@id\":\"https:\\\/\\\/www.apfelpatient.de\\\/#website\",\"url\":\"https:\\\/\\\/www.apfelpatient.de\\\/\",\"name\":\"Apfelpatient\",\"description\":\"Alles rund um Apple!\",\"publisher\":{\"@type\":\"Organization\",\"@id\":\"https:\\\/\\\/www.apfelpatient.de\\\/en\\\/#organization\",\"name\":\"Apfelpatient\",\"url\":\"https:\\\/\\\/www.apfelpatient.de\\\/en\\\/\"},\"alternateName\":\"Apfelpatient\",\"potentialAction\":[{\"@type\":\"SearchAction\",\"target\":{\"@type\":\"EntryPoint\",\"urlTemplate\":\"https:\\\/\\\/www.apfelpatient.de\\\/?s={search_term_string}\"},\"query-input\":{\"@type\":\"PropertyValueSpecification\",\"valueRequired\":true,\"valueName\":\"search_term_string\"}}],\"inLanguage\":\"en-US\"},{\"@type\":[\"Person\",\"Organization\"],\"@id\":\"https:\\\/\\\/www.apfelpatient.de\\\/#\\\/schema\\\/person\\\/35b3ddba5832f2bfc7fff5206d4f6b7b\",\"name\":\"Milan\",\"logo\":{\"@id\":\"https:\\\/\\\/www.apfelpatient.de\\\/#\\\/schema\\\/person\\\/image\\\/\"},\"description\":\"Hallo und herzlich willkommen auf meinem Technik-Blog! Als gro\u00dfer Apple-Fan berichte ich hier \u00fcber alles, was mit Apple zu tun hat: von den neuesten News und spannenden Ger\u00fcchten \u00fcber hilfreiche Tipps und Tricks bis hin zu ausf\u00fchrlichen Produkttests. Wenn du genauso technikbegeistert bist wie ich, bist du hier genau richtig!\",\"sameAs\":[\"https:\\\/\\\/www.facebook.com\\\/apfelpatientOfficial\",\"https:\\\/\\\/www.linkedin.com\\\/in\\\/milan-jovicic-42aa0231b\"],\"url\":\"https:\\\/\\\/www.apfelpatient.de\\\/en\\\/author\\\/apfeladmin\"}]}<\/script>\n<!-- \/ Yoast SEO Premium plugin. -->","yoast_head_json":{"title":"World AIDS Day: Apple expands partnership with (RED) Apfelpatient","description":"Today, on World AIDS Day, Apple announced an expanded partnership with (RED) to combat HIV\/AIDS and COVID-19.","robots":{"index":"index","follow":"follow","max-snippet":"max-snippet:-1","max-image-preview":"max-image-preview:large","max-video-preview":"max-video-preview:-1"},"canonical":"https:\/\/www.apfelpatient.de\/en\/news\/world-aids-day-apple-expands-partnership-with-red","og_locale":"en_US","og_type":"article","og_title":"Welt AIDS Tag: Apple baut Partnerschaft mit (RED) aus","og_description":"Am heutigen Welt-AIDS-Tag hat Apple eine erweiterte Partnerschaft mit (RED) angek\u00fcndigt, um HIV\/AIDS und COVID-19 zu bel\u00e4mpfen.","og_url":"https:\/\/www.apfelpatient.de\/en\/news\/world-aids-day-apple-expands-partnership-with-red","og_site_name":"Apfelpatient","article_publisher":"https:\/\/www.facebook.com\/apfelpatientOfficial","article_author":"https:\/\/www.facebook.com\/apfelpatientOfficial","article_published_time":"2020-12-01T16:47:42+00:00","article_modified_time":"2021-07-01T13:26:24+00:00","og_image":[{"width":2044,"height":1150,"url":"https:\/\/www.apfelpatient.de\/wp-content\/uploads\/2020\/12\/apple_world-aids-day-2020_hero_12012020.jpg","type":"image\/jpeg"}],"author":"Milan","twitter_card":"summary_large_image","twitter_description":"Am heutigen Welt-AIDS-Tag hat Apple eine erweiterte Partnerschaft mit (RED) angek\u00fcndigt, um HIV\/AIDS und COVID-19 zu bel\u00e4mpfen.","twitter_misc":{"Written by":"Milan","Est. reading time":"3 minutes"},"schema":{"@context":"https:\/\/schema.org","@graph":[{"@type":"NewsArticle","@id":"https:\/\/www.apfelpatient.de\/news\/welt-aids-tag-apple-baut-partnerschaft-mit-red-aus#article","isPartOf":{"@id":"https:\/\/www.apfelpatient.de\/news\/welt-aids-tag-apple-baut-partnerschaft-mit-red-aus"},"author":{"@type":"Organization","@id":"https:\/\/www.apfelpatient.de\/en\/#organization","name":"Apfelpatient","url":"https:\/\/www.apfelpatient.de\/en\/"},"headline":"Welt AIDS Tag: Apple baut Partnerschaft mit (RED) aus","datePublished":"2020-12-01T16:47:42+00:00","dateModified":"2021-07-01T13:26:24+00:00","mainEntityOfPage":{"@id":"https:\/\/www.apfelpatient.de\/news\/welt-aids-tag-apple-baut-partnerschaft-mit-red-aus"},"wordCount":641,"publisher":{"@type":"Organization","@id":"https:\/\/www.apfelpatient.de\/en\/#organization","name":"Apfelpatient","url":"https:\/\/www.apfelpatient.de\/en\/"},"image":{"@id":"https:\/\/www.apfelpatient.de\/news\/welt-aids-tag-apple-baut-partnerschaft-mit-red-aus#primaryimage"},"thumbnailUrl":"https:\/\/www.apfelpatient.de\/wp-content\/uploads\/2020\/12\/apple_world-aids-day-2020_hero_12012020.jpg","keywords":["Apple Dienste","TechPatient"],"articleSection":"News","inLanguage":"en-US","copyrightYear":"2020","copyrightHolder":{"@id":"https:\/\/www.apfelpatient.de\/en\/#organization"}},{"@type":"WebPage","@id":"https:\/\/www.apfelpatient.de\/news\/welt-aids-tag-apple-baut-partnerschaft-mit-red-aus","url":"https:\/\/www.apfelpatient.de\/news\/welt-aids-tag-apple-baut-partnerschaft-mit-red-aus","name":"World AIDS Day: Apple expands partnership with (RED) Apfelpatient","isPartOf":{"@id":"https:\/\/www.apfelpatient.de\/#website"},"primaryImageOfPage":{"@id":"https:\/\/www.apfelpatient.de\/news\/welt-aids-tag-apple-baut-partnerschaft-mit-red-aus#primaryimage"},"image":{"@id":"https:\/\/www.apfelpatient.de\/news\/welt-aids-tag-apple-baut-partnerschaft-mit-red-aus#primaryimage"},"thumbnailUrl":"https:\/\/www.apfelpatient.de\/wp-content\/uploads\/2020\/12\/apple_world-aids-day-2020_hero_12012020.jpg","datePublished":"2020-12-01T16:47:42+00:00","dateModified":"2021-07-01T13:26:24+00:00","description":"Today, on World AIDS Day, Apple announced an expanded partnership with (RED) to combat HIV\/AIDS and COVID-19.","breadcrumb":{"@id":"https:\/\/www.apfelpatient.de\/news\/welt-aids-tag-apple-baut-partnerschaft-mit-red-aus#breadcrumb"},"inLanguage":"en-US","potentialAction":[{"@type":"ReadAction","target":["https:\/\/www.apfelpatient.de\/news\/welt-aids-tag-apple-baut-partnerschaft-mit-red-aus"]}]},{"@type":"ImageObject","inLanguage":"en-US","@id":"https:\/\/www.apfelpatient.de\/news\/welt-aids-tag-apple-baut-partnerschaft-mit-red-aus#primaryimage","url":"https:\/\/www.apfelpatient.de\/wp-content\/uploads\/2020\/12\/apple_world-aids-day-2020_hero_12012020.jpg","contentUrl":"https:\/\/www.apfelpatient.de\/wp-content\/uploads\/2020\/12\/apple_world-aids-day-2020_hero_12012020.jpg","width":2044,"height":1150,"caption":"Bild: Apple"},{"@type":"BreadcrumbList","@id":"https:\/\/www.apfelpatient.de\/news\/welt-aids-tag-apple-baut-partnerschaft-mit-red-aus#breadcrumb","itemListElement":[{"@type":"ListItem","position":1,"name":"Startseite","item":"https:\/\/www.apfelpatient.de\/"},{"@type":"ListItem","position":2,"name":"Welt AIDS Tag: Apple baut Partnerschaft mit (RED) aus"}]},{"@type":"WebSite","@id":"https:\/\/www.apfelpatient.de\/#website","url":"https:\/\/www.apfelpatient.de\/","name":"apple patient","description":"Everything about Apple!","publisher":{"@type":"Organization","@id":"https:\/\/www.apfelpatient.de\/en\/#organization","name":"Apfelpatient","url":"https:\/\/www.apfelpatient.de\/en\/"},"alternateName":"Apfelpatient","potentialAction":[{"@type":"SearchAction","target":{"@type":"EntryPoint","urlTemplate":"https:\/\/www.apfelpatient.de\/?s={search_term_string}"},"query-input":{"@type":"PropertyValueSpecification","valueRequired":true,"valueName":"search_term_string"}}],"inLanguage":"en-US"},{"@type":["Person","Organization"],"@id":"https:\/\/www.apfelpatient.de\/#\/schema\/person\/35b3ddba5832f2bfc7fff5206d4f6b7b","name":"Milan","logo":{"@id":"https:\/\/www.apfelpatient.de\/#\/schema\/person\/image\/"},"description":"Hello and welcome to my technology blog! As a big Apple fan, I report on everything to do with Apple: from the latest news and exciting rumors to helpful tips and tricks and detailed product tests. If you are as enthusiastic about technology as I am, you have come to the right place!","sameAs":["https:\/\/www.facebook.com\/apfelpatientOfficial","https:\/\/www.linkedin.com\/in\/milan-jovicic-42aa0231b"],"url":"https:\/\/www.apfelpatient.de\/en\/author\/apfeladmin"}]}},"_links":{"self":[{"href":"https:\/\/www.apfelpatient.de\/en\/wp-json\/wp\/v2\/posts\/17479","targetHints":{"allow":["GET"]}}],"collection":[{"href":"https:\/\/www.apfelpatient.de\/en\/wp-json\/wp\/v2\/posts"}],"about":[{"href":"https:\/\/www.apfelpatient.de\/en\/wp-json\/wp\/v2\/types\/post"}],"author":[{"embeddable":true,"href":"https:\/\/www.apfelpatient.de\/en\/wp-json\/wp\/v2\/users\/2"}],"replies":[{"embeddable":true,"href":"https:\/\/www.apfelpatient.de\/en\/wp-json\/wp\/v2\/comments?post=17479"}],"version-history":[{"count":0,"href":"https:\/\/www.apfelpatient.de\/en\/wp-json\/wp\/v2\/posts\/17479\/revisions"}],"wp:featuredmedia":[{"embeddable":true,"href":"https:\/\/www.apfelpatient.de\/en\/wp-json\/wp\/v2\/media\/17483"}],"wp:attachment":[{"href":"https:\/\/www.apfelpatient.de\/en\/wp-json\/wp\/v2\/media?parent=17479"}],"wp:term":[{"taxonomy":"category","embeddable":true,"href":"https:\/\/www.apfelpatient.de\/en\/wp-json\/wp\/v2\/categories?post=17479"},{"taxonomy":"post_tag","embeddable":true,"href":"https:\/\/www.apfelpatient.de\/en\/wp-json\/wp\/v2\/tags?post=17479"}],"curies":[{"name":"wp","href":"https:\/\/api.w.org\/{rel}","templated":true}]}}