{"id":17447,"date":"2020-11-30T14:41:12","date_gmt":"2020-11-30T13:41:12","guid":{"rendered":"https:\/\/www.apfelpatient.de\/?p=17447"},"modified":"2020-11-30T14:41:13","modified_gmt":"2020-11-30T13:41:13","slug":"new-miniled-devices-will-be-released-in-early-2021","status":"publish","type":"post","link":"https:\/\/www.apfelpatient.de\/en\/rumors\/erscheinen-neue-miniled-geraete-anfang-2021","title":{"rendered":"Will new MiniLED devices be released in early 2021?"},"content":{"rendered":"<p class=\"has-drop-cap\"><strong>There have been reports for months that Apple plans to introduce its first miniLED devices next year. Now there are new details.<\/strong><\/p>\n\n\n\n<p>The Taiwanese news site DigiTimes has once again reported on upcoming MiniLED devices and highlighted some partners from Apple&#039;s supply chain. According to the report, Apple will introduce a brand new iPad Pro with the new display technology in the first quarter of 2021, while new MacBook Pro models will go into mass production in the second quarter of 2021. <a href=\"https:\/\/www.digitimes.com\/news\/a20201130PD207.html\" target=\"_blank\" rel=\"noreferrer noopener\">is called<\/a> it in the article:<\/p>\n\n\n\n<blockquote class=\"wp-block-quote is-layout-flow wp-block-quote-is-layout-flow\"><p>Apple&#039;s suppliers in Taiwan, including LED chip maker Epistar, testing and sorting specialist FitTech, SMT service provider Taiwan Surface Mounting Technology, backlight board supplier Zhen Ding Technology, cooling solutions provider Auras Technology and process equipment maker All Ring Technology, are all poised to receive growth momentum from upcoming shipments of Apple&#039;s miniLED backlight devices, the sources said.<\/p><p>The sources continued that Foxconn Technology and Compal Electronics will share assembly orders for MiniLED iPad Pro units. MacBook Pro products with M1 chipsets will be produced mainly by Quanta Computer and partly by Foxconn.<\/p><\/blockquote>\n\n\n\n<h3 class=\"wp-block-heading\" id=\"h-macbook-pro-in-neuem-design\">MacBook Pro in a new design?<\/h3>\n\n\n\n\n\n\n\n<p>The biggest beneficiary, however, is expected to be chip manufacturer TSMC, as all new MiniLED devices will have a 5nm processor. Apple analyst Ming-Chi Kuo has already stated in advance that mass production of corresponding iPad Pro screens will start at the end of 2020. For this reason, a market launch in early 2021 does not seem to be completely out of the question. As for the new MacBook Pro devices, rumors say that they will be released with a screen diagonal of 16.1 and 14.1 inches. In addition, both models are expected to have a new design. MiniLED screens offer impressive performance with a wide color space, high contrast, HDR and more. According to Kuo, these devices will &quot;significantly improve productivity and the entertainment experience.&quot;<em> (Image: Apple)<\/em><\/p>\n\n\n\n<ul class=\"wp-block-list\"><li><a href=\"https:\/\/www.apfelpatient.de\/en\/rumors\/macbooks-2021-in-new-design-also-with-intel-chips\">MacBooks 2021 in new design also with Intel chips?<\/a><\/li><\/ul>\n\n\n\n<h6 class=\"wp-block-heading translation-block\" id=\"h-kennt-ihr-schon-unsere-amazon-storefront-dort-findet-ihr-eine-handverlesene-auswahl-von-diversen-produkten-f-r-euer-iphone-und-co-viel-spa-beim-st-bern\"><em>Have you already visited our Amazon Storefront? There you&#039;ll find a hand-picked selection of various products for your iPhone and other devices \u2013 <span class=\"has-inline-color has-vivid-red-color\"><a href=\"https:\/\/www.amazon.de\/shop\/apfelpatientofficial\" class=\"ek-link\" data-wpel-link=\"exclude\" rel=\"follow noopener\" target=\"_self\"><span style=\"text-decoration: underline\" class=\"ek-underline\">enjoy browsing<\/span><\/a> !<\/span><\/em><\/h6>\n\n\n\n<h6 class=\"wp-block-heading translation-block\" id=\"h-der-beitrag-enthalt-partnerlinks\">This post contains <a data-type=\"URL\" data-id=\"https:\/\/www.apfelpatient.de\/partnerprogramm\" href=\"https:\/\/www.apfelpatient.de\/en\/partner-program\" data-wpel-link=\"internal\" target=\"_self\">affiliate links<\/a>.<\/h6>","protected":false},"excerpt":{"rendered":"<p>There have been reports for months that Apple plans to introduce its first miniLED devices next year. Now there are new details.<\/p>","protected":false},"author":2,"featured_media":15700,"comment_status":"closed","ping_status":"closed","sticky":false,"template":"","format":"standard","meta":{"jnews-multi-image_gallery":[],"jnews_single_post":{"subtitle":"","format":"standard","video":"","gallery":"","source_name":"","source_url":"","via_name":"","via_url":"","override":[{"single_blog_custom":"","sidebar":"","second_sidebar":"","share_position":"","share_float_style":"","post_date_format":"","post_date_format_custom":"","post_reading_time_wpm":"","zoom_button_out_step":"1","zoom_button_in_step":"1","number_popup_post":"1"}],"image_override":[{"single_post_thumbnail_size":"","single_post_gallery_size":""}],"trending_post_position":"","trending_post_label":"","sponsored_post_label":"","sponsored_post_name":"","sponsored_post_url":"","sponsored_post_logo":"","sponsored_post_desc":""},"jnews_primary_category":{"id":"25"},"footnotes":""},"categories":[25],"tags":[18,66,40,50],"class_list":["post-17447","post","type-post","status-publish","format-standard","has-post-thumbnail","hentry","category-rumors","tag-ipad","tag-ipad-pro","tag-mac","tag-macbook-pro"],"yoast_head":"<!-- This site is optimized with the Yoast SEO Premium plugin v27.5 (Yoast SEO v27.5) - https:\/\/yoast.com\/product\/yoast-seo-premium-wordpress\/ -->\n<title>Erscheinen neue MiniLED-Ger\u00e4te Anfang 2021? Apfelpatient<\/title>\n<meta name=\"description\" content=\"Seit Monaten wird dar\u00fcber berichtet, dass Apple im n\u00e4chsten Jahr erste MiniLED-Ger\u00e4te vorstellen m\u00f6chte. Nun gibt es neue Details.\" \/>\n<meta name=\"robots\" content=\"index, follow, max-snippet:-1, max-image-preview:large, max-video-preview:-1\" \/>\n<link rel=\"canonical\" href=\"https:\/\/www.apfelpatient.de\/en\/rumors\/new-miniled-devices-will-be-released-in-early-2021\" \/>\n<meta property=\"og:locale\" content=\"en_US\" \/>\n<meta property=\"og:type\" content=\"article\" \/>\n<meta property=\"og:title\" content=\"Erscheinen neue MiniLED-Ger\u00e4te Anfang 2021?\" \/>\n<meta property=\"og:description\" content=\"Seit Monaten wird dar\u00fcber berichtet, dass Apple im n\u00e4chsten Jahr erste MiniLED-Ger\u00e4te vorstellen m\u00f6chte. Nun gibt es neue Details.\" \/>\n<meta property=\"og:url\" content=\"https:\/\/www.apfelpatient.de\/en\/rumors\/new-miniled-devices-will-be-released-in-early-2021\" \/>\n<meta property=\"og:site_name\" content=\"Apfelpatient\" \/>\n<meta property=\"article:publisher\" content=\"https:\/\/www.facebook.com\/apfelpatientOfficial\" \/>\n<meta property=\"article:author\" content=\"https:\/\/www.facebook.com\/apfelpatientOfficial\" \/>\n<meta property=\"article:published_time\" content=\"2020-11-30T13:41:12+00:00\" \/>\n<meta property=\"article:modified_time\" content=\"2020-11-30T13:41:13+00:00\" \/>\n<meta property=\"og:image\" content=\"https:\/\/www.apfelpatient.de\/wp-content\/uploads\/2020\/09\/apple_apple-event-keynote_tim_09152020-scaled.jpg\" \/>\n\t<meta property=\"og:image:width\" content=\"2560\" \/>\n\t<meta property=\"og:image:height\" content=\"1440\" \/>\n\t<meta property=\"og:image:type\" content=\"image\/jpeg\" \/>\n<meta name=\"author\" content=\"Milan\" \/>\n<meta name=\"twitter:card\" content=\"summary_large_image\" \/>\n<meta name=\"twitter:description\" content=\"Seit Monaten wird dar\u00fcber berichtet, dass Apple im n\u00e4chsten Jahr erste MiniLED-Ger\u00e4te vorstellen m\u00f6chte. Nun gibt es neue Details.\" \/>\n<meta name=\"twitter:label1\" content=\"Written by\" \/>\n\t<meta name=\"twitter:data1\" content=\"Milan\" \/>\n\t<meta name=\"twitter:label2\" content=\"Est. reading time\" \/>\n\t<meta name=\"twitter:data2\" content=\"2 minutes\" \/>\n<script type=\"application\/ld+json\" class=\"yoast-schema-graph\">{\"@context\":\"https:\\\/\\\/schema.org\",\"@graph\":[{\"@type\":\"NewsArticle\",\"@id\":\"https:\\\/\\\/www.apfelpatient.de\\\/en\\\/rumors\\\/new-miniled-devices-will-be-released-in-early-2021#article\",\"isPartOf\":{\"@id\":\"https:\\\/\\\/www.apfelpatient.de\\\/en\\\/rumors\\\/new-miniled-devices-will-be-released-in-early-2021\"},\"author\":{\"@type\":\"Organization\",\"@id\":\"https:\\\/\\\/www.apfelpatient.de\\\/en\\\/#organization\",\"name\":\"Apfelpatient\",\"url\":\"https:\\\/\\\/www.apfelpatient.de\\\/en\\\/\"},\"headline\":\"Erscheinen neue MiniLED-Ger\u00e4te Anfang 2021?\",\"datePublished\":\"2020-11-30T13:41:12+00:00\",\"dateModified\":\"2020-11-30T13:41:13+00:00\",\"mainEntityOfPage\":{\"@id\":\"https:\\\/\\\/www.apfelpatient.de\\\/en\\\/rumors\\\/new-miniled-devices-will-be-released-in-early-2021\"},\"wordCount\":321,\"publisher\":{\"@type\":\"Organization\",\"@id\":\"https:\\\/\\\/www.apfelpatient.de\\\/en\\\/#organization\",\"name\":\"Apfelpatient\",\"url\":\"https:\\\/\\\/www.apfelpatient.de\\\/en\\\/\"},\"image\":{\"@id\":\"https:\\\/\\\/www.apfelpatient.de\\\/en\\\/rumors\\\/new-miniled-devices-will-be-released-in-early-2021#primaryimage\"},\"thumbnailUrl\":\"https:\\\/\\\/www.apfelpatient.de\\\/wp-content\\\/uploads\\\/2020\\\/09\\\/apple_apple-event-keynote_tim_09152020-scaled.jpg\",\"keywords\":[\"iPad\",\"iPad Pro\",\"Mac\",\"MacBook Pro\"],\"articleSection\":\"Rumors\",\"inLanguage\":\"en-US\",\"copyrightYear\":\"2020\",\"copyrightHolder\":{\"@id\":\"https:\\\/\\\/www.apfelpatient.de\\\/en\\\/#organization\"}},{\"@type\":\"WebPage\",\"@id\":\"https:\\\/\\\/www.apfelpatient.de\\\/en\\\/rumors\\\/new-miniled-devices-will-be-released-in-early-2021\",\"url\":\"https:\\\/\\\/www.apfelpatient.de\\\/en\\\/rumors\\\/new-miniled-devices-will-be-released-in-early-2021\",\"name\":\"Erscheinen neue MiniLED-Ger\u00e4te Anfang 2021? Apfelpatient\",\"isPartOf\":{\"@id\":\"https:\\\/\\\/www.apfelpatient.de\\\/#website\"},\"primaryImageOfPage\":{\"@id\":\"https:\\\/\\\/www.apfelpatient.de\\\/en\\\/rumors\\\/new-miniled-devices-will-be-released-in-early-2021#primaryimage\"},\"image\":{\"@id\":\"https:\\\/\\\/www.apfelpatient.de\\\/en\\\/rumors\\\/new-miniled-devices-will-be-released-in-early-2021#primaryimage\"},\"thumbnailUrl\":\"https:\\\/\\\/www.apfelpatient.de\\\/wp-content\\\/uploads\\\/2020\\\/09\\\/apple_apple-event-keynote_tim_09152020-scaled.jpg\",\"datePublished\":\"2020-11-30T13:41:12+00:00\",\"dateModified\":\"2020-11-30T13:41:13+00:00\",\"description\":\"Seit Monaten wird dar\u00fcber berichtet, dass Apple im n\u00e4chsten Jahr erste MiniLED-Ger\u00e4te vorstellen m\u00f6chte. Nun gibt es neue Details.\",\"breadcrumb\":{\"@id\":\"https:\\\/\\\/www.apfelpatient.de\\\/en\\\/rumors\\\/new-miniled-devices-will-be-released-in-early-2021#breadcrumb\"},\"inLanguage\":\"en-US\",\"potentialAction\":[{\"@type\":\"ReadAction\",\"target\":[\"https:\\\/\\\/www.apfelpatient.de\\\/en\\\/rumors\\\/new-miniled-devices-will-be-released-in-early-2021\"]}]},{\"@type\":\"ImageObject\",\"inLanguage\":\"en-US\",\"@id\":\"https:\\\/\\\/www.apfelpatient.de\\\/en\\\/rumors\\\/new-miniled-devices-will-be-released-in-early-2021#primaryimage\",\"url\":\"https:\\\/\\\/www.apfelpatient.de\\\/wp-content\\\/uploads\\\/2020\\\/09\\\/apple_apple-event-keynote_tim_09152020-scaled.jpg\",\"contentUrl\":\"https:\\\/\\\/www.apfelpatient.de\\\/wp-content\\\/uploads\\\/2020\\\/09\\\/apple_apple-event-keynote_tim_09152020-scaled.jpg\",\"width\":2560,\"height\":1440,\"caption\":\"Bild: Apple - Tim Cook\"},{\"@type\":\"BreadcrumbList\",\"@id\":\"https:\\\/\\\/www.apfelpatient.de\\\/en\\\/rumors\\\/new-miniled-devices-will-be-released-in-early-2021#breadcrumb\",\"itemListElement\":[{\"@type\":\"ListItem\",\"position\":1,\"name\":\"Startseite\",\"item\":\"https:\\\/\\\/www.apfelpatient.de\\\/\"},{\"@type\":\"ListItem\",\"position\":2,\"name\":\"Erscheinen neue MiniLED-Ger\u00e4te Anfang 2021?\"}]},{\"@type\":\"WebSite\",\"@id\":\"https:\\\/\\\/www.apfelpatient.de\\\/#website\",\"url\":\"https:\\\/\\\/www.apfelpatient.de\\\/\",\"name\":\"Apfelpatient\",\"description\":\"Alles rund um Apple!\",\"publisher\":{\"@type\":\"Organization\",\"@id\":\"https:\\\/\\\/www.apfelpatient.de\\\/en\\\/#organization\",\"name\":\"Apfelpatient\",\"url\":\"https:\\\/\\\/www.apfelpatient.de\\\/en\\\/\"},\"alternateName\":\"Apfelpatient\",\"potentialAction\":[{\"@type\":\"SearchAction\",\"target\":{\"@type\":\"EntryPoint\",\"urlTemplate\":\"https:\\\/\\\/www.apfelpatient.de\\\/?s={search_term_string}\"},\"query-input\":{\"@type\":\"PropertyValueSpecification\",\"valueRequired\":true,\"valueName\":\"search_term_string\"}}],\"inLanguage\":\"en-US\"},{\"@type\":[\"Person\",\"Organization\"],\"@id\":\"https:\\\/\\\/www.apfelpatient.de\\\/#\\\/schema\\\/person\\\/7dc56ad6c8e9824b76d2c08d4c140e13\",\"name\":\"Milan\",\"logo\":{\"@id\":\"https:\\\/\\\/www.apfelpatient.de\\\/#\\\/schema\\\/person\\\/image\\\/\"},\"description\":\"Hallo und herzlich willkommen auf meinem Technik-Blog! Als gro\u00dfer Apple-Fan berichte ich hier \u00fcber alles, was mit Apple zu tun hat: von den neuesten News und spannenden Ger\u00fcchten \u00fcber hilfreiche Tipps und Tricks bis hin zu ausf\u00fchrlichen Produkttests. Wenn du genauso technikbegeistert bist wie ich, bist du hier genau richtig!\",\"sameAs\":[\"https:\\\/\\\/www.facebook.com\\\/apfelpatientOfficial\",\"https:\\\/\\\/www.linkedin.com\\\/in\\\/milan-jovicic-42aa0231b\"],\"url\":\"https:\\\/\\\/www.apfelpatient.de\\\/en\\\/author\\\/apfeladmin\"}]}<\/script>\n<!-- \/ Yoast SEO Premium plugin. -->","yoast_head_json":{"title":"Will new MiniLED devices be released in early 2021? Apfelpatient","description":"There have been reports for months that Apple plans to introduce its first miniLED devices next year. Now there are new details.","robots":{"index":"index","follow":"follow","max-snippet":"max-snippet:-1","max-image-preview":"max-image-preview:large","max-video-preview":"max-video-preview:-1"},"canonical":"https:\/\/www.apfelpatient.de\/en\/rumors\/new-miniled-devices-will-be-released-in-early-2021","og_locale":"en_US","og_type":"article","og_title":"Erscheinen neue MiniLED-Ger\u00e4te Anfang 2021?","og_description":"Seit Monaten wird dar\u00fcber berichtet, dass Apple im n\u00e4chsten Jahr erste MiniLED-Ger\u00e4te vorstellen m\u00f6chte. Nun gibt es neue Details.","og_url":"https:\/\/www.apfelpatient.de\/en\/rumors\/new-miniled-devices-will-be-released-in-early-2021","og_site_name":"Apfelpatient","article_publisher":"https:\/\/www.facebook.com\/apfelpatientOfficial","article_author":"https:\/\/www.facebook.com\/apfelpatientOfficial","article_published_time":"2020-11-30T13:41:12+00:00","article_modified_time":"2020-11-30T13:41:13+00:00","og_image":[{"width":2560,"height":1440,"url":"https:\/\/www.apfelpatient.de\/wp-content\/uploads\/2020\/09\/apple_apple-event-keynote_tim_09152020-scaled.jpg","type":"image\/jpeg"}],"author":"Milan","twitter_card":"summary_large_image","twitter_description":"Seit Monaten wird dar\u00fcber berichtet, dass Apple im n\u00e4chsten Jahr erste MiniLED-Ger\u00e4te vorstellen m\u00f6chte. Nun gibt es neue Details.","twitter_misc":{"Written by":"Milan","Est. reading time":"2 minutes"},"schema":{"@context":"https:\/\/schema.org","@graph":[{"@type":"NewsArticle","@id":"https:\/\/www.apfelpatient.de\/en\/rumors\/new-miniled-devices-will-be-released-in-early-2021#article","isPartOf":{"@id":"https:\/\/www.apfelpatient.de\/en\/rumors\/new-miniled-devices-will-be-released-in-early-2021"},"author":{"@type":"Organization","@id":"https:\/\/www.apfelpatient.de\/en\/#organization","name":"Apfelpatient","url":"https:\/\/www.apfelpatient.de\/en\/"},"headline":"Erscheinen neue MiniLED-Ger\u00e4te Anfang 2021?","datePublished":"2020-11-30T13:41:12+00:00","dateModified":"2020-11-30T13:41:13+00:00","mainEntityOfPage":{"@id":"https:\/\/www.apfelpatient.de\/en\/rumors\/new-miniled-devices-will-be-released-in-early-2021"},"wordCount":321,"publisher":{"@type":"Organization","@id":"https:\/\/www.apfelpatient.de\/en\/#organization","name":"Apfelpatient","url":"https:\/\/www.apfelpatient.de\/en\/"},"image":{"@id":"https:\/\/www.apfelpatient.de\/en\/rumors\/new-miniled-devices-will-be-released-in-early-2021#primaryimage"},"thumbnailUrl":"https:\/\/www.apfelpatient.de\/wp-content\/uploads\/2020\/09\/apple_apple-event-keynote_tim_09152020-scaled.jpg","keywords":["iPad","iPad Pro","Mac","MacBook Pro"],"articleSection":"Rumors","inLanguage":"en-US","copyrightYear":"2020","copyrightHolder":{"@id":"https:\/\/www.apfelpatient.de\/en\/#organization"}},{"@type":"WebPage","@id":"https:\/\/www.apfelpatient.de\/en\/rumors\/new-miniled-devices-will-be-released-in-early-2021","url":"https:\/\/www.apfelpatient.de\/en\/rumors\/new-miniled-devices-will-be-released-in-early-2021","name":"Will new MiniLED devices be released in early 2021? Apfelpatient","isPartOf":{"@id":"https:\/\/www.apfelpatient.de\/#website"},"primaryImageOfPage":{"@id":"https:\/\/www.apfelpatient.de\/en\/rumors\/new-miniled-devices-will-be-released-in-early-2021#primaryimage"},"image":{"@id":"https:\/\/www.apfelpatient.de\/en\/rumors\/new-miniled-devices-will-be-released-in-early-2021#primaryimage"},"thumbnailUrl":"https:\/\/www.apfelpatient.de\/wp-content\/uploads\/2020\/09\/apple_apple-event-keynote_tim_09152020-scaled.jpg","datePublished":"2020-11-30T13:41:12+00:00","dateModified":"2020-11-30T13:41:13+00:00","description":"There have been reports for months that Apple plans to introduce its first miniLED devices next year. Now there are new details.","breadcrumb":{"@id":"https:\/\/www.apfelpatient.de\/en\/rumors\/new-miniled-devices-will-be-released-in-early-2021#breadcrumb"},"inLanguage":"en-US","potentialAction":[{"@type":"ReadAction","target":["https:\/\/www.apfelpatient.de\/en\/rumors\/new-miniled-devices-will-be-released-in-early-2021"]}]},{"@type":"ImageObject","inLanguage":"en-US","@id":"https:\/\/www.apfelpatient.de\/en\/rumors\/new-miniled-devices-will-be-released-in-early-2021#primaryimage","url":"https:\/\/www.apfelpatient.de\/wp-content\/uploads\/2020\/09\/apple_apple-event-keynote_tim_09152020-scaled.jpg","contentUrl":"https:\/\/www.apfelpatient.de\/wp-content\/uploads\/2020\/09\/apple_apple-event-keynote_tim_09152020-scaled.jpg","width":2560,"height":1440,"caption":"Bild: Apple - Tim Cook"},{"@type":"BreadcrumbList","@id":"https:\/\/www.apfelpatient.de\/en\/rumors\/new-miniled-devices-will-be-released-in-early-2021#breadcrumb","itemListElement":[{"@type":"ListItem","position":1,"name":"Startseite","item":"https:\/\/www.apfelpatient.de\/"},{"@type":"ListItem","position":2,"name":"Erscheinen neue MiniLED-Ger\u00e4te Anfang 2021?"}]},{"@type":"WebSite","@id":"https:\/\/www.apfelpatient.de\/#website","url":"https:\/\/www.apfelpatient.de\/","name":"apple patient","description":"Everything about Apple!","publisher":{"@type":"Organization","@id":"https:\/\/www.apfelpatient.de\/en\/#organization","name":"Apfelpatient","url":"https:\/\/www.apfelpatient.de\/en\/"},"alternateName":"Apfelpatient","potentialAction":[{"@type":"SearchAction","target":{"@type":"EntryPoint","urlTemplate":"https:\/\/www.apfelpatient.de\/?s={search_term_string}"},"query-input":{"@type":"PropertyValueSpecification","valueRequired":true,"valueName":"search_term_string"}}],"inLanguage":"en-US"},{"@type":["Person","Organization"],"@id":"https:\/\/www.apfelpatient.de\/#\/schema\/person\/7dc56ad6c8e9824b76d2c08d4c140e13","name":"Milan","logo":{"@id":"https:\/\/www.apfelpatient.de\/#\/schema\/person\/image\/"},"description":"Hello and welcome to my technology blog! As a big Apple fan, I report on everything to do with Apple: from the latest news and exciting rumors to helpful tips and tricks and detailed product tests. If you are as enthusiastic about technology as I am, you have come to the right place!","sameAs":["https:\/\/www.facebook.com\/apfelpatientOfficial","https:\/\/www.linkedin.com\/in\/milan-jovicic-42aa0231b"],"url":"https:\/\/www.apfelpatient.de\/en\/author\/apfeladmin"}]}},"_links":{"self":[{"href":"https:\/\/www.apfelpatient.de\/en\/wp-json\/wp\/v2\/posts\/17447","targetHints":{"allow":["GET"]}}],"collection":[{"href":"https:\/\/www.apfelpatient.de\/en\/wp-json\/wp\/v2\/posts"}],"about":[{"href":"https:\/\/www.apfelpatient.de\/en\/wp-json\/wp\/v2\/types\/post"}],"author":[{"embeddable":true,"href":"https:\/\/www.apfelpatient.de\/en\/wp-json\/wp\/v2\/users\/2"}],"replies":[{"embeddable":true,"href":"https:\/\/www.apfelpatient.de\/en\/wp-json\/wp\/v2\/comments?post=17447"}],"version-history":[{"count":0,"href":"https:\/\/www.apfelpatient.de\/en\/wp-json\/wp\/v2\/posts\/17447\/revisions"}],"wp:featuredmedia":[{"embeddable":true,"href":"https:\/\/www.apfelpatient.de\/en\/wp-json\/wp\/v2\/media\/15700"}],"wp:attachment":[{"href":"https:\/\/www.apfelpatient.de\/en\/wp-json\/wp\/v2\/media?parent=17447"}],"wp:term":[{"taxonomy":"category","embeddable":true,"href":"https:\/\/www.apfelpatient.de\/en\/wp-json\/wp\/v2\/categories?post=17447"},{"taxonomy":"post_tag","embeddable":true,"href":"https:\/\/www.apfelpatient.de\/en\/wp-json\/wp\/v2\/tags?post=17447"}],"curies":[{"name":"wp","href":"https:\/\/api.w.org\/{rel}","templated":true}]}}